{"id":102906,"date":"2025-12-29T15:22:03","date_gmt":"2025-12-29T13:22:03","guid":{"rendered":"https:\/\/kibrisdakik.com\/index.php\/2025\/12\/29\/ctp-kadin-orgutunden-mericte-anlamli-ziyaret\/"},"modified":"2025-12-29T15:22:03","modified_gmt":"2025-12-29T13:22:03","slug":"ctp-kadin-orgutunden-mericte-anlamli-ziyaret","status":"publish","type":"post","link":"https:\/\/kibrisdakik.com\/?p=102906","title":{"rendered":"CTP KADIN \u00d6RG\u00dcT\u00dc\u2019NDEN MER\u0130\u00c7\u2019TE ANLAMLI Z\u0130YARET"},"content":{"rendered":"<p><\/p>\n<p>Cumhuriyet\u00e7i T\u00fcrk Partisi (CTP) Kad\u0131n \u00d6rg\u00fct\u00fc Ba\u015fkan\u0131 Do\u011fu\u015f Derya ve Lefko\u015fa \u0130l\u00e7e Y\u00f6netim Kurulu \u00fcyeleri Meri\u00e7\u2019teki Sa\u011fl\u0131k ve Sosyal Destek \u015eubesi\u2019ni ziyaret etti.<\/p>\n<p>CTP Bas\u0131n B\u00fcrosu\u2019ndan yap\u0131lan a\u00e7\u0131klamaya g\u00f6re, De\u011firmenlik Ak\u0131nc\u0131lar Belediyesi Belediye Meclis \u00dcyesi Ye\u015fim Bozat ile Sa\u011fl\u0131k ve Sosyal Destek \u015eubesi Sorumlusu Laden Serinsu\u2019nun da haz\u0131r bulundu\u011fu ziyarette, merkezde hizmet alan 65 ya\u015f \u00fcst\u00fc vatanda\u015flarla bir araya gelindi.<\/p>\n<div id=\"ad_121\" data-channel=\"121\" data-advert=\"temedya\" data-rotation=\"120\" class=\"mb-3 text-center\"><\/div>\n<div id=\"ad_121_mobile\" data-channel=\"121\" data-advert=\"temedya\" data-rotation=\"120\" class=\"mb-3 text-center\"><\/div>\n<p>CTP Kad\u0131n \u00d6rg\u00fct\u00fc Ba\u015fkan\u0131 Do\u011fu\u015f Derya, merkezdeki vatanda\u015flar\u0131n yeni y\u0131l\u0131n\u0131 kutlad\u0131, 2026 y\u0131l\u0131n\u0131n sa\u011fl\u0131kl\u0131, mutlu ve huzurlu bir y\u0131l olmas\u0131n\u0131 diledi.<\/p>\n<p>Ziyaretten duydu\u011fu mutlulu\u011fu ifade eden Sa\u011fl\u0131k ve Sosyal Destek \u015eubesi Sorumlusu Serinsu da Derya ve ekibine te\u015fekk\u00fcr etti.<\/p>\n<\/p>\n<div class=\"article-source py-3 small \">\n                <\/div>\n","protected":false},"excerpt":{"rendered":"<p>Cumhuriyet\u00e7i T\u00fcrk Partisi (CTP) Kad\u0131n \u00d6rg\u00fct\u00fc Ba\u015fkan\u0131 Do\u011fu\u015f Derya ve Lefko\u015fa \u0130l\u00e7e Y\u00f6netim Kurulu \u00fcyeleri Meri\u00e7\u2019teki Sa\u011fl\u0131k ve Sosyal Destek \u015eubesi\u2019ni ziyaret etti. CTP Bas\u0131n B\u00fcrosu\u2019ndan yap\u0131lan a\u00e7\u0131klamaya g\u00f6re, De\u011firmenlik Ak\u0131nc\u0131lar Belediyesi Belediye Meclis \u00dcyesi Ye\u015fim Bozat ile Sa\u011fl\u0131k ve Sosyal Destek \u015eubesi Sorumlusu Laden Serinsu\u2019nun da haz\u0131r bulundu\u011fu ziyarette, merkezde hizmet alan 65 ya\u015f<\/p>\n","protected":false},"author":1,"featured_media":102907,"comment_status":"open","ping_status":"open","sticky":false,"template":"","format":"standard","meta":{"footnotes":""},"categories":[81],"tags":[],"class_list":["post-102906","post","type-post","status-publish","format-standard","has-post-thumbnail","hentry","category-kibris"],"yoast_head":"<!-- This site is optimized with the Yoast SEO plugin v27.5 - https:\/\/yoast.com\/product\/yoast-seo-wordpress\/ -->\n<title>CTP KADIN \u00d6RG\u00dcT\u00dc\u2019NDEN MER\u0130\u00c7\u2019TE ANLAMLI Z\u0130YARET -<\/title>\n<meta name=\"robots\" content=\"index, follow, max-snippet:-1, max-image-preview:large, max-video-preview:-1\" \/>\n<link rel=\"canonical\" href=\"https:\/\/kibrisdakik.com\/?p=102906\" \/>\n<meta property=\"og:locale\" content=\"tr_TR\" \/>\n<meta property=\"og:type\" content=\"article\" \/>\n<meta property=\"og:title\" content=\"CTP KADIN \u00d6RG\u00dcT\u00dc\u2019NDEN MER\u0130\u00c7\u2019TE ANLAMLI Z\u0130YARET -\" \/>\n<meta property=\"og:description\" content=\"Cumhuriyet\u00e7i T\u00fcrk Partisi (CTP) Kad\u0131n \u00d6rg\u00fct\u00fc Ba\u015fkan\u0131 Do\u011fu\u015f Derya ve Lefko\u015fa \u0130l\u00e7e Y\u00f6netim Kurulu \u00fcyeleri Meri\u00e7\u2019teki Sa\u011fl\u0131k ve Sosyal Destek \u015eubesi\u2019ni ziyaret etti. CTP Bas\u0131n B\u00fcrosu\u2019ndan yap\u0131lan a\u00e7\u0131klamaya g\u00f6re, De\u011firmenlik Ak\u0131nc\u0131lar Belediyesi Belediye Meclis \u00dcyesi Ye\u015fim Bozat ile Sa\u011fl\u0131k ve Sosyal Destek \u015eubesi Sorumlusu Laden Serinsu\u2019nun da haz\u0131r bulundu\u011fu ziyarette, merkezde hizmet alan 65 ya\u015f\" \/>\n<meta property=\"og:url\" content=\"https:\/\/kibrisdakik.com\/?p=102906\" \/>\n<meta property=\"article:published_time\" content=\"2025-12-29T13:22:03+00:00\" \/>\n<meta property=\"og:image\" content=\"https:\/\/kibrisdakik.com\/wp-content\/uploads\/2025\/12\/mha-sari-beyaz-1962.png\" \/>\n\t<meta property=\"og:image:width\" content=\"1280\" \/>\n\t<meta property=\"og:image:height\" content=\"720\" \/>\n\t<meta property=\"og:image:type\" content=\"image\/png\" \/>\n<meta name=\"author\" content=\"admin\" \/>\n<meta name=\"twitter:card\" content=\"summary_large_image\" \/>\n<meta name=\"twitter:label1\" content=\"Yazan:\" \/>\n\t<meta name=\"twitter:data1\" content=\"admin\" \/>\n\t<meta name=\"twitter:label2\" content=\"Tahmini okuma s\u00fcresi\" \/>\n\t<meta name=\"twitter:data2\" content=\"1 dakika\" \/>\n<script type=\"application\/ld+json\" class=\"yoast-schema-graph\">{\"@context\":\"https:\\\/\\\/schema.org\",\"@graph\":[{\"@type\":\"Article\",\"@id\":\"https:\\\/\\\/kibrisdakik.com\\\/?p=102906#article\",\"isPartOf\":{\"@id\":\"https:\\\/\\\/kibrisdakik.com\\\/?p=102906\"},\"author\":{\"name\":\"admin\",\"@id\":\"https:\\\/\\\/kibrisdakik.com\\\/#\\\/schema\\\/person\\\/9cd9d437bbb44f72b73ba127e06d8e79\"},\"headline\":\"CTP KADIN \u00d6RG\u00dcT\u00dc\u2019NDEN MER\u0130\u00c7\u2019TE ANLAMLI Z\u0130YARET\",\"datePublished\":\"2025-12-29T13:22:03+00:00\",\"mainEntityOfPage\":{\"@id\":\"https:\\\/\\\/kibrisdakik.com\\\/?p=102906\"},\"wordCount\":157,\"commentCount\":0,\"image\":{\"@id\":\"https:\\\/\\\/kibrisdakik.com\\\/?p=102906#primaryimage\"},\"thumbnailUrl\":\"https:\\\/\\\/kibrisdakik.com\\\/wp-content\\\/uploads\\\/2025\\\/12\\\/mha-sari-beyaz-1962.png\",\"articleSection\":[\"K\u0131br\u0131s\"],\"inLanguage\":\"tr\",\"potentialAction\":[{\"@type\":\"CommentAction\",\"name\":\"Comment\",\"target\":[\"https:\\\/\\\/kibrisdakik.com\\\/?p=102906#respond\"]}]},{\"@type\":\"WebPage\",\"@id\":\"https:\\\/\\\/kibrisdakik.com\\\/?p=102906\",\"url\":\"https:\\\/\\\/kibrisdakik.com\\\/?p=102906\",\"name\":\"CTP KADIN \u00d6RG\u00dcT\u00dc\u2019NDEN MER\u0130\u00c7\u2019TE ANLAMLI Z\u0130YARET -\",\"isPartOf\":{\"@id\":\"https:\\\/\\\/kibrisdakik.com\\\/#website\"},\"primaryImageOfPage\":{\"@id\":\"https:\\\/\\\/kibrisdakik.com\\\/?p=102906#primaryimage\"},\"image\":{\"@id\":\"https:\\\/\\\/kibrisdakik.com\\\/?p=102906#primaryimage\"},\"thumbnailUrl\":\"https:\\\/\\\/kibrisdakik.com\\\/wp-content\\\/uploads\\\/2025\\\/12\\\/mha-sari-beyaz-1962.png\",\"datePublished\":\"2025-12-29T13:22:03+00:00\",\"author\":{\"@id\":\"https:\\\/\\\/kibrisdakik.com\\\/#\\\/schema\\\/person\\\/9cd9d437bbb44f72b73ba127e06d8e79\"},\"breadcrumb\":{\"@id\":\"https:\\\/\\\/kibrisdakik.com\\\/?p=102906#breadcrumb\"},\"inLanguage\":\"tr\",\"potentialAction\":[{\"@type\":\"ReadAction\",\"target\":[\"https:\\\/\\\/kibrisdakik.com\\\/?p=102906\"]}]},{\"@type\":\"ImageObject\",\"inLanguage\":\"tr\",\"@id\":\"https:\\\/\\\/kibrisdakik.com\\\/?p=102906#primaryimage\",\"url\":\"https:\\\/\\\/kibrisdakik.com\\\/wp-content\\\/uploads\\\/2025\\\/12\\\/mha-sari-beyaz-1962.png\",\"contentUrl\":\"https:\\\/\\\/kibrisdakik.com\\\/wp-content\\\/uploads\\\/2025\\\/12\\\/mha-sari-beyaz-1962.png\",\"width\":1280,\"height\":720},{\"@type\":\"BreadcrumbList\",\"@id\":\"https:\\\/\\\/kibrisdakik.com\\\/?p=102906#breadcrumb\",\"itemListElement\":[{\"@type\":\"ListItem\",\"position\":1,\"name\":\"Home\",\"item\":\"https:\\\/\\\/kibrisdakik.com\\\/\"},{\"@type\":\"ListItem\",\"position\":2,\"name\":\"CTP KADIN \u00d6RG\u00dcT\u00dc\u2019NDEN MER\u0130\u00c7\u2019TE ANLAMLI Z\u0130YARET\"}]},{\"@type\":\"WebSite\",\"@id\":\"https:\\\/\\\/kibrisdakik.com\\\/#website\",\"url\":\"https:\\\/\\\/kibrisdakik.com\\\/\",\"name\":\"\",\"description\":\"Tam vaktinde haber\",\"potentialAction\":[{\"@type\":\"SearchAction\",\"target\":{\"@type\":\"EntryPoint\",\"urlTemplate\":\"https:\\\/\\\/kibrisdakik.com\\\/?s={search_term_string}\"},\"query-input\":{\"@type\":\"PropertyValueSpecification\",\"valueRequired\":true,\"valueName\":\"search_term_string\"}}],\"inLanguage\":\"tr\"},{\"@type\":\"Person\",\"@id\":\"https:\\\/\\\/kibrisdakik.com\\\/#\\\/schema\\\/person\\\/9cd9d437bbb44f72b73ba127e06d8e79\",\"name\":\"admin\",\"image\":{\"@type\":\"ImageObject\",\"inLanguage\":\"tr\",\"@id\":\"https:\\\/\\\/secure.gravatar.com\\\/avatar\\\/ccc17943b9d660506c869530f897617f7cb1c21a4bf30023f252596d83e1f007?s=96&d=mm&r=g\",\"url\":\"https:\\\/\\\/secure.gravatar.com\\\/avatar\\\/ccc17943b9d660506c869530f897617f7cb1c21a4bf30023f252596d83e1f007?s=96&d=mm&r=g\",\"contentUrl\":\"https:\\\/\\\/secure.gravatar.com\\\/avatar\\\/ccc17943b9d660506c869530f897617f7cb1c21a4bf30023f252596d83e1f007?s=96&d=mm&r=g\",\"caption\":\"admin\"},\"sameAs\":[\"https:\\\/\\\/kibrisdakik.com\"],\"url\":\"https:\\\/\\\/kibrisdakik.com\\\/?author=1\"}]}<\/script>\n<!-- \/ Yoast SEO plugin. -->","yoast_head_json":{"title":"CTP KADIN \u00d6RG\u00dcT\u00dc\u2019NDEN MER\u0130\u00c7\u2019TE ANLAMLI Z\u0130YARET -","robots":{"index":"index","follow":"follow","max-snippet":"max-snippet:-1","max-image-preview":"max-image-preview:large","max-video-preview":"max-video-preview:-1"},"canonical":"https:\/\/kibrisdakik.com\/?p=102906","og_locale":"tr_TR","og_type":"article","og_title":"CTP KADIN \u00d6RG\u00dcT\u00dc\u2019NDEN MER\u0130\u00c7\u2019TE ANLAMLI Z\u0130YARET -","og_description":"Cumhuriyet\u00e7i T\u00fcrk Partisi (CTP) Kad\u0131n \u00d6rg\u00fct\u00fc Ba\u015fkan\u0131 Do\u011fu\u015f Derya ve Lefko\u015fa \u0130l\u00e7e Y\u00f6netim Kurulu \u00fcyeleri Meri\u00e7\u2019teki Sa\u011fl\u0131k ve Sosyal Destek \u015eubesi\u2019ni ziyaret etti. CTP Bas\u0131n B\u00fcrosu\u2019ndan yap\u0131lan a\u00e7\u0131klamaya g\u00f6re, De\u011firmenlik Ak\u0131nc\u0131lar Belediyesi Belediye Meclis \u00dcyesi Ye\u015fim Bozat ile Sa\u011fl\u0131k ve Sosyal Destek \u015eubesi Sorumlusu Laden Serinsu\u2019nun da haz\u0131r bulundu\u011fu ziyarette, merkezde hizmet alan 65 ya\u015f","og_url":"https:\/\/kibrisdakik.com\/?p=102906","article_published_time":"2025-12-29T13:22:03+00:00","og_image":[{"width":1280,"height":720,"url":"https:\/\/kibrisdakik.com\/wp-content\/uploads\/2025\/12\/mha-sari-beyaz-1962.png","type":"image\/png"}],"author":"admin","twitter_card":"summary_large_image","twitter_misc":{"Yazan:":"admin","Tahmini okuma s\u00fcresi":"1 dakika"},"schema":{"@context":"https:\/\/schema.org","@graph":[{"@type":"Article","@id":"https:\/\/kibrisdakik.com\/?p=102906#article","isPartOf":{"@id":"https:\/\/kibrisdakik.com\/?p=102906"},"author":{"name":"admin","@id":"https:\/\/kibrisdakik.com\/#\/schema\/person\/9cd9d437bbb44f72b73ba127e06d8e79"},"headline":"CTP KADIN \u00d6RG\u00dcT\u00dc\u2019NDEN MER\u0130\u00c7\u2019TE ANLAMLI Z\u0130YARET","datePublished":"2025-12-29T13:22:03+00:00","mainEntityOfPage":{"@id":"https:\/\/kibrisdakik.com\/?p=102906"},"wordCount":157,"commentCount":0,"image":{"@id":"https:\/\/kibrisdakik.com\/?p=102906#primaryimage"},"thumbnailUrl":"https:\/\/kibrisdakik.com\/wp-content\/uploads\/2025\/12\/mha-sari-beyaz-1962.png","articleSection":["K\u0131br\u0131s"],"inLanguage":"tr","potentialAction":[{"@type":"CommentAction","name":"Comment","target":["https:\/\/kibrisdakik.com\/?p=102906#respond"]}]},{"@type":"WebPage","@id":"https:\/\/kibrisdakik.com\/?p=102906","url":"https:\/\/kibrisdakik.com\/?p=102906","name":"CTP KADIN \u00d6RG\u00dcT\u00dc\u2019NDEN MER\u0130\u00c7\u2019TE ANLAMLI Z\u0130YARET -","isPartOf":{"@id":"https:\/\/kibrisdakik.com\/#website"},"primaryImageOfPage":{"@id":"https:\/\/kibrisdakik.com\/?p=102906#primaryimage"},"image":{"@id":"https:\/\/kibrisdakik.com\/?p=102906#primaryimage"},"thumbnailUrl":"https:\/\/kibrisdakik.com\/wp-content\/uploads\/2025\/12\/mha-sari-beyaz-1962.png","datePublished":"2025-12-29T13:22:03+00:00","author":{"@id":"https:\/\/kibrisdakik.com\/#\/schema\/person\/9cd9d437bbb44f72b73ba127e06d8e79"},"breadcrumb":{"@id":"https:\/\/kibrisdakik.com\/?p=102906#breadcrumb"},"inLanguage":"tr","potentialAction":[{"@type":"ReadAction","target":["https:\/\/kibrisdakik.com\/?p=102906"]}]},{"@type":"ImageObject","inLanguage":"tr","@id":"https:\/\/kibrisdakik.com\/?p=102906#primaryimage","url":"https:\/\/kibrisdakik.com\/wp-content\/uploads\/2025\/12\/mha-sari-beyaz-1962.png","contentUrl":"https:\/\/kibrisdakik.com\/wp-content\/uploads\/2025\/12\/mha-sari-beyaz-1962.png","width":1280,"height":720},{"@type":"BreadcrumbList","@id":"https:\/\/kibrisdakik.com\/?p=102906#breadcrumb","itemListElement":[{"@type":"ListItem","position":1,"name":"Home","item":"https:\/\/kibrisdakik.com\/"},{"@type":"ListItem","position":2,"name":"CTP KADIN \u00d6RG\u00dcT\u00dc\u2019NDEN MER\u0130\u00c7\u2019TE ANLAMLI Z\u0130YARET"}]},{"@type":"WebSite","@id":"https:\/\/kibrisdakik.com\/#website","url":"https:\/\/kibrisdakik.com\/","name":"","description":"Tam vaktinde haber","potentialAction":[{"@type":"SearchAction","target":{"@type":"EntryPoint","urlTemplate":"https:\/\/kibrisdakik.com\/?s={search_term_string}"},"query-input":{"@type":"PropertyValueSpecification","valueRequired":true,"valueName":"search_term_string"}}],"inLanguage":"tr"},{"@type":"Person","@id":"https:\/\/kibrisdakik.com\/#\/schema\/person\/9cd9d437bbb44f72b73ba127e06d8e79","name":"admin","image":{"@type":"ImageObject","inLanguage":"tr","@id":"https:\/\/secure.gravatar.com\/avatar\/ccc17943b9d660506c869530f897617f7cb1c21a4bf30023f252596d83e1f007?s=96&d=mm&r=g","url":"https:\/\/secure.gravatar.com\/avatar\/ccc17943b9d660506c869530f897617f7cb1c21a4bf30023f252596d83e1f007?s=96&d=mm&r=g","contentUrl":"https:\/\/secure.gravatar.com\/avatar\/ccc17943b9d660506c869530f897617f7cb1c21a4bf30023f252596d83e1f007?s=96&d=mm&r=g","caption":"admin"},"sameAs":["https:\/\/kibrisdakik.com"],"url":"https:\/\/kibrisdakik.com\/?author=1"}]}},"_links":{"self":[{"href":"https:\/\/kibrisdakik.com\/index.php?rest_route=\/wp\/v2\/posts\/102906","targetHints":{"allow":["GET"]}}],"collection":[{"href":"https:\/\/kibrisdakik.com\/index.php?rest_route=\/wp\/v2\/posts"}],"about":[{"href":"https:\/\/kibrisdakik.com\/index.php?rest_route=\/wp\/v2\/types\/post"}],"author":[{"embeddable":true,"href":"https:\/\/kibrisdakik.com\/index.php?rest_route=\/wp\/v2\/users\/1"}],"replies":[{"embeddable":true,"href":"https:\/\/kibrisdakik.com\/index.php?rest_route=%2Fwp%2Fv2%2Fcomments&post=102906"}],"version-history":[{"count":0,"href":"https:\/\/kibrisdakik.com\/index.php?rest_route=\/wp\/v2\/posts\/102906\/revisions"}],"wp:featuredmedia":[{"embeddable":true,"href":"https:\/\/kibrisdakik.com\/index.php?rest_route=\/wp\/v2\/media\/102907"}],"wp:attachment":[{"href":"https:\/\/kibrisdakik.com\/index.php?rest_route=%2Fwp%2Fv2%2Fmedia&parent=102906"}],"wp:term":[{"taxonomy":"category","embeddable":true,"href":"https:\/\/kibrisdakik.com\/index.php?rest_route=%2Fwp%2Fv2%2Fcategories&post=102906"},{"taxonomy":"post_tag","embeddable":true,"href":"https:\/\/kibrisdakik.com\/index.php?rest_route=%2Fwp%2Fv2%2Ftags&post=102906"}],"curies":[{"name":"wp","href":"https:\/\/api.w.org\/{rel}","templated":true}]}}