{"id":102951,"date":"2025-12-30T10:10:05","date_gmt":"2025-12-30T08:10:05","guid":{"rendered":"https:\/\/kibrisdakik.com\/index.php\/2025\/12\/30\/ismet-inonu-bulvarinda-2-etap-calismalari-basliyor\/"},"modified":"2025-12-30T10:10:05","modified_gmt":"2025-12-30T08:10:05","slug":"ismet-inonu-bulvarinda-2-etap-calismalari-basliyor","status":"publish","type":"post","link":"https:\/\/kibrisdakik.com\/?p=102951","title":{"rendered":"\u0130SMET \u0130N\u00d6N\u00dc BULVARI\u2019NDA 2. ETAP \u00c7ALI\u015eMALARI BA\u015eLIYOR"},"content":{"rendered":"<p><\/p>\n<div data-text-id=\"192741\" property=\"articleBody\">\n<p>Gazima\u011fusa Belediyesi taraf\u0131ndan y\u00fcr\u00fct\u00fclen \u0130smet \u0130n\u00f6n\u00fc Bulvar\u0131 (Salamis Yolu) 2. Etap D\u00fczenleme Projesi kapsam\u0131nda, \u0130smet \u0130n\u00f6n\u00fc Bulvar\u0131 \u00fczerindeki \u00e7al\u0131\u015fmalar 2 Ocak 2026 tarihi itibar\u0131yla ba\u015fl\u0131yor.<\/p>\n<p><strong>PROJEN\u0130N GENEL KAPSAMI<\/strong><br \/>&#13;<br \/>\nToplam 11 k\u0131s\u0131mdan olu\u015fan projenin \u0130smet \u0130n\u00f6n\u00fc Bulvar\u0131 \u00fczerindeki ilk a\u015famas\u0131, Sakarya Kav\u015fa\u011f\u0131 ile Sulu \u00c7ember aras\u0131nda yer alan g\u00fczerg\u00e2hta hayata ge\u00e7irilecek. \u00c7al\u0131\u015fmalar, \u00c7avu\u015f Telefon \u2013 Gazima\u011fusa Ba\u015fkonsoloslu\u011fu \u2013 Sulu \u00c7ember hatt\u0131nda y\u00fcr\u00fct\u00fclecek.<\/p>\n<p>Bu ilk etapta mevcut kald\u0131r\u0131mlar s\u00f6k\u00fclerek yenilenecek, elektrik ve telefon altyap\u0131lar\u0131na y\u00f6nelik kaz\u0131 \u00e7al\u0131\u015fmalar\u0131 yap\u0131larak boru d\u00f6\u015feme ve r\u00f6gar imalatlar\u0131 ger\u00e7ekle\u015ftirilecek. Ayn\u0131 zamanda ana ve tali ya\u011fmur suyu drenaj hatlar\u0131 olu\u015fturularak altyap\u0131 g\u00fc\u00e7lendirilecek. Yol d\u00fczenleme \u00e7al\u0131\u015fmalar\u0131 kapsam\u0131nda bord\u00fcr ve kanivo imalatlar\u0131 yap\u0131lacak, beton parke ve wash beton karo d\u00f6\u015femeleriyle yaya alanlar\u0131 yeniden d\u00fczenlenecek. Saha betonu uygulamalar\u0131n\u0131n tamamlanmas\u0131yla birlikte g\u00fczerg\u00e2h, hem altyap\u0131 hem de \u00fcstyap\u0131 a\u00e7\u0131s\u0131ndan \u00e7a\u011fda\u015f standartlara kavu\u015fturulacak.<\/p>\n<p><strong>TRAF\u0130K VE OTOPARK D\u00dcZENLEMELER\u0130<\/strong><br \/>&#13;<br \/>\nYakla\u015f\u0131k 36 g\u00fcn s\u00fcrmesi planlanan bu birinci k\u0131s\u0131m \u00e7al\u0131\u015fmalar\u0131 s\u00fcresince, trafik iki y\u00f6nl\u00fc akmaya devam edecek. Trafik ak\u0131\u015f\u0131n\u0131n aksamamas\u0131 amac\u0131yla yol g\u00fczerg\u00e2h\u0131, Da\u011fl\u0131 Sigorta, Arg\u00fcden Elektronik \u00f6n\u00fcndeki dikey otopark alan\u0131 \u00f6n\u00fcne kayd\u0131r\u0131larak \u00e7ift y\u00f6nl\u00fc trafik ak\u0131\u015f\u0131 sa\u011flanacak. Bu s\u00fcre boyunca dikey park alanlar\u0131 ara\u00e7 park\u0131na kapal\u0131 olacak. Osman Faz\u0131l Polat Pa\u015fa Camii otopark\u0131 ile Sakarya B\u00f6lgesi\u2019nde yeni d\u00fczenlenen otopark alan\u0131 s\u00fcr\u00fcc\u00fclerin kullan\u0131m\u0131na sunulacak.<\/p>\n<p><strong>\u00c7ALI\u015eMALAR ETAP ETAP DEVAM EDECEK<\/strong><br \/>&#13;<br \/>\n\u0130lk k\u0131sm\u0131n tamamlanmas\u0131n\u0131n ard\u0131ndan \u00e7al\u0131\u015fmalar, 2018 y\u0131l\u0131nda 1. Etab\u0131 tamamlanan \u0130smet \u0130n\u00f6n\u00fc Bulvar\u0131 D\u00fczenleme Projesi\u2019nin son noktas\u0131 olan Birle\u015fmi\u015f Milletler Bar\u0131\u015f G\u00fcc\u00fc Kamp\u0131 istikametine do\u011fru etaplar halinde ilerleyecek. Projenin tamam\u0131n\u0131n yakla\u015f\u0131k 1 y\u0131l i\u00e7erisinde tamamlanmas\u0131 hedefleniyor.<\/p>\n<p><strong>PROJEN\u0130N MAL\u0130YET\u0130 VE F\u0130NANSMANI<\/strong><br \/>&#13;<br \/>\nProjenin toplam maliyeti yakla\u015f\u0131k 66 milyon TL + KDV olarak belirlenirken, 20 milyon TL\u2019lik k\u0131sm\u0131 T\u00fcrkiye Cumhuriyeti Kalk\u0131nma ve Ekonomik \u0130\u015f Birli\u011fi Ofisi taraf\u0131ndan kar\u015f\u0131lanacak. Kalan k\u0131s\u0131m ise Gazima\u011fusa Belediyesi\u2019nin \u00f6z kaynaklar\u0131yla finanse edilecek.<\/p>\n<p><strong>\u0130HALE S\u00dcREC\u0130 VE PLANLAMA<\/strong><br \/>&#13;<br \/>\n\u0130hale s\u00fcreci A\u011fustos 2025 ay\u0131nda tamamlanan projenin s\u00f6zle\u015fmesi 22 A\u011fustos 2025 tarihinde imzalanm\u0131\u015f, 24 Ekim 2025\u2019te ihaleyi kazanan U\u00e7anok Emlak ve \u0130n\u015faat \u015eirketi\u2019ne proje alan\u0131 teslim edilmi\u015ftir. Proje, asfaltlama ve yol d\u00fczenleme \u00e7al\u0131\u015fmalar\u0131n\u0131n yan\u0131 s\u0131ra alt yap\u0131, kald\u0131r\u0131m ve bisiklet yolu d\u00fczenlemelerini de kapsamaktad\u0131r.<br \/>&#13;<br \/>\nProjeye ili\u015fkin ilk bilgilendirme, 6 Kas\u0131m 2025 tarihinde \u0130smet \u0130n\u00f6n\u00fc Bulvar\u0131 esnaf\u0131 ve b\u00f6lge sakinlerinin kat\u0131l\u0131m\u0131yla ger\u00e7ekle\u015ftirilen isti\u015fare toplant\u0131s\u0131 ile kamuoyuna aktar\u0131lm\u0131\u015ft\u0131r. Toplant\u0131da, y\u0131lba\u015f\u0131 \u00f6ncesi d\u00f6nemde yap\u0131lacak \u00e7al\u0131\u015fmalar\u0131n ticari faaliyetleri olumsuz etkileyebilece\u011fi y\u00f6n\u00fcndeki talepler de\u011ferlendirilmi\u015f, bu do\u011frultuda \u0130smet \u0130n\u00f6n\u00fc Bulvar\u0131 \u00fczerindeki ana \u00e7al\u0131\u015fmalar\u0131n yeni y\u0131l sonras\u0131na b\u0131rak\u0131lmas\u0131 kararla\u015ft\u0131r\u0131larak 2 Ocak tarihi belirlenmi\u015ftir.<\/p>\n<p><strong>SAKARYA B\u00d6LGES\u0130 OTOPARKI TAMAMLANDI<\/strong><br \/>&#13;<br \/>\nBu s\u00fcre\u00e7te, bir di\u011fer ihale ve proje kapsam\u0131nda yer alan Sakarya B\u00f6lgesi Otopark D\u00fczenleme Projesi i\u00e7in y\u00fcklenici firma ile yeni bir i\u015f program\u0131 olu\u015fturulmu\u015f ve \u00e7al\u0131\u015fmalar y\u0131lba\u015f\u0131 \u00f6ncesinde tamamlanm\u0131\u015ft\u0131r.<br \/>&#13;<br \/>\nHasan Barba\u00e7olli Sokak\u2019\u0131n Sakarya Mahallesi kav\u015fa\u011f\u0131ndan \u0130smet \u0130n\u00f6n\u00fc Bulvar\u0131\u2019na ba\u011fland\u0131\u011f\u0131 g\u00fczerg\u00e2hta telefon ve elektrik altyap\u0131lar\u0131 yenilenmi\u015f, ya\u011fmur suyu drenaj hatt\u0131 olu\u015fturulmu\u015f, yaya yolu, kald\u0131r\u0131m ve bisiklet yolu d\u00fczenlemeleri ger\u00e7ekle\u015ftirilmi\u015ftir.<\/p>\n<p>S\u00f6zle\u015fmede, toplam 120 takvim g\u00fcn\u00fc olarak planlanan proje s\u00fcresine ra\u011fmen, 100 ara\u00e7 kapasiteli otopark alan\u0131 90 g\u00fcn i\u00e7erisinde tamamlanarak b\u00f6lge halk\u0131 ve esnaf\u0131n kullan\u0131m\u0131na sunulmu\u015ftur. Hasan Barba\u00e7olli Sokak \u00fczerindeki kald\u0131r\u0131m ve bisiklet yolu d\u00fczenleme \u00e7al\u0131\u015fmalar\u0131n\u0131n ise \u00f6n\u00fcm\u00fczdeki g\u00fcnlerde tamamlanmas\u0131 hedeflenmektedir.<\/p>\n<\/p><\/div>\n","protected":false},"excerpt":{"rendered":"<p>Gazima\u011fusa Belediyesi taraf\u0131ndan y\u00fcr\u00fct\u00fclen \u0130smet \u0130n\u00f6n\u00fc Bulvar\u0131 (Salamis Yolu) 2. Etap D\u00fczenleme Projesi kapsam\u0131nda, \u0130smet \u0130n\u00f6n\u00fc Bulvar\u0131 \u00fczerindeki \u00e7al\u0131\u015fmalar 2 Ocak 2026 tarihi itibar\u0131yla ba\u015fl\u0131yor. PROJEN\u0130N GENEL KAPSAMI&#13; Toplam 11 k\u0131s\u0131mdan olu\u015fan projenin \u0130smet \u0130n\u00f6n\u00fc Bulvar\u0131 \u00fczerindeki ilk a\u015famas\u0131, Sakarya Kav\u015fa\u011f\u0131 ile Sulu \u00c7ember aras\u0131nda yer alan g\u00fczerg\u00e2hta hayata ge\u00e7irilecek. \u00c7al\u0131\u015fmalar, \u00c7avu\u015f Telefon \u2013 Gazima\u011fusa<\/p>\n","protected":false},"author":1,"featured_media":102952,"comment_status":"open","ping_status":"open","sticky":false,"template":"","format":"standard","meta":{"footnotes":""},"categories":[81],"tags":[],"class_list":["post-102951","post","type-post","status-publish","format-standard","has-post-thumbnail","hentry","category-kibris"],"yoast_head":"<!-- This site is optimized with the Yoast SEO plugin v27.5 - https:\/\/yoast.com\/product\/yoast-seo-wordpress\/ -->\n<title>\u0130SMET \u0130N\u00d6N\u00dc BULVARI\u2019NDA 2. ETAP \u00c7ALI\u015eMALARI BA\u015eLIYOR -<\/title>\n<meta name=\"robots\" content=\"index, follow, max-snippet:-1, max-image-preview:large, max-video-preview:-1\" \/>\n<link rel=\"canonical\" href=\"https:\/\/kibrisdakik.com\/?p=102951\" \/>\n<meta property=\"og:locale\" content=\"tr_TR\" \/>\n<meta property=\"og:type\" content=\"article\" \/>\n<meta property=\"og:title\" content=\"\u0130SMET \u0130N\u00d6N\u00dc BULVARI\u2019NDA 2. ETAP \u00c7ALI\u015eMALARI BA\u015eLIYOR -\" \/>\n<meta property=\"og:description\" content=\"Gazima\u011fusa Belediyesi taraf\u0131ndan y\u00fcr\u00fct\u00fclen \u0130smet \u0130n\u00f6n\u00fc Bulvar\u0131 (Salamis Yolu) 2. Etap D\u00fczenleme Projesi kapsam\u0131nda, \u0130smet \u0130n\u00f6n\u00fc Bulvar\u0131 \u00fczerindeki \u00e7al\u0131\u015fmalar 2 Ocak 2026 tarihi itibar\u0131yla ba\u015fl\u0131yor. PROJEN\u0130N GENEL KAPSAMI&#013; Toplam 11 k\u0131s\u0131mdan olu\u015fan projenin \u0130smet \u0130n\u00f6n\u00fc Bulvar\u0131 \u00fczerindeki ilk a\u015famas\u0131, Sakarya Kav\u015fa\u011f\u0131 ile Sulu \u00c7ember aras\u0131nda yer alan g\u00fczerg\u00e2hta hayata ge\u00e7irilecek. \u00c7al\u0131\u015fmalar, \u00c7avu\u015f Telefon \u2013 Gazima\u011fusa\" \/>\n<meta property=\"og:url\" content=\"https:\/\/kibrisdakik.com\/?p=102951\" \/>\n<meta property=\"article:published_time\" content=\"2025-12-30T08:10:05+00:00\" \/>\n<meta property=\"og:image\" content=\"https:\/\/kibrisdakik.com\/wp-content\/uploads\/2025\/12\/mha-sari-beyaz-1980.png\" \/>\n\t<meta property=\"og:image:width\" content=\"1280\" \/>\n\t<meta property=\"og:image:height\" content=\"720\" \/>\n\t<meta property=\"og:image:type\" content=\"image\/png\" \/>\n<meta name=\"author\" content=\"admin\" \/>\n<meta name=\"twitter:card\" content=\"summary_large_image\" \/>\n<meta name=\"twitter:label1\" content=\"Yazan:\" \/>\n\t<meta name=\"twitter:data1\" content=\"admin\" \/>\n\t<meta name=\"twitter:label2\" content=\"Tahmini okuma s\u00fcresi\" \/>\n\t<meta name=\"twitter:data2\" content=\"3 dakika\" \/>\n<script type=\"application\/ld+json\" class=\"yoast-schema-graph\">{\"@context\":\"https:\\\/\\\/schema.org\",\"@graph\":[{\"@type\":\"Article\",\"@id\":\"https:\\\/\\\/kibrisdakik.com\\\/?p=102951#article\",\"isPartOf\":{\"@id\":\"https:\\\/\\\/kibrisdakik.com\\\/?p=102951\"},\"author\":{\"name\":\"admin\",\"@id\":\"https:\\\/\\\/kibrisdakik.com\\\/#\\\/schema\\\/person\\\/9cd9d437bbb44f72b73ba127e06d8e79\"},\"headline\":\"\u0130SMET \u0130N\u00d6N\u00dc BULVARI\u2019NDA 2. ETAP \u00c7ALI\u015eMALARI BA\u015eLIYOR\",\"datePublished\":\"2025-12-30T08:10:05+00:00\",\"mainEntityOfPage\":{\"@id\":\"https:\\\/\\\/kibrisdakik.com\\\/?p=102951\"},\"wordCount\":708,\"commentCount\":0,\"image\":{\"@id\":\"https:\\\/\\\/kibrisdakik.com\\\/?p=102951#primaryimage\"},\"thumbnailUrl\":\"https:\\\/\\\/kibrisdakik.com\\\/wp-content\\\/uploads\\\/2025\\\/12\\\/mha-sari-beyaz-1980.png\",\"articleSection\":[\"K\u0131br\u0131s\"],\"inLanguage\":\"tr\",\"potentialAction\":[{\"@type\":\"CommentAction\",\"name\":\"Comment\",\"target\":[\"https:\\\/\\\/kibrisdakik.com\\\/?p=102951#respond\"]}]},{\"@type\":\"WebPage\",\"@id\":\"https:\\\/\\\/kibrisdakik.com\\\/?p=102951\",\"url\":\"https:\\\/\\\/kibrisdakik.com\\\/?p=102951\",\"name\":\"\u0130SMET \u0130N\u00d6N\u00dc BULVARI\u2019NDA 2. ETAP \u00c7ALI\u015eMALARI BA\u015eLIYOR -\",\"isPartOf\":{\"@id\":\"https:\\\/\\\/kibrisdakik.com\\\/#website\"},\"primaryImageOfPage\":{\"@id\":\"https:\\\/\\\/kibrisdakik.com\\\/?p=102951#primaryimage\"},\"image\":{\"@id\":\"https:\\\/\\\/kibrisdakik.com\\\/?p=102951#primaryimage\"},\"thumbnailUrl\":\"https:\\\/\\\/kibrisdakik.com\\\/wp-content\\\/uploads\\\/2025\\\/12\\\/mha-sari-beyaz-1980.png\",\"datePublished\":\"2025-12-30T08:10:05+00:00\",\"author\":{\"@id\":\"https:\\\/\\\/kibrisdakik.com\\\/#\\\/schema\\\/person\\\/9cd9d437bbb44f72b73ba127e06d8e79\"},\"breadcrumb\":{\"@id\":\"https:\\\/\\\/kibrisdakik.com\\\/?p=102951#breadcrumb\"},\"inLanguage\":\"tr\",\"potentialAction\":[{\"@type\":\"ReadAction\",\"target\":[\"https:\\\/\\\/kibrisdakik.com\\\/?p=102951\"]}]},{\"@type\":\"ImageObject\",\"inLanguage\":\"tr\",\"@id\":\"https:\\\/\\\/kibrisdakik.com\\\/?p=102951#primaryimage\",\"url\":\"https:\\\/\\\/kibrisdakik.com\\\/wp-content\\\/uploads\\\/2025\\\/12\\\/mha-sari-beyaz-1980.png\",\"contentUrl\":\"https:\\\/\\\/kibrisdakik.com\\\/wp-content\\\/uploads\\\/2025\\\/12\\\/mha-sari-beyaz-1980.png\",\"width\":1280,\"height\":720},{\"@type\":\"BreadcrumbList\",\"@id\":\"https:\\\/\\\/kibrisdakik.com\\\/?p=102951#breadcrumb\",\"itemListElement\":[{\"@type\":\"ListItem\",\"position\":1,\"name\":\"Home\",\"item\":\"https:\\\/\\\/kibrisdakik.com\\\/\"},{\"@type\":\"ListItem\",\"position\":2,\"name\":\"\u0130SMET \u0130N\u00d6N\u00dc BULVARI\u2019NDA 2. ETAP \u00c7ALI\u015eMALARI BA\u015eLIYOR\"}]},{\"@type\":\"WebSite\",\"@id\":\"https:\\\/\\\/kibrisdakik.com\\\/#website\",\"url\":\"https:\\\/\\\/kibrisdakik.com\\\/\",\"name\":\"\",\"description\":\"Tam vaktinde haber\",\"potentialAction\":[{\"@type\":\"SearchAction\",\"target\":{\"@type\":\"EntryPoint\",\"urlTemplate\":\"https:\\\/\\\/kibrisdakik.com\\\/?s={search_term_string}\"},\"query-input\":{\"@type\":\"PropertyValueSpecification\",\"valueRequired\":true,\"valueName\":\"search_term_string\"}}],\"inLanguage\":\"tr\"},{\"@type\":\"Person\",\"@id\":\"https:\\\/\\\/kibrisdakik.com\\\/#\\\/schema\\\/person\\\/9cd9d437bbb44f72b73ba127e06d8e79\",\"name\":\"admin\",\"image\":{\"@type\":\"ImageObject\",\"inLanguage\":\"tr\",\"@id\":\"https:\\\/\\\/secure.gravatar.com\\\/avatar\\\/ccc17943b9d660506c869530f897617f7cb1c21a4bf30023f252596d83e1f007?s=96&d=mm&r=g\",\"url\":\"https:\\\/\\\/secure.gravatar.com\\\/avatar\\\/ccc17943b9d660506c869530f897617f7cb1c21a4bf30023f252596d83e1f007?s=96&d=mm&r=g\",\"contentUrl\":\"https:\\\/\\\/secure.gravatar.com\\\/avatar\\\/ccc17943b9d660506c869530f897617f7cb1c21a4bf30023f252596d83e1f007?s=96&d=mm&r=g\",\"caption\":\"admin\"},\"sameAs\":[\"https:\\\/\\\/kibrisdakik.com\"],\"url\":\"https:\\\/\\\/kibrisdakik.com\\\/?author=1\"}]}<\/script>\n<!-- \/ Yoast SEO plugin. -->","yoast_head_json":{"title":"\u0130SMET \u0130N\u00d6N\u00dc BULVARI\u2019NDA 2. ETAP \u00c7ALI\u015eMALARI BA\u015eLIYOR -","robots":{"index":"index","follow":"follow","max-snippet":"max-snippet:-1","max-image-preview":"max-image-preview:large","max-video-preview":"max-video-preview:-1"},"canonical":"https:\/\/kibrisdakik.com\/?p=102951","og_locale":"tr_TR","og_type":"article","og_title":"\u0130SMET \u0130N\u00d6N\u00dc BULVARI\u2019NDA 2. ETAP \u00c7ALI\u015eMALARI BA\u015eLIYOR -","og_description":"Gazima\u011fusa Belediyesi taraf\u0131ndan y\u00fcr\u00fct\u00fclen \u0130smet \u0130n\u00f6n\u00fc Bulvar\u0131 (Salamis Yolu) 2. Etap D\u00fczenleme Projesi kapsam\u0131nda, \u0130smet \u0130n\u00f6n\u00fc Bulvar\u0131 \u00fczerindeki \u00e7al\u0131\u015fmalar 2 Ocak 2026 tarihi itibar\u0131yla ba\u015fl\u0131yor. PROJEN\u0130N GENEL KAPSAMI&#13; Toplam 11 k\u0131s\u0131mdan olu\u015fan projenin \u0130smet \u0130n\u00f6n\u00fc Bulvar\u0131 \u00fczerindeki ilk a\u015famas\u0131, Sakarya Kav\u015fa\u011f\u0131 ile Sulu \u00c7ember aras\u0131nda yer alan g\u00fczerg\u00e2hta hayata ge\u00e7irilecek. \u00c7al\u0131\u015fmalar, \u00c7avu\u015f Telefon \u2013 Gazima\u011fusa","og_url":"https:\/\/kibrisdakik.com\/?p=102951","article_published_time":"2025-12-30T08:10:05+00:00","og_image":[{"width":1280,"height":720,"url":"https:\/\/kibrisdakik.com\/wp-content\/uploads\/2025\/12\/mha-sari-beyaz-1980.png","type":"image\/png"}],"author":"admin","twitter_card":"summary_large_image","twitter_misc":{"Yazan:":"admin","Tahmini okuma s\u00fcresi":"3 dakika"},"schema":{"@context":"https:\/\/schema.org","@graph":[{"@type":"Article","@id":"https:\/\/kibrisdakik.com\/?p=102951#article","isPartOf":{"@id":"https:\/\/kibrisdakik.com\/?p=102951"},"author":{"name":"admin","@id":"https:\/\/kibrisdakik.com\/#\/schema\/person\/9cd9d437bbb44f72b73ba127e06d8e79"},"headline":"\u0130SMET \u0130N\u00d6N\u00dc BULVARI\u2019NDA 2. ETAP \u00c7ALI\u015eMALARI BA\u015eLIYOR","datePublished":"2025-12-30T08:10:05+00:00","mainEntityOfPage":{"@id":"https:\/\/kibrisdakik.com\/?p=102951"},"wordCount":708,"commentCount":0,"image":{"@id":"https:\/\/kibrisdakik.com\/?p=102951#primaryimage"},"thumbnailUrl":"https:\/\/kibrisdakik.com\/wp-content\/uploads\/2025\/12\/mha-sari-beyaz-1980.png","articleSection":["K\u0131br\u0131s"],"inLanguage":"tr","potentialAction":[{"@type":"CommentAction","name":"Comment","target":["https:\/\/kibrisdakik.com\/?p=102951#respond"]}]},{"@type":"WebPage","@id":"https:\/\/kibrisdakik.com\/?p=102951","url":"https:\/\/kibrisdakik.com\/?p=102951","name":"\u0130SMET \u0130N\u00d6N\u00dc BULVARI\u2019NDA 2. ETAP \u00c7ALI\u015eMALARI BA\u015eLIYOR -","isPartOf":{"@id":"https:\/\/kibrisdakik.com\/#website"},"primaryImageOfPage":{"@id":"https:\/\/kibrisdakik.com\/?p=102951#primaryimage"},"image":{"@id":"https:\/\/kibrisdakik.com\/?p=102951#primaryimage"},"thumbnailUrl":"https:\/\/kibrisdakik.com\/wp-content\/uploads\/2025\/12\/mha-sari-beyaz-1980.png","datePublished":"2025-12-30T08:10:05+00:00","author":{"@id":"https:\/\/kibrisdakik.com\/#\/schema\/person\/9cd9d437bbb44f72b73ba127e06d8e79"},"breadcrumb":{"@id":"https:\/\/kibrisdakik.com\/?p=102951#breadcrumb"},"inLanguage":"tr","potentialAction":[{"@type":"ReadAction","target":["https:\/\/kibrisdakik.com\/?p=102951"]}]},{"@type":"ImageObject","inLanguage":"tr","@id":"https:\/\/kibrisdakik.com\/?p=102951#primaryimage","url":"https:\/\/kibrisdakik.com\/wp-content\/uploads\/2025\/12\/mha-sari-beyaz-1980.png","contentUrl":"https:\/\/kibrisdakik.com\/wp-content\/uploads\/2025\/12\/mha-sari-beyaz-1980.png","width":1280,"height":720},{"@type":"BreadcrumbList","@id":"https:\/\/kibrisdakik.com\/?p=102951#breadcrumb","itemListElement":[{"@type":"ListItem","position":1,"name":"Home","item":"https:\/\/kibrisdakik.com\/"},{"@type":"ListItem","position":2,"name":"\u0130SMET \u0130N\u00d6N\u00dc BULVARI\u2019NDA 2. ETAP \u00c7ALI\u015eMALARI BA\u015eLIYOR"}]},{"@type":"WebSite","@id":"https:\/\/kibrisdakik.com\/#website","url":"https:\/\/kibrisdakik.com\/","name":"","description":"Tam vaktinde haber","potentialAction":[{"@type":"SearchAction","target":{"@type":"EntryPoint","urlTemplate":"https:\/\/kibrisdakik.com\/?s={search_term_string}"},"query-input":{"@type":"PropertyValueSpecification","valueRequired":true,"valueName":"search_term_string"}}],"inLanguage":"tr"},{"@type":"Person","@id":"https:\/\/kibrisdakik.com\/#\/schema\/person\/9cd9d437bbb44f72b73ba127e06d8e79","name":"admin","image":{"@type":"ImageObject","inLanguage":"tr","@id":"https:\/\/secure.gravatar.com\/avatar\/ccc17943b9d660506c869530f897617f7cb1c21a4bf30023f252596d83e1f007?s=96&d=mm&r=g","url":"https:\/\/secure.gravatar.com\/avatar\/ccc17943b9d660506c869530f897617f7cb1c21a4bf30023f252596d83e1f007?s=96&d=mm&r=g","contentUrl":"https:\/\/secure.gravatar.com\/avatar\/ccc17943b9d660506c869530f897617f7cb1c21a4bf30023f252596d83e1f007?s=96&d=mm&r=g","caption":"admin"},"sameAs":["https:\/\/kibrisdakik.com"],"url":"https:\/\/kibrisdakik.com\/?author=1"}]}},"_links":{"self":[{"href":"https:\/\/kibrisdakik.com\/index.php?rest_route=\/wp\/v2\/posts\/102951","targetHints":{"allow":["GET"]}}],"collection":[{"href":"https:\/\/kibrisdakik.com\/index.php?rest_route=\/wp\/v2\/posts"}],"about":[{"href":"https:\/\/kibrisdakik.com\/index.php?rest_route=\/wp\/v2\/types\/post"}],"author":[{"embeddable":true,"href":"https:\/\/kibrisdakik.com\/index.php?rest_route=\/wp\/v2\/users\/1"}],"replies":[{"embeddable":true,"href":"https:\/\/kibrisdakik.com\/index.php?rest_route=%2Fwp%2Fv2%2Fcomments&post=102951"}],"version-history":[{"count":0,"href":"https:\/\/kibrisdakik.com\/index.php?rest_route=\/wp\/v2\/posts\/102951\/revisions"}],"wp:featuredmedia":[{"embeddable":true,"href":"https:\/\/kibrisdakik.com\/index.php?rest_route=\/wp\/v2\/media\/102952"}],"wp:attachment":[{"href":"https:\/\/kibrisdakik.com\/index.php?rest_route=%2Fwp%2Fv2%2Fmedia&parent=102951"}],"wp:term":[{"taxonomy":"category","embeddable":true,"href":"https:\/\/kibrisdakik.com\/index.php?rest_route=%2Fwp%2Fv2%2Fcategories&post=102951"},{"taxonomy":"post_tag","embeddable":true,"href":"https:\/\/kibrisdakik.com\/index.php?rest_route=%2Fwp%2Fv2%2Ftags&post=102951"}],"curies":[{"name":"wp","href":"https:\/\/api.w.org\/{rel}","templated":true}]}}