{"id":102961,"date":"2025-12-30T10:47:43","date_gmt":"2025-12-30T08:47:43","guid":{"rendered":"https:\/\/kibrisdakik.com\/index.php\/2025\/12\/30\/catalkoy-ve-vadilide-arac-yangini-meydana-geldi\/"},"modified":"2025-12-30T10:47:43","modified_gmt":"2025-12-30T08:47:43","slug":"catalkoy-ve-vadilide-arac-yangini-meydana-geldi","status":"publish","type":"post","link":"https:\/\/kibrisdakik.com\/?p=102961","title":{"rendered":"\u00c7ATALK\u00d6Y VE VAD\u0130L\u0130\u2019DE ARA\u00c7 YANGINI MEYDANA GELD\u0130"},"content":{"rendered":"<p><\/p>\n<div data-text-id=\"192751\" property=\"articleBody\">\n<p> Polis Bas\u0131n Subayl\u0131\u011f\u0131\u2019ndan al\u0131nan bilgiye g\u00f6re 29.12.2025 tarihinde, saat 17.15 s\u0131ralar\u0131nda \u00c7atalk\u00f6y\u2019de \u015eehit Mehmet Mustafa Caddesi \u00fczerinde, Kemal \u00c7ETEC\u0130\u2019nin kullan\u0131m\u0131ndaki ER 504 plakal\u0131 salon ara\u00e7ta seyir halinde oldu\u011fu s\u0131rada, muhtemelen motor b\u00f6l\u00fcm\u00fcnde olu\u015fan mekanik ar\u0131za nedeniyle yang\u0131n meydana gelmi\u015ftir. Yang\u0131n \u0130tfaiye Ekipleri taraf\u0131ndan s\u00f6nd\u00fcr\u00fclm\u00fc\u015f olup \u00e7\u0131kan yang\u0131n sonucu, arac\u0131n motor b\u00f6l\u00fcm\u00fc, \u00f6n kaportas\u0131, lastikleri ve \u00f6n g\u00f6\u011fs\u00fc yanarak zarar g\u00f6rm\u00fc\u015ft\u00fcr. Soru\u015fturma devam etmektedir.<\/p>\n<p>\u00d6te yandan 30.12.2025 tarihinde, saat 04.30 s\u0131ralar\u0131nda, Vadili\u2019de Konya Meydan Sokak\u2019ta, park halinde PL 339 plakal\u0131 arac\u0131n muhtemelen elektrik aksamlar\u0131n\u0131n k\u0131sa devre yap\u0131p alevlenmesi  sonucu yang\u0131n meydana gelmi\u015ftir. Yang\u0131n \u0130tfaiye Ekipleri taraf\u0131ndan s\u00f6nd\u00fcr\u00fclm\u00fc\u015f olup \u00e7\u0131kan yang\u0131n sonucu, arac\u0131n motor b\u00f6l\u00fcm\u00fc, sol \u00f6n lasti\u011fi ve \u00f6n g\u00f6\u011fs\u00fc yanarak zarar g\u00f6rm\u00fc\u015ft\u00fcr. Soru\u015fturma devam etmektedir.<\/p>\n<\/p><\/div>\n","protected":false},"excerpt":{"rendered":"<p>Polis Bas\u0131n Subayl\u0131\u011f\u0131\u2019ndan al\u0131nan bilgiye g\u00f6re 29.12.2025 tarihinde, saat 17.15 s\u0131ralar\u0131nda \u00c7atalk\u00f6y\u2019de \u015eehit Mehmet Mustafa Caddesi \u00fczerinde, Kemal \u00c7ETEC\u0130\u2019nin kullan\u0131m\u0131ndaki ER 504 plakal\u0131 salon ara\u00e7ta seyir halinde oldu\u011fu s\u0131rada, muhtemelen motor b\u00f6l\u00fcm\u00fcnde olu\u015fan mekanik ar\u0131za nedeniyle yang\u0131n meydana gelmi\u015ftir. Yang\u0131n \u0130tfaiye Ekipleri taraf\u0131ndan s\u00f6nd\u00fcr\u00fclm\u00fc\u015f olup \u00e7\u0131kan yang\u0131n sonucu, arac\u0131n motor b\u00f6l\u00fcm\u00fc, \u00f6n kaportas\u0131, lastikleri ve<\/p>\n","protected":false},"author":1,"featured_media":102962,"comment_status":"open","ping_status":"open","sticky":false,"template":"","format":"standard","meta":{"footnotes":""},"categories":[81],"tags":[],"class_list":["post-102961","post","type-post","status-publish","format-standard","has-post-thumbnail","hentry","category-kibris"],"yoast_head":"<!-- This site is optimized with the Yoast SEO plugin v27.5 - https:\/\/yoast.com\/product\/yoast-seo-wordpress\/ -->\n<title>\u00c7ATALK\u00d6Y VE VAD\u0130L\u0130\u2019DE ARA\u00c7 YANGINI MEYDANA GELD\u0130 -<\/title>\n<meta name=\"robots\" content=\"index, follow, max-snippet:-1, max-image-preview:large, max-video-preview:-1\" \/>\n<link rel=\"canonical\" href=\"https:\/\/kibrisdakik.com\/?p=102961\" \/>\n<meta property=\"og:locale\" content=\"tr_TR\" \/>\n<meta property=\"og:type\" content=\"article\" \/>\n<meta property=\"og:title\" content=\"\u00c7ATALK\u00d6Y VE VAD\u0130L\u0130\u2019DE ARA\u00c7 YANGINI MEYDANA GELD\u0130 -\" \/>\n<meta property=\"og:description\" content=\"Polis Bas\u0131n Subayl\u0131\u011f\u0131\u2019ndan al\u0131nan bilgiye g\u00f6re 29.12.2025 tarihinde, saat 17.15 s\u0131ralar\u0131nda \u00c7atalk\u00f6y\u2019de \u015eehit Mehmet Mustafa Caddesi \u00fczerinde, Kemal \u00c7ETEC\u0130\u2019nin kullan\u0131m\u0131ndaki ER 504 plakal\u0131 salon ara\u00e7ta seyir halinde oldu\u011fu s\u0131rada, muhtemelen motor b\u00f6l\u00fcm\u00fcnde olu\u015fan mekanik ar\u0131za nedeniyle yang\u0131n meydana gelmi\u015ftir. Yang\u0131n \u0130tfaiye Ekipleri taraf\u0131ndan s\u00f6nd\u00fcr\u00fclm\u00fc\u015f olup \u00e7\u0131kan yang\u0131n sonucu, arac\u0131n motor b\u00f6l\u00fcm\u00fc, \u00f6n kaportas\u0131, lastikleri ve\" \/>\n<meta property=\"og:url\" content=\"https:\/\/kibrisdakik.com\/?p=102961\" \/>\n<meta property=\"article:published_time\" content=\"2025-12-30T08:47:43+00:00\" \/>\n<meta property=\"og:image\" content=\"https:\/\/kibrisdakik.com\/wp-content\/uploads\/2025\/12\/mha-sari-beyaz-1985.png\" \/>\n\t<meta property=\"og:image:width\" content=\"1280\" \/>\n\t<meta property=\"og:image:height\" content=\"720\" \/>\n\t<meta property=\"og:image:type\" content=\"image\/png\" \/>\n<meta name=\"author\" content=\"admin\" \/>\n<meta name=\"twitter:card\" content=\"summary_large_image\" \/>\n<meta name=\"twitter:label1\" content=\"Yazan:\" \/>\n\t<meta name=\"twitter:data1\" content=\"admin\" \/>\n\t<meta name=\"twitter:label2\" content=\"Tahmini okuma s\u00fcresi\" \/>\n\t<meta name=\"twitter:data2\" content=\"1 dakika\" \/>\n<script type=\"application\/ld+json\" class=\"yoast-schema-graph\">{\"@context\":\"https:\\\/\\\/schema.org\",\"@graph\":[{\"@type\":\"Article\",\"@id\":\"https:\\\/\\\/kibrisdakik.com\\\/?p=102961#article\",\"isPartOf\":{\"@id\":\"https:\\\/\\\/kibrisdakik.com\\\/?p=102961\"},\"author\":{\"name\":\"admin\",\"@id\":\"https:\\\/\\\/kibrisdakik.com\\\/#\\\/schema\\\/person\\\/9cd9d437bbb44f72b73ba127e06d8e79\"},\"headline\":\"\u00c7ATALK\u00d6Y VE VAD\u0130L\u0130\u2019DE ARA\u00c7 YANGINI MEYDANA GELD\u0130\",\"datePublished\":\"2025-12-30T08:47:43+00:00\",\"mainEntityOfPage\":{\"@id\":\"https:\\\/\\\/kibrisdakik.com\\\/?p=102961\"},\"wordCount\":180,\"commentCount\":0,\"image\":{\"@id\":\"https:\\\/\\\/kibrisdakik.com\\\/?p=102961#primaryimage\"},\"thumbnailUrl\":\"https:\\\/\\\/kibrisdakik.com\\\/wp-content\\\/uploads\\\/2025\\\/12\\\/mha-sari-beyaz-1985.png\",\"articleSection\":[\"K\u0131br\u0131s\"],\"inLanguage\":\"tr\",\"potentialAction\":[{\"@type\":\"CommentAction\",\"name\":\"Comment\",\"target\":[\"https:\\\/\\\/kibrisdakik.com\\\/?p=102961#respond\"]}]},{\"@type\":\"WebPage\",\"@id\":\"https:\\\/\\\/kibrisdakik.com\\\/?p=102961\",\"url\":\"https:\\\/\\\/kibrisdakik.com\\\/?p=102961\",\"name\":\"\u00c7ATALK\u00d6Y VE VAD\u0130L\u0130\u2019DE ARA\u00c7 YANGINI MEYDANA GELD\u0130 -\",\"isPartOf\":{\"@id\":\"https:\\\/\\\/kibrisdakik.com\\\/#website\"},\"primaryImageOfPage\":{\"@id\":\"https:\\\/\\\/kibrisdakik.com\\\/?p=102961#primaryimage\"},\"image\":{\"@id\":\"https:\\\/\\\/kibrisdakik.com\\\/?p=102961#primaryimage\"},\"thumbnailUrl\":\"https:\\\/\\\/kibrisdakik.com\\\/wp-content\\\/uploads\\\/2025\\\/12\\\/mha-sari-beyaz-1985.png\",\"datePublished\":\"2025-12-30T08:47:43+00:00\",\"author\":{\"@id\":\"https:\\\/\\\/kibrisdakik.com\\\/#\\\/schema\\\/person\\\/9cd9d437bbb44f72b73ba127e06d8e79\"},\"breadcrumb\":{\"@id\":\"https:\\\/\\\/kibrisdakik.com\\\/?p=102961#breadcrumb\"},\"inLanguage\":\"tr\",\"potentialAction\":[{\"@type\":\"ReadAction\",\"target\":[\"https:\\\/\\\/kibrisdakik.com\\\/?p=102961\"]}]},{\"@type\":\"ImageObject\",\"inLanguage\":\"tr\",\"@id\":\"https:\\\/\\\/kibrisdakik.com\\\/?p=102961#primaryimage\",\"url\":\"https:\\\/\\\/kibrisdakik.com\\\/wp-content\\\/uploads\\\/2025\\\/12\\\/mha-sari-beyaz-1985.png\",\"contentUrl\":\"https:\\\/\\\/kibrisdakik.com\\\/wp-content\\\/uploads\\\/2025\\\/12\\\/mha-sari-beyaz-1985.png\",\"width\":1280,\"height\":720},{\"@type\":\"BreadcrumbList\",\"@id\":\"https:\\\/\\\/kibrisdakik.com\\\/?p=102961#breadcrumb\",\"itemListElement\":[{\"@type\":\"ListItem\",\"position\":1,\"name\":\"Home\",\"item\":\"https:\\\/\\\/kibrisdakik.com\\\/\"},{\"@type\":\"ListItem\",\"position\":2,\"name\":\"\u00c7ATALK\u00d6Y VE VAD\u0130L\u0130\u2019DE ARA\u00c7 YANGINI MEYDANA GELD\u0130\"}]},{\"@type\":\"WebSite\",\"@id\":\"https:\\\/\\\/kibrisdakik.com\\\/#website\",\"url\":\"https:\\\/\\\/kibrisdakik.com\\\/\",\"name\":\"\",\"description\":\"Tam vaktinde haber\",\"potentialAction\":[{\"@type\":\"SearchAction\",\"target\":{\"@type\":\"EntryPoint\",\"urlTemplate\":\"https:\\\/\\\/kibrisdakik.com\\\/?s={search_term_string}\"},\"query-input\":{\"@type\":\"PropertyValueSpecification\",\"valueRequired\":true,\"valueName\":\"search_term_string\"}}],\"inLanguage\":\"tr\"},{\"@type\":\"Person\",\"@id\":\"https:\\\/\\\/kibrisdakik.com\\\/#\\\/schema\\\/person\\\/9cd9d437bbb44f72b73ba127e06d8e79\",\"name\":\"admin\",\"image\":{\"@type\":\"ImageObject\",\"inLanguage\":\"tr\",\"@id\":\"https:\\\/\\\/secure.gravatar.com\\\/avatar\\\/ccc17943b9d660506c869530f897617f7cb1c21a4bf30023f252596d83e1f007?s=96&d=mm&r=g\",\"url\":\"https:\\\/\\\/secure.gravatar.com\\\/avatar\\\/ccc17943b9d660506c869530f897617f7cb1c21a4bf30023f252596d83e1f007?s=96&d=mm&r=g\",\"contentUrl\":\"https:\\\/\\\/secure.gravatar.com\\\/avatar\\\/ccc17943b9d660506c869530f897617f7cb1c21a4bf30023f252596d83e1f007?s=96&d=mm&r=g\",\"caption\":\"admin\"},\"sameAs\":[\"https:\\\/\\\/kibrisdakik.com\"],\"url\":\"https:\\\/\\\/kibrisdakik.com\\\/?author=1\"}]}<\/script>\n<!-- \/ Yoast SEO plugin. -->","yoast_head_json":{"title":"\u00c7ATALK\u00d6Y VE VAD\u0130L\u0130\u2019DE ARA\u00c7 YANGINI MEYDANA GELD\u0130 -","robots":{"index":"index","follow":"follow","max-snippet":"max-snippet:-1","max-image-preview":"max-image-preview:large","max-video-preview":"max-video-preview:-1"},"canonical":"https:\/\/kibrisdakik.com\/?p=102961","og_locale":"tr_TR","og_type":"article","og_title":"\u00c7ATALK\u00d6Y VE VAD\u0130L\u0130\u2019DE ARA\u00c7 YANGINI MEYDANA GELD\u0130 -","og_description":"Polis Bas\u0131n Subayl\u0131\u011f\u0131\u2019ndan al\u0131nan bilgiye g\u00f6re 29.12.2025 tarihinde, saat 17.15 s\u0131ralar\u0131nda \u00c7atalk\u00f6y\u2019de \u015eehit Mehmet Mustafa Caddesi \u00fczerinde, Kemal \u00c7ETEC\u0130\u2019nin kullan\u0131m\u0131ndaki ER 504 plakal\u0131 salon ara\u00e7ta seyir halinde oldu\u011fu s\u0131rada, muhtemelen motor b\u00f6l\u00fcm\u00fcnde olu\u015fan mekanik ar\u0131za nedeniyle yang\u0131n meydana gelmi\u015ftir. Yang\u0131n \u0130tfaiye Ekipleri taraf\u0131ndan s\u00f6nd\u00fcr\u00fclm\u00fc\u015f olup \u00e7\u0131kan yang\u0131n sonucu, arac\u0131n motor b\u00f6l\u00fcm\u00fc, \u00f6n kaportas\u0131, lastikleri ve","og_url":"https:\/\/kibrisdakik.com\/?p=102961","article_published_time":"2025-12-30T08:47:43+00:00","og_image":[{"width":1280,"height":720,"url":"https:\/\/kibrisdakik.com\/wp-content\/uploads\/2025\/12\/mha-sari-beyaz-1985.png","type":"image\/png"}],"author":"admin","twitter_card":"summary_large_image","twitter_misc":{"Yazan:":"admin","Tahmini okuma s\u00fcresi":"1 dakika"},"schema":{"@context":"https:\/\/schema.org","@graph":[{"@type":"Article","@id":"https:\/\/kibrisdakik.com\/?p=102961#article","isPartOf":{"@id":"https:\/\/kibrisdakik.com\/?p=102961"},"author":{"name":"admin","@id":"https:\/\/kibrisdakik.com\/#\/schema\/person\/9cd9d437bbb44f72b73ba127e06d8e79"},"headline":"\u00c7ATALK\u00d6Y VE VAD\u0130L\u0130\u2019DE ARA\u00c7 YANGINI MEYDANA GELD\u0130","datePublished":"2025-12-30T08:47:43+00:00","mainEntityOfPage":{"@id":"https:\/\/kibrisdakik.com\/?p=102961"},"wordCount":180,"commentCount":0,"image":{"@id":"https:\/\/kibrisdakik.com\/?p=102961#primaryimage"},"thumbnailUrl":"https:\/\/kibrisdakik.com\/wp-content\/uploads\/2025\/12\/mha-sari-beyaz-1985.png","articleSection":["K\u0131br\u0131s"],"inLanguage":"tr","potentialAction":[{"@type":"CommentAction","name":"Comment","target":["https:\/\/kibrisdakik.com\/?p=102961#respond"]}]},{"@type":"WebPage","@id":"https:\/\/kibrisdakik.com\/?p=102961","url":"https:\/\/kibrisdakik.com\/?p=102961","name":"\u00c7ATALK\u00d6Y VE VAD\u0130L\u0130\u2019DE ARA\u00c7 YANGINI MEYDANA GELD\u0130 -","isPartOf":{"@id":"https:\/\/kibrisdakik.com\/#website"},"primaryImageOfPage":{"@id":"https:\/\/kibrisdakik.com\/?p=102961#primaryimage"},"image":{"@id":"https:\/\/kibrisdakik.com\/?p=102961#primaryimage"},"thumbnailUrl":"https:\/\/kibrisdakik.com\/wp-content\/uploads\/2025\/12\/mha-sari-beyaz-1985.png","datePublished":"2025-12-30T08:47:43+00:00","author":{"@id":"https:\/\/kibrisdakik.com\/#\/schema\/person\/9cd9d437bbb44f72b73ba127e06d8e79"},"breadcrumb":{"@id":"https:\/\/kibrisdakik.com\/?p=102961#breadcrumb"},"inLanguage":"tr","potentialAction":[{"@type":"ReadAction","target":["https:\/\/kibrisdakik.com\/?p=102961"]}]},{"@type":"ImageObject","inLanguage":"tr","@id":"https:\/\/kibrisdakik.com\/?p=102961#primaryimage","url":"https:\/\/kibrisdakik.com\/wp-content\/uploads\/2025\/12\/mha-sari-beyaz-1985.png","contentUrl":"https:\/\/kibrisdakik.com\/wp-content\/uploads\/2025\/12\/mha-sari-beyaz-1985.png","width":1280,"height":720},{"@type":"BreadcrumbList","@id":"https:\/\/kibrisdakik.com\/?p=102961#breadcrumb","itemListElement":[{"@type":"ListItem","position":1,"name":"Home","item":"https:\/\/kibrisdakik.com\/"},{"@type":"ListItem","position":2,"name":"\u00c7ATALK\u00d6Y VE VAD\u0130L\u0130\u2019DE ARA\u00c7 YANGINI MEYDANA GELD\u0130"}]},{"@type":"WebSite","@id":"https:\/\/kibrisdakik.com\/#website","url":"https:\/\/kibrisdakik.com\/","name":"","description":"Tam vaktinde haber","potentialAction":[{"@type":"SearchAction","target":{"@type":"EntryPoint","urlTemplate":"https:\/\/kibrisdakik.com\/?s={search_term_string}"},"query-input":{"@type":"PropertyValueSpecification","valueRequired":true,"valueName":"search_term_string"}}],"inLanguage":"tr"},{"@type":"Person","@id":"https:\/\/kibrisdakik.com\/#\/schema\/person\/9cd9d437bbb44f72b73ba127e06d8e79","name":"admin","image":{"@type":"ImageObject","inLanguage":"tr","@id":"https:\/\/secure.gravatar.com\/avatar\/ccc17943b9d660506c869530f897617f7cb1c21a4bf30023f252596d83e1f007?s=96&d=mm&r=g","url":"https:\/\/secure.gravatar.com\/avatar\/ccc17943b9d660506c869530f897617f7cb1c21a4bf30023f252596d83e1f007?s=96&d=mm&r=g","contentUrl":"https:\/\/secure.gravatar.com\/avatar\/ccc17943b9d660506c869530f897617f7cb1c21a4bf30023f252596d83e1f007?s=96&d=mm&r=g","caption":"admin"},"sameAs":["https:\/\/kibrisdakik.com"],"url":"https:\/\/kibrisdakik.com\/?author=1"}]}},"_links":{"self":[{"href":"https:\/\/kibrisdakik.com\/index.php?rest_route=\/wp\/v2\/posts\/102961","targetHints":{"allow":["GET"]}}],"collection":[{"href":"https:\/\/kibrisdakik.com\/index.php?rest_route=\/wp\/v2\/posts"}],"about":[{"href":"https:\/\/kibrisdakik.com\/index.php?rest_route=\/wp\/v2\/types\/post"}],"author":[{"embeddable":true,"href":"https:\/\/kibrisdakik.com\/index.php?rest_route=\/wp\/v2\/users\/1"}],"replies":[{"embeddable":true,"href":"https:\/\/kibrisdakik.com\/index.php?rest_route=%2Fwp%2Fv2%2Fcomments&post=102961"}],"version-history":[{"count":0,"href":"https:\/\/kibrisdakik.com\/index.php?rest_route=\/wp\/v2\/posts\/102961\/revisions"}],"wp:featuredmedia":[{"embeddable":true,"href":"https:\/\/kibrisdakik.com\/index.php?rest_route=\/wp\/v2\/media\/102962"}],"wp:attachment":[{"href":"https:\/\/kibrisdakik.com\/index.php?rest_route=%2Fwp%2Fv2%2Fmedia&parent=102961"}],"wp:term":[{"taxonomy":"category","embeddable":true,"href":"https:\/\/kibrisdakik.com\/index.php?rest_route=%2Fwp%2Fv2%2Fcategories&post=102961"},{"taxonomy":"post_tag","embeddable":true,"href":"https:\/\/kibrisdakik.com\/index.php?rest_route=%2Fwp%2Fv2%2Ftags&post=102961"}],"curies":[{"name":"wp","href":"https:\/\/api.w.org\/{rel}","templated":true}]}}