{"id":102963,"date":"2025-12-30T10:56:12","date_gmt":"2025-12-30T08:56:12","guid":{"rendered":"https:\/\/kibrisdakik.com\/index.php\/2025\/12\/30\/ercan-havalimani-yeni-yilda-yogun-mesai-yapacak\/"},"modified":"2025-12-30T10:56:12","modified_gmt":"2025-12-30T08:56:12","slug":"ercan-havalimani-yeni-yilda-yogun-mesai-yapacak","status":"publish","type":"post","link":"https:\/\/kibrisdakik.com\/?p=102963","title":{"rendered":"ERCAN HAVAL\u0130MANI YEN\u0130 YILDA YO\u011eUN MESA\u0130 YAPACAK"},"content":{"rendered":"<div data-text-id=\"192754\" property=\"articleBody\">\n<article dir=\"auto\" tabindex=\"-1\">&#13;<\/p>\n<p>Yeni y\u0131l \u00f6ncesi ve sonras\u0131nda Ercan Havaliman\u0131\u2019nda yo\u011fun bir trafik ya\u015fanmas\u0131 bekleniyor. T&amp;T Havaliman\u0131 \u0130\u015fletmecili\u011fi\u2019nden yap\u0131lan a\u00e7\u0131klamaya g\u00f6re, 30 Aral\u0131k 2025 ile 4 Ocak 2026 tarihlerini kapsayan 6 g\u00fcnl\u00fck s\u00fcrede Ercan Havaliman\u0131 toplam 638 u\u00e7a\u011fa hizmet verecek.<\/p>\n<p>                                &#13;<br \/>\n&#13;<\/p>\n<p>A\u00e7\u0131klamada, yeni y\u0131l nedeniyle artan yolcu talebi do\u011frultusunda gerekli t\u00fcm \u00f6nlemlerin al\u0131nd\u0131\u011f\u0131 belirtilirken, yolcular\u0131n u\u00e7u\u015flar\u0131n\u0131 g\u00fcvenli, rahat ve sorunsuz bir \u015fekilde ger\u00e7ekle\u015ftirebilmeleri i\u00e7in ilgili t\u00fcm kurumlarla koordinasyon sa\u011fland\u0131\u011f\u0131 kaydedildi.<\/p>\n<p>&#13;<br \/>\n&#13;<\/p>\n<p>Havaliman\u0131ndaki en yo\u011fun g\u00fcnlerin 2 Ocak ile 4 Ocak 2026 tarihleri aras\u0131nda ya\u015fanaca\u011f\u0131 ifade edilirken, u\u00e7u\u015f say\u0131lar\u0131 g\u00fcn g\u00fcn a\u00e7\u0131kland\u0131. Buna g\u00f6re; 30 Aral\u0131k 2025\u2019te geli\u015f ve gidi\u015f olmak \u00fczere 106, 31 Aral\u0131k 2025\u2019te 103, 1 Ocak 2026\u2019da 84, 2 Ocak 2026\u2019da 117, 3 Ocak 2026\u2019da 107 ve 4 Ocak 2026 Pazar g\u00fcn\u00fc 121 u\u00e7a\u011fa hizmet verilmesi \u00f6ng\u00f6r\u00fcl\u00fcyor.<\/p>\n<p>&#13;<br \/>\n&#13;<\/p>\n<p>T\u00fcrk Hava Yollar\u0131, Pegasus, AJet ve SunExpress\u2019in yeni y\u0131l d\u00f6nemi nedeniyle sefer say\u0131lar\u0131n\u0131 art\u0131rd\u0131\u011f\u0131 belirtilirken, Bay\u0131nd\u0131rl\u0131k ve Ula\u015ft\u0131rma Bakanl\u0131\u011f\u0131, Sivil Havac\u0131l\u0131k Dairesi, polis, itfaiye, muhaceret, G\u00fcmr\u00fck Dairesi ve yer hizmetleri birimleriyle koordinasyon i\u00e7inde \u00e7al\u0131\u015f\u0131ld\u0131\u011f\u0131 vurguland\u0131.<\/p>\n<p>&#13;<br \/>\n&#13;<\/p>\n<p>T&amp;T Havaliman\u0131 \u0130\u015fletmecili\u011fi Genel M\u00fcd\u00fcr\u00fc M. Serhat \u00d6z\u00e7elik, yeni y\u0131l dolay\u0131s\u0131yla yapt\u0131\u011f\u0131 a\u00e7\u0131klamada, yo\u011fun trafik beklentisine kar\u015f\u0131 t\u00fcm haz\u0131rl\u0131klar\u0131n tamamland\u0131\u011f\u0131n\u0131 belirterek, \u201cYolcular\u0131m\u0131z\u0131n konforlu, g\u00fcvenli ve sorunsuz bir yolculuk yapabilmesi i\u00e7in gerekli t\u00fcm tedbirleri ald\u0131k\u201d dedi.<\/p>\n<p>&#13;<br \/>\n&#13;<\/p>\n<p>\u00d6z\u00e7elik, 2025 y\u0131l\u0131 boyunca \u00f6zveriyle g\u00f6rev yapan t\u00fcm havaliman\u0131 personeline, yolculara ve destek veren vatanda\u015flara te\u015fekk\u00fcr ederek, 2026 y\u0131l\u0131n\u0131n \u00fclkeye ve t\u00fcm insanl\u0131\u011fa sa\u011fl\u0131k, huzur ve ba\u015far\u0131 getirmesini temenni etti.<\/p>\n<p>&#13;<br \/>\n<\/article>\n<\/p><\/div>\n","protected":false},"excerpt":{"rendered":"<p>&#13; Yeni y\u0131l \u00f6ncesi ve sonras\u0131nda Ercan Havaliman\u0131\u2019nda yo\u011fun bir trafik ya\u015fanmas\u0131 bekleniyor. T&amp;T Havaliman\u0131 \u0130\u015fletmecili\u011fi\u2019nden yap\u0131lan a\u00e7\u0131klamaya g\u00f6re, 30 Aral\u0131k 2025 ile 4 Ocak 2026 tarihlerini kapsayan 6 g\u00fcnl\u00fck s\u00fcrede Ercan Havaliman\u0131 toplam 638 u\u00e7a\u011fa hizmet verecek. &#13; &#13; A\u00e7\u0131klamada, yeni y\u0131l nedeniyle artan yolcu talebi do\u011frultusunda gerekli t\u00fcm \u00f6nlemlerin al\u0131nd\u0131\u011f\u0131 belirtilirken, yolcular\u0131n u\u00e7u\u015flar\u0131n\u0131<\/p>\n","protected":false},"author":1,"featured_media":102964,"comment_status":"open","ping_status":"open","sticky":false,"template":"","format":"standard","meta":{"footnotes":""},"categories":[81],"tags":[],"class_list":["post-102963","post","type-post","status-publish","format-standard","has-post-thumbnail","hentry","category-kibris"],"yoast_head":"<!-- This site is optimized with the Yoast SEO plugin v27.5 - https:\/\/yoast.com\/product\/yoast-seo-wordpress\/ -->\n<title>ERCAN HAVAL\u0130MANI YEN\u0130 YILDA YO\u011eUN MESA\u0130 YAPACAK -<\/title>\n<meta name=\"robots\" content=\"index, follow, max-snippet:-1, max-image-preview:large, max-video-preview:-1\" \/>\n<link rel=\"canonical\" href=\"https:\/\/kibrisdakik.com\/?p=102963\" \/>\n<meta property=\"og:locale\" content=\"tr_TR\" \/>\n<meta property=\"og:type\" content=\"article\" \/>\n<meta property=\"og:title\" content=\"ERCAN HAVAL\u0130MANI YEN\u0130 YILDA YO\u011eUN MESA\u0130 YAPACAK -\" \/>\n<meta property=\"og:description\" content=\"&#013; Yeni y\u0131l \u00f6ncesi ve sonras\u0131nda Ercan Havaliman\u0131\u2019nda yo\u011fun bir trafik ya\u015fanmas\u0131 bekleniyor. T&amp;T Havaliman\u0131 \u0130\u015fletmecili\u011fi\u2019nden yap\u0131lan a\u00e7\u0131klamaya g\u00f6re, 30 Aral\u0131k 2025 ile 4 Ocak 2026 tarihlerini kapsayan 6 g\u00fcnl\u00fck s\u00fcrede Ercan Havaliman\u0131 toplam 638 u\u00e7a\u011fa hizmet verecek. &#013; &#013; A\u00e7\u0131klamada, yeni y\u0131l nedeniyle artan yolcu talebi do\u011frultusunda gerekli t\u00fcm \u00f6nlemlerin al\u0131nd\u0131\u011f\u0131 belirtilirken, yolcular\u0131n u\u00e7u\u015flar\u0131n\u0131\" \/>\n<meta property=\"og:url\" content=\"https:\/\/kibrisdakik.com\/?p=102963\" \/>\n<meta property=\"article:published_time\" content=\"2025-12-30T08:56:12+00:00\" \/>\n<meta property=\"og:image\" content=\"https:\/\/kibrisdakik.com\/wp-content\/uploads\/2025\/12\/mha-sari-beyaz-1986.png\" \/>\n\t<meta property=\"og:image:width\" content=\"1280\" \/>\n\t<meta property=\"og:image:height\" content=\"720\" \/>\n\t<meta property=\"og:image:type\" content=\"image\/png\" \/>\n<meta name=\"author\" content=\"admin\" \/>\n<meta name=\"twitter:card\" content=\"summary_large_image\" \/>\n<meta name=\"twitter:label1\" content=\"Yazan:\" \/>\n\t<meta name=\"twitter:data1\" content=\"admin\" \/>\n\t<meta name=\"twitter:label2\" content=\"Tahmini okuma s\u00fcresi\" \/>\n\t<meta name=\"twitter:data2\" content=\"2 dakika\" \/>\n<script type=\"application\/ld+json\" class=\"yoast-schema-graph\">{\"@context\":\"https:\\\/\\\/schema.org\",\"@graph\":[{\"@type\":\"Article\",\"@id\":\"https:\\\/\\\/kibrisdakik.com\\\/?p=102963#article\",\"isPartOf\":{\"@id\":\"https:\\\/\\\/kibrisdakik.com\\\/?p=102963\"},\"author\":{\"name\":\"admin\",\"@id\":\"https:\\\/\\\/kibrisdakik.com\\\/#\\\/schema\\\/person\\\/9cd9d437bbb44f72b73ba127e06d8e79\"},\"headline\":\"ERCAN HAVAL\u0130MANI YEN\u0130 YILDA YO\u011eUN MESA\u0130 YAPACAK\",\"datePublished\":\"2025-12-30T08:56:12+00:00\",\"mainEntityOfPage\":{\"@id\":\"https:\\\/\\\/kibrisdakik.com\\\/?p=102963\"},\"wordCount\":317,\"commentCount\":0,\"image\":{\"@id\":\"https:\\\/\\\/kibrisdakik.com\\\/?p=102963#primaryimage\"},\"thumbnailUrl\":\"https:\\\/\\\/kibrisdakik.com\\\/wp-content\\\/uploads\\\/2025\\\/12\\\/mha-sari-beyaz-1986.png\",\"articleSection\":[\"K\u0131br\u0131s\"],\"inLanguage\":\"tr\",\"potentialAction\":[{\"@type\":\"CommentAction\",\"name\":\"Comment\",\"target\":[\"https:\\\/\\\/kibrisdakik.com\\\/?p=102963#respond\"]}]},{\"@type\":\"WebPage\",\"@id\":\"https:\\\/\\\/kibrisdakik.com\\\/?p=102963\",\"url\":\"https:\\\/\\\/kibrisdakik.com\\\/?p=102963\",\"name\":\"ERCAN HAVAL\u0130MANI YEN\u0130 YILDA YO\u011eUN MESA\u0130 YAPACAK -\",\"isPartOf\":{\"@id\":\"https:\\\/\\\/kibrisdakik.com\\\/#website\"},\"primaryImageOfPage\":{\"@id\":\"https:\\\/\\\/kibrisdakik.com\\\/?p=102963#primaryimage\"},\"image\":{\"@id\":\"https:\\\/\\\/kibrisdakik.com\\\/?p=102963#primaryimage\"},\"thumbnailUrl\":\"https:\\\/\\\/kibrisdakik.com\\\/wp-content\\\/uploads\\\/2025\\\/12\\\/mha-sari-beyaz-1986.png\",\"datePublished\":\"2025-12-30T08:56:12+00:00\",\"author\":{\"@id\":\"https:\\\/\\\/kibrisdakik.com\\\/#\\\/schema\\\/person\\\/9cd9d437bbb44f72b73ba127e06d8e79\"},\"breadcrumb\":{\"@id\":\"https:\\\/\\\/kibrisdakik.com\\\/?p=102963#breadcrumb\"},\"inLanguage\":\"tr\",\"potentialAction\":[{\"@type\":\"ReadAction\",\"target\":[\"https:\\\/\\\/kibrisdakik.com\\\/?p=102963\"]}]},{\"@type\":\"ImageObject\",\"inLanguage\":\"tr\",\"@id\":\"https:\\\/\\\/kibrisdakik.com\\\/?p=102963#primaryimage\",\"url\":\"https:\\\/\\\/kibrisdakik.com\\\/wp-content\\\/uploads\\\/2025\\\/12\\\/mha-sari-beyaz-1986.png\",\"contentUrl\":\"https:\\\/\\\/kibrisdakik.com\\\/wp-content\\\/uploads\\\/2025\\\/12\\\/mha-sari-beyaz-1986.png\",\"width\":1280,\"height\":720},{\"@type\":\"BreadcrumbList\",\"@id\":\"https:\\\/\\\/kibrisdakik.com\\\/?p=102963#breadcrumb\",\"itemListElement\":[{\"@type\":\"ListItem\",\"position\":1,\"name\":\"Home\",\"item\":\"https:\\\/\\\/kibrisdakik.com\\\/\"},{\"@type\":\"ListItem\",\"position\":2,\"name\":\"ERCAN HAVAL\u0130MANI YEN\u0130 YILDA YO\u011eUN MESA\u0130 YAPACAK\"}]},{\"@type\":\"WebSite\",\"@id\":\"https:\\\/\\\/kibrisdakik.com\\\/#website\",\"url\":\"https:\\\/\\\/kibrisdakik.com\\\/\",\"name\":\"\",\"description\":\"Tam vaktinde haber\",\"potentialAction\":[{\"@type\":\"SearchAction\",\"target\":{\"@type\":\"EntryPoint\",\"urlTemplate\":\"https:\\\/\\\/kibrisdakik.com\\\/?s={search_term_string}\"},\"query-input\":{\"@type\":\"PropertyValueSpecification\",\"valueRequired\":true,\"valueName\":\"search_term_string\"}}],\"inLanguage\":\"tr\"},{\"@type\":\"Person\",\"@id\":\"https:\\\/\\\/kibrisdakik.com\\\/#\\\/schema\\\/person\\\/9cd9d437bbb44f72b73ba127e06d8e79\",\"name\":\"admin\",\"image\":{\"@type\":\"ImageObject\",\"inLanguage\":\"tr\",\"@id\":\"https:\\\/\\\/secure.gravatar.com\\\/avatar\\\/ccc17943b9d660506c869530f897617f7cb1c21a4bf30023f252596d83e1f007?s=96&d=mm&r=g\",\"url\":\"https:\\\/\\\/secure.gravatar.com\\\/avatar\\\/ccc17943b9d660506c869530f897617f7cb1c21a4bf30023f252596d83e1f007?s=96&d=mm&r=g\",\"contentUrl\":\"https:\\\/\\\/secure.gravatar.com\\\/avatar\\\/ccc17943b9d660506c869530f897617f7cb1c21a4bf30023f252596d83e1f007?s=96&d=mm&r=g\",\"caption\":\"admin\"},\"sameAs\":[\"https:\\\/\\\/kibrisdakik.com\"],\"url\":\"https:\\\/\\\/kibrisdakik.com\\\/?author=1\"}]}<\/script>\n<!-- \/ Yoast SEO plugin. -->","yoast_head_json":{"title":"ERCAN HAVAL\u0130MANI YEN\u0130 YILDA YO\u011eUN MESA\u0130 YAPACAK -","robots":{"index":"index","follow":"follow","max-snippet":"max-snippet:-1","max-image-preview":"max-image-preview:large","max-video-preview":"max-video-preview:-1"},"canonical":"https:\/\/kibrisdakik.com\/?p=102963","og_locale":"tr_TR","og_type":"article","og_title":"ERCAN HAVAL\u0130MANI YEN\u0130 YILDA YO\u011eUN MESA\u0130 YAPACAK -","og_description":"&#13; Yeni y\u0131l \u00f6ncesi ve sonras\u0131nda Ercan Havaliman\u0131\u2019nda yo\u011fun bir trafik ya\u015fanmas\u0131 bekleniyor. T&amp;T Havaliman\u0131 \u0130\u015fletmecili\u011fi\u2019nden yap\u0131lan a\u00e7\u0131klamaya g\u00f6re, 30 Aral\u0131k 2025 ile 4 Ocak 2026 tarihlerini kapsayan 6 g\u00fcnl\u00fck s\u00fcrede Ercan Havaliman\u0131 toplam 638 u\u00e7a\u011fa hizmet verecek. &#13; &#13; A\u00e7\u0131klamada, yeni y\u0131l nedeniyle artan yolcu talebi do\u011frultusunda gerekli t\u00fcm \u00f6nlemlerin al\u0131nd\u0131\u011f\u0131 belirtilirken, yolcular\u0131n u\u00e7u\u015flar\u0131n\u0131","og_url":"https:\/\/kibrisdakik.com\/?p=102963","article_published_time":"2025-12-30T08:56:12+00:00","og_image":[{"width":1280,"height":720,"url":"https:\/\/kibrisdakik.com\/wp-content\/uploads\/2025\/12\/mha-sari-beyaz-1986.png","type":"image\/png"}],"author":"admin","twitter_card":"summary_large_image","twitter_misc":{"Yazan:":"admin","Tahmini okuma s\u00fcresi":"2 dakika"},"schema":{"@context":"https:\/\/schema.org","@graph":[{"@type":"Article","@id":"https:\/\/kibrisdakik.com\/?p=102963#article","isPartOf":{"@id":"https:\/\/kibrisdakik.com\/?p=102963"},"author":{"name":"admin","@id":"https:\/\/kibrisdakik.com\/#\/schema\/person\/9cd9d437bbb44f72b73ba127e06d8e79"},"headline":"ERCAN HAVAL\u0130MANI YEN\u0130 YILDA YO\u011eUN MESA\u0130 YAPACAK","datePublished":"2025-12-30T08:56:12+00:00","mainEntityOfPage":{"@id":"https:\/\/kibrisdakik.com\/?p=102963"},"wordCount":317,"commentCount":0,"image":{"@id":"https:\/\/kibrisdakik.com\/?p=102963#primaryimage"},"thumbnailUrl":"https:\/\/kibrisdakik.com\/wp-content\/uploads\/2025\/12\/mha-sari-beyaz-1986.png","articleSection":["K\u0131br\u0131s"],"inLanguage":"tr","potentialAction":[{"@type":"CommentAction","name":"Comment","target":["https:\/\/kibrisdakik.com\/?p=102963#respond"]}]},{"@type":"WebPage","@id":"https:\/\/kibrisdakik.com\/?p=102963","url":"https:\/\/kibrisdakik.com\/?p=102963","name":"ERCAN HAVAL\u0130MANI YEN\u0130 YILDA YO\u011eUN MESA\u0130 YAPACAK -","isPartOf":{"@id":"https:\/\/kibrisdakik.com\/#website"},"primaryImageOfPage":{"@id":"https:\/\/kibrisdakik.com\/?p=102963#primaryimage"},"image":{"@id":"https:\/\/kibrisdakik.com\/?p=102963#primaryimage"},"thumbnailUrl":"https:\/\/kibrisdakik.com\/wp-content\/uploads\/2025\/12\/mha-sari-beyaz-1986.png","datePublished":"2025-12-30T08:56:12+00:00","author":{"@id":"https:\/\/kibrisdakik.com\/#\/schema\/person\/9cd9d437bbb44f72b73ba127e06d8e79"},"breadcrumb":{"@id":"https:\/\/kibrisdakik.com\/?p=102963#breadcrumb"},"inLanguage":"tr","potentialAction":[{"@type":"ReadAction","target":["https:\/\/kibrisdakik.com\/?p=102963"]}]},{"@type":"ImageObject","inLanguage":"tr","@id":"https:\/\/kibrisdakik.com\/?p=102963#primaryimage","url":"https:\/\/kibrisdakik.com\/wp-content\/uploads\/2025\/12\/mha-sari-beyaz-1986.png","contentUrl":"https:\/\/kibrisdakik.com\/wp-content\/uploads\/2025\/12\/mha-sari-beyaz-1986.png","width":1280,"height":720},{"@type":"BreadcrumbList","@id":"https:\/\/kibrisdakik.com\/?p=102963#breadcrumb","itemListElement":[{"@type":"ListItem","position":1,"name":"Home","item":"https:\/\/kibrisdakik.com\/"},{"@type":"ListItem","position":2,"name":"ERCAN HAVAL\u0130MANI YEN\u0130 YILDA YO\u011eUN MESA\u0130 YAPACAK"}]},{"@type":"WebSite","@id":"https:\/\/kibrisdakik.com\/#website","url":"https:\/\/kibrisdakik.com\/","name":"","description":"Tam vaktinde haber","potentialAction":[{"@type":"SearchAction","target":{"@type":"EntryPoint","urlTemplate":"https:\/\/kibrisdakik.com\/?s={search_term_string}"},"query-input":{"@type":"PropertyValueSpecification","valueRequired":true,"valueName":"search_term_string"}}],"inLanguage":"tr"},{"@type":"Person","@id":"https:\/\/kibrisdakik.com\/#\/schema\/person\/9cd9d437bbb44f72b73ba127e06d8e79","name":"admin","image":{"@type":"ImageObject","inLanguage":"tr","@id":"https:\/\/secure.gravatar.com\/avatar\/ccc17943b9d660506c869530f897617f7cb1c21a4bf30023f252596d83e1f007?s=96&d=mm&r=g","url":"https:\/\/secure.gravatar.com\/avatar\/ccc17943b9d660506c869530f897617f7cb1c21a4bf30023f252596d83e1f007?s=96&d=mm&r=g","contentUrl":"https:\/\/secure.gravatar.com\/avatar\/ccc17943b9d660506c869530f897617f7cb1c21a4bf30023f252596d83e1f007?s=96&d=mm&r=g","caption":"admin"},"sameAs":["https:\/\/kibrisdakik.com"],"url":"https:\/\/kibrisdakik.com\/?author=1"}]}},"_links":{"self":[{"href":"https:\/\/kibrisdakik.com\/index.php?rest_route=\/wp\/v2\/posts\/102963","targetHints":{"allow":["GET"]}}],"collection":[{"href":"https:\/\/kibrisdakik.com\/index.php?rest_route=\/wp\/v2\/posts"}],"about":[{"href":"https:\/\/kibrisdakik.com\/index.php?rest_route=\/wp\/v2\/types\/post"}],"author":[{"embeddable":true,"href":"https:\/\/kibrisdakik.com\/index.php?rest_route=\/wp\/v2\/users\/1"}],"replies":[{"embeddable":true,"href":"https:\/\/kibrisdakik.com\/index.php?rest_route=%2Fwp%2Fv2%2Fcomments&post=102963"}],"version-history":[{"count":0,"href":"https:\/\/kibrisdakik.com\/index.php?rest_route=\/wp\/v2\/posts\/102963\/revisions"}],"wp:featuredmedia":[{"embeddable":true,"href":"https:\/\/kibrisdakik.com\/index.php?rest_route=\/wp\/v2\/media\/102964"}],"wp:attachment":[{"href":"https:\/\/kibrisdakik.com\/index.php?rest_route=%2Fwp%2Fv2%2Fmedia&parent=102963"}],"wp:term":[{"taxonomy":"category","embeddable":true,"href":"https:\/\/kibrisdakik.com\/index.php?rest_route=%2Fwp%2Fv2%2Fcategories&post=102963"},{"taxonomy":"post_tag","embeddable":true,"href":"https:\/\/kibrisdakik.com\/index.php?rest_route=%2Fwp%2Fv2%2Ftags&post=102963"}],"curies":[{"name":"wp","href":"https:\/\/api.w.org\/{rel}","templated":true}]}}