{"id":10299,"date":"2023-07-13T12:45:06","date_gmt":"2023-07-13T12:45:06","guid":{"rendered":"https:\/\/kibrisdakik.com\/index.php\/2023\/07\/13\/cumhurbaskani-tatar-makine-muhendisleri-odasi-heyetini-kabul-etti-calismalari-hakkinda-bilgi-aldi\/"},"modified":"2023-07-13T12:45:06","modified_gmt":"2023-07-13T12:45:06","slug":"cumhurbaskani-tatar-makine-muhendisleri-odasi-heyetini-kabul-etti-calismalari-hakkinda-bilgi-aldi","status":"publish","type":"post","link":"https:\/\/kibrisdakik.com\/?p=10299","title":{"rendered":"Cumhurba\u015fkan\u0131 Tatar, Makine M\u00fchendisleri Odas\u0131 heyetini kabul etti, \u00e7al\u0131\u015fmalar\u0131 hakk\u0131nda bilgi ald\u0131"},"content":{"rendered":"<p><\/p>\n<div>\n<div class=\"mariselle-image-container center\">\n                <img width=\"1600\" height=\"1066\" class=\"lazy-image\" alt=\"\" decoding=\"async\" loading=\"lazy\" sizes=\"auto, (max-width: 1600px) 100vw, 1600px\" src=\"https:\/\/brtk.net\/wp-content\/uploads\/2023\/07\/13\/tatar-makine-muhendisleri-1-.jpg?ver=882a5285b8a1fd58a3976f76dfe70527\" srcset=\"https:\/\/brtk.net\/wp-content\/uploads\/2023\/07\/13\/tatar-makine-muhendisleri-1-.jpg?ver=882a5285b8a1fd58a3976f76dfe70527 1600w, https:\/\/brtk.net\/wp-content\/uploads\/2023\/07\/13\/tatar-makine-muhendisleri-1--300x200.jpg?ver=ee4df74ab83109cff430a04ed7ffbd21 300w, https:\/\/brtk.net\/wp-content\/uploads\/2023\/07\/13\/tatar-makine-muhendisleri-1--1024x682.jpg?ver=ee4df74ab83109cff430a04ed7ffbd21 1024w, https:\/\/brtk.net\/wp-content\/uploads\/2023\/07\/13\/tatar-makine-muhendisleri-1--768x512.jpg?ver=ee4df74ab83109cff430a04ed7ffbd21 768w, https:\/\/brtk.net\/wp-content\/uploads\/2023\/07\/13\/tatar-makine-muhendisleri-1--1536x1023.jpg?ver=844f37df737c5b135ea482c3cf829ce0 1536w\"\/>                            <\/div>\n<p>\nCumhurba\u015fkan\u0131 <a href=\"https:\/\/brtk.net\/\" target=\"_blank\" rel=\"noopener\">Ersin <\/a><a href=\"https:\/\/brtk.net\/\"\/><a href=\"https:\/\/brtk.net\/\"\/><a href=\"https:\/\/brtk.net\/\">Tatar<\/a>, K\u0131br\u0131s T\u00fcrk Makine M\u00fchendisleri Odas\u0131\u2019n\u0131n, i\u015f ve ta\u015f\u0131ma ara\u00e7lar\u0131 ba\u011flam\u0131nda trafik kazalar\u0131n\u0131n \u00f6nlenmesi ile ilgili y\u00fcr\u00fctt\u00fc\u011f\u00fc \u00e7al\u0131\u015fmalar hakk\u0131nda bilgi ald\u0131.<\/p>\n<p>Cumhurba\u015fkanl\u0131\u011f\u0131\u2019ndan yap\u0131lan a\u00e7\u0131klamaya g\u00f6re, Cumhurba\u015fkan\u0131 <a href=\"https:\/\/brtk.net\/\"\/><a href=\"https:\/\/brtk.net\/\"\/><a href=\"https:\/\/brtk.net\/\">Tatar<\/a>, K\u0131br\u0131s T\u00fcrk Makine M\u00fchendisleri Odas\u0131 Ba\u015fkan\u0131 Ayer Yark\u0131ner ve Y\u00f6netim Kurulu \u00fcyelerini kabul etti.<\/p>\n<p>\u00d6zellikle i\u015f ve ta\u015f\u0131ma ara\u00e7lar\u0131 ba\u011flam\u0131nda trafik kazalar\u0131n\u0131n \u00f6nlenmesi konusunda al\u0131nabilecek \u00f6nlemler ve yap\u0131labilecek \u00e7al\u0131\u015fmalar \u00fczerine g\u00f6r\u00fc\u015f al\u0131\u015fveri\u015finde bulunulan g\u00f6r\u00fc\u015fmede, i\u015f ara\u00e7lar\u0131n\u0131n trafikte seyir g\u00fcvenli\u011finin sa\u011flanmas\u0131 i\u00e7in gerekli \u00f6nlemlerin al\u0131nmas\u0131 ve kurallara uyulmas\u0131n\u0131n \u00f6nemi vurguland\u0131.<\/p>\n<p>Cumhurba\u015fkan\u0131 <a href=\"https:\/\/brtk.net\/\"\/><a href=\"https:\/\/brtk.net\/\"\/><a href=\"https:\/\/brtk.net\/\">Tatar<\/a>, Makine M\u00fchendisleri Odas\u0131\u2019n\u0131n s\u00fcrd\u00fcrd\u00fc\u011f\u00fc \u00e7al\u0131\u015fmalar ve ortaya konulan hassasiyetten dolay\u0131 te\u015fekk\u00fcr ederek, \u00e7al\u0131\u015fmalar\u0131nda ba\u015far\u0131lar diledi.<\/p>\n<p>Ayer Yark\u0131ner ise, Makine M\u00fchendisleri Odas\u0131\u2019n\u0131n, i\u015f ve ta\u015f\u0131ma ara\u00e7lar\u0131 \u00e7er\u00e7evesinde trafik kazalar\u0131n\u0131n \u00f6nlenmesi ile ilgili y\u00fcr\u00fct\u00fclen \u00e7al\u0131\u015fmalar hakk\u0131nda sunum yaparak, meydana gelen trafik kazalar\u0131 ve nedenleri hakk\u0131nda istatistiksel verileri payla\u015ft\u0131.<\/p>\n<p>Cumhurba\u015fkan\u0131 <a href=\"https:\/\/brtk.net\/\"\/><a href=\"https:\/\/brtk.net\/\"\/><a href=\"https:\/\/brtk.net\/\">Tatar<\/a>\u2019a g\u00f6r\u00fc\u015fme s\u0131ras\u0131nda plaket de takdim edildi.<\/p>\n<\/p><\/div>\n<p><script async\n                    defer\n                    crossorigin=\"anonymous\"\n                    src=\"https:\/\/connect.facebook.net\/tr_TR\/sdk.js#xfbml=1&#038;version=v3.3\"\n            ><\/script><\/p>\n","protected":false},"excerpt":{"rendered":"<p>Cumhurba\u015fkan\u0131 Ersin Tatar, K\u0131br\u0131s T\u00fcrk Makine M\u00fchendisleri Odas\u0131\u2019n\u0131n, i\u015f ve ta\u015f\u0131ma ara\u00e7lar\u0131 ba\u011flam\u0131nda trafik kazalar\u0131n\u0131n \u00f6nlenmesi ile ilgili y\u00fcr\u00fctt\u00fc\u011f\u00fc \u00e7al\u0131\u015fmalar hakk\u0131nda bilgi ald\u0131. Cumhurba\u015fkanl\u0131\u011f\u0131\u2019ndan yap\u0131lan a\u00e7\u0131klamaya g\u00f6re, Cumhurba\u015fkan\u0131 Tatar, K\u0131br\u0131s T\u00fcrk Makine M\u00fchendisleri Odas\u0131 Ba\u015fkan\u0131 Ayer Yark\u0131ner ve Y\u00f6netim Kurulu \u00fcyelerini kabul etti. \u00d6zellikle i\u015f ve ta\u015f\u0131ma ara\u00e7lar\u0131 ba\u011flam\u0131nda trafik kazalar\u0131n\u0131n \u00f6nlenmesi konusunda al\u0131nabilecek \u00f6nlemler<\/p>\n","protected":false},"author":1,"featured_media":10300,"comment_status":"open","ping_status":"open","sticky":false,"template":"","format":"standard","meta":{"footnotes":""},"categories":[1],"tags":[],"class_list":["post-10299","post","type-post","status-publish","format-standard","has-post-thumbnail","hentry","category-gundem"],"yoast_head":"<!-- This site is optimized with the Yoast SEO plugin v27.4 - https:\/\/yoast.com\/product\/yoast-seo-wordpress\/ -->\n<title>Cumhurba\u015fkan\u0131 Tatar, Makine M\u00fchendisleri Odas\u0131 heyetini kabul etti, \u00e7al\u0131\u015fmalar\u0131 hakk\u0131nda bilgi ald\u0131 -<\/title>\n<meta name=\"robots\" content=\"index, follow, max-snippet:-1, max-image-preview:large, max-video-preview:-1\" \/>\n<link rel=\"canonical\" href=\"https:\/\/kibrisdakik.com\/?p=10299\" \/>\n<meta property=\"og:locale\" content=\"tr_TR\" \/>\n<meta property=\"og:type\" content=\"article\" \/>\n<meta property=\"og:title\" content=\"Cumhurba\u015fkan\u0131 Tatar, Makine M\u00fchendisleri Odas\u0131 heyetini kabul etti, \u00e7al\u0131\u015fmalar\u0131 hakk\u0131nda bilgi ald\u0131 -\" \/>\n<meta property=\"og:description\" content=\"Cumhurba\u015fkan\u0131 Ersin Tatar, K\u0131br\u0131s T\u00fcrk Makine M\u00fchendisleri Odas\u0131\u2019n\u0131n, i\u015f ve ta\u015f\u0131ma ara\u00e7lar\u0131 ba\u011flam\u0131nda trafik kazalar\u0131n\u0131n \u00f6nlenmesi ile ilgili y\u00fcr\u00fctt\u00fc\u011f\u00fc \u00e7al\u0131\u015fmalar hakk\u0131nda bilgi ald\u0131. Cumhurba\u015fkanl\u0131\u011f\u0131\u2019ndan yap\u0131lan a\u00e7\u0131klamaya g\u00f6re, Cumhurba\u015fkan\u0131 Tatar, K\u0131br\u0131s T\u00fcrk Makine M\u00fchendisleri Odas\u0131 Ba\u015fkan\u0131 Ayer Yark\u0131ner ve Y\u00f6netim Kurulu \u00fcyelerini kabul etti. \u00d6zellikle i\u015f ve ta\u015f\u0131ma ara\u00e7lar\u0131 ba\u011flam\u0131nda trafik kazalar\u0131n\u0131n \u00f6nlenmesi konusunda al\u0131nabilecek \u00f6nlemler\" \/>\n<meta property=\"og:url\" content=\"https:\/\/kibrisdakik.com\/?p=10299\" \/>\n<meta property=\"article:published_time\" content=\"2023-07-13T12:45:06+00:00\" \/>\n<meta property=\"og:image\" content=\"https:\/\/kibrisdakik.com\/wp-content\/uploads\/2023\/07\/tatar-makine-muhendisleri-1--740x420.jpg\" \/>\n\t<meta property=\"og:image:width\" content=\"1600\" \/>\n\t<meta property=\"og:image:height\" content=\"1066\" \/>\n\t<meta property=\"og:image:type\" content=\"image\/jpeg\" \/>\n<meta name=\"author\" content=\"admin\" \/>\n<meta name=\"twitter:card\" content=\"summary_large_image\" \/>\n<meta name=\"twitter:label1\" content=\"Yazan:\" \/>\n\t<meta name=\"twitter:data1\" content=\"admin\" \/>\n\t<meta name=\"twitter:label2\" content=\"Tahmini okuma s\u00fcresi\" \/>\n\t<meta name=\"twitter:data2\" content=\"1 dakika\" \/>\n<script type=\"application\/ld+json\" class=\"yoast-schema-graph\">{\"@context\":\"https:\\\/\\\/schema.org\",\"@graph\":[{\"@type\":\"Article\",\"@id\":\"https:\\\/\\\/kibrisdakik.com\\\/?p=10299#article\",\"isPartOf\":{\"@id\":\"https:\\\/\\\/kibrisdakik.com\\\/?p=10299\"},\"author\":{\"name\":\"admin\",\"@id\":\"https:\\\/\\\/kibrisdakik.com\\\/#\\\/schema\\\/person\\\/9cd9d437bbb44f72b73ba127e06d8e79\"},\"headline\":\"Cumhurba\u015fkan\u0131 Tatar, Makine M\u00fchendisleri Odas\u0131 heyetini kabul etti, \u00e7al\u0131\u015fmalar\u0131 hakk\u0131nda bilgi ald\u0131\",\"datePublished\":\"2023-07-13T12:45:06+00:00\",\"mainEntityOfPage\":{\"@id\":\"https:\\\/\\\/kibrisdakik.com\\\/?p=10299\"},\"wordCount\":239,\"commentCount\":0,\"image\":{\"@id\":\"https:\\\/\\\/kibrisdakik.com\\\/?p=10299#primaryimage\"},\"thumbnailUrl\":\"https:\\\/\\\/kibrisdakik.com\\\/wp-content\\\/uploads\\\/2023\\\/07\\\/tatar-makine-muhendisleri-1--740x420.jpg\",\"articleSection\":[\"G\u00fcndem\"],\"inLanguage\":\"tr\",\"potentialAction\":[{\"@type\":\"CommentAction\",\"name\":\"Comment\",\"target\":[\"https:\\\/\\\/kibrisdakik.com\\\/?p=10299#respond\"]}]},{\"@type\":\"WebPage\",\"@id\":\"https:\\\/\\\/kibrisdakik.com\\\/?p=10299\",\"url\":\"https:\\\/\\\/kibrisdakik.com\\\/?p=10299\",\"name\":\"Cumhurba\u015fkan\u0131 Tatar, Makine M\u00fchendisleri Odas\u0131 heyetini kabul etti, \u00e7al\u0131\u015fmalar\u0131 hakk\u0131nda bilgi ald\u0131 -\",\"isPartOf\":{\"@id\":\"https:\\\/\\\/kibrisdakik.com\\\/#website\"},\"primaryImageOfPage\":{\"@id\":\"https:\\\/\\\/kibrisdakik.com\\\/?p=10299#primaryimage\"},\"image\":{\"@id\":\"https:\\\/\\\/kibrisdakik.com\\\/?p=10299#primaryimage\"},\"thumbnailUrl\":\"https:\\\/\\\/kibrisdakik.com\\\/wp-content\\\/uploads\\\/2023\\\/07\\\/tatar-makine-muhendisleri-1--740x420.jpg\",\"datePublished\":\"2023-07-13T12:45:06+00:00\",\"author\":{\"@id\":\"https:\\\/\\\/kibrisdakik.com\\\/#\\\/schema\\\/person\\\/9cd9d437bbb44f72b73ba127e06d8e79\"},\"breadcrumb\":{\"@id\":\"https:\\\/\\\/kibrisdakik.com\\\/?p=10299#breadcrumb\"},\"inLanguage\":\"tr\",\"potentialAction\":[{\"@type\":\"ReadAction\",\"target\":[\"https:\\\/\\\/kibrisdakik.com\\\/?p=10299\"]}]},{\"@type\":\"ImageObject\",\"inLanguage\":\"tr\",\"@id\":\"https:\\\/\\\/kibrisdakik.com\\\/?p=10299#primaryimage\",\"url\":\"https:\\\/\\\/kibrisdakik.com\\\/wp-content\\\/uploads\\\/2023\\\/07\\\/tatar-makine-muhendisleri-1--740x420.jpg\",\"contentUrl\":\"https:\\\/\\\/kibrisdakik.com\\\/wp-content\\\/uploads\\\/2023\\\/07\\\/tatar-makine-muhendisleri-1--740x420.jpg\",\"width\":1600,\"height\":1066},{\"@type\":\"BreadcrumbList\",\"@id\":\"https:\\\/\\\/kibrisdakik.com\\\/?p=10299#breadcrumb\",\"itemListElement\":[{\"@type\":\"ListItem\",\"position\":1,\"name\":\"Home\",\"item\":\"https:\\\/\\\/kibrisdakik.com\\\/\"},{\"@type\":\"ListItem\",\"position\":2,\"name\":\"Cumhurba\u015fkan\u0131 Tatar, Makine M\u00fchendisleri Odas\u0131 heyetini kabul etti, \u00e7al\u0131\u015fmalar\u0131 hakk\u0131nda bilgi ald\u0131\"}]},{\"@type\":\"WebSite\",\"@id\":\"https:\\\/\\\/kibrisdakik.com\\\/#website\",\"url\":\"https:\\\/\\\/kibrisdakik.com\\\/\",\"name\":\"\",\"description\":\"Tam vaktinde haber\",\"potentialAction\":[{\"@type\":\"SearchAction\",\"target\":{\"@type\":\"EntryPoint\",\"urlTemplate\":\"https:\\\/\\\/kibrisdakik.com\\\/?s={search_term_string}\"},\"query-input\":{\"@type\":\"PropertyValueSpecification\",\"valueRequired\":true,\"valueName\":\"search_term_string\"}}],\"inLanguage\":\"tr\"},{\"@type\":\"Person\",\"@id\":\"https:\\\/\\\/kibrisdakik.com\\\/#\\\/schema\\\/person\\\/9cd9d437bbb44f72b73ba127e06d8e79\",\"name\":\"admin\",\"image\":{\"@type\":\"ImageObject\",\"inLanguage\":\"tr\",\"@id\":\"https:\\\/\\\/secure.gravatar.com\\\/avatar\\\/ccc17943b9d660506c869530f897617f7cb1c21a4bf30023f252596d83e1f007?s=96&d=mm&r=g\",\"url\":\"https:\\\/\\\/secure.gravatar.com\\\/avatar\\\/ccc17943b9d660506c869530f897617f7cb1c21a4bf30023f252596d83e1f007?s=96&d=mm&r=g\",\"contentUrl\":\"https:\\\/\\\/secure.gravatar.com\\\/avatar\\\/ccc17943b9d660506c869530f897617f7cb1c21a4bf30023f252596d83e1f007?s=96&d=mm&r=g\",\"caption\":\"admin\"},\"sameAs\":[\"https:\\\/\\\/kibrisdakik.com\"],\"url\":\"https:\\\/\\\/kibrisdakik.com\\\/?author=1\"}]}<\/script>\n<!-- \/ Yoast SEO plugin. -->","yoast_head_json":{"title":"Cumhurba\u015fkan\u0131 Tatar, Makine M\u00fchendisleri Odas\u0131 heyetini kabul etti, \u00e7al\u0131\u015fmalar\u0131 hakk\u0131nda bilgi ald\u0131 -","robots":{"index":"index","follow":"follow","max-snippet":"max-snippet:-1","max-image-preview":"max-image-preview:large","max-video-preview":"max-video-preview:-1"},"canonical":"https:\/\/kibrisdakik.com\/?p=10299","og_locale":"tr_TR","og_type":"article","og_title":"Cumhurba\u015fkan\u0131 Tatar, Makine M\u00fchendisleri Odas\u0131 heyetini kabul etti, \u00e7al\u0131\u015fmalar\u0131 hakk\u0131nda bilgi ald\u0131 -","og_description":"Cumhurba\u015fkan\u0131 Ersin Tatar, K\u0131br\u0131s T\u00fcrk Makine M\u00fchendisleri Odas\u0131\u2019n\u0131n, i\u015f ve ta\u015f\u0131ma ara\u00e7lar\u0131 ba\u011flam\u0131nda trafik kazalar\u0131n\u0131n \u00f6nlenmesi ile ilgili y\u00fcr\u00fctt\u00fc\u011f\u00fc \u00e7al\u0131\u015fmalar hakk\u0131nda bilgi ald\u0131. Cumhurba\u015fkanl\u0131\u011f\u0131\u2019ndan yap\u0131lan a\u00e7\u0131klamaya g\u00f6re, Cumhurba\u015fkan\u0131 Tatar, K\u0131br\u0131s T\u00fcrk Makine M\u00fchendisleri Odas\u0131 Ba\u015fkan\u0131 Ayer Yark\u0131ner ve Y\u00f6netim Kurulu \u00fcyelerini kabul etti. \u00d6zellikle i\u015f ve ta\u015f\u0131ma ara\u00e7lar\u0131 ba\u011flam\u0131nda trafik kazalar\u0131n\u0131n \u00f6nlenmesi konusunda al\u0131nabilecek \u00f6nlemler","og_url":"https:\/\/kibrisdakik.com\/?p=10299","article_published_time":"2023-07-13T12:45:06+00:00","og_image":[{"width":1600,"height":1066,"url":"https:\/\/kibrisdakik.com\/wp-content\/uploads\/2023\/07\/tatar-makine-muhendisleri-1--740x420.jpg","type":"image\/jpeg"}],"author":"admin","twitter_card":"summary_large_image","twitter_misc":{"Yazan:":"admin","Tahmini okuma s\u00fcresi":"1 dakika"},"schema":{"@context":"https:\/\/schema.org","@graph":[{"@type":"Article","@id":"https:\/\/kibrisdakik.com\/?p=10299#article","isPartOf":{"@id":"https:\/\/kibrisdakik.com\/?p=10299"},"author":{"name":"admin","@id":"https:\/\/kibrisdakik.com\/#\/schema\/person\/9cd9d437bbb44f72b73ba127e06d8e79"},"headline":"Cumhurba\u015fkan\u0131 Tatar, Makine M\u00fchendisleri Odas\u0131 heyetini kabul etti, \u00e7al\u0131\u015fmalar\u0131 hakk\u0131nda bilgi ald\u0131","datePublished":"2023-07-13T12:45:06+00:00","mainEntityOfPage":{"@id":"https:\/\/kibrisdakik.com\/?p=10299"},"wordCount":239,"commentCount":0,"image":{"@id":"https:\/\/kibrisdakik.com\/?p=10299#primaryimage"},"thumbnailUrl":"https:\/\/kibrisdakik.com\/wp-content\/uploads\/2023\/07\/tatar-makine-muhendisleri-1--740x420.jpg","articleSection":["G\u00fcndem"],"inLanguage":"tr","potentialAction":[{"@type":"CommentAction","name":"Comment","target":["https:\/\/kibrisdakik.com\/?p=10299#respond"]}]},{"@type":"WebPage","@id":"https:\/\/kibrisdakik.com\/?p=10299","url":"https:\/\/kibrisdakik.com\/?p=10299","name":"Cumhurba\u015fkan\u0131 Tatar, Makine M\u00fchendisleri Odas\u0131 heyetini kabul etti, \u00e7al\u0131\u015fmalar\u0131 hakk\u0131nda bilgi ald\u0131 -","isPartOf":{"@id":"https:\/\/kibrisdakik.com\/#website"},"primaryImageOfPage":{"@id":"https:\/\/kibrisdakik.com\/?p=10299#primaryimage"},"image":{"@id":"https:\/\/kibrisdakik.com\/?p=10299#primaryimage"},"thumbnailUrl":"https:\/\/kibrisdakik.com\/wp-content\/uploads\/2023\/07\/tatar-makine-muhendisleri-1--740x420.jpg","datePublished":"2023-07-13T12:45:06+00:00","author":{"@id":"https:\/\/kibrisdakik.com\/#\/schema\/person\/9cd9d437bbb44f72b73ba127e06d8e79"},"breadcrumb":{"@id":"https:\/\/kibrisdakik.com\/?p=10299#breadcrumb"},"inLanguage":"tr","potentialAction":[{"@type":"ReadAction","target":["https:\/\/kibrisdakik.com\/?p=10299"]}]},{"@type":"ImageObject","inLanguage":"tr","@id":"https:\/\/kibrisdakik.com\/?p=10299#primaryimage","url":"https:\/\/kibrisdakik.com\/wp-content\/uploads\/2023\/07\/tatar-makine-muhendisleri-1--740x420.jpg","contentUrl":"https:\/\/kibrisdakik.com\/wp-content\/uploads\/2023\/07\/tatar-makine-muhendisleri-1--740x420.jpg","width":1600,"height":1066},{"@type":"BreadcrumbList","@id":"https:\/\/kibrisdakik.com\/?p=10299#breadcrumb","itemListElement":[{"@type":"ListItem","position":1,"name":"Home","item":"https:\/\/kibrisdakik.com\/"},{"@type":"ListItem","position":2,"name":"Cumhurba\u015fkan\u0131 Tatar, Makine M\u00fchendisleri Odas\u0131 heyetini kabul etti, \u00e7al\u0131\u015fmalar\u0131 hakk\u0131nda bilgi ald\u0131"}]},{"@type":"WebSite","@id":"https:\/\/kibrisdakik.com\/#website","url":"https:\/\/kibrisdakik.com\/","name":"","description":"Tam vaktinde haber","potentialAction":[{"@type":"SearchAction","target":{"@type":"EntryPoint","urlTemplate":"https:\/\/kibrisdakik.com\/?s={search_term_string}"},"query-input":{"@type":"PropertyValueSpecification","valueRequired":true,"valueName":"search_term_string"}}],"inLanguage":"tr"},{"@type":"Person","@id":"https:\/\/kibrisdakik.com\/#\/schema\/person\/9cd9d437bbb44f72b73ba127e06d8e79","name":"admin","image":{"@type":"ImageObject","inLanguage":"tr","@id":"https:\/\/secure.gravatar.com\/avatar\/ccc17943b9d660506c869530f897617f7cb1c21a4bf30023f252596d83e1f007?s=96&d=mm&r=g","url":"https:\/\/secure.gravatar.com\/avatar\/ccc17943b9d660506c869530f897617f7cb1c21a4bf30023f252596d83e1f007?s=96&d=mm&r=g","contentUrl":"https:\/\/secure.gravatar.com\/avatar\/ccc17943b9d660506c869530f897617f7cb1c21a4bf30023f252596d83e1f007?s=96&d=mm&r=g","caption":"admin"},"sameAs":["https:\/\/kibrisdakik.com"],"url":"https:\/\/kibrisdakik.com\/?author=1"}]}},"_links":{"self":[{"href":"https:\/\/kibrisdakik.com\/index.php?rest_route=\/wp\/v2\/posts\/10299","targetHints":{"allow":["GET"]}}],"collection":[{"href":"https:\/\/kibrisdakik.com\/index.php?rest_route=\/wp\/v2\/posts"}],"about":[{"href":"https:\/\/kibrisdakik.com\/index.php?rest_route=\/wp\/v2\/types\/post"}],"author":[{"embeddable":true,"href":"https:\/\/kibrisdakik.com\/index.php?rest_route=\/wp\/v2\/users\/1"}],"replies":[{"embeddable":true,"href":"https:\/\/kibrisdakik.com\/index.php?rest_route=%2Fwp%2Fv2%2Fcomments&post=10299"}],"version-history":[{"count":0,"href":"https:\/\/kibrisdakik.com\/index.php?rest_route=\/wp\/v2\/posts\/10299\/revisions"}],"wp:featuredmedia":[{"embeddable":true,"href":"https:\/\/kibrisdakik.com\/index.php?rest_route=\/wp\/v2\/media\/10300"}],"wp:attachment":[{"href":"https:\/\/kibrisdakik.com\/index.php?rest_route=%2Fwp%2Fv2%2Fmedia&parent=10299"}],"wp:term":[{"taxonomy":"category","embeddable":true,"href":"https:\/\/kibrisdakik.com\/index.php?rest_route=%2Fwp%2Fv2%2Fcategories&post=10299"},{"taxonomy":"post_tag","embeddable":true,"href":"https:\/\/kibrisdakik.com\/index.php?rest_route=%2Fwp%2Fv2%2Ftags&post=10299"}],"curies":[{"name":"wp","href":"https:\/\/api.w.org\/{rel}","templated":true}]}}