{"id":103060,"date":"2025-12-31T12:40:02","date_gmt":"2025-12-31T10:40:02","guid":{"rendered":"https:\/\/kibrisdakik.com\/index.php\/2025\/12\/31\/yasakli-gocmenin-evinde-pkkya-ait-flamalar-bulundu\/"},"modified":"2025-12-31T12:40:02","modified_gmt":"2025-12-31T10:40:02","slug":"yasakli-gocmenin-evinde-pkkya-ait-flamalar-bulundu","status":"publish","type":"post","link":"https:\/\/kibrisdakik.com\/?p=103060","title":{"rendered":"YASAKLI G\u00d6\u00c7MEN\u0130N EV\u0130NDE PKK\u2019YA A\u0130T FLAMALAR BULUNDU"},"content":{"rendered":"<p><\/p>\n<p><strong>(31.12.2025&#8230;MHA&#8230;)<\/strong> Mahkemeye meseleyle ilgili bulgular\u0131 polis memuru La\u00e7in \u00c7elikesmer aktard\u0131. \u00c7elikesmer, 27 Aral\u0131k\u2019ta yasakl\u0131 g\u00f6\u00e7men ilan edilen zanl\u0131 Y.V.\u2019nin evinde yap\u0131lan aramada PKK ter\u00f6r \u00f6rg\u00fct\u00fcne ait flama ve Abdullah \u00d6calan resminin bulundu\u011funu s\u00f6yledi.<\/p>\n<p data-end=\"589\" data-start=\"400\">Zanl\u0131n\u0131n, s\u0131n\u0131r ihlalleri yaparak G\u00fcney K\u0131br\u0131s Rum Y\u00f6netimi\u2019ne de ge\u00e7ti\u011fini itiraf etti\u011fini anlatan \u00c7elikesmer, \u00fclkemizde yasakl\u0131 durumda bulunan zanl\u0131n\u0131n tutuklu yarg\u0131lanmas\u0131n\u0131 talep etti.<\/p>\n<p data-end=\"699\" data-start=\"591\">Yarg\u0131\u00e7 \u0130zzet Erkanl\u0131lar, zanl\u0131n\u0131n 20 g\u00fcn\u00fc ge\u00e7meyen bir s\u00fcreyle Merkezi Cezaevi\u2019ne g\u00f6nderilmesine emir verdi.<\/p>\n<div id=\"ad_121\" data-channel=\"121\" data-advert=\"temedya\" data-rotation=\"120\" class=\"mb-3 text-center\"><\/div>\n<div id=\"ad_121_mobile\" data-channel=\"121\" data-advert=\"temedya\" data-rotation=\"120\" class=\"mb-3 text-center\"><\/div>\n<p>Zanl\u0131yla ayn\u0131 evde kalan k\u0131z arkada\u015f\u0131 E.D. de yasa d\u0131\u015f\u0131 cemiyete ait y\u0131k\u0131c\u0131 propaganda ve yay\u0131n bulundurma ile su\u00e7 \u00f6rten su\u00e7lamalar\u0131yla, zanl\u0131yla birlikte cezaevine g\u00f6nderildi. <strong>(MHA)<\/strong><\/p>\n<\/p>\n<div class=\"article-source py-3 small \">\n                <\/div>\n","protected":false},"excerpt":{"rendered":"<p>(31.12.2025&#8230;MHA&#8230;) Mahkemeye meseleyle ilgili bulgular\u0131 polis memuru La\u00e7in \u00c7elikesmer aktard\u0131. \u00c7elikesmer, 27 Aral\u0131k\u2019ta yasakl\u0131 g\u00f6\u00e7men ilan edilen zanl\u0131 Y.V.\u2019nin evinde yap\u0131lan aramada PKK ter\u00f6r \u00f6rg\u00fct\u00fcne ait flama ve Abdullah \u00d6calan resminin bulundu\u011funu s\u00f6yledi. Zanl\u0131n\u0131n, s\u0131n\u0131r ihlalleri yaparak G\u00fcney K\u0131br\u0131s Rum Y\u00f6netimi\u2019ne de ge\u00e7ti\u011fini itiraf etti\u011fini anlatan \u00c7elikesmer, \u00fclkemizde yasakl\u0131 durumda bulunan zanl\u0131n\u0131n tutuklu yarg\u0131lanmas\u0131n\u0131 talep<\/p>\n","protected":false},"author":1,"featured_media":103061,"comment_status":"open","ping_status":"open","sticky":false,"template":"","format":"standard","meta":{"footnotes":""},"categories":[81],"tags":[],"class_list":["post-103060","post","type-post","status-publish","format-standard","has-post-thumbnail","hentry","category-kibris"],"yoast_head":"<!-- This site is optimized with the Yoast SEO plugin v27.4 - https:\/\/yoast.com\/product\/yoast-seo-wordpress\/ -->\n<title>YASAKLI G\u00d6\u00c7MEN\u0130N EV\u0130NDE PKK\u2019YA A\u0130T FLAMALAR BULUNDU -<\/title>\n<meta name=\"robots\" content=\"index, follow, max-snippet:-1, max-image-preview:large, max-video-preview:-1\" \/>\n<link rel=\"canonical\" href=\"https:\/\/kibrisdakik.com\/?p=103060\" \/>\n<meta property=\"og:locale\" content=\"tr_TR\" \/>\n<meta property=\"og:type\" content=\"article\" \/>\n<meta property=\"og:title\" content=\"YASAKLI G\u00d6\u00c7MEN\u0130N EV\u0130NDE PKK\u2019YA A\u0130T FLAMALAR BULUNDU -\" \/>\n<meta property=\"og:description\" content=\"(31.12.2025&#8230;MHA&#8230;) Mahkemeye meseleyle ilgili bulgular\u0131 polis memuru La\u00e7in \u00c7elikesmer aktard\u0131. \u00c7elikesmer, 27 Aral\u0131k\u2019ta yasakl\u0131 g\u00f6\u00e7men ilan edilen zanl\u0131 Y.V.\u2019nin evinde yap\u0131lan aramada PKK ter\u00f6r \u00f6rg\u00fct\u00fcne ait flama ve Abdullah \u00d6calan resminin bulundu\u011funu s\u00f6yledi. Zanl\u0131n\u0131n, s\u0131n\u0131r ihlalleri yaparak G\u00fcney K\u0131br\u0131s Rum Y\u00f6netimi\u2019ne de ge\u00e7ti\u011fini itiraf etti\u011fini anlatan \u00c7elikesmer, \u00fclkemizde yasakl\u0131 durumda bulunan zanl\u0131n\u0131n tutuklu yarg\u0131lanmas\u0131n\u0131 talep\" \/>\n<meta property=\"og:url\" content=\"https:\/\/kibrisdakik.com\/?p=103060\" \/>\n<meta property=\"article:published_time\" content=\"2025-12-31T10:40:02+00:00\" \/>\n<meta property=\"og:image\" content=\"https:\/\/kibrisdakik.com\/wp-content\/uploads\/2025\/12\/mha-sari-beyaz-2031.png\" \/>\n\t<meta property=\"og:image:width\" content=\"1280\" \/>\n\t<meta property=\"og:image:height\" content=\"720\" \/>\n\t<meta property=\"og:image:type\" content=\"image\/png\" \/>\n<meta name=\"author\" content=\"admin\" \/>\n<meta name=\"twitter:card\" content=\"summary_large_image\" \/>\n<meta name=\"twitter:label1\" content=\"Yazan:\" \/>\n\t<meta name=\"twitter:data1\" content=\"admin\" \/>\n\t<meta name=\"twitter:label2\" content=\"Tahmini okuma s\u00fcresi\" \/>\n\t<meta name=\"twitter:data2\" content=\"1 dakika\" \/>\n<script type=\"application\/ld+json\" class=\"yoast-schema-graph\">{\"@context\":\"https:\\\/\\\/schema.org\",\"@graph\":[{\"@type\":\"Article\",\"@id\":\"https:\\\/\\\/kibrisdakik.com\\\/?p=103060#article\",\"isPartOf\":{\"@id\":\"https:\\\/\\\/kibrisdakik.com\\\/?p=103060\"},\"author\":{\"name\":\"admin\",\"@id\":\"https:\\\/\\\/kibrisdakik.com\\\/#\\\/schema\\\/person\\\/9cd9d437bbb44f72b73ba127e06d8e79\"},\"headline\":\"YASAKLI G\u00d6\u00c7MEN\u0130N EV\u0130NDE PKK\u2019YA A\u0130T FLAMALAR BULUNDU\",\"datePublished\":\"2025-12-31T10:40:02+00:00\",\"mainEntityOfPage\":{\"@id\":\"https:\\\/\\\/kibrisdakik.com\\\/?p=103060\"},\"wordCount\":152,\"commentCount\":0,\"image\":{\"@id\":\"https:\\\/\\\/kibrisdakik.com\\\/?p=103060#primaryimage\"},\"thumbnailUrl\":\"https:\\\/\\\/kibrisdakik.com\\\/wp-content\\\/uploads\\\/2025\\\/12\\\/mha-sari-beyaz-2031.png\",\"articleSection\":[\"K\u0131br\u0131s\"],\"inLanguage\":\"tr\",\"potentialAction\":[{\"@type\":\"CommentAction\",\"name\":\"Comment\",\"target\":[\"https:\\\/\\\/kibrisdakik.com\\\/?p=103060#respond\"]}]},{\"@type\":\"WebPage\",\"@id\":\"https:\\\/\\\/kibrisdakik.com\\\/?p=103060\",\"url\":\"https:\\\/\\\/kibrisdakik.com\\\/?p=103060\",\"name\":\"YASAKLI G\u00d6\u00c7MEN\u0130N EV\u0130NDE PKK\u2019YA A\u0130T FLAMALAR BULUNDU -\",\"isPartOf\":{\"@id\":\"https:\\\/\\\/kibrisdakik.com\\\/#website\"},\"primaryImageOfPage\":{\"@id\":\"https:\\\/\\\/kibrisdakik.com\\\/?p=103060#primaryimage\"},\"image\":{\"@id\":\"https:\\\/\\\/kibrisdakik.com\\\/?p=103060#primaryimage\"},\"thumbnailUrl\":\"https:\\\/\\\/kibrisdakik.com\\\/wp-content\\\/uploads\\\/2025\\\/12\\\/mha-sari-beyaz-2031.png\",\"datePublished\":\"2025-12-31T10:40:02+00:00\",\"author\":{\"@id\":\"https:\\\/\\\/kibrisdakik.com\\\/#\\\/schema\\\/person\\\/9cd9d437bbb44f72b73ba127e06d8e79\"},\"breadcrumb\":{\"@id\":\"https:\\\/\\\/kibrisdakik.com\\\/?p=103060#breadcrumb\"},\"inLanguage\":\"tr\",\"potentialAction\":[{\"@type\":\"ReadAction\",\"target\":[\"https:\\\/\\\/kibrisdakik.com\\\/?p=103060\"]}]},{\"@type\":\"ImageObject\",\"inLanguage\":\"tr\",\"@id\":\"https:\\\/\\\/kibrisdakik.com\\\/?p=103060#primaryimage\",\"url\":\"https:\\\/\\\/kibrisdakik.com\\\/wp-content\\\/uploads\\\/2025\\\/12\\\/mha-sari-beyaz-2031.png\",\"contentUrl\":\"https:\\\/\\\/kibrisdakik.com\\\/wp-content\\\/uploads\\\/2025\\\/12\\\/mha-sari-beyaz-2031.png\",\"width\":1280,\"height\":720},{\"@type\":\"BreadcrumbList\",\"@id\":\"https:\\\/\\\/kibrisdakik.com\\\/?p=103060#breadcrumb\",\"itemListElement\":[{\"@type\":\"ListItem\",\"position\":1,\"name\":\"Home\",\"item\":\"https:\\\/\\\/kibrisdakik.com\\\/\"},{\"@type\":\"ListItem\",\"position\":2,\"name\":\"YASAKLI G\u00d6\u00c7MEN\u0130N EV\u0130NDE PKK\u2019YA A\u0130T FLAMALAR BULUNDU\"}]},{\"@type\":\"WebSite\",\"@id\":\"https:\\\/\\\/kibrisdakik.com\\\/#website\",\"url\":\"https:\\\/\\\/kibrisdakik.com\\\/\",\"name\":\"\",\"description\":\"Tam vaktinde haber\",\"potentialAction\":[{\"@type\":\"SearchAction\",\"target\":{\"@type\":\"EntryPoint\",\"urlTemplate\":\"https:\\\/\\\/kibrisdakik.com\\\/?s={search_term_string}\"},\"query-input\":{\"@type\":\"PropertyValueSpecification\",\"valueRequired\":true,\"valueName\":\"search_term_string\"}}],\"inLanguage\":\"tr\"},{\"@type\":\"Person\",\"@id\":\"https:\\\/\\\/kibrisdakik.com\\\/#\\\/schema\\\/person\\\/9cd9d437bbb44f72b73ba127e06d8e79\",\"name\":\"admin\",\"image\":{\"@type\":\"ImageObject\",\"inLanguage\":\"tr\",\"@id\":\"https:\\\/\\\/secure.gravatar.com\\\/avatar\\\/ccc17943b9d660506c869530f897617f7cb1c21a4bf30023f252596d83e1f007?s=96&d=mm&r=g\",\"url\":\"https:\\\/\\\/secure.gravatar.com\\\/avatar\\\/ccc17943b9d660506c869530f897617f7cb1c21a4bf30023f252596d83e1f007?s=96&d=mm&r=g\",\"contentUrl\":\"https:\\\/\\\/secure.gravatar.com\\\/avatar\\\/ccc17943b9d660506c869530f897617f7cb1c21a4bf30023f252596d83e1f007?s=96&d=mm&r=g\",\"caption\":\"admin\"},\"sameAs\":[\"https:\\\/\\\/kibrisdakik.com\"],\"url\":\"https:\\\/\\\/kibrisdakik.com\\\/?author=1\"}]}<\/script>\n<!-- \/ Yoast SEO plugin. -->","yoast_head_json":{"title":"YASAKLI G\u00d6\u00c7MEN\u0130N EV\u0130NDE PKK\u2019YA A\u0130T FLAMALAR BULUNDU -","robots":{"index":"index","follow":"follow","max-snippet":"max-snippet:-1","max-image-preview":"max-image-preview:large","max-video-preview":"max-video-preview:-1"},"canonical":"https:\/\/kibrisdakik.com\/?p=103060","og_locale":"tr_TR","og_type":"article","og_title":"YASAKLI G\u00d6\u00c7MEN\u0130N EV\u0130NDE PKK\u2019YA A\u0130T FLAMALAR BULUNDU -","og_description":"(31.12.2025&#8230;MHA&#8230;) Mahkemeye meseleyle ilgili bulgular\u0131 polis memuru La\u00e7in \u00c7elikesmer aktard\u0131. \u00c7elikesmer, 27 Aral\u0131k\u2019ta yasakl\u0131 g\u00f6\u00e7men ilan edilen zanl\u0131 Y.V.\u2019nin evinde yap\u0131lan aramada PKK ter\u00f6r \u00f6rg\u00fct\u00fcne ait flama ve Abdullah \u00d6calan resminin bulundu\u011funu s\u00f6yledi. Zanl\u0131n\u0131n, s\u0131n\u0131r ihlalleri yaparak G\u00fcney K\u0131br\u0131s Rum Y\u00f6netimi\u2019ne de ge\u00e7ti\u011fini itiraf etti\u011fini anlatan \u00c7elikesmer, \u00fclkemizde yasakl\u0131 durumda bulunan zanl\u0131n\u0131n tutuklu yarg\u0131lanmas\u0131n\u0131 talep","og_url":"https:\/\/kibrisdakik.com\/?p=103060","article_published_time":"2025-12-31T10:40:02+00:00","og_image":[{"width":1280,"height":720,"url":"https:\/\/kibrisdakik.com\/wp-content\/uploads\/2025\/12\/mha-sari-beyaz-2031.png","type":"image\/png"}],"author":"admin","twitter_card":"summary_large_image","twitter_misc":{"Yazan:":"admin","Tahmini okuma s\u00fcresi":"1 dakika"},"schema":{"@context":"https:\/\/schema.org","@graph":[{"@type":"Article","@id":"https:\/\/kibrisdakik.com\/?p=103060#article","isPartOf":{"@id":"https:\/\/kibrisdakik.com\/?p=103060"},"author":{"name":"admin","@id":"https:\/\/kibrisdakik.com\/#\/schema\/person\/9cd9d437bbb44f72b73ba127e06d8e79"},"headline":"YASAKLI G\u00d6\u00c7MEN\u0130N EV\u0130NDE PKK\u2019YA A\u0130T FLAMALAR BULUNDU","datePublished":"2025-12-31T10:40:02+00:00","mainEntityOfPage":{"@id":"https:\/\/kibrisdakik.com\/?p=103060"},"wordCount":152,"commentCount":0,"image":{"@id":"https:\/\/kibrisdakik.com\/?p=103060#primaryimage"},"thumbnailUrl":"https:\/\/kibrisdakik.com\/wp-content\/uploads\/2025\/12\/mha-sari-beyaz-2031.png","articleSection":["K\u0131br\u0131s"],"inLanguage":"tr","potentialAction":[{"@type":"CommentAction","name":"Comment","target":["https:\/\/kibrisdakik.com\/?p=103060#respond"]}]},{"@type":"WebPage","@id":"https:\/\/kibrisdakik.com\/?p=103060","url":"https:\/\/kibrisdakik.com\/?p=103060","name":"YASAKLI G\u00d6\u00c7MEN\u0130N EV\u0130NDE PKK\u2019YA A\u0130T FLAMALAR BULUNDU -","isPartOf":{"@id":"https:\/\/kibrisdakik.com\/#website"},"primaryImageOfPage":{"@id":"https:\/\/kibrisdakik.com\/?p=103060#primaryimage"},"image":{"@id":"https:\/\/kibrisdakik.com\/?p=103060#primaryimage"},"thumbnailUrl":"https:\/\/kibrisdakik.com\/wp-content\/uploads\/2025\/12\/mha-sari-beyaz-2031.png","datePublished":"2025-12-31T10:40:02+00:00","author":{"@id":"https:\/\/kibrisdakik.com\/#\/schema\/person\/9cd9d437bbb44f72b73ba127e06d8e79"},"breadcrumb":{"@id":"https:\/\/kibrisdakik.com\/?p=103060#breadcrumb"},"inLanguage":"tr","potentialAction":[{"@type":"ReadAction","target":["https:\/\/kibrisdakik.com\/?p=103060"]}]},{"@type":"ImageObject","inLanguage":"tr","@id":"https:\/\/kibrisdakik.com\/?p=103060#primaryimage","url":"https:\/\/kibrisdakik.com\/wp-content\/uploads\/2025\/12\/mha-sari-beyaz-2031.png","contentUrl":"https:\/\/kibrisdakik.com\/wp-content\/uploads\/2025\/12\/mha-sari-beyaz-2031.png","width":1280,"height":720},{"@type":"BreadcrumbList","@id":"https:\/\/kibrisdakik.com\/?p=103060#breadcrumb","itemListElement":[{"@type":"ListItem","position":1,"name":"Home","item":"https:\/\/kibrisdakik.com\/"},{"@type":"ListItem","position":2,"name":"YASAKLI G\u00d6\u00c7MEN\u0130N EV\u0130NDE PKK\u2019YA A\u0130T FLAMALAR BULUNDU"}]},{"@type":"WebSite","@id":"https:\/\/kibrisdakik.com\/#website","url":"https:\/\/kibrisdakik.com\/","name":"","description":"Tam vaktinde haber","potentialAction":[{"@type":"SearchAction","target":{"@type":"EntryPoint","urlTemplate":"https:\/\/kibrisdakik.com\/?s={search_term_string}"},"query-input":{"@type":"PropertyValueSpecification","valueRequired":true,"valueName":"search_term_string"}}],"inLanguage":"tr"},{"@type":"Person","@id":"https:\/\/kibrisdakik.com\/#\/schema\/person\/9cd9d437bbb44f72b73ba127e06d8e79","name":"admin","image":{"@type":"ImageObject","inLanguage":"tr","@id":"https:\/\/secure.gravatar.com\/avatar\/ccc17943b9d660506c869530f897617f7cb1c21a4bf30023f252596d83e1f007?s=96&d=mm&r=g","url":"https:\/\/secure.gravatar.com\/avatar\/ccc17943b9d660506c869530f897617f7cb1c21a4bf30023f252596d83e1f007?s=96&d=mm&r=g","contentUrl":"https:\/\/secure.gravatar.com\/avatar\/ccc17943b9d660506c869530f897617f7cb1c21a4bf30023f252596d83e1f007?s=96&d=mm&r=g","caption":"admin"},"sameAs":["https:\/\/kibrisdakik.com"],"url":"https:\/\/kibrisdakik.com\/?author=1"}]}},"_links":{"self":[{"href":"https:\/\/kibrisdakik.com\/index.php?rest_route=\/wp\/v2\/posts\/103060","targetHints":{"allow":["GET"]}}],"collection":[{"href":"https:\/\/kibrisdakik.com\/index.php?rest_route=\/wp\/v2\/posts"}],"about":[{"href":"https:\/\/kibrisdakik.com\/index.php?rest_route=\/wp\/v2\/types\/post"}],"author":[{"embeddable":true,"href":"https:\/\/kibrisdakik.com\/index.php?rest_route=\/wp\/v2\/users\/1"}],"replies":[{"embeddable":true,"href":"https:\/\/kibrisdakik.com\/index.php?rest_route=%2Fwp%2Fv2%2Fcomments&post=103060"}],"version-history":[{"count":0,"href":"https:\/\/kibrisdakik.com\/index.php?rest_route=\/wp\/v2\/posts\/103060\/revisions"}],"wp:featuredmedia":[{"embeddable":true,"href":"https:\/\/kibrisdakik.com\/index.php?rest_route=\/wp\/v2\/media\/103061"}],"wp:attachment":[{"href":"https:\/\/kibrisdakik.com\/index.php?rest_route=%2Fwp%2Fv2%2Fmedia&parent=103060"}],"wp:term":[{"taxonomy":"category","embeddable":true,"href":"https:\/\/kibrisdakik.com\/index.php?rest_route=%2Fwp%2Fv2%2Fcategories&post=103060"},{"taxonomy":"post_tag","embeddable":true,"href":"https:\/\/kibrisdakik.com\/index.php?rest_route=%2Fwp%2Fv2%2Ftags&post=103060"}],"curies":[{"name":"wp","href":"https:\/\/api.w.org\/{rel}","templated":true}]}}