{"id":10307,"date":"2023-07-13T13:46:37","date_gmt":"2023-07-13T13:46:37","guid":{"rendered":"https:\/\/kibrisdakik.com\/index.php\/2023\/07\/13\/cavusoglu-ankarada-tc-milli-egitim-bakani-tekin-ile-gorustu\/"},"modified":"2023-07-13T13:46:37","modified_gmt":"2023-07-13T13:46:37","slug":"cavusoglu-ankarada-tc-milli-egitim-bakani-tekin-ile-gorustu","status":"publish","type":"post","link":"https:\/\/kibrisdakik.com\/?p=10307","title":{"rendered":"\u00c7avu\u015fo\u011flu, Ankara\u2019da TC Milli E\u011fitim Bakan\u0131 Tekin ile g\u00f6r\u00fc\u015ft\u00fc"},"content":{"rendered":"<p><\/p>\n<div>\n<div class=\"mariselle-image-container center\">\n                <img width=\"2560\" height=\"1437\" class=\"lazy-image\" alt=\"\" decoding=\"async\" loading=\"lazy\" sizes=\"auto, (max-width: 2560px) 100vw, 2560px\" src=\"https:\/\/brtk.net\/wp-content\/uploads\/2023\/07\/13\/meb-tc-meb-1-scaled.jpg?ver=ea5efa4b5aeaa0555fa2635455baf054\" srcset=\"https:\/\/brtk.net\/wp-content\/uploads\/2023\/07\/13\/meb-tc-meb-1-scaled.jpg?ver=ea5efa4b5aeaa0555fa2635455baf054 2560w, https:\/\/brtk.net\/wp-content\/uploads\/2023\/07\/13\/meb-tc-meb-1-300x168.jpg?ver=5ab82caadeb214fbc59421a4b26b6f00 300w, https:\/\/brtk.net\/wp-content\/uploads\/2023\/07\/13\/meb-tc-meb-1-1024x575.jpg?ver=5ab82caadeb214fbc59421a4b26b6f00 1024w, https:\/\/brtk.net\/wp-content\/uploads\/2023\/07\/13\/meb-tc-meb-1-768x431.jpg?ver=cb3ce7a42f2e536db7b5555035b15aff 768w, https:\/\/brtk.net\/wp-content\/uploads\/2023\/07\/13\/meb-tc-meb-1-1536x862.jpg?ver=990e950432d47a314bac9517d20f97bf 1536w, https:\/\/brtk.net\/wp-content\/uploads\/2023\/07\/13\/meb-tc-meb-1-2048x1150.jpg?ver=1b8cc33ec4217ad7b6d3c8bef679e81e 2048w\"\/>                            <\/div>\n<p>Milli E\u011fitim Bakan\u0131 Naz\u0131m \u00c7avu\u015fo\u011flu, Ankara\u2019daki resmi temaslar\u0131 kapsam\u0131nda, T\u00fcrkiye Cumhuriyeti Milli E\u011fitim Bakan\u0131 Yusuf Tekin ile bir araya geldi.<\/p>\n<p>Bakanl\u0131ktan yap\u0131lan a\u00e7\u0131klamaya g\u00f6re, Milli E\u011fitim Bakan\u0131 Naz\u0131m \u00c7avu\u015fo\u011flu, heyetler aras\u0131 ger\u00e7ekle\u015ftirilen toplant\u0131da yapt\u0131\u011f\u0131 konu\u015fmada, yeni g\u00f6revinden dolay\u0131 Bakan Tekin\u2019e hay\u0131rl\u0131 olsun dileklerini ilettikten sonra iki \u00fclke aras\u0131nda y\u0131llard\u0131r s\u00fcren g\u00fczel ve verimli bir i\u015f birli\u011finin devam etti\u011fini hat\u0131rlatt\u0131.<\/p>\n<p>\u00c7avu\u015fo\u011flu, \u201cAna vatan\u0131m\u0131z\u0131n fedakarl\u0131\u011f\u0131n\u0131 ve buradaki kadrolar\u0131n \u00f6zveriyle Kuzey K\u0131br\u0131s T\u00fcrk Cumhuriyeti\u2019ndeki e\u011fitim seviyesinin y\u00fckseltilmesi ve bilgilerin g\u00fcncellenerek gelece\u011fe do\u011fru y\u00fcr\u00fct\u00fclmesi anlam\u0131nda her zaman birlikteli\u011fimiz \u00e7ok g\u00fc\u00e7l\u00fc olmu\u015ftur. Bu manada da ge\u00e7mi\u015fte oldu\u011fu gibi \u2018iki devlet tek millet\u2019 anlay\u0131\u015f\u0131yla hizmet eden Cumhurba\u015fkan\u0131m\u0131za, bakanlar\u0131m\u0131za ve t\u00fcm b\u00fcrokratlar\u0131m\u0131za te\u015fekk\u00fcr\u00fc bir bor\u00e7 bilirim.\u201d dedi.<\/p>\n<p>T\u00fcrkiye ile <a href=\"https:\/\/brtk.net\/\"\/><a href=\"https:\/\/brtk.net\/\"\/><a href=\"https:\/\/brtk.net\/\"\/><a href=\"https:\/\/brtk.net\/\">KKTC<\/a> aras\u0131nda kesintisiz olarak devam eden bir\u00e7ok proje oldu\u011funu belirten \u00c7avu\u015fo\u011flu, iki \u00fclke aras\u0131nda e\u011fitim i\u015f birli\u011fi konular\u0131n\u0131n daha da g\u00fc\u00e7lendirilmesi i\u00e7in \u00e7al\u0131\u015fmalar\u0131n\u0131 s\u00fcrd\u00fcreceklerini kaydetti.<\/p>\n<p>T\u00fcrkiye Cumhuriyeti Milli E\u011fitim Bakan\u0131 Yusuf Tekin ise Milli E\u011fitim Bakan\u0131 olarak g\u00f6reve geldikten sonra ilk a\u011f\u0131rlad\u0131klar\u0131 heyetin <a href=\"https:\/\/brtk.net\/\"\/><a href=\"https:\/\/brtk.net\/\"\/><a href=\"https:\/\/brtk.net\/\"\/><a href=\"https:\/\/brtk.net\/\">KKTC<\/a> heyeti oldu\u011funu belirterek bundan b\u00fcy\u00fck mutluluk duydu\u011funu kaydetti.<\/p>\n<p>Milli E\u011fitim Bakanl\u0131\u011f\u0131 olarak <a href=\"https:\/\/brtk.net\/\"\/><a href=\"https:\/\/brtk.net\/\"\/><a href=\"https:\/\/brtk.net\/\"\/><a href=\"https:\/\/brtk.net\/\">KKTC<\/a> ile \u201ciki devlet tek millet\u201d anlay\u0131\u015f\u0131n\u0131 s\u00f6zde de\u011fil, \u00f6zde hayata ge\u00e7irmek istediklerini ve h\u00fck\u00fcmetler aras\u0131 ili\u015fkilerin yan\u0131 s\u0131ra toplumlar aras\u0131 ili\u015fkilere de b\u00fcy\u00fck \u00f6nem verdiklerini ifade ederek \u015funlar\u0131 s\u00f6yledi: Bir millet olma vasf\u0131n\u0131n devam ettirmenin \u00f6nemine \u00e7ok inan\u0131yorum. Bunu yapmam\u0131z gerekiyor. Bizim g\u00f6revimiz asl\u0131nda bir millet vasf\u0131n\u0131n devam etmesini sa\u011flamak. Bu konuda da bizim \u00fczerimize d\u00fc\u015fen ne g\u00f6rev varsa yapmaya haz\u0131r\u0131z.\u201d<\/p>\n<p>\u0130ki \u00fclke aras\u0131nda daha \u00f6nce ba\u015flayan ve devam eden \u00e7al\u0131\u015fmalar oldu\u011funa i\u015faret eden Bakan Tekin, <a href=\"https:\/\/brtk.net\/\"\/><a href=\"https:\/\/brtk.net\/\"\/><a href=\"https:\/\/brtk.net\/\"\/><a href=\"https:\/\/brtk.net\/\">KKTC<\/a> ile her konuda i\u015f birli\u011fi yapmaya a\u00e7\u0131k olduklar\u0131n\u0131 kaydetti.<\/p>\n<p>Daha sonra heyetler aras\u0131 ger\u00e7ekle\u015fen g\u00f6r\u00fc\u015fmede T\u00fcrkiye ile <a href=\"https:\/\/brtk.net\/\"\/><a href=\"https:\/\/brtk.net\/\"\/><a href=\"https:\/\/brtk.net\/\"\/><a href=\"https:\/\/brtk.net\/\">KKTC<\/a> aras\u0131nda devam eden e\u011fitim i\u015f birli\u011finin g\u00fc\u00e7lendirilmesi ile yeni i\u015f birli\u011fi konular\u0131 ele al\u0131nd\u0131.<\/p>\n<\/p><\/div>\n<p><script async\n                    defer\n                    crossorigin=\"anonymous\"\n                    src=\"https:\/\/connect.facebook.net\/tr_TR\/sdk.js#xfbml=1&#038;version=v3.3\"\n            ><\/script><\/p>\n","protected":false},"excerpt":{"rendered":"<p>Milli E\u011fitim Bakan\u0131 Naz\u0131m \u00c7avu\u015fo\u011flu, Ankara\u2019daki resmi temaslar\u0131 kapsam\u0131nda, T\u00fcrkiye Cumhuriyeti Milli E\u011fitim Bakan\u0131 Yusuf Tekin ile bir araya geldi. Bakanl\u0131ktan yap\u0131lan a\u00e7\u0131klamaya g\u00f6re, Milli E\u011fitim Bakan\u0131 Naz\u0131m \u00c7avu\u015fo\u011flu, heyetler aras\u0131 ger\u00e7ekle\u015ftirilen toplant\u0131da yapt\u0131\u011f\u0131 konu\u015fmada, yeni g\u00f6revinden dolay\u0131 Bakan Tekin\u2019e hay\u0131rl\u0131 olsun dileklerini ilettikten sonra iki \u00fclke aras\u0131nda y\u0131llard\u0131r s\u00fcren g\u00fczel ve verimli bir i\u015f<\/p>\n","protected":false},"author":1,"featured_media":10308,"comment_status":"open","ping_status":"open","sticky":false,"template":"","format":"standard","meta":{"footnotes":""},"categories":[1],"tags":[],"class_list":["post-10307","post","type-post","status-publish","format-standard","has-post-thumbnail","hentry","category-gundem"],"yoast_head":"<!-- This site is optimized with the Yoast SEO plugin v27.5 - https:\/\/yoast.com\/product\/yoast-seo-wordpress\/ -->\n<title>\u00c7avu\u015fo\u011flu, Ankara\u2019da TC Milli E\u011fitim Bakan\u0131 Tekin ile g\u00f6r\u00fc\u015ft\u00fc -<\/title>\n<meta name=\"robots\" content=\"index, follow, max-snippet:-1, max-image-preview:large, max-video-preview:-1\" \/>\n<link rel=\"canonical\" href=\"https:\/\/kibrisdakik.com\/?p=10307\" \/>\n<meta property=\"og:locale\" content=\"tr_TR\" \/>\n<meta property=\"og:type\" content=\"article\" \/>\n<meta property=\"og:title\" content=\"\u00c7avu\u015fo\u011flu, Ankara\u2019da TC Milli E\u011fitim Bakan\u0131 Tekin ile g\u00f6r\u00fc\u015ft\u00fc -\" \/>\n<meta property=\"og:description\" content=\"Milli E\u011fitim Bakan\u0131 Naz\u0131m \u00c7avu\u015fo\u011flu, Ankara\u2019daki resmi temaslar\u0131 kapsam\u0131nda, T\u00fcrkiye Cumhuriyeti Milli E\u011fitim Bakan\u0131 Yusuf Tekin ile bir araya geldi. Bakanl\u0131ktan yap\u0131lan a\u00e7\u0131klamaya g\u00f6re, Milli E\u011fitim Bakan\u0131 Naz\u0131m \u00c7avu\u015fo\u011flu, heyetler aras\u0131 ger\u00e7ekle\u015ftirilen toplant\u0131da yapt\u0131\u011f\u0131 konu\u015fmada, yeni g\u00f6revinden dolay\u0131 Bakan Tekin\u2019e hay\u0131rl\u0131 olsun dileklerini ilettikten sonra iki \u00fclke aras\u0131nda y\u0131llard\u0131r s\u00fcren g\u00fczel ve verimli bir i\u015f\" \/>\n<meta property=\"og:url\" content=\"https:\/\/kibrisdakik.com\/?p=10307\" \/>\n<meta property=\"article:published_time\" content=\"2023-07-13T13:46:37+00:00\" \/>\n<meta property=\"og:image\" content=\"https:\/\/kibrisdakik.com\/wp-content\/uploads\/2023\/07\/meb-tc-meb-1-scaled-740x420.jpg\" \/>\n\t<meta property=\"og:image:width\" content=\"2560\" \/>\n\t<meta property=\"og:image:height\" content=\"1437\" \/>\n\t<meta property=\"og:image:type\" content=\"image\/jpeg\" \/>\n<meta name=\"author\" content=\"admin\" \/>\n<meta name=\"twitter:card\" content=\"summary_large_image\" \/>\n<meta name=\"twitter:label1\" content=\"Yazan:\" \/>\n\t<meta name=\"twitter:data1\" content=\"admin\" \/>\n\t<meta name=\"twitter:label2\" content=\"Tahmini okuma s\u00fcresi\" \/>\n\t<meta name=\"twitter:data2\" content=\"2 dakika\" \/>\n<script type=\"application\/ld+json\" class=\"yoast-schema-graph\">{\"@context\":\"https:\\\/\\\/schema.org\",\"@graph\":[{\"@type\":\"Article\",\"@id\":\"https:\\\/\\\/kibrisdakik.com\\\/?p=10307#article\",\"isPartOf\":{\"@id\":\"https:\\\/\\\/kibrisdakik.com\\\/?p=10307\"},\"author\":{\"name\":\"admin\",\"@id\":\"https:\\\/\\\/kibrisdakik.com\\\/#\\\/schema\\\/person\\\/9cd9d437bbb44f72b73ba127e06d8e79\"},\"headline\":\"\u00c7avu\u015fo\u011flu, Ankara\u2019da TC Milli E\u011fitim Bakan\u0131 Tekin ile g\u00f6r\u00fc\u015ft\u00fc\",\"datePublished\":\"2023-07-13T13:46:37+00:00\",\"mainEntityOfPage\":{\"@id\":\"https:\\\/\\\/kibrisdakik.com\\\/?p=10307\"},\"wordCount\":434,\"commentCount\":0,\"image\":{\"@id\":\"https:\\\/\\\/kibrisdakik.com\\\/?p=10307#primaryimage\"},\"thumbnailUrl\":\"https:\\\/\\\/kibrisdakik.com\\\/wp-content\\\/uploads\\\/2023\\\/07\\\/meb-tc-meb-1-scaled-740x420.jpg\",\"articleSection\":[\"G\u00fcndem\"],\"inLanguage\":\"tr\",\"potentialAction\":[{\"@type\":\"CommentAction\",\"name\":\"Comment\",\"target\":[\"https:\\\/\\\/kibrisdakik.com\\\/?p=10307#respond\"]}]},{\"@type\":\"WebPage\",\"@id\":\"https:\\\/\\\/kibrisdakik.com\\\/?p=10307\",\"url\":\"https:\\\/\\\/kibrisdakik.com\\\/?p=10307\",\"name\":\"\u00c7avu\u015fo\u011flu, Ankara\u2019da TC Milli E\u011fitim Bakan\u0131 Tekin ile g\u00f6r\u00fc\u015ft\u00fc -\",\"isPartOf\":{\"@id\":\"https:\\\/\\\/kibrisdakik.com\\\/#website\"},\"primaryImageOfPage\":{\"@id\":\"https:\\\/\\\/kibrisdakik.com\\\/?p=10307#primaryimage\"},\"image\":{\"@id\":\"https:\\\/\\\/kibrisdakik.com\\\/?p=10307#primaryimage\"},\"thumbnailUrl\":\"https:\\\/\\\/kibrisdakik.com\\\/wp-content\\\/uploads\\\/2023\\\/07\\\/meb-tc-meb-1-scaled-740x420.jpg\",\"datePublished\":\"2023-07-13T13:46:37+00:00\",\"author\":{\"@id\":\"https:\\\/\\\/kibrisdakik.com\\\/#\\\/schema\\\/person\\\/9cd9d437bbb44f72b73ba127e06d8e79\"},\"breadcrumb\":{\"@id\":\"https:\\\/\\\/kibrisdakik.com\\\/?p=10307#breadcrumb\"},\"inLanguage\":\"tr\",\"potentialAction\":[{\"@type\":\"ReadAction\",\"target\":[\"https:\\\/\\\/kibrisdakik.com\\\/?p=10307\"]}]},{\"@type\":\"ImageObject\",\"inLanguage\":\"tr\",\"@id\":\"https:\\\/\\\/kibrisdakik.com\\\/?p=10307#primaryimage\",\"url\":\"https:\\\/\\\/kibrisdakik.com\\\/wp-content\\\/uploads\\\/2023\\\/07\\\/meb-tc-meb-1-scaled-740x420.jpg\",\"contentUrl\":\"https:\\\/\\\/kibrisdakik.com\\\/wp-content\\\/uploads\\\/2023\\\/07\\\/meb-tc-meb-1-scaled-740x420.jpg\",\"width\":2560,\"height\":1437},{\"@type\":\"BreadcrumbList\",\"@id\":\"https:\\\/\\\/kibrisdakik.com\\\/?p=10307#breadcrumb\",\"itemListElement\":[{\"@type\":\"ListItem\",\"position\":1,\"name\":\"Home\",\"item\":\"https:\\\/\\\/kibrisdakik.com\\\/\"},{\"@type\":\"ListItem\",\"position\":2,\"name\":\"\u00c7avu\u015fo\u011flu, Ankara\u2019da TC Milli E\u011fitim Bakan\u0131 Tekin ile g\u00f6r\u00fc\u015ft\u00fc\"}]},{\"@type\":\"WebSite\",\"@id\":\"https:\\\/\\\/kibrisdakik.com\\\/#website\",\"url\":\"https:\\\/\\\/kibrisdakik.com\\\/\",\"name\":\"\",\"description\":\"Tam vaktinde haber\",\"potentialAction\":[{\"@type\":\"SearchAction\",\"target\":{\"@type\":\"EntryPoint\",\"urlTemplate\":\"https:\\\/\\\/kibrisdakik.com\\\/?s={search_term_string}\"},\"query-input\":{\"@type\":\"PropertyValueSpecification\",\"valueRequired\":true,\"valueName\":\"search_term_string\"}}],\"inLanguage\":\"tr\"},{\"@type\":\"Person\",\"@id\":\"https:\\\/\\\/kibrisdakik.com\\\/#\\\/schema\\\/person\\\/9cd9d437bbb44f72b73ba127e06d8e79\",\"name\":\"admin\",\"image\":{\"@type\":\"ImageObject\",\"inLanguage\":\"tr\",\"@id\":\"https:\\\/\\\/secure.gravatar.com\\\/avatar\\\/ccc17943b9d660506c869530f897617f7cb1c21a4bf30023f252596d83e1f007?s=96&d=mm&r=g\",\"url\":\"https:\\\/\\\/secure.gravatar.com\\\/avatar\\\/ccc17943b9d660506c869530f897617f7cb1c21a4bf30023f252596d83e1f007?s=96&d=mm&r=g\",\"contentUrl\":\"https:\\\/\\\/secure.gravatar.com\\\/avatar\\\/ccc17943b9d660506c869530f897617f7cb1c21a4bf30023f252596d83e1f007?s=96&d=mm&r=g\",\"caption\":\"admin\"},\"sameAs\":[\"https:\\\/\\\/kibrisdakik.com\"],\"url\":\"https:\\\/\\\/kibrisdakik.com\\\/?author=1\"}]}<\/script>\n<!-- \/ Yoast SEO plugin. -->","yoast_head_json":{"title":"\u00c7avu\u015fo\u011flu, Ankara\u2019da TC Milli E\u011fitim Bakan\u0131 Tekin ile g\u00f6r\u00fc\u015ft\u00fc -","robots":{"index":"index","follow":"follow","max-snippet":"max-snippet:-1","max-image-preview":"max-image-preview:large","max-video-preview":"max-video-preview:-1"},"canonical":"https:\/\/kibrisdakik.com\/?p=10307","og_locale":"tr_TR","og_type":"article","og_title":"\u00c7avu\u015fo\u011flu, Ankara\u2019da TC Milli E\u011fitim Bakan\u0131 Tekin ile g\u00f6r\u00fc\u015ft\u00fc -","og_description":"Milli E\u011fitim Bakan\u0131 Naz\u0131m \u00c7avu\u015fo\u011flu, Ankara\u2019daki resmi temaslar\u0131 kapsam\u0131nda, T\u00fcrkiye Cumhuriyeti Milli E\u011fitim Bakan\u0131 Yusuf Tekin ile bir araya geldi. Bakanl\u0131ktan yap\u0131lan a\u00e7\u0131klamaya g\u00f6re, Milli E\u011fitim Bakan\u0131 Naz\u0131m \u00c7avu\u015fo\u011flu, heyetler aras\u0131 ger\u00e7ekle\u015ftirilen toplant\u0131da yapt\u0131\u011f\u0131 konu\u015fmada, yeni g\u00f6revinden dolay\u0131 Bakan Tekin\u2019e hay\u0131rl\u0131 olsun dileklerini ilettikten sonra iki \u00fclke aras\u0131nda y\u0131llard\u0131r s\u00fcren g\u00fczel ve verimli bir i\u015f","og_url":"https:\/\/kibrisdakik.com\/?p=10307","article_published_time":"2023-07-13T13:46:37+00:00","og_image":[{"width":2560,"height":1437,"url":"https:\/\/kibrisdakik.com\/wp-content\/uploads\/2023\/07\/meb-tc-meb-1-scaled-740x420.jpg","type":"image\/jpeg"}],"author":"admin","twitter_card":"summary_large_image","twitter_misc":{"Yazan:":"admin","Tahmini okuma s\u00fcresi":"2 dakika"},"schema":{"@context":"https:\/\/schema.org","@graph":[{"@type":"Article","@id":"https:\/\/kibrisdakik.com\/?p=10307#article","isPartOf":{"@id":"https:\/\/kibrisdakik.com\/?p=10307"},"author":{"name":"admin","@id":"https:\/\/kibrisdakik.com\/#\/schema\/person\/9cd9d437bbb44f72b73ba127e06d8e79"},"headline":"\u00c7avu\u015fo\u011flu, Ankara\u2019da TC Milli E\u011fitim Bakan\u0131 Tekin ile g\u00f6r\u00fc\u015ft\u00fc","datePublished":"2023-07-13T13:46:37+00:00","mainEntityOfPage":{"@id":"https:\/\/kibrisdakik.com\/?p=10307"},"wordCount":434,"commentCount":0,"image":{"@id":"https:\/\/kibrisdakik.com\/?p=10307#primaryimage"},"thumbnailUrl":"https:\/\/kibrisdakik.com\/wp-content\/uploads\/2023\/07\/meb-tc-meb-1-scaled-740x420.jpg","articleSection":["G\u00fcndem"],"inLanguage":"tr","potentialAction":[{"@type":"CommentAction","name":"Comment","target":["https:\/\/kibrisdakik.com\/?p=10307#respond"]}]},{"@type":"WebPage","@id":"https:\/\/kibrisdakik.com\/?p=10307","url":"https:\/\/kibrisdakik.com\/?p=10307","name":"\u00c7avu\u015fo\u011flu, Ankara\u2019da TC Milli E\u011fitim Bakan\u0131 Tekin ile g\u00f6r\u00fc\u015ft\u00fc -","isPartOf":{"@id":"https:\/\/kibrisdakik.com\/#website"},"primaryImageOfPage":{"@id":"https:\/\/kibrisdakik.com\/?p=10307#primaryimage"},"image":{"@id":"https:\/\/kibrisdakik.com\/?p=10307#primaryimage"},"thumbnailUrl":"https:\/\/kibrisdakik.com\/wp-content\/uploads\/2023\/07\/meb-tc-meb-1-scaled-740x420.jpg","datePublished":"2023-07-13T13:46:37+00:00","author":{"@id":"https:\/\/kibrisdakik.com\/#\/schema\/person\/9cd9d437bbb44f72b73ba127e06d8e79"},"breadcrumb":{"@id":"https:\/\/kibrisdakik.com\/?p=10307#breadcrumb"},"inLanguage":"tr","potentialAction":[{"@type":"ReadAction","target":["https:\/\/kibrisdakik.com\/?p=10307"]}]},{"@type":"ImageObject","inLanguage":"tr","@id":"https:\/\/kibrisdakik.com\/?p=10307#primaryimage","url":"https:\/\/kibrisdakik.com\/wp-content\/uploads\/2023\/07\/meb-tc-meb-1-scaled-740x420.jpg","contentUrl":"https:\/\/kibrisdakik.com\/wp-content\/uploads\/2023\/07\/meb-tc-meb-1-scaled-740x420.jpg","width":2560,"height":1437},{"@type":"BreadcrumbList","@id":"https:\/\/kibrisdakik.com\/?p=10307#breadcrumb","itemListElement":[{"@type":"ListItem","position":1,"name":"Home","item":"https:\/\/kibrisdakik.com\/"},{"@type":"ListItem","position":2,"name":"\u00c7avu\u015fo\u011flu, Ankara\u2019da TC Milli E\u011fitim Bakan\u0131 Tekin ile g\u00f6r\u00fc\u015ft\u00fc"}]},{"@type":"WebSite","@id":"https:\/\/kibrisdakik.com\/#website","url":"https:\/\/kibrisdakik.com\/","name":"","description":"Tam vaktinde haber","potentialAction":[{"@type":"SearchAction","target":{"@type":"EntryPoint","urlTemplate":"https:\/\/kibrisdakik.com\/?s={search_term_string}"},"query-input":{"@type":"PropertyValueSpecification","valueRequired":true,"valueName":"search_term_string"}}],"inLanguage":"tr"},{"@type":"Person","@id":"https:\/\/kibrisdakik.com\/#\/schema\/person\/9cd9d437bbb44f72b73ba127e06d8e79","name":"admin","image":{"@type":"ImageObject","inLanguage":"tr","@id":"https:\/\/secure.gravatar.com\/avatar\/ccc17943b9d660506c869530f897617f7cb1c21a4bf30023f252596d83e1f007?s=96&d=mm&r=g","url":"https:\/\/secure.gravatar.com\/avatar\/ccc17943b9d660506c869530f897617f7cb1c21a4bf30023f252596d83e1f007?s=96&d=mm&r=g","contentUrl":"https:\/\/secure.gravatar.com\/avatar\/ccc17943b9d660506c869530f897617f7cb1c21a4bf30023f252596d83e1f007?s=96&d=mm&r=g","caption":"admin"},"sameAs":["https:\/\/kibrisdakik.com"],"url":"https:\/\/kibrisdakik.com\/?author=1"}]}},"_links":{"self":[{"href":"https:\/\/kibrisdakik.com\/index.php?rest_route=\/wp\/v2\/posts\/10307","targetHints":{"allow":["GET"]}}],"collection":[{"href":"https:\/\/kibrisdakik.com\/index.php?rest_route=\/wp\/v2\/posts"}],"about":[{"href":"https:\/\/kibrisdakik.com\/index.php?rest_route=\/wp\/v2\/types\/post"}],"author":[{"embeddable":true,"href":"https:\/\/kibrisdakik.com\/index.php?rest_route=\/wp\/v2\/users\/1"}],"replies":[{"embeddable":true,"href":"https:\/\/kibrisdakik.com\/index.php?rest_route=%2Fwp%2Fv2%2Fcomments&post=10307"}],"version-history":[{"count":0,"href":"https:\/\/kibrisdakik.com\/index.php?rest_route=\/wp\/v2\/posts\/10307\/revisions"}],"wp:featuredmedia":[{"embeddable":true,"href":"https:\/\/kibrisdakik.com\/index.php?rest_route=\/wp\/v2\/media\/10308"}],"wp:attachment":[{"href":"https:\/\/kibrisdakik.com\/index.php?rest_route=%2Fwp%2Fv2%2Fmedia&parent=10307"}],"wp:term":[{"taxonomy":"category","embeddable":true,"href":"https:\/\/kibrisdakik.com\/index.php?rest_route=%2Fwp%2Fv2%2Fcategories&post=10307"},{"taxonomy":"post_tag","embeddable":true,"href":"https:\/\/kibrisdakik.com\/index.php?rest_route=%2Fwp%2Fv2%2Ftags&post=10307"}],"curies":[{"name":"wp","href":"https:\/\/api.w.org\/{rel}","templated":true}]}}