{"id":103111,"date":"2026-01-02T10:08:59","date_gmt":"2026-01-02T08:08:59","guid":{"rendered":"https:\/\/kibrisdakik.com\/index.php\/2026\/01\/02\/iranda-2025-yilinda-idam-edilenlerin-sayisi-son-10-senenin-zirvesine-cikti\/"},"modified":"2026-01-02T10:08:59","modified_gmt":"2026-01-02T08:08:59","slug":"iranda-2025-yilinda-idam-edilenlerin-sayisi-son-10-senenin-zirvesine-cikti","status":"publish","type":"post","link":"https:\/\/kibrisdakik.com\/?p=103111","title":{"rendered":"\u0130RAN\u2019DA, 2025 YILINDA \u0130DAM ED\u0130LENLER\u0130N SAYISI SON 10 SENEN\u0130N Z\u0130RVES\u0130NE \u00c7IKTI"},"content":{"rendered":"<p><\/p>\n<div data-text-id=\"192928\" property=\"articleBody\">\n<p>\u0130ran\u2019da 2025 y\u0131l\u0131nda, uyu\u015fturu cu, cin ayet, cas usluk, teca v\u00fcz gibi su\u00e7lardan dolay\u0131 h\u00fck\u00fcm giyen 1922 ki\u015finin idam edildi\u011fi bildirildi.<\/p>\n<p>\u0130nsan Haklar\u0131 Aktivistleri Haber Ajans\u0131 (HRANA), \u0130ran\u2019da 2025 y\u0131l\u0131ndaki insan haklar\u0131 ihlallerine dair 85 sayfal\u0131k rapor yay\u0131mlad\u0131.<\/p>\n<p>Raporda, \u0130ran\u2019da 2015-2025 y\u0131llar\u0131 aras\u0131ndaki idam say\u0131lar\u0131na yer verildi.<\/p>\n<p>\u0130statistiklerde yer alan bilgilere g\u00f6re, \u0130ran\u2019da 2025 y\u0131l\u0131nda 1922 ki\u015fi idam edildi ve bu, son 10 y\u0131l\u0131n en y\u00fcksek idam say\u0131s\u0131 oldu.<\/p>\n<p>Raporda ayr\u0131ca, ge\u00e7en y\u0131l idam edilenlerin y\u00fczde 87\u2019sinin erkek, y\u00fczde 3\u2019\u00fcn\u00fcn kad\u0131n oldu\u011fu bilgisi yer al\u0131rken y\u00fczde 10\u2019unun cinsiyetinin ise tespit edilemedi\u011fi aktar\u0131ld\u0131.<\/p>\n<\/p><\/div>\n","protected":false},"excerpt":{"rendered":"<p>\u0130ran\u2019da 2025 y\u0131l\u0131nda, uyu\u015fturu cu, cin ayet, cas usluk, teca v\u00fcz gibi su\u00e7lardan dolay\u0131 h\u00fck\u00fcm giyen 1922 ki\u015finin idam edildi\u011fi bildirildi. \u0130nsan Haklar\u0131 Aktivistleri Haber Ajans\u0131 (HRANA), \u0130ran\u2019da 2025 y\u0131l\u0131ndaki insan haklar\u0131 ihlallerine dair 85 sayfal\u0131k rapor yay\u0131mlad\u0131. Raporda, \u0130ran\u2019da 2015-2025 y\u0131llar\u0131 aras\u0131ndaki idam say\u0131lar\u0131na yer verildi. \u0130statistiklerde yer alan bilgilere g\u00f6re, \u0130ran\u2019da 2025 y\u0131l\u0131nda<\/p>\n","protected":false},"author":1,"featured_media":103112,"comment_status":"open","ping_status":"open","sticky":false,"template":"","format":"standard","meta":{"footnotes":""},"categories":[81],"tags":[],"class_list":["post-103111","post","type-post","status-publish","format-standard","has-post-thumbnail","hentry","category-kibris"],"yoast_head":"<!-- This site is optimized with the Yoast SEO plugin v27.4 - https:\/\/yoast.com\/product\/yoast-seo-wordpress\/ -->\n<title>\u0130RAN\u2019DA, 2025 YILINDA \u0130DAM ED\u0130LENLER\u0130N SAYISI SON 10 SENEN\u0130N Z\u0130RVES\u0130NE \u00c7IKTI -<\/title>\n<meta name=\"robots\" content=\"index, follow, max-snippet:-1, max-image-preview:large, max-video-preview:-1\" \/>\n<link rel=\"canonical\" href=\"https:\/\/kibrisdakik.com\/?p=103111\" \/>\n<meta property=\"og:locale\" content=\"tr_TR\" \/>\n<meta property=\"og:type\" content=\"article\" \/>\n<meta property=\"og:title\" content=\"\u0130RAN\u2019DA, 2025 YILINDA \u0130DAM ED\u0130LENLER\u0130N SAYISI SON 10 SENEN\u0130N Z\u0130RVES\u0130NE \u00c7IKTI -\" \/>\n<meta property=\"og:description\" content=\"\u0130ran\u2019da 2025 y\u0131l\u0131nda, uyu\u015fturu cu, cin ayet, cas usluk, teca v\u00fcz gibi su\u00e7lardan dolay\u0131 h\u00fck\u00fcm giyen 1922 ki\u015finin idam edildi\u011fi bildirildi. \u0130nsan Haklar\u0131 Aktivistleri Haber Ajans\u0131 (HRANA), \u0130ran\u2019da 2025 y\u0131l\u0131ndaki insan haklar\u0131 ihlallerine dair 85 sayfal\u0131k rapor yay\u0131mlad\u0131. Raporda, \u0130ran\u2019da 2015-2025 y\u0131llar\u0131 aras\u0131ndaki idam say\u0131lar\u0131na yer verildi. \u0130statistiklerde yer alan bilgilere g\u00f6re, \u0130ran\u2019da 2025 y\u0131l\u0131nda\" \/>\n<meta property=\"og:url\" content=\"https:\/\/kibrisdakik.com\/?p=103111\" \/>\n<meta property=\"article:published_time\" content=\"2026-01-02T08:08:59+00:00\" \/>\n<meta property=\"og:image\" content=\"https:\/\/kibrisdakik.com\/wp-content\/uploads\/2026\/01\/4-574.png\" \/>\n\t<meta property=\"og:image:width\" content=\"1280\" \/>\n\t<meta property=\"og:image:height\" content=\"720\" \/>\n\t<meta property=\"og:image:type\" content=\"image\/png\" \/>\n<meta name=\"author\" content=\"admin\" \/>\n<meta name=\"twitter:card\" content=\"summary_large_image\" \/>\n<meta name=\"twitter:label1\" content=\"Yazan:\" \/>\n\t<meta name=\"twitter:data1\" content=\"admin\" \/>\n\t<meta name=\"twitter:label2\" content=\"Tahmini okuma s\u00fcresi\" \/>\n\t<meta name=\"twitter:data2\" content=\"1 dakika\" \/>\n<script type=\"application\/ld+json\" class=\"yoast-schema-graph\">{\"@context\":\"https:\\\/\\\/schema.org\",\"@graph\":[{\"@type\":\"Article\",\"@id\":\"https:\\\/\\\/kibrisdakik.com\\\/?p=103111#article\",\"isPartOf\":{\"@id\":\"https:\\\/\\\/kibrisdakik.com\\\/?p=103111\"},\"author\":{\"name\":\"admin\",\"@id\":\"https:\\\/\\\/kibrisdakik.com\\\/#\\\/schema\\\/person\\\/9cd9d437bbb44f72b73ba127e06d8e79\"},\"headline\":\"\u0130RAN\u2019DA, 2025 YILINDA \u0130DAM ED\u0130LENLER\u0130N SAYISI SON 10 SENEN\u0130N Z\u0130RVES\u0130NE \u00c7IKTI\",\"datePublished\":\"2026-01-02T08:08:59+00:00\",\"mainEntityOfPage\":{\"@id\":\"https:\\\/\\\/kibrisdakik.com\\\/?p=103111\"},\"wordCount\":141,\"commentCount\":0,\"image\":{\"@id\":\"https:\\\/\\\/kibrisdakik.com\\\/?p=103111#primaryimage\"},\"thumbnailUrl\":\"https:\\\/\\\/kibrisdakik.com\\\/wp-content\\\/uploads\\\/2026\\\/01\\\/4-574.png\",\"articleSection\":[\"K\u0131br\u0131s\"],\"inLanguage\":\"tr\",\"potentialAction\":[{\"@type\":\"CommentAction\",\"name\":\"Comment\",\"target\":[\"https:\\\/\\\/kibrisdakik.com\\\/?p=103111#respond\"]}]},{\"@type\":\"WebPage\",\"@id\":\"https:\\\/\\\/kibrisdakik.com\\\/?p=103111\",\"url\":\"https:\\\/\\\/kibrisdakik.com\\\/?p=103111\",\"name\":\"\u0130RAN\u2019DA, 2025 YILINDA \u0130DAM ED\u0130LENLER\u0130N SAYISI SON 10 SENEN\u0130N Z\u0130RVES\u0130NE \u00c7IKTI -\",\"isPartOf\":{\"@id\":\"https:\\\/\\\/kibrisdakik.com\\\/#website\"},\"primaryImageOfPage\":{\"@id\":\"https:\\\/\\\/kibrisdakik.com\\\/?p=103111#primaryimage\"},\"image\":{\"@id\":\"https:\\\/\\\/kibrisdakik.com\\\/?p=103111#primaryimage\"},\"thumbnailUrl\":\"https:\\\/\\\/kibrisdakik.com\\\/wp-content\\\/uploads\\\/2026\\\/01\\\/4-574.png\",\"datePublished\":\"2026-01-02T08:08:59+00:00\",\"author\":{\"@id\":\"https:\\\/\\\/kibrisdakik.com\\\/#\\\/schema\\\/person\\\/9cd9d437bbb44f72b73ba127e06d8e79\"},\"breadcrumb\":{\"@id\":\"https:\\\/\\\/kibrisdakik.com\\\/?p=103111#breadcrumb\"},\"inLanguage\":\"tr\",\"potentialAction\":[{\"@type\":\"ReadAction\",\"target\":[\"https:\\\/\\\/kibrisdakik.com\\\/?p=103111\"]}]},{\"@type\":\"ImageObject\",\"inLanguage\":\"tr\",\"@id\":\"https:\\\/\\\/kibrisdakik.com\\\/?p=103111#primaryimage\",\"url\":\"https:\\\/\\\/kibrisdakik.com\\\/wp-content\\\/uploads\\\/2026\\\/01\\\/4-574.png\",\"contentUrl\":\"https:\\\/\\\/kibrisdakik.com\\\/wp-content\\\/uploads\\\/2026\\\/01\\\/4-574.png\",\"width\":1280,\"height\":720},{\"@type\":\"BreadcrumbList\",\"@id\":\"https:\\\/\\\/kibrisdakik.com\\\/?p=103111#breadcrumb\",\"itemListElement\":[{\"@type\":\"ListItem\",\"position\":1,\"name\":\"Home\",\"item\":\"https:\\\/\\\/kibrisdakik.com\\\/\"},{\"@type\":\"ListItem\",\"position\":2,\"name\":\"\u0130RAN\u2019DA, 2025 YILINDA \u0130DAM ED\u0130LENLER\u0130N SAYISI SON 10 SENEN\u0130N Z\u0130RVES\u0130NE \u00c7IKTI\"}]},{\"@type\":\"WebSite\",\"@id\":\"https:\\\/\\\/kibrisdakik.com\\\/#website\",\"url\":\"https:\\\/\\\/kibrisdakik.com\\\/\",\"name\":\"\",\"description\":\"Tam vaktinde haber\",\"potentialAction\":[{\"@type\":\"SearchAction\",\"target\":{\"@type\":\"EntryPoint\",\"urlTemplate\":\"https:\\\/\\\/kibrisdakik.com\\\/?s={search_term_string}\"},\"query-input\":{\"@type\":\"PropertyValueSpecification\",\"valueRequired\":true,\"valueName\":\"search_term_string\"}}],\"inLanguage\":\"tr\"},{\"@type\":\"Person\",\"@id\":\"https:\\\/\\\/kibrisdakik.com\\\/#\\\/schema\\\/person\\\/9cd9d437bbb44f72b73ba127e06d8e79\",\"name\":\"admin\",\"image\":{\"@type\":\"ImageObject\",\"inLanguage\":\"tr\",\"@id\":\"https:\\\/\\\/secure.gravatar.com\\\/avatar\\\/ccc17943b9d660506c869530f897617f7cb1c21a4bf30023f252596d83e1f007?s=96&d=mm&r=g\",\"url\":\"https:\\\/\\\/secure.gravatar.com\\\/avatar\\\/ccc17943b9d660506c869530f897617f7cb1c21a4bf30023f252596d83e1f007?s=96&d=mm&r=g\",\"contentUrl\":\"https:\\\/\\\/secure.gravatar.com\\\/avatar\\\/ccc17943b9d660506c869530f897617f7cb1c21a4bf30023f252596d83e1f007?s=96&d=mm&r=g\",\"caption\":\"admin\"},\"sameAs\":[\"https:\\\/\\\/kibrisdakik.com\"],\"url\":\"https:\\\/\\\/kibrisdakik.com\\\/?author=1\"}]}<\/script>\n<!-- \/ Yoast SEO plugin. -->","yoast_head_json":{"title":"\u0130RAN\u2019DA, 2025 YILINDA \u0130DAM ED\u0130LENLER\u0130N SAYISI SON 10 SENEN\u0130N Z\u0130RVES\u0130NE \u00c7IKTI -","robots":{"index":"index","follow":"follow","max-snippet":"max-snippet:-1","max-image-preview":"max-image-preview:large","max-video-preview":"max-video-preview:-1"},"canonical":"https:\/\/kibrisdakik.com\/?p=103111","og_locale":"tr_TR","og_type":"article","og_title":"\u0130RAN\u2019DA, 2025 YILINDA \u0130DAM ED\u0130LENLER\u0130N SAYISI SON 10 SENEN\u0130N Z\u0130RVES\u0130NE \u00c7IKTI -","og_description":"\u0130ran\u2019da 2025 y\u0131l\u0131nda, uyu\u015fturu cu, cin ayet, cas usluk, teca v\u00fcz gibi su\u00e7lardan dolay\u0131 h\u00fck\u00fcm giyen 1922 ki\u015finin idam edildi\u011fi bildirildi. \u0130nsan Haklar\u0131 Aktivistleri Haber Ajans\u0131 (HRANA), \u0130ran\u2019da 2025 y\u0131l\u0131ndaki insan haklar\u0131 ihlallerine dair 85 sayfal\u0131k rapor yay\u0131mlad\u0131. Raporda, \u0130ran\u2019da 2015-2025 y\u0131llar\u0131 aras\u0131ndaki idam say\u0131lar\u0131na yer verildi. \u0130statistiklerde yer alan bilgilere g\u00f6re, \u0130ran\u2019da 2025 y\u0131l\u0131nda","og_url":"https:\/\/kibrisdakik.com\/?p=103111","article_published_time":"2026-01-02T08:08:59+00:00","og_image":[{"width":1280,"height":720,"url":"https:\/\/kibrisdakik.com\/wp-content\/uploads\/2026\/01\/4-574.png","type":"image\/png"}],"author":"admin","twitter_card":"summary_large_image","twitter_misc":{"Yazan:":"admin","Tahmini okuma s\u00fcresi":"1 dakika"},"schema":{"@context":"https:\/\/schema.org","@graph":[{"@type":"Article","@id":"https:\/\/kibrisdakik.com\/?p=103111#article","isPartOf":{"@id":"https:\/\/kibrisdakik.com\/?p=103111"},"author":{"name":"admin","@id":"https:\/\/kibrisdakik.com\/#\/schema\/person\/9cd9d437bbb44f72b73ba127e06d8e79"},"headline":"\u0130RAN\u2019DA, 2025 YILINDA \u0130DAM ED\u0130LENLER\u0130N SAYISI SON 10 SENEN\u0130N Z\u0130RVES\u0130NE \u00c7IKTI","datePublished":"2026-01-02T08:08:59+00:00","mainEntityOfPage":{"@id":"https:\/\/kibrisdakik.com\/?p=103111"},"wordCount":141,"commentCount":0,"image":{"@id":"https:\/\/kibrisdakik.com\/?p=103111#primaryimage"},"thumbnailUrl":"https:\/\/kibrisdakik.com\/wp-content\/uploads\/2026\/01\/4-574.png","articleSection":["K\u0131br\u0131s"],"inLanguage":"tr","potentialAction":[{"@type":"CommentAction","name":"Comment","target":["https:\/\/kibrisdakik.com\/?p=103111#respond"]}]},{"@type":"WebPage","@id":"https:\/\/kibrisdakik.com\/?p=103111","url":"https:\/\/kibrisdakik.com\/?p=103111","name":"\u0130RAN\u2019DA, 2025 YILINDA \u0130DAM ED\u0130LENLER\u0130N SAYISI SON 10 SENEN\u0130N Z\u0130RVES\u0130NE \u00c7IKTI -","isPartOf":{"@id":"https:\/\/kibrisdakik.com\/#website"},"primaryImageOfPage":{"@id":"https:\/\/kibrisdakik.com\/?p=103111#primaryimage"},"image":{"@id":"https:\/\/kibrisdakik.com\/?p=103111#primaryimage"},"thumbnailUrl":"https:\/\/kibrisdakik.com\/wp-content\/uploads\/2026\/01\/4-574.png","datePublished":"2026-01-02T08:08:59+00:00","author":{"@id":"https:\/\/kibrisdakik.com\/#\/schema\/person\/9cd9d437bbb44f72b73ba127e06d8e79"},"breadcrumb":{"@id":"https:\/\/kibrisdakik.com\/?p=103111#breadcrumb"},"inLanguage":"tr","potentialAction":[{"@type":"ReadAction","target":["https:\/\/kibrisdakik.com\/?p=103111"]}]},{"@type":"ImageObject","inLanguage":"tr","@id":"https:\/\/kibrisdakik.com\/?p=103111#primaryimage","url":"https:\/\/kibrisdakik.com\/wp-content\/uploads\/2026\/01\/4-574.png","contentUrl":"https:\/\/kibrisdakik.com\/wp-content\/uploads\/2026\/01\/4-574.png","width":1280,"height":720},{"@type":"BreadcrumbList","@id":"https:\/\/kibrisdakik.com\/?p=103111#breadcrumb","itemListElement":[{"@type":"ListItem","position":1,"name":"Home","item":"https:\/\/kibrisdakik.com\/"},{"@type":"ListItem","position":2,"name":"\u0130RAN\u2019DA, 2025 YILINDA \u0130DAM ED\u0130LENLER\u0130N SAYISI SON 10 SENEN\u0130N Z\u0130RVES\u0130NE \u00c7IKTI"}]},{"@type":"WebSite","@id":"https:\/\/kibrisdakik.com\/#website","url":"https:\/\/kibrisdakik.com\/","name":"","description":"Tam vaktinde haber","potentialAction":[{"@type":"SearchAction","target":{"@type":"EntryPoint","urlTemplate":"https:\/\/kibrisdakik.com\/?s={search_term_string}"},"query-input":{"@type":"PropertyValueSpecification","valueRequired":true,"valueName":"search_term_string"}}],"inLanguage":"tr"},{"@type":"Person","@id":"https:\/\/kibrisdakik.com\/#\/schema\/person\/9cd9d437bbb44f72b73ba127e06d8e79","name":"admin","image":{"@type":"ImageObject","inLanguage":"tr","@id":"https:\/\/secure.gravatar.com\/avatar\/ccc17943b9d660506c869530f897617f7cb1c21a4bf30023f252596d83e1f007?s=96&d=mm&r=g","url":"https:\/\/secure.gravatar.com\/avatar\/ccc17943b9d660506c869530f897617f7cb1c21a4bf30023f252596d83e1f007?s=96&d=mm&r=g","contentUrl":"https:\/\/secure.gravatar.com\/avatar\/ccc17943b9d660506c869530f897617f7cb1c21a4bf30023f252596d83e1f007?s=96&d=mm&r=g","caption":"admin"},"sameAs":["https:\/\/kibrisdakik.com"],"url":"https:\/\/kibrisdakik.com\/?author=1"}]}},"_links":{"self":[{"href":"https:\/\/kibrisdakik.com\/index.php?rest_route=\/wp\/v2\/posts\/103111","targetHints":{"allow":["GET"]}}],"collection":[{"href":"https:\/\/kibrisdakik.com\/index.php?rest_route=\/wp\/v2\/posts"}],"about":[{"href":"https:\/\/kibrisdakik.com\/index.php?rest_route=\/wp\/v2\/types\/post"}],"author":[{"embeddable":true,"href":"https:\/\/kibrisdakik.com\/index.php?rest_route=\/wp\/v2\/users\/1"}],"replies":[{"embeddable":true,"href":"https:\/\/kibrisdakik.com\/index.php?rest_route=%2Fwp%2Fv2%2Fcomments&post=103111"}],"version-history":[{"count":0,"href":"https:\/\/kibrisdakik.com\/index.php?rest_route=\/wp\/v2\/posts\/103111\/revisions"}],"wp:featuredmedia":[{"embeddable":true,"href":"https:\/\/kibrisdakik.com\/index.php?rest_route=\/wp\/v2\/media\/103112"}],"wp:attachment":[{"href":"https:\/\/kibrisdakik.com\/index.php?rest_route=%2Fwp%2Fv2%2Fmedia&parent=103111"}],"wp:term":[{"taxonomy":"category","embeddable":true,"href":"https:\/\/kibrisdakik.com\/index.php?rest_route=%2Fwp%2Fv2%2Fcategories&post=103111"},{"taxonomy":"post_tag","embeddable":true,"href":"https:\/\/kibrisdakik.com\/index.php?rest_route=%2Fwp%2Fv2%2Ftags&post=103111"}],"curies":[{"name":"wp","href":"https:\/\/api.w.org\/{rel}","templated":true}]}}