{"id":103117,"date":"2026-01-02T10:43:01","date_gmt":"2026-01-02T08:43:01","guid":{"rendered":"https:\/\/kibrisdakik.com\/index.php\/2026\/01\/02\/arikli-biz-hukumette-kalmaktan-oldukca-memnunuz\/"},"modified":"2026-01-02T10:43:01","modified_gmt":"2026-01-02T08:43:01","slug":"arikli-biz-hukumette-kalmaktan-oldukca-memnunuz","status":"publish","type":"post","link":"https:\/\/kibrisdakik.com\/?p=103117","title":{"rendered":"ARIKLI: B\u0130Z H\u00dcK\u00dcMETTE KALMAKTAN OLDUK\u00c7A MEMNUNUZ"},"content":{"rendered":"<p><\/p>\n<p>\u201cKURULTAY 2027\u2019YE KALAB\u0130L\u0130R, MAYIS EN UYGUN TAR\u0130H\u201d<\/p>\n<div id=\"ad_121\" data-channel=\"121\" data-advert=\"temedya\" data-rotation=\"120\" class=\"mb-3 text-center\"><\/div>\n<div id=\"ad_121_mobile\" data-channel=\"121\" data-advert=\"temedya\" data-rotation=\"120\" class=\"mb-3 text-center\"><\/div>\n<p>Yeniden Do\u011fu\u015f Partisi (YDP) Genel Ba\u015fkan\u0131, Bay\u0131nd\u0131rl\u0131k ve Ula\u015ft\u0131rma Bakan\u0131 Erhan Ar\u0131kl\u0131, KIBRIS TV ekranlar\u0131nda yapt\u0131\u011f\u0131 a\u00e7\u0131klamalarda parti kurultay\u0131, siyasi gelece\u011fi ve erken se\u00e7im tart\u0131\u015fmalar\u0131na ili\u015fkin dikkat \u00e7eken de\u011ferlendirmelerde bulundu.<\/p>\n<hr \/>\n<p>\u201cKURULTAY OLURSA ADAY OLMAYACA\u011eIM\u201d<\/p>\n<p>YDP t\u00fcz\u00fc\u011f\u00fcne g\u00f6re kurultay\u0131n iki y\u0131lda bir yap\u0131ld\u0131\u011f\u0131n\u0131 hat\u0131rlatan Ar\u0131kl\u0131, bu nedenle kurultay yap\u0131lmas\u0131 halinde yeniden aday olmayaca\u011f\u0131n\u0131 s\u00f6yledi. Kurultay\u0131n en son 2024 y\u0131l\u0131nda ger\u00e7ekle\u015ftirildi\u011fini an\u0131msatan Ar\u0131kl\u0131, Parti Meclisi karar\u0131yla bu s\u00fcrenin 3 y\u0131la \u00e7\u0131kar\u0131labilece\u011fini belirtti.<\/p>\n<p>ERKEN SE\u00c7\u0130M TARTI\u015eMASI: \u201cMAYIS BA\u015eI EN UYGUN TAR\u0130H\u201d<\/p>\n<p>2026 y\u0131l\u0131n\u0131n bir se\u00e7imler y\u0131l\u0131 olaca\u011f\u0131n\u0131 savunan Ar\u0131kl\u0131, erken se\u00e7im i\u00e7in May\u0131s ay\u0131n\u0131n ba\u015flar\u0131n\u0131n en uygun tarih oldu\u011funu dile getirdi.<\/p>\n<\/p>\n<div class=\"article-source py-3 small \">\n                <\/div>\n","protected":false},"excerpt":{"rendered":"<p>\u201cKURULTAY 2027\u2019YE KALAB\u0130L\u0130R, MAYIS EN UYGUN TAR\u0130H\u201d Yeniden Do\u011fu\u015f Partisi (YDP) Genel Ba\u015fkan\u0131, Bay\u0131nd\u0131rl\u0131k ve Ula\u015ft\u0131rma Bakan\u0131 Erhan Ar\u0131kl\u0131, KIBRIS TV ekranlar\u0131nda yapt\u0131\u011f\u0131 a\u00e7\u0131klamalarda parti kurultay\u0131, siyasi gelece\u011fi ve erken se\u00e7im tart\u0131\u015fmalar\u0131na ili\u015fkin dikkat \u00e7eken de\u011ferlendirmelerde bulundu. \u201cKURULTAY OLURSA ADAY OLMAYACA\u011eIM\u201d YDP t\u00fcz\u00fc\u011f\u00fcne g\u00f6re kurultay\u0131n iki y\u0131lda bir yap\u0131ld\u0131\u011f\u0131n\u0131 hat\u0131rlatan Ar\u0131kl\u0131, bu nedenle kurultay yap\u0131lmas\u0131<\/p>\n","protected":false},"author":1,"featured_media":103118,"comment_status":"open","ping_status":"open","sticky":false,"template":"","format":"standard","meta":{"footnotes":""},"categories":[81],"tags":[],"class_list":["post-103117","post","type-post","status-publish","format-standard","has-post-thumbnail","hentry","category-kibris"],"yoast_head":"<!-- This site is optimized with the Yoast SEO plugin v27.4 - https:\/\/yoast.com\/product\/yoast-seo-wordpress\/ -->\n<title>ARIKLI: B\u0130Z H\u00dcK\u00dcMETTE KALMAKTAN OLDUK\u00c7A MEMNUNUZ -<\/title>\n<meta name=\"robots\" content=\"index, follow, max-snippet:-1, max-image-preview:large, max-video-preview:-1\" \/>\n<link rel=\"canonical\" href=\"https:\/\/kibrisdakik.com\/?p=103117\" \/>\n<meta property=\"og:locale\" content=\"tr_TR\" \/>\n<meta property=\"og:type\" content=\"article\" \/>\n<meta property=\"og:title\" content=\"ARIKLI: B\u0130Z H\u00dcK\u00dcMETTE KALMAKTAN OLDUK\u00c7A MEMNUNUZ -\" \/>\n<meta property=\"og:description\" content=\"\u201cKURULTAY 2027\u2019YE KALAB\u0130L\u0130R, MAYIS EN UYGUN TAR\u0130H\u201d Yeniden Do\u011fu\u015f Partisi (YDP) Genel Ba\u015fkan\u0131, Bay\u0131nd\u0131rl\u0131k ve Ula\u015ft\u0131rma Bakan\u0131 Erhan Ar\u0131kl\u0131, KIBRIS TV ekranlar\u0131nda yapt\u0131\u011f\u0131 a\u00e7\u0131klamalarda parti kurultay\u0131, siyasi gelece\u011fi ve erken se\u00e7im tart\u0131\u015fmalar\u0131na ili\u015fkin dikkat \u00e7eken de\u011ferlendirmelerde bulundu. \u201cKURULTAY OLURSA ADAY OLMAYACA\u011eIM\u201d YDP t\u00fcz\u00fc\u011f\u00fcne g\u00f6re kurultay\u0131n iki y\u0131lda bir yap\u0131ld\u0131\u011f\u0131n\u0131 hat\u0131rlatan Ar\u0131kl\u0131, bu nedenle kurultay yap\u0131lmas\u0131\" \/>\n<meta property=\"og:url\" content=\"https:\/\/kibrisdakik.com\/?p=103117\" \/>\n<meta property=\"article:published_time\" content=\"2026-01-02T08:43:01+00:00\" \/>\n<meta property=\"og:image\" content=\"https:\/\/kibrisdakik.com\/wp-content\/uploads\/2026\/01\/7-416.png\" \/>\n\t<meta property=\"og:image:width\" content=\"1280\" \/>\n\t<meta property=\"og:image:height\" content=\"720\" \/>\n\t<meta property=\"og:image:type\" content=\"image\/png\" \/>\n<meta name=\"author\" content=\"admin\" \/>\n<meta name=\"twitter:card\" content=\"summary_large_image\" \/>\n<meta name=\"twitter:label1\" content=\"Yazan:\" \/>\n\t<meta name=\"twitter:data1\" content=\"admin\" \/>\n\t<meta name=\"twitter:label2\" content=\"Tahmini okuma s\u00fcresi\" \/>\n\t<meta name=\"twitter:data2\" content=\"1 dakika\" \/>\n<script type=\"application\/ld+json\" class=\"yoast-schema-graph\">{\"@context\":\"https:\\\/\\\/schema.org\",\"@graph\":[{\"@type\":\"Article\",\"@id\":\"https:\\\/\\\/kibrisdakik.com\\\/?p=103117#article\",\"isPartOf\":{\"@id\":\"https:\\\/\\\/kibrisdakik.com\\\/?p=103117\"},\"author\":{\"name\":\"admin\",\"@id\":\"https:\\\/\\\/kibrisdakik.com\\\/#\\\/schema\\\/person\\\/9cd9d437bbb44f72b73ba127e06d8e79\"},\"headline\":\"ARIKLI: B\u0130Z H\u00dcK\u00dcMETTE KALMAKTAN OLDUK\u00c7A MEMNUNUZ\",\"datePublished\":\"2026-01-02T08:43:01+00:00\",\"mainEntityOfPage\":{\"@id\":\"https:\\\/\\\/kibrisdakik.com\\\/?p=103117\"},\"wordCount\":177,\"commentCount\":0,\"image\":{\"@id\":\"https:\\\/\\\/kibrisdakik.com\\\/?p=103117#primaryimage\"},\"thumbnailUrl\":\"https:\\\/\\\/kibrisdakik.com\\\/wp-content\\\/uploads\\\/2026\\\/01\\\/7-416.png\",\"articleSection\":[\"K\u0131br\u0131s\"],\"inLanguage\":\"tr\",\"potentialAction\":[{\"@type\":\"CommentAction\",\"name\":\"Comment\",\"target\":[\"https:\\\/\\\/kibrisdakik.com\\\/?p=103117#respond\"]}]},{\"@type\":\"WebPage\",\"@id\":\"https:\\\/\\\/kibrisdakik.com\\\/?p=103117\",\"url\":\"https:\\\/\\\/kibrisdakik.com\\\/?p=103117\",\"name\":\"ARIKLI: B\u0130Z H\u00dcK\u00dcMETTE KALMAKTAN OLDUK\u00c7A MEMNUNUZ -\",\"isPartOf\":{\"@id\":\"https:\\\/\\\/kibrisdakik.com\\\/#website\"},\"primaryImageOfPage\":{\"@id\":\"https:\\\/\\\/kibrisdakik.com\\\/?p=103117#primaryimage\"},\"image\":{\"@id\":\"https:\\\/\\\/kibrisdakik.com\\\/?p=103117#primaryimage\"},\"thumbnailUrl\":\"https:\\\/\\\/kibrisdakik.com\\\/wp-content\\\/uploads\\\/2026\\\/01\\\/7-416.png\",\"datePublished\":\"2026-01-02T08:43:01+00:00\",\"author\":{\"@id\":\"https:\\\/\\\/kibrisdakik.com\\\/#\\\/schema\\\/person\\\/9cd9d437bbb44f72b73ba127e06d8e79\"},\"breadcrumb\":{\"@id\":\"https:\\\/\\\/kibrisdakik.com\\\/?p=103117#breadcrumb\"},\"inLanguage\":\"tr\",\"potentialAction\":[{\"@type\":\"ReadAction\",\"target\":[\"https:\\\/\\\/kibrisdakik.com\\\/?p=103117\"]}]},{\"@type\":\"ImageObject\",\"inLanguage\":\"tr\",\"@id\":\"https:\\\/\\\/kibrisdakik.com\\\/?p=103117#primaryimage\",\"url\":\"https:\\\/\\\/kibrisdakik.com\\\/wp-content\\\/uploads\\\/2026\\\/01\\\/7-416.png\",\"contentUrl\":\"https:\\\/\\\/kibrisdakik.com\\\/wp-content\\\/uploads\\\/2026\\\/01\\\/7-416.png\",\"width\":1280,\"height\":720},{\"@type\":\"BreadcrumbList\",\"@id\":\"https:\\\/\\\/kibrisdakik.com\\\/?p=103117#breadcrumb\",\"itemListElement\":[{\"@type\":\"ListItem\",\"position\":1,\"name\":\"Home\",\"item\":\"https:\\\/\\\/kibrisdakik.com\\\/\"},{\"@type\":\"ListItem\",\"position\":2,\"name\":\"ARIKLI: B\u0130Z H\u00dcK\u00dcMETTE KALMAKTAN OLDUK\u00c7A MEMNUNUZ\"}]},{\"@type\":\"WebSite\",\"@id\":\"https:\\\/\\\/kibrisdakik.com\\\/#website\",\"url\":\"https:\\\/\\\/kibrisdakik.com\\\/\",\"name\":\"\",\"description\":\"Tam vaktinde haber\",\"potentialAction\":[{\"@type\":\"SearchAction\",\"target\":{\"@type\":\"EntryPoint\",\"urlTemplate\":\"https:\\\/\\\/kibrisdakik.com\\\/?s={search_term_string}\"},\"query-input\":{\"@type\":\"PropertyValueSpecification\",\"valueRequired\":true,\"valueName\":\"search_term_string\"}}],\"inLanguage\":\"tr\"},{\"@type\":\"Person\",\"@id\":\"https:\\\/\\\/kibrisdakik.com\\\/#\\\/schema\\\/person\\\/9cd9d437bbb44f72b73ba127e06d8e79\",\"name\":\"admin\",\"image\":{\"@type\":\"ImageObject\",\"inLanguage\":\"tr\",\"@id\":\"https:\\\/\\\/secure.gravatar.com\\\/avatar\\\/ccc17943b9d660506c869530f897617f7cb1c21a4bf30023f252596d83e1f007?s=96&d=mm&r=g\",\"url\":\"https:\\\/\\\/secure.gravatar.com\\\/avatar\\\/ccc17943b9d660506c869530f897617f7cb1c21a4bf30023f252596d83e1f007?s=96&d=mm&r=g\",\"contentUrl\":\"https:\\\/\\\/secure.gravatar.com\\\/avatar\\\/ccc17943b9d660506c869530f897617f7cb1c21a4bf30023f252596d83e1f007?s=96&d=mm&r=g\",\"caption\":\"admin\"},\"sameAs\":[\"https:\\\/\\\/kibrisdakik.com\"],\"url\":\"https:\\\/\\\/kibrisdakik.com\\\/?author=1\"}]}<\/script>\n<!-- \/ Yoast SEO plugin. -->","yoast_head_json":{"title":"ARIKLI: B\u0130Z H\u00dcK\u00dcMETTE KALMAKTAN OLDUK\u00c7A MEMNUNUZ -","robots":{"index":"index","follow":"follow","max-snippet":"max-snippet:-1","max-image-preview":"max-image-preview:large","max-video-preview":"max-video-preview:-1"},"canonical":"https:\/\/kibrisdakik.com\/?p=103117","og_locale":"tr_TR","og_type":"article","og_title":"ARIKLI: B\u0130Z H\u00dcK\u00dcMETTE KALMAKTAN OLDUK\u00c7A MEMNUNUZ -","og_description":"\u201cKURULTAY 2027\u2019YE KALAB\u0130L\u0130R, MAYIS EN UYGUN TAR\u0130H\u201d Yeniden Do\u011fu\u015f Partisi (YDP) Genel Ba\u015fkan\u0131, Bay\u0131nd\u0131rl\u0131k ve Ula\u015ft\u0131rma Bakan\u0131 Erhan Ar\u0131kl\u0131, KIBRIS TV ekranlar\u0131nda yapt\u0131\u011f\u0131 a\u00e7\u0131klamalarda parti kurultay\u0131, siyasi gelece\u011fi ve erken se\u00e7im tart\u0131\u015fmalar\u0131na ili\u015fkin dikkat \u00e7eken de\u011ferlendirmelerde bulundu. \u201cKURULTAY OLURSA ADAY OLMAYACA\u011eIM\u201d YDP t\u00fcz\u00fc\u011f\u00fcne g\u00f6re kurultay\u0131n iki y\u0131lda bir yap\u0131ld\u0131\u011f\u0131n\u0131 hat\u0131rlatan Ar\u0131kl\u0131, bu nedenle kurultay yap\u0131lmas\u0131","og_url":"https:\/\/kibrisdakik.com\/?p=103117","article_published_time":"2026-01-02T08:43:01+00:00","og_image":[{"width":1280,"height":720,"url":"https:\/\/kibrisdakik.com\/wp-content\/uploads\/2026\/01\/7-416.png","type":"image\/png"}],"author":"admin","twitter_card":"summary_large_image","twitter_misc":{"Yazan:":"admin","Tahmini okuma s\u00fcresi":"1 dakika"},"schema":{"@context":"https:\/\/schema.org","@graph":[{"@type":"Article","@id":"https:\/\/kibrisdakik.com\/?p=103117#article","isPartOf":{"@id":"https:\/\/kibrisdakik.com\/?p=103117"},"author":{"name":"admin","@id":"https:\/\/kibrisdakik.com\/#\/schema\/person\/9cd9d437bbb44f72b73ba127e06d8e79"},"headline":"ARIKLI: B\u0130Z H\u00dcK\u00dcMETTE KALMAKTAN OLDUK\u00c7A MEMNUNUZ","datePublished":"2026-01-02T08:43:01+00:00","mainEntityOfPage":{"@id":"https:\/\/kibrisdakik.com\/?p=103117"},"wordCount":177,"commentCount":0,"image":{"@id":"https:\/\/kibrisdakik.com\/?p=103117#primaryimage"},"thumbnailUrl":"https:\/\/kibrisdakik.com\/wp-content\/uploads\/2026\/01\/7-416.png","articleSection":["K\u0131br\u0131s"],"inLanguage":"tr","potentialAction":[{"@type":"CommentAction","name":"Comment","target":["https:\/\/kibrisdakik.com\/?p=103117#respond"]}]},{"@type":"WebPage","@id":"https:\/\/kibrisdakik.com\/?p=103117","url":"https:\/\/kibrisdakik.com\/?p=103117","name":"ARIKLI: B\u0130Z H\u00dcK\u00dcMETTE KALMAKTAN OLDUK\u00c7A MEMNUNUZ -","isPartOf":{"@id":"https:\/\/kibrisdakik.com\/#website"},"primaryImageOfPage":{"@id":"https:\/\/kibrisdakik.com\/?p=103117#primaryimage"},"image":{"@id":"https:\/\/kibrisdakik.com\/?p=103117#primaryimage"},"thumbnailUrl":"https:\/\/kibrisdakik.com\/wp-content\/uploads\/2026\/01\/7-416.png","datePublished":"2026-01-02T08:43:01+00:00","author":{"@id":"https:\/\/kibrisdakik.com\/#\/schema\/person\/9cd9d437bbb44f72b73ba127e06d8e79"},"breadcrumb":{"@id":"https:\/\/kibrisdakik.com\/?p=103117#breadcrumb"},"inLanguage":"tr","potentialAction":[{"@type":"ReadAction","target":["https:\/\/kibrisdakik.com\/?p=103117"]}]},{"@type":"ImageObject","inLanguage":"tr","@id":"https:\/\/kibrisdakik.com\/?p=103117#primaryimage","url":"https:\/\/kibrisdakik.com\/wp-content\/uploads\/2026\/01\/7-416.png","contentUrl":"https:\/\/kibrisdakik.com\/wp-content\/uploads\/2026\/01\/7-416.png","width":1280,"height":720},{"@type":"BreadcrumbList","@id":"https:\/\/kibrisdakik.com\/?p=103117#breadcrumb","itemListElement":[{"@type":"ListItem","position":1,"name":"Home","item":"https:\/\/kibrisdakik.com\/"},{"@type":"ListItem","position":2,"name":"ARIKLI: B\u0130Z H\u00dcK\u00dcMETTE KALMAKTAN OLDUK\u00c7A MEMNUNUZ"}]},{"@type":"WebSite","@id":"https:\/\/kibrisdakik.com\/#website","url":"https:\/\/kibrisdakik.com\/","name":"","description":"Tam vaktinde haber","potentialAction":[{"@type":"SearchAction","target":{"@type":"EntryPoint","urlTemplate":"https:\/\/kibrisdakik.com\/?s={search_term_string}"},"query-input":{"@type":"PropertyValueSpecification","valueRequired":true,"valueName":"search_term_string"}}],"inLanguage":"tr"},{"@type":"Person","@id":"https:\/\/kibrisdakik.com\/#\/schema\/person\/9cd9d437bbb44f72b73ba127e06d8e79","name":"admin","image":{"@type":"ImageObject","inLanguage":"tr","@id":"https:\/\/secure.gravatar.com\/avatar\/ccc17943b9d660506c869530f897617f7cb1c21a4bf30023f252596d83e1f007?s=96&d=mm&r=g","url":"https:\/\/secure.gravatar.com\/avatar\/ccc17943b9d660506c869530f897617f7cb1c21a4bf30023f252596d83e1f007?s=96&d=mm&r=g","contentUrl":"https:\/\/secure.gravatar.com\/avatar\/ccc17943b9d660506c869530f897617f7cb1c21a4bf30023f252596d83e1f007?s=96&d=mm&r=g","caption":"admin"},"sameAs":["https:\/\/kibrisdakik.com"],"url":"https:\/\/kibrisdakik.com\/?author=1"}]}},"_links":{"self":[{"href":"https:\/\/kibrisdakik.com\/index.php?rest_route=\/wp\/v2\/posts\/103117","targetHints":{"allow":["GET"]}}],"collection":[{"href":"https:\/\/kibrisdakik.com\/index.php?rest_route=\/wp\/v2\/posts"}],"about":[{"href":"https:\/\/kibrisdakik.com\/index.php?rest_route=\/wp\/v2\/types\/post"}],"author":[{"embeddable":true,"href":"https:\/\/kibrisdakik.com\/index.php?rest_route=\/wp\/v2\/users\/1"}],"replies":[{"embeddable":true,"href":"https:\/\/kibrisdakik.com\/index.php?rest_route=%2Fwp%2Fv2%2Fcomments&post=103117"}],"version-history":[{"count":0,"href":"https:\/\/kibrisdakik.com\/index.php?rest_route=\/wp\/v2\/posts\/103117\/revisions"}],"wp:featuredmedia":[{"embeddable":true,"href":"https:\/\/kibrisdakik.com\/index.php?rest_route=\/wp\/v2\/media\/103118"}],"wp:attachment":[{"href":"https:\/\/kibrisdakik.com\/index.php?rest_route=%2Fwp%2Fv2%2Fmedia&parent=103117"}],"wp:term":[{"taxonomy":"category","embeddable":true,"href":"https:\/\/kibrisdakik.com\/index.php?rest_route=%2Fwp%2Fv2%2Fcategories&post=103117"},{"taxonomy":"post_tag","embeddable":true,"href":"https:\/\/kibrisdakik.com\/index.php?rest_route=%2Fwp%2Fv2%2Ftags&post=103117"}],"curies":[{"name":"wp","href":"https:\/\/api.w.org\/{rel}","templated":true}]}}