{"id":103239,"date":"2026-01-03T12:10:00","date_gmt":"2026-01-03T10:10:00","guid":{"rendered":"https:\/\/kibrisdakik.com\/index.php\/2026\/01\/03\/trump-maduro-ile-esi-yakalanarak-ulke-disina-cikarildi\/"},"modified":"2026-01-03T12:10:00","modified_gmt":"2026-01-03T10:10:00","slug":"trump-maduro-ile-esi-yakalanarak-ulke-disina-cikarildi","status":"publish","type":"post","link":"https:\/\/kibrisdakik.com\/?p=103239","title":{"rendered":"TRUMP: &quot;MADURO \u0130LE E\u015e\u0130 YAKALANARAK \u00dcLKE DI\u015eINA \u00c7IKARILDI&quot;"},"content":{"rendered":"<p><\/p>\n<div data-text-id=\"193061\" property=\"articleBody\">\n<p>ABD Ba\u015fkan\u0131 Donald Trump, &#8220;ABD, Venezuela ve lideri Ba\u015fkan Nicolas Maduro&#8217;ya kar\u015f\u0131 b\u00fcy\u00fck \u00e7apl\u0131 bir sald\u0131r\u0131 d\u00fczenlemi\u015f ve Maduro ile e\u015fi yakalanarak \u00fclke d\u0131\u015f\u0131na \u00e7\u0131kar\u0131lm\u0131\u015ft\u0131r.&#8221; ifadesini kulland\u0131.<\/p>\n<p>Trump, Truth Social hesab\u0131ndan yapt\u0131\u011f\u0131 payla\u015f\u0131mda, Venezuela&#8217;ya d\u00fczenlenen sald\u0131r\u0131lar\u0131n ABD taraf\u0131ndan yap\u0131ld\u0131\u011f\u0131n\u0131 a\u00e7\u0131klad\u0131.<\/p>\n<p>Bu operasyonun, ABD kolluk kuvvetleriyle i\u015fbirli\u011fi i\u00e7inde d\u00fczenlendi\u011fini belirten Trump, \u015funlar\u0131 kaydetti:<\/p>\n<p>&#8220;ABD, Venezuela ve lideri Ba\u015fkan Nicolas Maduro&#8217;ya kar\u015f\u0131 b\u00fcy\u00fck \u00e7apl\u0131 bir sald\u0131r\u0131 d\u00fczenlemi\u015f ve Maduro ile e\u015fi yakalanarak \u00fclke d\u0131\u015f\u0131na \u00e7\u0131kar\u0131lm\u0131\u015ft\u0131r.&#8221;<\/p>\n<p>Trump ayr\u0131ca, yerel saatle 11.00&#8217;de Florida&#8217;daki Mar-a-Lago malikanesinde bas\u0131n toplant\u0131s\u0131 d\u00fczenlenece\u011fini bildirdi.<\/p>\n<p>&#8211; CBS News: Trump, Venezuela&#8217;da baz\u0131 hedeflere sald\u0131r\u0131 emri verdi<\/p>\n<p>ABD&#8217;de yay\u0131n yapan CBS News, ABD Ba\u015fkan\u0131 Donald Trump&#8217;\u0131n, Venezuela&#8217;da bulunan askeri tesisler dahil olmak \u00fczere baz\u0131 hedeflere sald\u0131r\u0131 emri verdi\u011fini belirtti.<\/p>\n<p>CBS News&#8217;a konu\u015fan ve g\u00fcvenlik gerek\u00e7eleriyle isimlerinin a\u00e7\u0131klanmas\u0131n\u0131 istemeyen iki ABD&#8217;li yetkili, Venezuela&#8217;da askeri tesislere y\u00f6nelik sald\u0131r\u0131lar\u0131n Trump&#8217;\u0131n emri \u00fczerine d\u00fczenlendi\u011fini iddia etti.<\/p>\n<p>Sald\u0131r\u0131lar\u0131n Noel g\u00fcn\u00fc ger\u00e7ekle\u015ftirilmesinin de\u011ferlendirildi\u011fini belirten yetkililer, Nijerya&#8217;da ter\u00f6r \u00f6rg\u00fct\u00fc DEA\u015e hedeflerine y\u00f6nelik ABD hava sald\u0131r\u0131lar\u0131n\u0131n \u00f6ncelik kazanmas\u0131 nedeniyle bu plan\u0131n ertelendi\u011fini ileri s\u00fcrd\u00fc.<\/p>\n<p>Yetkililer ayr\u0131ca, Noel sonras\u0131ndaki g\u00fcnlerde olumsuz hava ko\u015fullar\u0131 nedeniyle harekat\u0131n bir s\u00fcre bekletildi\u011fini savundu.<\/p>\n<p>Venezuela&#8217;n\u0131n ba\u015fkenti Caracas&#8217;ta patlama sesleri duyulmu\u015ftu.<\/p>\n<p>Venezuela h\u00fck\u00fcmetinden yap\u0131lan a\u00e7\u0131klamada, sald\u0131r\u0131lardan ABD sorumlu tutulmu\u015f ve Devlet Ba\u015fkan\u0131 Nicolas Maduro&#8217;nun, \u00fclke genelinde &#8220;d\u0131\u015f m\u00fcdahaleden kaynaklanan bir ola\u011fan\u00fcst\u00fc durum&#8221; ilan eden kararnameyi imzalad\u0131\u011f\u0131 belirtilmi\u015fti.<\/p>\n<p>-ABD Federal Havac\u0131l\u0131k \u0130daresi, Venezuela hava sahas\u0131nda ABD ticari u\u00e7u\u015flar\u0131n\u0131 durdurdu<\/p>\n<p>ABD Federal Havac\u0131l\u0131k \u0130daresi (FAA), Venezuela&#8217;n\u0131n ba\u015fkenti Caracas&#8217;ta meydana gelen patlamalar sonras\u0131 &#8220;devam eden askeri faaliyetler&#8221; nedeniyle Venezuela hava sahas\u0131nda ABD ticari u\u00e7u\u015flar\u0131n\u0131 yasaklad\u0131.<\/p>\n<p>FAA, Caracas&#8217;ta meydana gelen patlamalar ve Venezuela h\u00fck\u00fcmetinin bu konuda ABD&#8217;yi \u00fclkenin \u00e7e\u015fitli b\u00f6lgelerinde sivil ve askeri tesislere sald\u0131r\u0131 d\u00fczenlemekle su\u00e7lamas\u0131n\u0131n ard\u0131ndan, Venezuela hava sahas\u0131 konusunda a\u00e7\u0131klamada bulundu.<\/p>\n<p>Venezuela hava sahas\u0131nda ABD ticari u\u00e7u\u015flar\u0131n\u0131 yasaklad\u0131\u011f\u0131n\u0131 a\u00e7\u0131klayan FAA, bu karar i\u00e7in &#8220;devam eden askeri faaliyetleri&#8221; neden g\u00f6sterdi.<\/p>\n<p>-K\u00fcba, ABD&#8217;yi k\u0131nad\u0131<\/p>\n<p>K\u00fcba Devlet Ba\u015fkan\u0131 Miguel Diaz-Canel de Amerikan X \u015firketinin sosyal medya platformundan yapt\u0131\u011f\u0131 a\u00e7\u0131klamada, hava sald\u0131r\u0131lar\u0131na maruz kalan Venezuela&#8217;ya destek \u00e7\u0131kt\u0131.<\/p>\n<p>K\u00fcba Devlet Ba\u015fkan\u0131 Diaz-Canel &#8220;K\u00fcba, ABD&#8217;nin Venezuela&#8217;ya kar\u015f\u0131 su\u00e7 te\u015fkil eden sald\u0131r\u0131s\u0131n\u0131 k\u0131n\u0131yor ve uluslararas\u0131 toplumdan acil bir tepki talep ediyor.&#8221; ifadesini kulland\u0131.<\/p>\n<p>Bar\u0131\u015f\u00e7\u0131l bir b\u00f6lgenin vah\u015fi sald\u0131r\u0131lara u\u011frad\u0131\u011f\u0131na dikkati \u00e7eken Diaz-Canel, ABD&#8217;yi &#8220;Venezuela halk\u0131na ve Amerika k\u0131tas\u0131na kar\u015f\u0131 devlet ter\u00f6r\u00fc uygulamakla&#8221; su\u00e7lad\u0131.<\/p>\n<\/p><\/div>\n","protected":false},"excerpt":{"rendered":"<p>ABD Ba\u015fkan\u0131 Donald Trump, &#8220;ABD, Venezuela ve lideri Ba\u015fkan Nicolas Maduro&#8217;ya kar\u015f\u0131 b\u00fcy\u00fck \u00e7apl\u0131 bir sald\u0131r\u0131 d\u00fczenlemi\u015f ve Maduro ile e\u015fi yakalanarak \u00fclke d\u0131\u015f\u0131na \u00e7\u0131kar\u0131lm\u0131\u015ft\u0131r.&#8221; ifadesini kulland\u0131. Trump, Truth Social hesab\u0131ndan yapt\u0131\u011f\u0131 payla\u015f\u0131mda, Venezuela&#8217;ya d\u00fczenlenen sald\u0131r\u0131lar\u0131n ABD taraf\u0131ndan yap\u0131ld\u0131\u011f\u0131n\u0131 a\u00e7\u0131klad\u0131. Bu operasyonun, ABD kolluk kuvvetleriyle i\u015fbirli\u011fi i\u00e7inde d\u00fczenlendi\u011fini belirten Trump, \u015funlar\u0131 kaydetti: &#8220;ABD, Venezuela ve<\/p>\n","protected":false},"author":1,"featured_media":103240,"comment_status":"open","ping_status":"open","sticky":false,"template":"","format":"standard","meta":{"footnotes":""},"categories":[81],"tags":[],"class_list":["post-103239","post","type-post","status-publish","format-standard","has-post-thumbnail","hentry","category-kibris"],"yoast_head":"<!-- This site is optimized with the Yoast SEO plugin v27.5 - https:\/\/yoast.com\/product\/yoast-seo-wordpress\/ -->\n<title>TRUMP: &quot;MADURO \u0130LE E\u015e\u0130 YAKALANARAK \u00dcLKE DI\u015eINA \u00c7IKARILDI&quot; -<\/title>\n<meta name=\"robots\" content=\"index, follow, max-snippet:-1, max-image-preview:large, max-video-preview:-1\" \/>\n<link rel=\"canonical\" href=\"https:\/\/kibrisdakik.com\/?p=103239\" \/>\n<meta property=\"og:locale\" content=\"tr_TR\" \/>\n<meta property=\"og:type\" content=\"article\" \/>\n<meta property=\"og:title\" content=\"TRUMP: &quot;MADURO \u0130LE E\u015e\u0130 YAKALANARAK \u00dcLKE DI\u015eINA \u00c7IKARILDI&quot; -\" \/>\n<meta property=\"og:description\" content=\"ABD Ba\u015fkan\u0131 Donald Trump, &#8220;ABD, Venezuela ve lideri Ba\u015fkan Nicolas Maduro&#8217;ya kar\u015f\u0131 b\u00fcy\u00fck \u00e7apl\u0131 bir sald\u0131r\u0131 d\u00fczenlemi\u015f ve Maduro ile e\u015fi yakalanarak \u00fclke d\u0131\u015f\u0131na \u00e7\u0131kar\u0131lm\u0131\u015ft\u0131r.&#8221; ifadesini kulland\u0131. Trump, Truth Social hesab\u0131ndan yapt\u0131\u011f\u0131 payla\u015f\u0131mda, Venezuela&#8217;ya d\u00fczenlenen sald\u0131r\u0131lar\u0131n ABD taraf\u0131ndan yap\u0131ld\u0131\u011f\u0131n\u0131 a\u00e7\u0131klad\u0131. Bu operasyonun, ABD kolluk kuvvetleriyle i\u015fbirli\u011fi i\u00e7inde d\u00fczenlendi\u011fini belirten Trump, \u015funlar\u0131 kaydetti: &#8220;ABD, Venezuela ve\" \/>\n<meta property=\"og:url\" content=\"https:\/\/kibrisdakik.com\/?p=103239\" \/>\n<meta property=\"article:published_time\" content=\"2026-01-03T10:10:00+00:00\" \/>\n<meta property=\"og:image\" content=\"https:\/\/kibrisdakik.com\/wp-content\/uploads\/2026\/01\/mha-sari-beyaz-2083.png\" \/>\n\t<meta property=\"og:image:width\" content=\"1280\" \/>\n\t<meta property=\"og:image:height\" content=\"720\" \/>\n\t<meta property=\"og:image:type\" content=\"image\/png\" \/>\n<meta name=\"author\" content=\"admin\" \/>\n<meta name=\"twitter:card\" content=\"summary_large_image\" \/>\n<meta name=\"twitter:label1\" content=\"Yazan:\" \/>\n\t<meta name=\"twitter:data1\" content=\"admin\" \/>\n\t<meta name=\"twitter:label2\" content=\"Tahmini okuma s\u00fcresi\" \/>\n\t<meta name=\"twitter:data2\" content=\"3 dakika\" \/>\n<script type=\"application\/ld+json\" class=\"yoast-schema-graph\">{\"@context\":\"https:\\\/\\\/schema.org\",\"@graph\":[{\"@type\":\"Article\",\"@id\":\"https:\\\/\\\/kibrisdakik.com\\\/?p=103239#article\",\"isPartOf\":{\"@id\":\"https:\\\/\\\/kibrisdakik.com\\\/?p=103239\"},\"author\":{\"name\":\"admin\",\"@id\":\"https:\\\/\\\/kibrisdakik.com\\\/#\\\/schema\\\/person\\\/9cd9d437bbb44f72b73ba127e06d8e79\"},\"headline\":\"TRUMP: &quot;MADURO \u0130LE E\u015e\u0130 YAKALANARAK \u00dcLKE DI\u015eINA \u00c7IKARILDI&quot;\",\"datePublished\":\"2026-01-03T10:10:00+00:00\",\"mainEntityOfPage\":{\"@id\":\"https:\\\/\\\/kibrisdakik.com\\\/?p=103239\"},\"wordCount\":529,\"commentCount\":0,\"image\":{\"@id\":\"https:\\\/\\\/kibrisdakik.com\\\/?p=103239#primaryimage\"},\"thumbnailUrl\":\"https:\\\/\\\/kibrisdakik.com\\\/wp-content\\\/uploads\\\/2026\\\/01\\\/mha-sari-beyaz-2083.png\",\"articleSection\":[\"K\u0131br\u0131s\"],\"inLanguage\":\"tr\",\"potentialAction\":[{\"@type\":\"CommentAction\",\"name\":\"Comment\",\"target\":[\"https:\\\/\\\/kibrisdakik.com\\\/?p=103239#respond\"]}]},{\"@type\":\"WebPage\",\"@id\":\"https:\\\/\\\/kibrisdakik.com\\\/?p=103239\",\"url\":\"https:\\\/\\\/kibrisdakik.com\\\/?p=103239\",\"name\":\"TRUMP: &quot;MADURO \u0130LE E\u015e\u0130 YAKALANARAK \u00dcLKE DI\u015eINA \u00c7IKARILDI&quot; -\",\"isPartOf\":{\"@id\":\"https:\\\/\\\/kibrisdakik.com\\\/#website\"},\"primaryImageOfPage\":{\"@id\":\"https:\\\/\\\/kibrisdakik.com\\\/?p=103239#primaryimage\"},\"image\":{\"@id\":\"https:\\\/\\\/kibrisdakik.com\\\/?p=103239#primaryimage\"},\"thumbnailUrl\":\"https:\\\/\\\/kibrisdakik.com\\\/wp-content\\\/uploads\\\/2026\\\/01\\\/mha-sari-beyaz-2083.png\",\"datePublished\":\"2026-01-03T10:10:00+00:00\",\"author\":{\"@id\":\"https:\\\/\\\/kibrisdakik.com\\\/#\\\/schema\\\/person\\\/9cd9d437bbb44f72b73ba127e06d8e79\"},\"breadcrumb\":{\"@id\":\"https:\\\/\\\/kibrisdakik.com\\\/?p=103239#breadcrumb\"},\"inLanguage\":\"tr\",\"potentialAction\":[{\"@type\":\"ReadAction\",\"target\":[\"https:\\\/\\\/kibrisdakik.com\\\/?p=103239\"]}]},{\"@type\":\"ImageObject\",\"inLanguage\":\"tr\",\"@id\":\"https:\\\/\\\/kibrisdakik.com\\\/?p=103239#primaryimage\",\"url\":\"https:\\\/\\\/kibrisdakik.com\\\/wp-content\\\/uploads\\\/2026\\\/01\\\/mha-sari-beyaz-2083.png\",\"contentUrl\":\"https:\\\/\\\/kibrisdakik.com\\\/wp-content\\\/uploads\\\/2026\\\/01\\\/mha-sari-beyaz-2083.png\",\"width\":1280,\"height\":720},{\"@type\":\"BreadcrumbList\",\"@id\":\"https:\\\/\\\/kibrisdakik.com\\\/?p=103239#breadcrumb\",\"itemListElement\":[{\"@type\":\"ListItem\",\"position\":1,\"name\":\"Home\",\"item\":\"https:\\\/\\\/kibrisdakik.com\\\/\"},{\"@type\":\"ListItem\",\"position\":2,\"name\":\"TRUMP: &quot;MADURO \u0130LE E\u015e\u0130 YAKALANARAK \u00dcLKE DI\u015eINA \u00c7IKARILDI&quot;\"}]},{\"@type\":\"WebSite\",\"@id\":\"https:\\\/\\\/kibrisdakik.com\\\/#website\",\"url\":\"https:\\\/\\\/kibrisdakik.com\\\/\",\"name\":\"\",\"description\":\"Tam vaktinde haber\",\"potentialAction\":[{\"@type\":\"SearchAction\",\"target\":{\"@type\":\"EntryPoint\",\"urlTemplate\":\"https:\\\/\\\/kibrisdakik.com\\\/?s={search_term_string}\"},\"query-input\":{\"@type\":\"PropertyValueSpecification\",\"valueRequired\":true,\"valueName\":\"search_term_string\"}}],\"inLanguage\":\"tr\"},{\"@type\":\"Person\",\"@id\":\"https:\\\/\\\/kibrisdakik.com\\\/#\\\/schema\\\/person\\\/9cd9d437bbb44f72b73ba127e06d8e79\",\"name\":\"admin\",\"image\":{\"@type\":\"ImageObject\",\"inLanguage\":\"tr\",\"@id\":\"https:\\\/\\\/secure.gravatar.com\\\/avatar\\\/ccc17943b9d660506c869530f897617f7cb1c21a4bf30023f252596d83e1f007?s=96&d=mm&r=g\",\"url\":\"https:\\\/\\\/secure.gravatar.com\\\/avatar\\\/ccc17943b9d660506c869530f897617f7cb1c21a4bf30023f252596d83e1f007?s=96&d=mm&r=g\",\"contentUrl\":\"https:\\\/\\\/secure.gravatar.com\\\/avatar\\\/ccc17943b9d660506c869530f897617f7cb1c21a4bf30023f252596d83e1f007?s=96&d=mm&r=g\",\"caption\":\"admin\"},\"sameAs\":[\"https:\\\/\\\/kibrisdakik.com\"],\"url\":\"https:\\\/\\\/kibrisdakik.com\\\/?author=1\"}]}<\/script>\n<!-- \/ Yoast SEO plugin. -->","yoast_head_json":{"title":"TRUMP: &quot;MADURO \u0130LE E\u015e\u0130 YAKALANARAK \u00dcLKE DI\u015eINA \u00c7IKARILDI&quot; -","robots":{"index":"index","follow":"follow","max-snippet":"max-snippet:-1","max-image-preview":"max-image-preview:large","max-video-preview":"max-video-preview:-1"},"canonical":"https:\/\/kibrisdakik.com\/?p=103239","og_locale":"tr_TR","og_type":"article","og_title":"TRUMP: &quot;MADURO \u0130LE E\u015e\u0130 YAKALANARAK \u00dcLKE DI\u015eINA \u00c7IKARILDI&quot; -","og_description":"ABD Ba\u015fkan\u0131 Donald Trump, &#8220;ABD, Venezuela ve lideri Ba\u015fkan Nicolas Maduro&#8217;ya kar\u015f\u0131 b\u00fcy\u00fck \u00e7apl\u0131 bir sald\u0131r\u0131 d\u00fczenlemi\u015f ve Maduro ile e\u015fi yakalanarak \u00fclke d\u0131\u015f\u0131na \u00e7\u0131kar\u0131lm\u0131\u015ft\u0131r.&#8221; ifadesini kulland\u0131. Trump, Truth Social hesab\u0131ndan yapt\u0131\u011f\u0131 payla\u015f\u0131mda, Venezuela&#8217;ya d\u00fczenlenen sald\u0131r\u0131lar\u0131n ABD taraf\u0131ndan yap\u0131ld\u0131\u011f\u0131n\u0131 a\u00e7\u0131klad\u0131. Bu operasyonun, ABD kolluk kuvvetleriyle i\u015fbirli\u011fi i\u00e7inde d\u00fczenlendi\u011fini belirten Trump, \u015funlar\u0131 kaydetti: &#8220;ABD, Venezuela ve","og_url":"https:\/\/kibrisdakik.com\/?p=103239","article_published_time":"2026-01-03T10:10:00+00:00","og_image":[{"width":1280,"height":720,"url":"https:\/\/kibrisdakik.com\/wp-content\/uploads\/2026\/01\/mha-sari-beyaz-2083.png","type":"image\/png"}],"author":"admin","twitter_card":"summary_large_image","twitter_misc":{"Yazan:":"admin","Tahmini okuma s\u00fcresi":"3 dakika"},"schema":{"@context":"https:\/\/schema.org","@graph":[{"@type":"Article","@id":"https:\/\/kibrisdakik.com\/?p=103239#article","isPartOf":{"@id":"https:\/\/kibrisdakik.com\/?p=103239"},"author":{"name":"admin","@id":"https:\/\/kibrisdakik.com\/#\/schema\/person\/9cd9d437bbb44f72b73ba127e06d8e79"},"headline":"TRUMP: &quot;MADURO \u0130LE E\u015e\u0130 YAKALANARAK \u00dcLKE DI\u015eINA \u00c7IKARILDI&quot;","datePublished":"2026-01-03T10:10:00+00:00","mainEntityOfPage":{"@id":"https:\/\/kibrisdakik.com\/?p=103239"},"wordCount":529,"commentCount":0,"image":{"@id":"https:\/\/kibrisdakik.com\/?p=103239#primaryimage"},"thumbnailUrl":"https:\/\/kibrisdakik.com\/wp-content\/uploads\/2026\/01\/mha-sari-beyaz-2083.png","articleSection":["K\u0131br\u0131s"],"inLanguage":"tr","potentialAction":[{"@type":"CommentAction","name":"Comment","target":["https:\/\/kibrisdakik.com\/?p=103239#respond"]}]},{"@type":"WebPage","@id":"https:\/\/kibrisdakik.com\/?p=103239","url":"https:\/\/kibrisdakik.com\/?p=103239","name":"TRUMP: &quot;MADURO \u0130LE E\u015e\u0130 YAKALANARAK \u00dcLKE DI\u015eINA \u00c7IKARILDI&quot; -","isPartOf":{"@id":"https:\/\/kibrisdakik.com\/#website"},"primaryImageOfPage":{"@id":"https:\/\/kibrisdakik.com\/?p=103239#primaryimage"},"image":{"@id":"https:\/\/kibrisdakik.com\/?p=103239#primaryimage"},"thumbnailUrl":"https:\/\/kibrisdakik.com\/wp-content\/uploads\/2026\/01\/mha-sari-beyaz-2083.png","datePublished":"2026-01-03T10:10:00+00:00","author":{"@id":"https:\/\/kibrisdakik.com\/#\/schema\/person\/9cd9d437bbb44f72b73ba127e06d8e79"},"breadcrumb":{"@id":"https:\/\/kibrisdakik.com\/?p=103239#breadcrumb"},"inLanguage":"tr","potentialAction":[{"@type":"ReadAction","target":["https:\/\/kibrisdakik.com\/?p=103239"]}]},{"@type":"ImageObject","inLanguage":"tr","@id":"https:\/\/kibrisdakik.com\/?p=103239#primaryimage","url":"https:\/\/kibrisdakik.com\/wp-content\/uploads\/2026\/01\/mha-sari-beyaz-2083.png","contentUrl":"https:\/\/kibrisdakik.com\/wp-content\/uploads\/2026\/01\/mha-sari-beyaz-2083.png","width":1280,"height":720},{"@type":"BreadcrumbList","@id":"https:\/\/kibrisdakik.com\/?p=103239#breadcrumb","itemListElement":[{"@type":"ListItem","position":1,"name":"Home","item":"https:\/\/kibrisdakik.com\/"},{"@type":"ListItem","position":2,"name":"TRUMP: &quot;MADURO \u0130LE E\u015e\u0130 YAKALANARAK \u00dcLKE DI\u015eINA \u00c7IKARILDI&quot;"}]},{"@type":"WebSite","@id":"https:\/\/kibrisdakik.com\/#website","url":"https:\/\/kibrisdakik.com\/","name":"","description":"Tam vaktinde haber","potentialAction":[{"@type":"SearchAction","target":{"@type":"EntryPoint","urlTemplate":"https:\/\/kibrisdakik.com\/?s={search_term_string}"},"query-input":{"@type":"PropertyValueSpecification","valueRequired":true,"valueName":"search_term_string"}}],"inLanguage":"tr"},{"@type":"Person","@id":"https:\/\/kibrisdakik.com\/#\/schema\/person\/9cd9d437bbb44f72b73ba127e06d8e79","name":"admin","image":{"@type":"ImageObject","inLanguage":"tr","@id":"https:\/\/secure.gravatar.com\/avatar\/ccc17943b9d660506c869530f897617f7cb1c21a4bf30023f252596d83e1f007?s=96&d=mm&r=g","url":"https:\/\/secure.gravatar.com\/avatar\/ccc17943b9d660506c869530f897617f7cb1c21a4bf30023f252596d83e1f007?s=96&d=mm&r=g","contentUrl":"https:\/\/secure.gravatar.com\/avatar\/ccc17943b9d660506c869530f897617f7cb1c21a4bf30023f252596d83e1f007?s=96&d=mm&r=g","caption":"admin"},"sameAs":["https:\/\/kibrisdakik.com"],"url":"https:\/\/kibrisdakik.com\/?author=1"}]}},"_links":{"self":[{"href":"https:\/\/kibrisdakik.com\/index.php?rest_route=\/wp\/v2\/posts\/103239","targetHints":{"allow":["GET"]}}],"collection":[{"href":"https:\/\/kibrisdakik.com\/index.php?rest_route=\/wp\/v2\/posts"}],"about":[{"href":"https:\/\/kibrisdakik.com\/index.php?rest_route=\/wp\/v2\/types\/post"}],"author":[{"embeddable":true,"href":"https:\/\/kibrisdakik.com\/index.php?rest_route=\/wp\/v2\/users\/1"}],"replies":[{"embeddable":true,"href":"https:\/\/kibrisdakik.com\/index.php?rest_route=%2Fwp%2Fv2%2Fcomments&post=103239"}],"version-history":[{"count":0,"href":"https:\/\/kibrisdakik.com\/index.php?rest_route=\/wp\/v2\/posts\/103239\/revisions"}],"wp:featuredmedia":[{"embeddable":true,"href":"https:\/\/kibrisdakik.com\/index.php?rest_route=\/wp\/v2\/media\/103240"}],"wp:attachment":[{"href":"https:\/\/kibrisdakik.com\/index.php?rest_route=%2Fwp%2Fv2%2Fmedia&parent=103239"}],"wp:term":[{"taxonomy":"category","embeddable":true,"href":"https:\/\/kibrisdakik.com\/index.php?rest_route=%2Fwp%2Fv2%2Fcategories&post=103239"},{"taxonomy":"post_tag","embeddable":true,"href":"https:\/\/kibrisdakik.com\/index.php?rest_route=%2Fwp%2Fv2%2Ftags&post=103239"}],"curies":[{"name":"wp","href":"https:\/\/api.w.org\/{rel}","templated":true}]}}