{"id":10326,"date":"2023-07-13T17:51:06","date_gmt":"2023-07-13T17:51:06","guid":{"rendered":"https:\/\/kibrisdakik.com\/index.php\/2023\/07\/13\/insan-haklari-dernegi-bm-guvenlik-konseyini-elestirdi\/"},"modified":"2023-07-13T17:51:06","modified_gmt":"2023-07-13T17:51:06","slug":"insan-haklari-dernegi-bm-guvenlik-konseyini-elestirdi","status":"publish","type":"post","link":"https:\/\/kibrisdakik.com\/?p=10326","title":{"rendered":"\u0130nsan Haklar\u0131 Derne\u011fi, BM G\u00fcvenlik Konseyi\u2019ni ele\u015ftirdi"},"content":{"rendered":"<p><\/p>\n<div>\n<div class=\"mariselle-image-container center\">\n                <img width=\"610\" height=\"837\" class=\"lazy-image\" alt=\"\" decoding=\"async\" loading=\"lazy\" sizes=\"auto, (max-width: 610px) 100vw, 610px\" src=\"https:\/\/brtk.net\/wp-content\/uploads\/2023\/07\/13\/hasan-yilmaz-isik26.jpg?ver=bc8b7a2c7bf002b067032281414d62ac\" srcset=\"https:\/\/brtk.net\/wp-content\/uploads\/2023\/07\/13\/hasan-yilmaz-isik26.jpg?ver=bc8b7a2c7bf002b067032281414d62ac 610w, https:\/\/brtk.net\/wp-content\/uploads\/2023\/07\/13\/hasan-yilmaz-isik26-219x300.jpg?ver=d179d5e65d6cdd30feb958bca6090d4d 219w\"\/>                            <\/div>\n<p><a href=\"https:\/\/brtk.net\/\">KKTC<\/a> \u0130nsan Haklar\u0131 Derne\u011fi Ba\u015fkan\u0131 Hasan Y\u0131lmaz I\u015f\u0131k, Birle\u015fmi\u015f Milletler G\u00fcvenlik Konseyi\u2019ni federal temelde \u00e7\u00f6z\u00fcm i\u00e7in \u00e7a\u011fr\u0131 yapan a\u00e7\u0131klamas\u0131nda dolay\u0131 ele\u015ftirdi.<\/p>\n<p>I\u015f\u0131k a\u00e7\u0131klamas\u0131nda, G\u00fcvenlik Konseyinin federal temelde \u00e7\u00f6z\u00fcm bulmak maksad\u0131yla taraflara yapt\u0131\u011f\u0131 masaya d\u00f6nme \u00e7a\u011fr\u0131s\u0131n\u0131n, K\u0131br\u0131s Cumhuriyeti Anayasas\u0131 ve uluslararas\u0131 anla\u015fmalar\u0131n K\u0131br\u0131s Rumlara tek ba\u015f\u0131na h\u00fck\u00fcmet kurma hakk\u0131 tan\u0131mamas\u0131n\u0131, g\u00f6r\u00fc\u015fmeler yolu ile me\u015fru k\u0131lmak anlam\u0131na geldi\u011fini kaydetti.<\/p>\n<p>K\u0131br\u0131s sorununa \u00e7\u00f6z\u00fcm bulmak i\u00e7in Birle\u015fmi\u015f Milletlerin \u00f6ncelikle K\u0131br\u0131sl\u0131 T\u00fcrklere uygulad\u0131\u011f\u0131 ambargoyu kald\u0131rmas\u0131 gerekti\u011fini kaydeden I\u015f\u0131k, <a href=\"https:\/\/brtk.net\/\">KKTC<\/a>\u2019nin tan\u0131nmas\u0131 tek \u00e7\u00f6z\u00fcm se\u00e7ene\u011fi oldu\u011funu ifade etti.<\/p>\n<\/p><\/div>\n<p><script async\n                    defer\n                    crossorigin=\"anonymous\"\n                    src=\"https:\/\/connect.facebook.net\/tr_TR\/sdk.js#xfbml=1&#038;version=v3.3\"\n            ><\/script><\/p>\n","protected":false},"excerpt":{"rendered":"<p>KKTC \u0130nsan Haklar\u0131 Derne\u011fi Ba\u015fkan\u0131 Hasan Y\u0131lmaz I\u015f\u0131k, Birle\u015fmi\u015f Milletler G\u00fcvenlik Konseyi\u2019ni federal temelde \u00e7\u00f6z\u00fcm i\u00e7in \u00e7a\u011fr\u0131 yapan a\u00e7\u0131klamas\u0131nda dolay\u0131 ele\u015ftirdi. I\u015f\u0131k a\u00e7\u0131klamas\u0131nda, G\u00fcvenlik Konseyinin federal temelde \u00e7\u00f6z\u00fcm bulmak maksad\u0131yla taraflara yapt\u0131\u011f\u0131 masaya d\u00f6nme \u00e7a\u011fr\u0131s\u0131n\u0131n, K\u0131br\u0131s Cumhuriyeti Anayasas\u0131 ve uluslararas\u0131 anla\u015fmalar\u0131n K\u0131br\u0131s Rumlara tek ba\u015f\u0131na h\u00fck\u00fcmet kurma hakk\u0131 tan\u0131mamas\u0131n\u0131, g\u00f6r\u00fc\u015fmeler yolu ile me\u015fru k\u0131lmak anlam\u0131na<\/p>\n","protected":false},"author":1,"featured_media":10327,"comment_status":"open","ping_status":"open","sticky":false,"template":"","format":"standard","meta":{"footnotes":""},"categories":[1],"tags":[],"class_list":["post-10326","post","type-post","status-publish","format-standard","has-post-thumbnail","hentry","category-gundem"],"yoast_head":"<!-- This site is optimized with the Yoast SEO plugin v27.5 - https:\/\/yoast.com\/product\/yoast-seo-wordpress\/ -->\n<title>\u0130nsan Haklar\u0131 Derne\u011fi, BM G\u00fcvenlik Konseyi\u2019ni ele\u015ftirdi -<\/title>\n<meta name=\"robots\" content=\"index, follow, max-snippet:-1, max-image-preview:large, max-video-preview:-1\" \/>\n<link rel=\"canonical\" href=\"https:\/\/kibrisdakik.com\/?p=10326\" \/>\n<meta property=\"og:locale\" content=\"tr_TR\" \/>\n<meta property=\"og:type\" content=\"article\" \/>\n<meta property=\"og:title\" content=\"\u0130nsan Haklar\u0131 Derne\u011fi, BM G\u00fcvenlik Konseyi\u2019ni ele\u015ftirdi -\" \/>\n<meta property=\"og:description\" content=\"KKTC \u0130nsan Haklar\u0131 Derne\u011fi Ba\u015fkan\u0131 Hasan Y\u0131lmaz I\u015f\u0131k, Birle\u015fmi\u015f Milletler G\u00fcvenlik Konseyi\u2019ni federal temelde \u00e7\u00f6z\u00fcm i\u00e7in \u00e7a\u011fr\u0131 yapan a\u00e7\u0131klamas\u0131nda dolay\u0131 ele\u015ftirdi. I\u015f\u0131k a\u00e7\u0131klamas\u0131nda, G\u00fcvenlik Konseyinin federal temelde \u00e7\u00f6z\u00fcm bulmak maksad\u0131yla taraflara yapt\u0131\u011f\u0131 masaya d\u00f6nme \u00e7a\u011fr\u0131s\u0131n\u0131n, K\u0131br\u0131s Cumhuriyeti Anayasas\u0131 ve uluslararas\u0131 anla\u015fmalar\u0131n K\u0131br\u0131s Rumlara tek ba\u015f\u0131na h\u00fck\u00fcmet kurma hakk\u0131 tan\u0131mamas\u0131n\u0131, g\u00f6r\u00fc\u015fmeler yolu ile me\u015fru k\u0131lmak anlam\u0131na\" \/>\n<meta property=\"og:url\" content=\"https:\/\/kibrisdakik.com\/?p=10326\" \/>\n<meta property=\"article:published_time\" content=\"2023-07-13T17:51:06+00:00\" \/>\n<meta property=\"og:image\" content=\"https:\/\/kibrisdakik.com\/wp-content\/uploads\/2023\/07\/KKTC-Insan-Haklari-Dernegi-706x420.png\" \/>\n\t<meta property=\"og:image:width\" content=\"706\" \/>\n\t<meta property=\"og:image:height\" content=\"431\" \/>\n\t<meta property=\"og:image:type\" content=\"image\/png\" \/>\n<meta name=\"author\" content=\"admin\" \/>\n<meta name=\"twitter:card\" content=\"summary_large_image\" \/>\n<meta name=\"twitter:label1\" content=\"Yazan:\" \/>\n\t<meta name=\"twitter:data1\" content=\"admin\" \/>\n\t<meta name=\"twitter:label2\" content=\"Tahmini okuma s\u00fcresi\" \/>\n\t<meta name=\"twitter:data2\" content=\"1 dakika\" \/>\n<script type=\"application\/ld+json\" class=\"yoast-schema-graph\">{\"@context\":\"https:\\\/\\\/schema.org\",\"@graph\":[{\"@type\":\"Article\",\"@id\":\"https:\\\/\\\/kibrisdakik.com\\\/?p=10326#article\",\"isPartOf\":{\"@id\":\"https:\\\/\\\/kibrisdakik.com\\\/?p=10326\"},\"author\":{\"name\":\"admin\",\"@id\":\"https:\\\/\\\/kibrisdakik.com\\\/#\\\/schema\\\/person\\\/9cd9d437bbb44f72b73ba127e06d8e79\"},\"headline\":\"\u0130nsan Haklar\u0131 Derne\u011fi, BM G\u00fcvenlik Konseyi\u2019ni ele\u015ftirdi\",\"datePublished\":\"2023-07-13T17:51:06+00:00\",\"mainEntityOfPage\":{\"@id\":\"https:\\\/\\\/kibrisdakik.com\\\/?p=10326\"},\"wordCount\":150,\"commentCount\":0,\"image\":{\"@id\":\"https:\\\/\\\/kibrisdakik.com\\\/?p=10326#primaryimage\"},\"thumbnailUrl\":\"https:\\\/\\\/kibrisdakik.com\\\/wp-content\\\/uploads\\\/2023\\\/07\\\/KKTC-Insan-Haklari-Dernegi-706x420.png\",\"articleSection\":[\"G\u00fcndem\"],\"inLanguage\":\"tr\",\"potentialAction\":[{\"@type\":\"CommentAction\",\"name\":\"Comment\",\"target\":[\"https:\\\/\\\/kibrisdakik.com\\\/?p=10326#respond\"]}]},{\"@type\":\"WebPage\",\"@id\":\"https:\\\/\\\/kibrisdakik.com\\\/?p=10326\",\"url\":\"https:\\\/\\\/kibrisdakik.com\\\/?p=10326\",\"name\":\"\u0130nsan Haklar\u0131 Derne\u011fi, BM G\u00fcvenlik Konseyi\u2019ni ele\u015ftirdi -\",\"isPartOf\":{\"@id\":\"https:\\\/\\\/kibrisdakik.com\\\/#website\"},\"primaryImageOfPage\":{\"@id\":\"https:\\\/\\\/kibrisdakik.com\\\/?p=10326#primaryimage\"},\"image\":{\"@id\":\"https:\\\/\\\/kibrisdakik.com\\\/?p=10326#primaryimage\"},\"thumbnailUrl\":\"https:\\\/\\\/kibrisdakik.com\\\/wp-content\\\/uploads\\\/2023\\\/07\\\/KKTC-Insan-Haklari-Dernegi-706x420.png\",\"datePublished\":\"2023-07-13T17:51:06+00:00\",\"author\":{\"@id\":\"https:\\\/\\\/kibrisdakik.com\\\/#\\\/schema\\\/person\\\/9cd9d437bbb44f72b73ba127e06d8e79\"},\"breadcrumb\":{\"@id\":\"https:\\\/\\\/kibrisdakik.com\\\/?p=10326#breadcrumb\"},\"inLanguage\":\"tr\",\"potentialAction\":[{\"@type\":\"ReadAction\",\"target\":[\"https:\\\/\\\/kibrisdakik.com\\\/?p=10326\"]}]},{\"@type\":\"ImageObject\",\"inLanguage\":\"tr\",\"@id\":\"https:\\\/\\\/kibrisdakik.com\\\/?p=10326#primaryimage\",\"url\":\"https:\\\/\\\/kibrisdakik.com\\\/wp-content\\\/uploads\\\/2023\\\/07\\\/KKTC-Insan-Haklari-Dernegi-706x420.png\",\"contentUrl\":\"https:\\\/\\\/kibrisdakik.com\\\/wp-content\\\/uploads\\\/2023\\\/07\\\/KKTC-Insan-Haklari-Dernegi-706x420.png\",\"width\":706,\"height\":431},{\"@type\":\"BreadcrumbList\",\"@id\":\"https:\\\/\\\/kibrisdakik.com\\\/?p=10326#breadcrumb\",\"itemListElement\":[{\"@type\":\"ListItem\",\"position\":1,\"name\":\"Home\",\"item\":\"https:\\\/\\\/kibrisdakik.com\\\/\"},{\"@type\":\"ListItem\",\"position\":2,\"name\":\"\u0130nsan Haklar\u0131 Derne\u011fi, BM G\u00fcvenlik Konseyi\u2019ni ele\u015ftirdi\"}]},{\"@type\":\"WebSite\",\"@id\":\"https:\\\/\\\/kibrisdakik.com\\\/#website\",\"url\":\"https:\\\/\\\/kibrisdakik.com\\\/\",\"name\":\"\",\"description\":\"Tam vaktinde haber\",\"potentialAction\":[{\"@type\":\"SearchAction\",\"target\":{\"@type\":\"EntryPoint\",\"urlTemplate\":\"https:\\\/\\\/kibrisdakik.com\\\/?s={search_term_string}\"},\"query-input\":{\"@type\":\"PropertyValueSpecification\",\"valueRequired\":true,\"valueName\":\"search_term_string\"}}],\"inLanguage\":\"tr\"},{\"@type\":\"Person\",\"@id\":\"https:\\\/\\\/kibrisdakik.com\\\/#\\\/schema\\\/person\\\/9cd9d437bbb44f72b73ba127e06d8e79\",\"name\":\"admin\",\"image\":{\"@type\":\"ImageObject\",\"inLanguage\":\"tr\",\"@id\":\"https:\\\/\\\/secure.gravatar.com\\\/avatar\\\/ccc17943b9d660506c869530f897617f7cb1c21a4bf30023f252596d83e1f007?s=96&d=mm&r=g\",\"url\":\"https:\\\/\\\/secure.gravatar.com\\\/avatar\\\/ccc17943b9d660506c869530f897617f7cb1c21a4bf30023f252596d83e1f007?s=96&d=mm&r=g\",\"contentUrl\":\"https:\\\/\\\/secure.gravatar.com\\\/avatar\\\/ccc17943b9d660506c869530f897617f7cb1c21a4bf30023f252596d83e1f007?s=96&d=mm&r=g\",\"caption\":\"admin\"},\"sameAs\":[\"https:\\\/\\\/kibrisdakik.com\"],\"url\":\"https:\\\/\\\/kibrisdakik.com\\\/?author=1\"}]}<\/script>\n<!-- \/ Yoast SEO plugin. -->","yoast_head_json":{"title":"\u0130nsan Haklar\u0131 Derne\u011fi, BM G\u00fcvenlik Konseyi\u2019ni ele\u015ftirdi -","robots":{"index":"index","follow":"follow","max-snippet":"max-snippet:-1","max-image-preview":"max-image-preview:large","max-video-preview":"max-video-preview:-1"},"canonical":"https:\/\/kibrisdakik.com\/?p=10326","og_locale":"tr_TR","og_type":"article","og_title":"\u0130nsan Haklar\u0131 Derne\u011fi, BM G\u00fcvenlik Konseyi\u2019ni ele\u015ftirdi -","og_description":"KKTC \u0130nsan Haklar\u0131 Derne\u011fi Ba\u015fkan\u0131 Hasan Y\u0131lmaz I\u015f\u0131k, Birle\u015fmi\u015f Milletler G\u00fcvenlik Konseyi\u2019ni federal temelde \u00e7\u00f6z\u00fcm i\u00e7in \u00e7a\u011fr\u0131 yapan a\u00e7\u0131klamas\u0131nda dolay\u0131 ele\u015ftirdi. I\u015f\u0131k a\u00e7\u0131klamas\u0131nda, G\u00fcvenlik Konseyinin federal temelde \u00e7\u00f6z\u00fcm bulmak maksad\u0131yla taraflara yapt\u0131\u011f\u0131 masaya d\u00f6nme \u00e7a\u011fr\u0131s\u0131n\u0131n, K\u0131br\u0131s Cumhuriyeti Anayasas\u0131 ve uluslararas\u0131 anla\u015fmalar\u0131n K\u0131br\u0131s Rumlara tek ba\u015f\u0131na h\u00fck\u00fcmet kurma hakk\u0131 tan\u0131mamas\u0131n\u0131, g\u00f6r\u00fc\u015fmeler yolu ile me\u015fru k\u0131lmak anlam\u0131na","og_url":"https:\/\/kibrisdakik.com\/?p=10326","article_published_time":"2023-07-13T17:51:06+00:00","og_image":[{"width":706,"height":431,"url":"https:\/\/kibrisdakik.com\/wp-content\/uploads\/2023\/07\/KKTC-Insan-Haklari-Dernegi-706x420.png","type":"image\/png"}],"author":"admin","twitter_card":"summary_large_image","twitter_misc":{"Yazan:":"admin","Tahmini okuma s\u00fcresi":"1 dakika"},"schema":{"@context":"https:\/\/schema.org","@graph":[{"@type":"Article","@id":"https:\/\/kibrisdakik.com\/?p=10326#article","isPartOf":{"@id":"https:\/\/kibrisdakik.com\/?p=10326"},"author":{"name":"admin","@id":"https:\/\/kibrisdakik.com\/#\/schema\/person\/9cd9d437bbb44f72b73ba127e06d8e79"},"headline":"\u0130nsan Haklar\u0131 Derne\u011fi, BM G\u00fcvenlik Konseyi\u2019ni ele\u015ftirdi","datePublished":"2023-07-13T17:51:06+00:00","mainEntityOfPage":{"@id":"https:\/\/kibrisdakik.com\/?p=10326"},"wordCount":150,"commentCount":0,"image":{"@id":"https:\/\/kibrisdakik.com\/?p=10326#primaryimage"},"thumbnailUrl":"https:\/\/kibrisdakik.com\/wp-content\/uploads\/2023\/07\/KKTC-Insan-Haklari-Dernegi-706x420.png","articleSection":["G\u00fcndem"],"inLanguage":"tr","potentialAction":[{"@type":"CommentAction","name":"Comment","target":["https:\/\/kibrisdakik.com\/?p=10326#respond"]}]},{"@type":"WebPage","@id":"https:\/\/kibrisdakik.com\/?p=10326","url":"https:\/\/kibrisdakik.com\/?p=10326","name":"\u0130nsan Haklar\u0131 Derne\u011fi, BM G\u00fcvenlik Konseyi\u2019ni ele\u015ftirdi -","isPartOf":{"@id":"https:\/\/kibrisdakik.com\/#website"},"primaryImageOfPage":{"@id":"https:\/\/kibrisdakik.com\/?p=10326#primaryimage"},"image":{"@id":"https:\/\/kibrisdakik.com\/?p=10326#primaryimage"},"thumbnailUrl":"https:\/\/kibrisdakik.com\/wp-content\/uploads\/2023\/07\/KKTC-Insan-Haklari-Dernegi-706x420.png","datePublished":"2023-07-13T17:51:06+00:00","author":{"@id":"https:\/\/kibrisdakik.com\/#\/schema\/person\/9cd9d437bbb44f72b73ba127e06d8e79"},"breadcrumb":{"@id":"https:\/\/kibrisdakik.com\/?p=10326#breadcrumb"},"inLanguage":"tr","potentialAction":[{"@type":"ReadAction","target":["https:\/\/kibrisdakik.com\/?p=10326"]}]},{"@type":"ImageObject","inLanguage":"tr","@id":"https:\/\/kibrisdakik.com\/?p=10326#primaryimage","url":"https:\/\/kibrisdakik.com\/wp-content\/uploads\/2023\/07\/KKTC-Insan-Haklari-Dernegi-706x420.png","contentUrl":"https:\/\/kibrisdakik.com\/wp-content\/uploads\/2023\/07\/KKTC-Insan-Haklari-Dernegi-706x420.png","width":706,"height":431},{"@type":"BreadcrumbList","@id":"https:\/\/kibrisdakik.com\/?p=10326#breadcrumb","itemListElement":[{"@type":"ListItem","position":1,"name":"Home","item":"https:\/\/kibrisdakik.com\/"},{"@type":"ListItem","position":2,"name":"\u0130nsan Haklar\u0131 Derne\u011fi, BM G\u00fcvenlik Konseyi\u2019ni ele\u015ftirdi"}]},{"@type":"WebSite","@id":"https:\/\/kibrisdakik.com\/#website","url":"https:\/\/kibrisdakik.com\/","name":"","description":"Tam vaktinde haber","potentialAction":[{"@type":"SearchAction","target":{"@type":"EntryPoint","urlTemplate":"https:\/\/kibrisdakik.com\/?s={search_term_string}"},"query-input":{"@type":"PropertyValueSpecification","valueRequired":true,"valueName":"search_term_string"}}],"inLanguage":"tr"},{"@type":"Person","@id":"https:\/\/kibrisdakik.com\/#\/schema\/person\/9cd9d437bbb44f72b73ba127e06d8e79","name":"admin","image":{"@type":"ImageObject","inLanguage":"tr","@id":"https:\/\/secure.gravatar.com\/avatar\/ccc17943b9d660506c869530f897617f7cb1c21a4bf30023f252596d83e1f007?s=96&d=mm&r=g","url":"https:\/\/secure.gravatar.com\/avatar\/ccc17943b9d660506c869530f897617f7cb1c21a4bf30023f252596d83e1f007?s=96&d=mm&r=g","contentUrl":"https:\/\/secure.gravatar.com\/avatar\/ccc17943b9d660506c869530f897617f7cb1c21a4bf30023f252596d83e1f007?s=96&d=mm&r=g","caption":"admin"},"sameAs":["https:\/\/kibrisdakik.com"],"url":"https:\/\/kibrisdakik.com\/?author=1"}]}},"_links":{"self":[{"href":"https:\/\/kibrisdakik.com\/index.php?rest_route=\/wp\/v2\/posts\/10326","targetHints":{"allow":["GET"]}}],"collection":[{"href":"https:\/\/kibrisdakik.com\/index.php?rest_route=\/wp\/v2\/posts"}],"about":[{"href":"https:\/\/kibrisdakik.com\/index.php?rest_route=\/wp\/v2\/types\/post"}],"author":[{"embeddable":true,"href":"https:\/\/kibrisdakik.com\/index.php?rest_route=\/wp\/v2\/users\/1"}],"replies":[{"embeddable":true,"href":"https:\/\/kibrisdakik.com\/index.php?rest_route=%2Fwp%2Fv2%2Fcomments&post=10326"}],"version-history":[{"count":0,"href":"https:\/\/kibrisdakik.com\/index.php?rest_route=\/wp\/v2\/posts\/10326\/revisions"}],"wp:featuredmedia":[{"embeddable":true,"href":"https:\/\/kibrisdakik.com\/index.php?rest_route=\/wp\/v2\/media\/10327"}],"wp:attachment":[{"href":"https:\/\/kibrisdakik.com\/index.php?rest_route=%2Fwp%2Fv2%2Fmedia&parent=10326"}],"wp:term":[{"taxonomy":"category","embeddable":true,"href":"https:\/\/kibrisdakik.com\/index.php?rest_route=%2Fwp%2Fv2%2Fcategories&post=10326"},{"taxonomy":"post_tag","embeddable":true,"href":"https:\/\/kibrisdakik.com\/index.php?rest_route=%2Fwp%2Fv2%2Ftags&post=10326"}],"curies":[{"name":"wp","href":"https:\/\/api.w.org\/{rel}","templated":true}]}}