{"id":10328,"date":"2023-07-13T18:32:54","date_gmt":"2023-07-13T18:32:54","guid":{"rendered":"https:\/\/kibrisdakik.com\/index.php\/2023\/07\/13\/gonyelide-yangin\/"},"modified":"2023-07-13T18:32:54","modified_gmt":"2023-07-13T18:32:54","slug":"gonyelide-yangin","status":"publish","type":"post","link":"https:\/\/kibrisdakik.com\/?p=10328","title":{"rendered":"G\u00f6nyeli\u2019de yang\u0131n"},"content":{"rendered":"<p><\/p>\n<div>\n<div class=\"mariselle-image-container center\">\n                <img width=\"2560\" height=\"1439\" class=\"lazy-image\" alt=\"\" decoding=\"async\" loading=\"lazy\" sizes=\"auto, (max-width: 2560px) 100vw, 2560px\" src=\"https:\/\/brtk.net\/wp-content\/uploads\/2023\/07\/13\/InShot_20230713_204915400-scaled.jpg?ver=329a6d70c0998643f8c6cbdb1e7b074a\" srcset=\"https:\/\/brtk.net\/wp-content\/uploads\/2023\/07\/13\/InShot_20230713_204915400-scaled.jpg?ver=329a6d70c0998643f8c6cbdb1e7b074a 2560w, https:\/\/brtk.net\/wp-content\/uploads\/2023\/07\/13\/InShot_20230713_204915400-300x169.jpg?ver=329a6d70c0998643f8c6cbdb1e7b074a 300w, https:\/\/brtk.net\/wp-content\/uploads\/2023\/07\/13\/InShot_20230713_204915400-1024x576.jpg?ver=44fad11ff9b18c94aabcc743df3a355f 1024w, https:\/\/brtk.net\/wp-content\/uploads\/2023\/07\/13\/InShot_20230713_204915400-768x432.jpg?ver=50539c41ccf5df0358b154770d2c51c5 768w, https:\/\/brtk.net\/wp-content\/uploads\/2023\/07\/13\/InShot_20230713_204915400-1536x863.jpg?ver=50539c41ccf5df0358b154770d2c51c5 1536w, https:\/\/brtk.net\/wp-content\/uploads\/2023\/07\/13\/InShot_20230713_204915400-2048x1151.jpg?ver=ac506e9070db784ec98da901e82aaef5 2048w\"\/>                            <\/div>\n<p>Polis Bas\u0131n Subayl\u0131\u011f\u0131\u2019ndan verilen bilgiye g\u00f6re saat 18.00 raddelerinde, G\u00f6nyeli\u2019de Sabah G\u00fcne\u015fi Sokak \u00fczerinde bulunan Ali \u00d6zyaprak\u2019a ait evin \u00fcst kat\u0131ndaki yatak odas\u0131nda aktif halde bulunan kulu\u00e7ka makinesinin muhtemelen k\u0131sa devre yapmas\u0131 sonucu yang\u0131n meydana geldi.<\/p>\n<p> Yang\u0131n \u0130tfaiye Ekipleri taraf\u0131ndan s\u00f6nd\u00fcr\u00fclm\u00fc\u015f olup, \u00e7\u0131kan yang\u0131n sonucu, bir adet kulu\u00e7ka mekinesi, iki ki\u015filik yatak, bir adet \u00e7ekyat koltuk , bir adet klima i\u00e7 \u00fcnitesi, 2 komodin , 4 g\u00f6zl\u00fc k\u0131yafet dolab\u0131, al\u00e7\u0131panlar ile odadaki muhtelif e\u015fyalar tamamen yanarak zarar g\u00f6rd\u00fc. <\/p>\n<p>Polisin olayla ilgili soru\u015fturmas\u0131 devam etmektedir.<\/p>\n<p>PGM\/BTY<\/p>\n<\/p><\/div>\n<p><script async\n                    defer\n                    crossorigin=\"anonymous\"\n                    src=\"https:\/\/connect.facebook.net\/tr_TR\/sdk.js#xfbml=1&#038;version=v3.3\"\n            ><\/script><\/p>\n","protected":false},"excerpt":{"rendered":"<p>Polis Bas\u0131n Subayl\u0131\u011f\u0131\u2019ndan verilen bilgiye g\u00f6re saat 18.00 raddelerinde, G\u00f6nyeli\u2019de Sabah G\u00fcne\u015fi Sokak \u00fczerinde bulunan Ali \u00d6zyaprak\u2019a ait evin \u00fcst kat\u0131ndaki yatak odas\u0131nda aktif halde bulunan kulu\u00e7ka makinesinin muhtemelen k\u0131sa devre yapmas\u0131 sonucu yang\u0131n meydana geldi. Yang\u0131n \u0130tfaiye Ekipleri taraf\u0131ndan s\u00f6nd\u00fcr\u00fclm\u00fc\u015f olup, \u00e7\u0131kan yang\u0131n sonucu, bir adet kulu\u00e7ka mekinesi, iki ki\u015filik yatak, bir adet \u00e7ekyat<\/p>\n","protected":false},"author":1,"featured_media":10329,"comment_status":"open","ping_status":"open","sticky":false,"template":"","format":"standard","meta":{"footnotes":""},"categories":[1],"tags":[],"class_list":["post-10328","post","type-post","status-publish","format-standard","has-post-thumbnail","hentry","category-gundem"],"yoast_head":"<!-- This site is optimized with the Yoast SEO plugin v27.5 - https:\/\/yoast.com\/product\/yoast-seo-wordpress\/ -->\n<title>G\u00f6nyeli\u2019de yang\u0131n -<\/title>\n<meta name=\"robots\" content=\"index, follow, max-snippet:-1, max-image-preview:large, max-video-preview:-1\" \/>\n<link rel=\"canonical\" href=\"https:\/\/kibrisdakik.com\/?p=10328\" \/>\n<meta property=\"og:locale\" content=\"tr_TR\" \/>\n<meta property=\"og:type\" content=\"article\" \/>\n<meta property=\"og:title\" content=\"G\u00f6nyeli\u2019de yang\u0131n -\" \/>\n<meta property=\"og:description\" content=\"Polis Bas\u0131n Subayl\u0131\u011f\u0131\u2019ndan verilen bilgiye g\u00f6re saat 18.00 raddelerinde, G\u00f6nyeli\u2019de Sabah G\u00fcne\u015fi Sokak \u00fczerinde bulunan Ali \u00d6zyaprak\u2019a ait evin \u00fcst kat\u0131ndaki yatak odas\u0131nda aktif halde bulunan kulu\u00e7ka makinesinin muhtemelen k\u0131sa devre yapmas\u0131 sonucu yang\u0131n meydana geldi. Yang\u0131n \u0130tfaiye Ekipleri taraf\u0131ndan s\u00f6nd\u00fcr\u00fclm\u00fc\u015f olup, \u00e7\u0131kan yang\u0131n sonucu, bir adet kulu\u00e7ka mekinesi, iki ki\u015filik yatak, bir adet \u00e7ekyat\" \/>\n<meta property=\"og:url\" content=\"https:\/\/kibrisdakik.com\/?p=10328\" \/>\n<meta property=\"article:published_time\" content=\"2023-07-13T18:32:54+00:00\" \/>\n<meta property=\"og:image\" content=\"https:\/\/kibrisdakik.com\/wp-content\/uploads\/2023\/07\/InShot_20230713_204915400-scaled-740x420.jpg\" \/>\n\t<meta property=\"og:image:width\" content=\"2560\" \/>\n\t<meta property=\"og:image:height\" content=\"1439\" \/>\n\t<meta property=\"og:image:type\" content=\"image\/jpeg\" \/>\n<meta name=\"author\" content=\"admin\" \/>\n<meta name=\"twitter:card\" content=\"summary_large_image\" \/>\n<meta name=\"twitter:label1\" content=\"Yazan:\" \/>\n\t<meta name=\"twitter:data1\" content=\"admin\" \/>\n\t<meta name=\"twitter:label2\" content=\"Tahmini okuma s\u00fcresi\" \/>\n\t<meta name=\"twitter:data2\" content=\"1 dakika\" \/>\n<script type=\"application\/ld+json\" class=\"yoast-schema-graph\">{\"@context\":\"https:\\\/\\\/schema.org\",\"@graph\":[{\"@type\":\"Article\",\"@id\":\"https:\\\/\\\/kibrisdakik.com\\\/?p=10328#article\",\"isPartOf\":{\"@id\":\"https:\\\/\\\/kibrisdakik.com\\\/?p=10328\"},\"author\":{\"name\":\"admin\",\"@id\":\"https:\\\/\\\/kibrisdakik.com\\\/#\\\/schema\\\/person\\\/9cd9d437bbb44f72b73ba127e06d8e79\"},\"headline\":\"G\u00f6nyeli\u2019de yang\u0131n\",\"datePublished\":\"2023-07-13T18:32:54+00:00\",\"mainEntityOfPage\":{\"@id\":\"https:\\\/\\\/kibrisdakik.com\\\/?p=10328\"},\"wordCount\":113,\"commentCount\":0,\"image\":{\"@id\":\"https:\\\/\\\/kibrisdakik.com\\\/?p=10328#primaryimage\"},\"thumbnailUrl\":\"https:\\\/\\\/kibrisdakik.com\\\/wp-content\\\/uploads\\\/2023\\\/07\\\/InShot_20230713_204915400-scaled-740x420.jpg\",\"articleSection\":[\"G\u00fcndem\"],\"inLanguage\":\"tr\",\"potentialAction\":[{\"@type\":\"CommentAction\",\"name\":\"Comment\",\"target\":[\"https:\\\/\\\/kibrisdakik.com\\\/?p=10328#respond\"]}]},{\"@type\":\"WebPage\",\"@id\":\"https:\\\/\\\/kibrisdakik.com\\\/?p=10328\",\"url\":\"https:\\\/\\\/kibrisdakik.com\\\/?p=10328\",\"name\":\"G\u00f6nyeli\u2019de yang\u0131n -\",\"isPartOf\":{\"@id\":\"https:\\\/\\\/kibrisdakik.com\\\/#website\"},\"primaryImageOfPage\":{\"@id\":\"https:\\\/\\\/kibrisdakik.com\\\/?p=10328#primaryimage\"},\"image\":{\"@id\":\"https:\\\/\\\/kibrisdakik.com\\\/?p=10328#primaryimage\"},\"thumbnailUrl\":\"https:\\\/\\\/kibrisdakik.com\\\/wp-content\\\/uploads\\\/2023\\\/07\\\/InShot_20230713_204915400-scaled-740x420.jpg\",\"datePublished\":\"2023-07-13T18:32:54+00:00\",\"author\":{\"@id\":\"https:\\\/\\\/kibrisdakik.com\\\/#\\\/schema\\\/person\\\/9cd9d437bbb44f72b73ba127e06d8e79\"},\"breadcrumb\":{\"@id\":\"https:\\\/\\\/kibrisdakik.com\\\/?p=10328#breadcrumb\"},\"inLanguage\":\"tr\",\"potentialAction\":[{\"@type\":\"ReadAction\",\"target\":[\"https:\\\/\\\/kibrisdakik.com\\\/?p=10328\"]}]},{\"@type\":\"ImageObject\",\"inLanguage\":\"tr\",\"@id\":\"https:\\\/\\\/kibrisdakik.com\\\/?p=10328#primaryimage\",\"url\":\"https:\\\/\\\/kibrisdakik.com\\\/wp-content\\\/uploads\\\/2023\\\/07\\\/InShot_20230713_204915400-scaled-740x420.jpg\",\"contentUrl\":\"https:\\\/\\\/kibrisdakik.com\\\/wp-content\\\/uploads\\\/2023\\\/07\\\/InShot_20230713_204915400-scaled-740x420.jpg\",\"width\":2560,\"height\":1439},{\"@type\":\"BreadcrumbList\",\"@id\":\"https:\\\/\\\/kibrisdakik.com\\\/?p=10328#breadcrumb\",\"itemListElement\":[{\"@type\":\"ListItem\",\"position\":1,\"name\":\"Home\",\"item\":\"https:\\\/\\\/kibrisdakik.com\\\/\"},{\"@type\":\"ListItem\",\"position\":2,\"name\":\"G\u00f6nyeli\u2019de yang\u0131n\"}]},{\"@type\":\"WebSite\",\"@id\":\"https:\\\/\\\/kibrisdakik.com\\\/#website\",\"url\":\"https:\\\/\\\/kibrisdakik.com\\\/\",\"name\":\"\",\"description\":\"Tam vaktinde haber\",\"potentialAction\":[{\"@type\":\"SearchAction\",\"target\":{\"@type\":\"EntryPoint\",\"urlTemplate\":\"https:\\\/\\\/kibrisdakik.com\\\/?s={search_term_string}\"},\"query-input\":{\"@type\":\"PropertyValueSpecification\",\"valueRequired\":true,\"valueName\":\"search_term_string\"}}],\"inLanguage\":\"tr\"},{\"@type\":\"Person\",\"@id\":\"https:\\\/\\\/kibrisdakik.com\\\/#\\\/schema\\\/person\\\/9cd9d437bbb44f72b73ba127e06d8e79\",\"name\":\"admin\",\"image\":{\"@type\":\"ImageObject\",\"inLanguage\":\"tr\",\"@id\":\"https:\\\/\\\/secure.gravatar.com\\\/avatar\\\/ccc17943b9d660506c869530f897617f7cb1c21a4bf30023f252596d83e1f007?s=96&d=mm&r=g\",\"url\":\"https:\\\/\\\/secure.gravatar.com\\\/avatar\\\/ccc17943b9d660506c869530f897617f7cb1c21a4bf30023f252596d83e1f007?s=96&d=mm&r=g\",\"contentUrl\":\"https:\\\/\\\/secure.gravatar.com\\\/avatar\\\/ccc17943b9d660506c869530f897617f7cb1c21a4bf30023f252596d83e1f007?s=96&d=mm&r=g\",\"caption\":\"admin\"},\"sameAs\":[\"https:\\\/\\\/kibrisdakik.com\"],\"url\":\"https:\\\/\\\/kibrisdakik.com\\\/?author=1\"}]}<\/script>\n<!-- \/ Yoast SEO plugin. -->","yoast_head_json":{"title":"G\u00f6nyeli\u2019de yang\u0131n -","robots":{"index":"index","follow":"follow","max-snippet":"max-snippet:-1","max-image-preview":"max-image-preview:large","max-video-preview":"max-video-preview:-1"},"canonical":"https:\/\/kibrisdakik.com\/?p=10328","og_locale":"tr_TR","og_type":"article","og_title":"G\u00f6nyeli\u2019de yang\u0131n -","og_description":"Polis Bas\u0131n Subayl\u0131\u011f\u0131\u2019ndan verilen bilgiye g\u00f6re saat 18.00 raddelerinde, G\u00f6nyeli\u2019de Sabah G\u00fcne\u015fi Sokak \u00fczerinde bulunan Ali \u00d6zyaprak\u2019a ait evin \u00fcst kat\u0131ndaki yatak odas\u0131nda aktif halde bulunan kulu\u00e7ka makinesinin muhtemelen k\u0131sa devre yapmas\u0131 sonucu yang\u0131n meydana geldi. Yang\u0131n \u0130tfaiye Ekipleri taraf\u0131ndan s\u00f6nd\u00fcr\u00fclm\u00fc\u015f olup, \u00e7\u0131kan yang\u0131n sonucu, bir adet kulu\u00e7ka mekinesi, iki ki\u015filik yatak, bir adet \u00e7ekyat","og_url":"https:\/\/kibrisdakik.com\/?p=10328","article_published_time":"2023-07-13T18:32:54+00:00","og_image":[{"width":2560,"height":1439,"url":"https:\/\/kibrisdakik.com\/wp-content\/uploads\/2023\/07\/InShot_20230713_204915400-scaled-740x420.jpg","type":"image\/jpeg"}],"author":"admin","twitter_card":"summary_large_image","twitter_misc":{"Yazan:":"admin","Tahmini okuma s\u00fcresi":"1 dakika"},"schema":{"@context":"https:\/\/schema.org","@graph":[{"@type":"Article","@id":"https:\/\/kibrisdakik.com\/?p=10328#article","isPartOf":{"@id":"https:\/\/kibrisdakik.com\/?p=10328"},"author":{"name":"admin","@id":"https:\/\/kibrisdakik.com\/#\/schema\/person\/9cd9d437bbb44f72b73ba127e06d8e79"},"headline":"G\u00f6nyeli\u2019de yang\u0131n","datePublished":"2023-07-13T18:32:54+00:00","mainEntityOfPage":{"@id":"https:\/\/kibrisdakik.com\/?p=10328"},"wordCount":113,"commentCount":0,"image":{"@id":"https:\/\/kibrisdakik.com\/?p=10328#primaryimage"},"thumbnailUrl":"https:\/\/kibrisdakik.com\/wp-content\/uploads\/2023\/07\/InShot_20230713_204915400-scaled-740x420.jpg","articleSection":["G\u00fcndem"],"inLanguage":"tr","potentialAction":[{"@type":"CommentAction","name":"Comment","target":["https:\/\/kibrisdakik.com\/?p=10328#respond"]}]},{"@type":"WebPage","@id":"https:\/\/kibrisdakik.com\/?p=10328","url":"https:\/\/kibrisdakik.com\/?p=10328","name":"G\u00f6nyeli\u2019de yang\u0131n -","isPartOf":{"@id":"https:\/\/kibrisdakik.com\/#website"},"primaryImageOfPage":{"@id":"https:\/\/kibrisdakik.com\/?p=10328#primaryimage"},"image":{"@id":"https:\/\/kibrisdakik.com\/?p=10328#primaryimage"},"thumbnailUrl":"https:\/\/kibrisdakik.com\/wp-content\/uploads\/2023\/07\/InShot_20230713_204915400-scaled-740x420.jpg","datePublished":"2023-07-13T18:32:54+00:00","author":{"@id":"https:\/\/kibrisdakik.com\/#\/schema\/person\/9cd9d437bbb44f72b73ba127e06d8e79"},"breadcrumb":{"@id":"https:\/\/kibrisdakik.com\/?p=10328#breadcrumb"},"inLanguage":"tr","potentialAction":[{"@type":"ReadAction","target":["https:\/\/kibrisdakik.com\/?p=10328"]}]},{"@type":"ImageObject","inLanguage":"tr","@id":"https:\/\/kibrisdakik.com\/?p=10328#primaryimage","url":"https:\/\/kibrisdakik.com\/wp-content\/uploads\/2023\/07\/InShot_20230713_204915400-scaled-740x420.jpg","contentUrl":"https:\/\/kibrisdakik.com\/wp-content\/uploads\/2023\/07\/InShot_20230713_204915400-scaled-740x420.jpg","width":2560,"height":1439},{"@type":"BreadcrumbList","@id":"https:\/\/kibrisdakik.com\/?p=10328#breadcrumb","itemListElement":[{"@type":"ListItem","position":1,"name":"Home","item":"https:\/\/kibrisdakik.com\/"},{"@type":"ListItem","position":2,"name":"G\u00f6nyeli\u2019de yang\u0131n"}]},{"@type":"WebSite","@id":"https:\/\/kibrisdakik.com\/#website","url":"https:\/\/kibrisdakik.com\/","name":"","description":"Tam vaktinde haber","potentialAction":[{"@type":"SearchAction","target":{"@type":"EntryPoint","urlTemplate":"https:\/\/kibrisdakik.com\/?s={search_term_string}"},"query-input":{"@type":"PropertyValueSpecification","valueRequired":true,"valueName":"search_term_string"}}],"inLanguage":"tr"},{"@type":"Person","@id":"https:\/\/kibrisdakik.com\/#\/schema\/person\/9cd9d437bbb44f72b73ba127e06d8e79","name":"admin","image":{"@type":"ImageObject","inLanguage":"tr","@id":"https:\/\/secure.gravatar.com\/avatar\/ccc17943b9d660506c869530f897617f7cb1c21a4bf30023f252596d83e1f007?s=96&d=mm&r=g","url":"https:\/\/secure.gravatar.com\/avatar\/ccc17943b9d660506c869530f897617f7cb1c21a4bf30023f252596d83e1f007?s=96&d=mm&r=g","contentUrl":"https:\/\/secure.gravatar.com\/avatar\/ccc17943b9d660506c869530f897617f7cb1c21a4bf30023f252596d83e1f007?s=96&d=mm&r=g","caption":"admin"},"sameAs":["https:\/\/kibrisdakik.com"],"url":"https:\/\/kibrisdakik.com\/?author=1"}]}},"_links":{"self":[{"href":"https:\/\/kibrisdakik.com\/index.php?rest_route=\/wp\/v2\/posts\/10328","targetHints":{"allow":["GET"]}}],"collection":[{"href":"https:\/\/kibrisdakik.com\/index.php?rest_route=\/wp\/v2\/posts"}],"about":[{"href":"https:\/\/kibrisdakik.com\/index.php?rest_route=\/wp\/v2\/types\/post"}],"author":[{"embeddable":true,"href":"https:\/\/kibrisdakik.com\/index.php?rest_route=\/wp\/v2\/users\/1"}],"replies":[{"embeddable":true,"href":"https:\/\/kibrisdakik.com\/index.php?rest_route=%2Fwp%2Fv2%2Fcomments&post=10328"}],"version-history":[{"count":0,"href":"https:\/\/kibrisdakik.com\/index.php?rest_route=\/wp\/v2\/posts\/10328\/revisions"}],"wp:featuredmedia":[{"embeddable":true,"href":"https:\/\/kibrisdakik.com\/index.php?rest_route=\/wp\/v2\/media\/10329"}],"wp:attachment":[{"href":"https:\/\/kibrisdakik.com\/index.php?rest_route=%2Fwp%2Fv2%2Fmedia&parent=10328"}],"wp:term":[{"taxonomy":"category","embeddable":true,"href":"https:\/\/kibrisdakik.com\/index.php?rest_route=%2Fwp%2Fv2%2Fcategories&post=10328"},{"taxonomy":"post_tag","embeddable":true,"href":"https:\/\/kibrisdakik.com\/index.php?rest_route=%2Fwp%2Fv2%2Ftags&post=10328"}],"curies":[{"name":"wp","href":"https:\/\/api.w.org\/{rel}","templated":true}]}}