{"id":103297,"date":"2026-01-05T14:56:04","date_gmt":"2026-01-05T12:56:04","guid":{"rendered":"https:\/\/kibrisdakik.com\/index.php\/2026\/01\/05\/basin-sen-ceza-yasasi-tasarisi-basin-ozgurlugunu-tehdit-ediyor\/"},"modified":"2026-01-05T14:56:04","modified_gmt":"2026-01-05T12:56:04","slug":"basin-sen-ceza-yasasi-tasarisi-basin-ozgurlugunu-tehdit-ediyor","status":"publish","type":"post","link":"https:\/\/kibrisdakik.com\/?p=103297","title":{"rendered":"BASIN-SEN: CEZA YASASI TASARISI BASIN \u00d6ZG\u00dcRL\u00dc\u011e\u00dcN\u00dc TEHD\u0130T ED\u0130YOR"},"content":{"rendered":"<p><\/p>\n<div data-text-id=\"193123\" property=\"articleBody\">\n<p><span>Bas\u0131n Emek\u00e7ileri Sendikas\u0131 (Bas\u0131n-Sen), Ceza Yasas\u0131\u2019nda yap\u0131lmas\u0131 \u00f6ng\u00f6r\u00fclen de\u011fi\u015fikliklerin, teknik bir ceza hukuku d\u00fczenlemesi olman\u0131n \u00f6tesinde, Anayasa ve Avrupa \u0130nsan Haklar\u0131 S\u00f6zle\u015fmesi ile g\u00fcvence alt\u0131na al\u0131nan ifade \u00f6zg\u00fcrl\u00fc\u011f\u00fc, bas\u0131n \u00f6zg\u00fcrl\u00fc\u011f\u00fc ve kamuoyunun bilgi edinme hakk\u0131na a\u011f\u0131r bir m\u00fcdahale niteli\u011fi ta\u015f\u0131d\u0131\u011f\u0131n\u0131 savundu.<\/span><\/p>\n<p><span>Sendika, t\u00fcm yurtta\u015flar\u0131, sivil toplum \u00f6rg\u00fctlerini ve demokratik kamuoyunu s\u00fcrece kar\u015f\u0131 duyarl\u0131 olmaya ve ifade \u00f6zg\u00fcrl\u00fc\u011f\u00fcne birlikte sahip \u00e7\u0131kmaya \u00e7a\u011f\u0131rd\u0131.<\/span><\/p>\n<p><span>Yaz\u0131l\u0131 a\u00e7\u0131klama yapan Bas\u0131n-Sen, tasar\u0131yla getirilen h\u00fck\u00fcmlerin ele\u015ftiri, haber ve kamusal tart\u0131\u015fmay\u0131 cezai yapt\u0131r\u0131m tehdidi alt\u0131na sokarak, ifade alan\u0131n\u0131 daraltt\u0131\u011f\u0131n\u0131; bunun da demokratik toplumun temel unsurlar\u0131ndan olan \u00e7o\u011fulcu tart\u0131\u015fma ortam\u0131n\u0131 zay\u0131flatma riski ta\u015f\u0131d\u0131\u011f\u0131n\u0131 ileri s\u00fcrd\u00fc. <\/span><\/p>\n<p><span>&#8211; \u201cCeza normu zorunluluk, \u00f6l\u00e7\u00fcl\u00fcl\u00fck ve son \u00e7are ilkeleriyle s\u0131n\u0131rl\u0131 olmal\u0131d\u0131r\u201d<\/span><\/p>\n<p><span>A\u00e7\u0131klamada, \u201cCeza hukukunun amac\u0131 bireyi ve toplumu korumakt\u0131r; ceza normu, en a\u011f\u0131r devlet m\u00fcdahalesi oldu\u011fu i\u00e7in zorunluluk, \u00f6l\u00e7\u00fcl\u00fcl\u00fck ve son \u00e7are ilkeleriyle s\u0131n\u0131rl\u0131 bi\u00e7imde uygulanmal\u0131d\u0131r.\u201d denilerek, tasar\u0131n\u0131n ceza hukukunu kamusal ele\u015ftiriyi bask\u0131laman\u0131n ve siyasal denetimi cezaland\u0131rman\u0131n arac\u0131 h\u00e2line getirme tehlikesi ta\u015f\u0131d\u0131\u011f\u0131 g\u00f6r\u00fc\u015f\u00fc dile getirildi.<\/span><\/p>\n<p><span>Tasar\u0131da yer alan bir\u00e7ok d\u00fczenlemenin su\u00e7ta ve cezada kanunilik ilkesinin gerektirdi\u011fi a\u00e7\u0131kl\u0131k ve belirginlikten uzak, mu\u011flak ve yoruma a\u00e7\u0131k kavramlara dayand\u0131\u011f\u0131 savunulan a\u00e7\u0131klamada, bu durumun yurtta\u015flar\u0131n hangi fiil veya ifadenin su\u00e7 olu\u015fturaca\u011f\u0131n\u0131 \u00f6ng\u00f6rebilmesini imk\u00e2ns\u0131zla\u015ft\u0131raca\u011f\u0131; keyfi soru\u015fturma ve kovu\u015fturmalar i\u00e7in elveri\u015fli bir zemin yarataca\u011f\u0131 belirtildi.<\/span><\/p>\n<p><span>-\u201cZemmedici malzeme\u201d d\u00fczenlemesine ele\u015ftiri<\/span><\/p>\n<p><span>Ceza Yasas\u0131\u2019na eklenmesi planlanan \u201czemmedici malzeme\u201d tan\u0131m\u0131n\u0131n \u00f6zel bir sorun alan\u0131 olu\u015fturdu\u011fu kaydedilen a\u00e7\u0131klamada, tasar\u0131n\u0131n \u201cbir ki\u015fiye a\u011f\u0131r su\u00e7 isnad\u0131\u201d, \u201cgenel nefret veya tiksinme yaratma\u201d ya da \u201ctoplumsal tepki do\u011furma\u201d gibi mu\u011flak ve \u00f6znel \u00f6l\u00e7\u00fctlere dayal\u0131 ifadeleri su\u00e7 kapsam\u0131na alabilecek \u015fekilde kurguland\u0131\u011f\u0131 savunuldu.<\/span><\/p>\n<p><span>Bu kavramlar\u0131n hukuki \u00f6l\u00e7\u00fctlerle belirlenebilir nitelikte olmad\u0131\u011f\u0131na dikkat \u00e7ekilen a\u00e7\u0131klamada, modern ceza hukukunda su\u00e7un unsurlar\u0131n\u0131n nesnel, somut ve ispatlanabilir olmas\u0131 gerekti\u011fi; s\u00f6z konusu d\u00fczenlemenin ise su\u00e7un varl\u0131\u011f\u0131n\u0131 alg\u0131ya, s\u00fcbjektif yarg\u0131lara ve yoruma ba\u011flad\u0131\u011f\u0131 ileri s\u00fcr\u00fcld\u00fc.<\/span><\/p>\n<p><span>&#8211; \u201cGazetecilik fiilen cezaland\u0131r\u0131labilir h\u00e2le geliyor\u201d<\/span><\/p>\n<p><span>Sendika, ara\u015ft\u0131rmac\u0131 gazetecili\u011fin kamu g\u00fcc\u00fcn\u00fc kullananlar\u0131n faaliyetlerini sorgulayan ve demokratik sistemin denge-denetim mekanizmalar\u0131ndan biri oldu\u011funu an\u0131msatarak, yolsuzluk iddialar\u0131, kamu kaynaklar\u0131n\u0131n k\u00f6t\u00fcye kullan\u0131m\u0131 ve yetki a\u015f\u0131m\u0131na ili\u015fkin haberlerin do\u011fas\u0131 gere\u011fi kamuoyunda tepki yaratabildi\u011fini belirtti.<\/span><\/p>\n<p><span>A\u00e7\u0131klamada, tasar\u0131yla \u00f6ng\u00f6r\u00fclen d\u00fczenlemenin gazetecili\u011fin bu do\u011fal sonucunu su\u00e7un unsuru h\u00e2line getirerek bas\u0131n faaliyetini fiilen cezaland\u0131r\u0131labilir bir risk alan\u0131na d\u00f6n\u00fc\u015ft\u00fcrd\u00fc\u011f\u00fc g\u00f6r\u00fc\u015f\u00fc ifade edildi.<\/span><\/p>\n<p><span>-\u201c\u2018Yay\u0131mlama\u2019 kavram\u0131 a\u015f\u0131r\u0131 geni\u015f bir sorumluluk alan\u0131 yarat\u0131r\u201d<\/span><\/p>\n<p><span>Dijital \u00e7a\u011fda bilginin dola\u015f\u0131m\u0131n\u0131n yaln\u0131zca i\u00e7eri\u011fi \u00fcretenlerle s\u0131n\u0131rl\u0131 olmad\u0131\u011f\u0131na i\u015faret edilen a\u00e7\u0131klamada, tasar\u0131n\u0131n \u201cyay\u0131mlama\u201d kavram\u0131n\u0131 klasik bas\u0131n faaliyeti s\u0131n\u0131rlar\u0131n\u0131n \u00f6tesine ta\u015f\u0131yarak a\u015f\u0131r\u0131 geni\u015f bir sorumluluk alan\u0131 yaratt\u0131\u011f\u0131 savunuldu.<\/span><\/p>\n<p>Dijital ortamda payla\u015fma, yeniden iletme ve al\u0131nt\u0131 yapma gibi eylemlerin de \u201cyay\u0131mlama\u201d kapsam\u0131nda de\u011ferlendirilmesinin; sosyal medyada payla\u015f\u0131m yapan yurtta\u015flar\u0131, akademisyenleri ve aktivistleri dahi ceza soru\u015fturmas\u0131n\u0131n muhatab\u0131 h\u00e2line getirebilece\u011fi, bunun da ifade \u00f6zg\u00fcrl\u00fc\u011f\u00fc \u00fczerinde a\u011f\u0131r bir cayd\u0131r\u0131c\u0131 etki yarataca\u011f\u0131 ileri s\u00fcr\u00fcld\u00fc.<\/p>\n<p><span>-&#8220;Organize dezenformasyon ve korku yaratma d\u00fczenlemeleri haber ak\u0131\u015f\u0131n\u0131 bask\u0131 alt\u0131na alacak\u201d<\/span><\/p>\n<p><span>A\u00e7\u0131klamada, tasar\u0131da yer alan \u201corganize dezenformasyon\u201d ile \u201chalk aras\u0131nda korku ve endi\u015fe yaratma\u201d d\u00fczenlemelerinin, belirsiz ifadelerle cezai sorumlulu\u011fu \u00f6znel de\u011ferlendirmelere ba\u011flayarak kamusal tart\u0131\u015fma ve haber ak\u0131\u015f\u0131n\u0131 bask\u0131 alt\u0131na alaca\u011f\u0131 savunuldu.<\/span><\/p>\n<p><span>\u201cYabanc\u0131 devlet ve yetkililerine y\u00f6nelik hakaret\u201d d\u00fczenlemesinin de bas\u0131n\u0131n denetleyici i\u015flevini do\u011frudan hedef ald\u0131\u011f\u0131 belirtilen a\u00e7\u0131klamada, sert ve rahats\u0131z edici nitelikteki politik ele\u015ftirilerin dahi cezai yapt\u0131r\u0131m tehdidiyle kar\u015f\u0131 kar\u015f\u0131ya kalabilece\u011fi, bunun da d\u0131\u015f politika alan\u0131nda ele\u015ftirel d\u00fc\u015f\u00fcnceyi ve kamusal tart\u0131\u015fmay\u0131 s\u0131n\u0131rlayaca\u011f\u0131 g\u00f6r\u00fc\u015f\u00fc dile getirildi. <\/span><\/p>\n<p><span>&#8211; \u201cTasar\u0131 geri \u00e7ekilmeli, ifade \u00f6zg\u00fcrl\u00fc\u011f\u00fcn\u00fc esas alan bir yakla\u015f\u0131mla yeniden ele al\u0131nmal\u0131d\u0131r\u201d<\/span><\/p>\n<p><span>Bas\u0131n-Sen, mevcut h\u00e2liyle tasar\u0131n\u0131n kabul edilemez oldu\u011funu belirterek, ifade \u00f6zg\u00fcrl\u00fc\u011f\u00fcn\u00fc daraltan, bas\u0131n\u0131 ve yurtta\u015flar\u0131 s\u00fcrekli ceza tehdidi alt\u0131nda b\u0131rakan d\u00fczenlemelerin geri \u00e7ekilmesi ve ifade \u00f6zg\u00fcrl\u00fc\u011f\u00fc ile kamusal denetimi esas alan bir yakla\u015f\u0131mla yeniden ele al\u0131nmas\u0131 \u00e7a\u011fr\u0131s\u0131nda bulundu.<\/span><\/p>\n<\/p><\/div>\n","protected":false},"excerpt":{"rendered":"<p>Bas\u0131n Emek\u00e7ileri Sendikas\u0131 (Bas\u0131n-Sen), Ceza Yasas\u0131\u2019nda yap\u0131lmas\u0131 \u00f6ng\u00f6r\u00fclen de\u011fi\u015fikliklerin, teknik bir ceza hukuku d\u00fczenlemesi olman\u0131n \u00f6tesinde, Anayasa ve Avrupa \u0130nsan Haklar\u0131 S\u00f6zle\u015fmesi ile g\u00fcvence alt\u0131na al\u0131nan ifade \u00f6zg\u00fcrl\u00fc\u011f\u00fc, bas\u0131n \u00f6zg\u00fcrl\u00fc\u011f\u00fc ve kamuoyunun bilgi edinme hakk\u0131na a\u011f\u0131r bir m\u00fcdahale niteli\u011fi ta\u015f\u0131d\u0131\u011f\u0131n\u0131 savundu. Sendika, t\u00fcm yurtta\u015flar\u0131, sivil toplum \u00f6rg\u00fctlerini ve demokratik kamuoyunu s\u00fcrece kar\u015f\u0131 duyarl\u0131 olmaya ve<\/p>\n","protected":false},"author":1,"featured_media":103298,"comment_status":"open","ping_status":"open","sticky":false,"template":"","format":"standard","meta":{"footnotes":""},"categories":[81],"tags":[],"class_list":["post-103297","post","type-post","status-publish","format-standard","has-post-thumbnail","hentry","category-kibris"],"yoast_head":"<!-- This site is optimized with the Yoast SEO plugin v27.4 - https:\/\/yoast.com\/product\/yoast-seo-wordpress\/ -->\n<title>BASIN-SEN: CEZA YASASI TASARISI BASIN \u00d6ZG\u00dcRL\u00dc\u011e\u00dcN\u00dc TEHD\u0130T ED\u0130YOR -<\/title>\n<meta name=\"robots\" content=\"index, follow, max-snippet:-1, max-image-preview:large, max-video-preview:-1\" \/>\n<link rel=\"canonical\" href=\"https:\/\/kibrisdakik.com\/?p=103297\" \/>\n<meta property=\"og:locale\" content=\"tr_TR\" \/>\n<meta property=\"og:type\" content=\"article\" \/>\n<meta property=\"og:title\" content=\"BASIN-SEN: CEZA YASASI TASARISI BASIN \u00d6ZG\u00dcRL\u00dc\u011e\u00dcN\u00dc TEHD\u0130T ED\u0130YOR -\" \/>\n<meta property=\"og:description\" content=\"Bas\u0131n Emek\u00e7ileri Sendikas\u0131 (Bas\u0131n-Sen), Ceza Yasas\u0131\u2019nda yap\u0131lmas\u0131 \u00f6ng\u00f6r\u00fclen de\u011fi\u015fikliklerin, teknik bir ceza hukuku d\u00fczenlemesi olman\u0131n \u00f6tesinde, Anayasa ve Avrupa \u0130nsan Haklar\u0131 S\u00f6zle\u015fmesi ile g\u00fcvence alt\u0131na al\u0131nan ifade \u00f6zg\u00fcrl\u00fc\u011f\u00fc, bas\u0131n \u00f6zg\u00fcrl\u00fc\u011f\u00fc ve kamuoyunun bilgi edinme hakk\u0131na a\u011f\u0131r bir m\u00fcdahale niteli\u011fi ta\u015f\u0131d\u0131\u011f\u0131n\u0131 savundu. Sendika, t\u00fcm yurtta\u015flar\u0131, sivil toplum \u00f6rg\u00fctlerini ve demokratik kamuoyunu s\u00fcrece kar\u015f\u0131 duyarl\u0131 olmaya ve\" \/>\n<meta property=\"og:url\" content=\"https:\/\/kibrisdakik.com\/?p=103297\" \/>\n<meta property=\"article:published_time\" content=\"2026-01-05T12:56:04+00:00\" \/>\n<meta property=\"og:image\" content=\"https:\/\/kibrisdakik.com\/wp-content\/uploads\/2026\/01\/mha-sari-beyaz-2110.png\" \/>\n\t<meta property=\"og:image:width\" content=\"1280\" \/>\n\t<meta property=\"og:image:height\" content=\"720\" \/>\n\t<meta property=\"og:image:type\" content=\"image\/png\" \/>\n<meta name=\"author\" content=\"admin\" \/>\n<meta name=\"twitter:card\" content=\"summary_large_image\" \/>\n<meta name=\"twitter:label1\" content=\"Yazan:\" \/>\n\t<meta name=\"twitter:data1\" content=\"admin\" \/>\n\t<meta name=\"twitter:label2\" content=\"Tahmini okuma s\u00fcresi\" \/>\n\t<meta name=\"twitter:data2\" content=\"4 dakika\" \/>\n<script type=\"application\/ld+json\" class=\"yoast-schema-graph\">{\"@context\":\"https:\\\/\\\/schema.org\",\"@graph\":[{\"@type\":\"Article\",\"@id\":\"https:\\\/\\\/kibrisdakik.com\\\/?p=103297#article\",\"isPartOf\":{\"@id\":\"https:\\\/\\\/kibrisdakik.com\\\/?p=103297\"},\"author\":{\"name\":\"admin\",\"@id\":\"https:\\\/\\\/kibrisdakik.com\\\/#\\\/schema\\\/person\\\/9cd9d437bbb44f72b73ba127e06d8e79\"},\"headline\":\"BASIN-SEN: CEZA YASASI TASARISI BASIN \u00d6ZG\u00dcRL\u00dc\u011e\u00dcN\u00dc TEHD\u0130T ED\u0130YOR\",\"datePublished\":\"2026-01-05T12:56:04+00:00\",\"mainEntityOfPage\":{\"@id\":\"https:\\\/\\\/kibrisdakik.com\\\/?p=103297\"},\"wordCount\":850,\"commentCount\":0,\"image\":{\"@id\":\"https:\\\/\\\/kibrisdakik.com\\\/?p=103297#primaryimage\"},\"thumbnailUrl\":\"https:\\\/\\\/kibrisdakik.com\\\/wp-content\\\/uploads\\\/2026\\\/01\\\/mha-sari-beyaz-2110.png\",\"articleSection\":[\"K\u0131br\u0131s\"],\"inLanguage\":\"tr\",\"potentialAction\":[{\"@type\":\"CommentAction\",\"name\":\"Comment\",\"target\":[\"https:\\\/\\\/kibrisdakik.com\\\/?p=103297#respond\"]}]},{\"@type\":\"WebPage\",\"@id\":\"https:\\\/\\\/kibrisdakik.com\\\/?p=103297\",\"url\":\"https:\\\/\\\/kibrisdakik.com\\\/?p=103297\",\"name\":\"BASIN-SEN: CEZA YASASI TASARISI BASIN \u00d6ZG\u00dcRL\u00dc\u011e\u00dcN\u00dc TEHD\u0130T ED\u0130YOR -\",\"isPartOf\":{\"@id\":\"https:\\\/\\\/kibrisdakik.com\\\/#website\"},\"primaryImageOfPage\":{\"@id\":\"https:\\\/\\\/kibrisdakik.com\\\/?p=103297#primaryimage\"},\"image\":{\"@id\":\"https:\\\/\\\/kibrisdakik.com\\\/?p=103297#primaryimage\"},\"thumbnailUrl\":\"https:\\\/\\\/kibrisdakik.com\\\/wp-content\\\/uploads\\\/2026\\\/01\\\/mha-sari-beyaz-2110.png\",\"datePublished\":\"2026-01-05T12:56:04+00:00\",\"author\":{\"@id\":\"https:\\\/\\\/kibrisdakik.com\\\/#\\\/schema\\\/person\\\/9cd9d437bbb44f72b73ba127e06d8e79\"},\"breadcrumb\":{\"@id\":\"https:\\\/\\\/kibrisdakik.com\\\/?p=103297#breadcrumb\"},\"inLanguage\":\"tr\",\"potentialAction\":[{\"@type\":\"ReadAction\",\"target\":[\"https:\\\/\\\/kibrisdakik.com\\\/?p=103297\"]}]},{\"@type\":\"ImageObject\",\"inLanguage\":\"tr\",\"@id\":\"https:\\\/\\\/kibrisdakik.com\\\/?p=103297#primaryimage\",\"url\":\"https:\\\/\\\/kibrisdakik.com\\\/wp-content\\\/uploads\\\/2026\\\/01\\\/mha-sari-beyaz-2110.png\",\"contentUrl\":\"https:\\\/\\\/kibrisdakik.com\\\/wp-content\\\/uploads\\\/2026\\\/01\\\/mha-sari-beyaz-2110.png\",\"width\":1280,\"height\":720},{\"@type\":\"BreadcrumbList\",\"@id\":\"https:\\\/\\\/kibrisdakik.com\\\/?p=103297#breadcrumb\",\"itemListElement\":[{\"@type\":\"ListItem\",\"position\":1,\"name\":\"Home\",\"item\":\"https:\\\/\\\/kibrisdakik.com\\\/\"},{\"@type\":\"ListItem\",\"position\":2,\"name\":\"BASIN-SEN: CEZA YASASI TASARISI BASIN \u00d6ZG\u00dcRL\u00dc\u011e\u00dcN\u00dc TEHD\u0130T ED\u0130YOR\"}]},{\"@type\":\"WebSite\",\"@id\":\"https:\\\/\\\/kibrisdakik.com\\\/#website\",\"url\":\"https:\\\/\\\/kibrisdakik.com\\\/\",\"name\":\"\",\"description\":\"Tam vaktinde haber\",\"potentialAction\":[{\"@type\":\"SearchAction\",\"target\":{\"@type\":\"EntryPoint\",\"urlTemplate\":\"https:\\\/\\\/kibrisdakik.com\\\/?s={search_term_string}\"},\"query-input\":{\"@type\":\"PropertyValueSpecification\",\"valueRequired\":true,\"valueName\":\"search_term_string\"}}],\"inLanguage\":\"tr\"},{\"@type\":\"Person\",\"@id\":\"https:\\\/\\\/kibrisdakik.com\\\/#\\\/schema\\\/person\\\/9cd9d437bbb44f72b73ba127e06d8e79\",\"name\":\"admin\",\"image\":{\"@type\":\"ImageObject\",\"inLanguage\":\"tr\",\"@id\":\"https:\\\/\\\/secure.gravatar.com\\\/avatar\\\/ccc17943b9d660506c869530f897617f7cb1c21a4bf30023f252596d83e1f007?s=96&d=mm&r=g\",\"url\":\"https:\\\/\\\/secure.gravatar.com\\\/avatar\\\/ccc17943b9d660506c869530f897617f7cb1c21a4bf30023f252596d83e1f007?s=96&d=mm&r=g\",\"contentUrl\":\"https:\\\/\\\/secure.gravatar.com\\\/avatar\\\/ccc17943b9d660506c869530f897617f7cb1c21a4bf30023f252596d83e1f007?s=96&d=mm&r=g\",\"caption\":\"admin\"},\"sameAs\":[\"https:\\\/\\\/kibrisdakik.com\"],\"url\":\"https:\\\/\\\/kibrisdakik.com\\\/?author=1\"}]}<\/script>\n<!-- \/ Yoast SEO plugin. -->","yoast_head_json":{"title":"BASIN-SEN: CEZA YASASI TASARISI BASIN \u00d6ZG\u00dcRL\u00dc\u011e\u00dcN\u00dc TEHD\u0130T ED\u0130YOR -","robots":{"index":"index","follow":"follow","max-snippet":"max-snippet:-1","max-image-preview":"max-image-preview:large","max-video-preview":"max-video-preview:-1"},"canonical":"https:\/\/kibrisdakik.com\/?p=103297","og_locale":"tr_TR","og_type":"article","og_title":"BASIN-SEN: CEZA YASASI TASARISI BASIN \u00d6ZG\u00dcRL\u00dc\u011e\u00dcN\u00dc TEHD\u0130T ED\u0130YOR -","og_description":"Bas\u0131n Emek\u00e7ileri Sendikas\u0131 (Bas\u0131n-Sen), Ceza Yasas\u0131\u2019nda yap\u0131lmas\u0131 \u00f6ng\u00f6r\u00fclen de\u011fi\u015fikliklerin, teknik bir ceza hukuku d\u00fczenlemesi olman\u0131n \u00f6tesinde, Anayasa ve Avrupa \u0130nsan Haklar\u0131 S\u00f6zle\u015fmesi ile g\u00fcvence alt\u0131na al\u0131nan ifade \u00f6zg\u00fcrl\u00fc\u011f\u00fc, bas\u0131n \u00f6zg\u00fcrl\u00fc\u011f\u00fc ve kamuoyunun bilgi edinme hakk\u0131na a\u011f\u0131r bir m\u00fcdahale niteli\u011fi ta\u015f\u0131d\u0131\u011f\u0131n\u0131 savundu. Sendika, t\u00fcm yurtta\u015flar\u0131, sivil toplum \u00f6rg\u00fctlerini ve demokratik kamuoyunu s\u00fcrece kar\u015f\u0131 duyarl\u0131 olmaya ve","og_url":"https:\/\/kibrisdakik.com\/?p=103297","article_published_time":"2026-01-05T12:56:04+00:00","og_image":[{"width":1280,"height":720,"url":"https:\/\/kibrisdakik.com\/wp-content\/uploads\/2026\/01\/mha-sari-beyaz-2110.png","type":"image\/png"}],"author":"admin","twitter_card":"summary_large_image","twitter_misc":{"Yazan:":"admin","Tahmini okuma s\u00fcresi":"4 dakika"},"schema":{"@context":"https:\/\/schema.org","@graph":[{"@type":"Article","@id":"https:\/\/kibrisdakik.com\/?p=103297#article","isPartOf":{"@id":"https:\/\/kibrisdakik.com\/?p=103297"},"author":{"name":"admin","@id":"https:\/\/kibrisdakik.com\/#\/schema\/person\/9cd9d437bbb44f72b73ba127e06d8e79"},"headline":"BASIN-SEN: CEZA YASASI TASARISI BASIN \u00d6ZG\u00dcRL\u00dc\u011e\u00dcN\u00dc TEHD\u0130T ED\u0130YOR","datePublished":"2026-01-05T12:56:04+00:00","mainEntityOfPage":{"@id":"https:\/\/kibrisdakik.com\/?p=103297"},"wordCount":850,"commentCount":0,"image":{"@id":"https:\/\/kibrisdakik.com\/?p=103297#primaryimage"},"thumbnailUrl":"https:\/\/kibrisdakik.com\/wp-content\/uploads\/2026\/01\/mha-sari-beyaz-2110.png","articleSection":["K\u0131br\u0131s"],"inLanguage":"tr","potentialAction":[{"@type":"CommentAction","name":"Comment","target":["https:\/\/kibrisdakik.com\/?p=103297#respond"]}]},{"@type":"WebPage","@id":"https:\/\/kibrisdakik.com\/?p=103297","url":"https:\/\/kibrisdakik.com\/?p=103297","name":"BASIN-SEN: CEZA YASASI TASARISI BASIN \u00d6ZG\u00dcRL\u00dc\u011e\u00dcN\u00dc TEHD\u0130T ED\u0130YOR -","isPartOf":{"@id":"https:\/\/kibrisdakik.com\/#website"},"primaryImageOfPage":{"@id":"https:\/\/kibrisdakik.com\/?p=103297#primaryimage"},"image":{"@id":"https:\/\/kibrisdakik.com\/?p=103297#primaryimage"},"thumbnailUrl":"https:\/\/kibrisdakik.com\/wp-content\/uploads\/2026\/01\/mha-sari-beyaz-2110.png","datePublished":"2026-01-05T12:56:04+00:00","author":{"@id":"https:\/\/kibrisdakik.com\/#\/schema\/person\/9cd9d437bbb44f72b73ba127e06d8e79"},"breadcrumb":{"@id":"https:\/\/kibrisdakik.com\/?p=103297#breadcrumb"},"inLanguage":"tr","potentialAction":[{"@type":"ReadAction","target":["https:\/\/kibrisdakik.com\/?p=103297"]}]},{"@type":"ImageObject","inLanguage":"tr","@id":"https:\/\/kibrisdakik.com\/?p=103297#primaryimage","url":"https:\/\/kibrisdakik.com\/wp-content\/uploads\/2026\/01\/mha-sari-beyaz-2110.png","contentUrl":"https:\/\/kibrisdakik.com\/wp-content\/uploads\/2026\/01\/mha-sari-beyaz-2110.png","width":1280,"height":720},{"@type":"BreadcrumbList","@id":"https:\/\/kibrisdakik.com\/?p=103297#breadcrumb","itemListElement":[{"@type":"ListItem","position":1,"name":"Home","item":"https:\/\/kibrisdakik.com\/"},{"@type":"ListItem","position":2,"name":"BASIN-SEN: CEZA YASASI TASARISI BASIN \u00d6ZG\u00dcRL\u00dc\u011e\u00dcN\u00dc TEHD\u0130T ED\u0130YOR"}]},{"@type":"WebSite","@id":"https:\/\/kibrisdakik.com\/#website","url":"https:\/\/kibrisdakik.com\/","name":"","description":"Tam vaktinde haber","potentialAction":[{"@type":"SearchAction","target":{"@type":"EntryPoint","urlTemplate":"https:\/\/kibrisdakik.com\/?s={search_term_string}"},"query-input":{"@type":"PropertyValueSpecification","valueRequired":true,"valueName":"search_term_string"}}],"inLanguage":"tr"},{"@type":"Person","@id":"https:\/\/kibrisdakik.com\/#\/schema\/person\/9cd9d437bbb44f72b73ba127e06d8e79","name":"admin","image":{"@type":"ImageObject","inLanguage":"tr","@id":"https:\/\/secure.gravatar.com\/avatar\/ccc17943b9d660506c869530f897617f7cb1c21a4bf30023f252596d83e1f007?s=96&d=mm&r=g","url":"https:\/\/secure.gravatar.com\/avatar\/ccc17943b9d660506c869530f897617f7cb1c21a4bf30023f252596d83e1f007?s=96&d=mm&r=g","contentUrl":"https:\/\/secure.gravatar.com\/avatar\/ccc17943b9d660506c869530f897617f7cb1c21a4bf30023f252596d83e1f007?s=96&d=mm&r=g","caption":"admin"},"sameAs":["https:\/\/kibrisdakik.com"],"url":"https:\/\/kibrisdakik.com\/?author=1"}]}},"_links":{"self":[{"href":"https:\/\/kibrisdakik.com\/index.php?rest_route=\/wp\/v2\/posts\/103297","targetHints":{"allow":["GET"]}}],"collection":[{"href":"https:\/\/kibrisdakik.com\/index.php?rest_route=\/wp\/v2\/posts"}],"about":[{"href":"https:\/\/kibrisdakik.com\/index.php?rest_route=\/wp\/v2\/types\/post"}],"author":[{"embeddable":true,"href":"https:\/\/kibrisdakik.com\/index.php?rest_route=\/wp\/v2\/users\/1"}],"replies":[{"embeddable":true,"href":"https:\/\/kibrisdakik.com\/index.php?rest_route=%2Fwp%2Fv2%2Fcomments&post=103297"}],"version-history":[{"count":0,"href":"https:\/\/kibrisdakik.com\/index.php?rest_route=\/wp\/v2\/posts\/103297\/revisions"}],"wp:featuredmedia":[{"embeddable":true,"href":"https:\/\/kibrisdakik.com\/index.php?rest_route=\/wp\/v2\/media\/103298"}],"wp:attachment":[{"href":"https:\/\/kibrisdakik.com\/index.php?rest_route=%2Fwp%2Fv2%2Fmedia&parent=103297"}],"wp:term":[{"taxonomy":"category","embeddable":true,"href":"https:\/\/kibrisdakik.com\/index.php?rest_route=%2Fwp%2Fv2%2Fcategories&post=103297"},{"taxonomy":"post_tag","embeddable":true,"href":"https:\/\/kibrisdakik.com\/index.php?rest_route=%2Fwp%2Fv2%2Ftags&post=103297"}],"curies":[{"name":"wp","href":"https:\/\/api.w.org\/{rel}","templated":true}]}}