{"id":10334,"date":"2023-07-13T19:52:27","date_gmt":"2023-07-13T19:52:27","guid":{"rendered":"https:\/\/kibrisdakik.com\/index.php\/2023\/07\/13\/cumhurbaskanligi-bm-kapsamli-ve-adil-bir-uzlasiya-gercekten-katki-koymak-istiyorsa-egemen-irademize-saygi-gostermeli\/"},"modified":"2023-07-13T19:52:27","modified_gmt":"2023-07-13T19:52:27","slug":"cumhurbaskanligi-bm-kapsamli-ve-adil-bir-uzlasiya-gercekten-katki-koymak-istiyorsa-egemen-irademize-saygi-gostermeli","status":"publish","type":"post","link":"https:\/\/kibrisdakik.com\/?p=10334","title":{"rendered":"Cumhurba\u015fkanl\u0131\u011f\u0131: BM kapsaml\u0131 ve adil bir uzla\u015f\u0131ya ger\u00e7ekten katk\u0131 koymak istiyorsa, egemen irademize sayg\u0131 g\u00f6stermeli"},"content":{"rendered":"<p><\/p>\n<div>\n<div class=\"mariselle-image-container center\">\n                <img width=\"805\" height=\"400\" class=\"lazy-image\" alt=\"\" decoding=\"async\" loading=\"lazy\" sizes=\"auto, (max-width: 805px) 100vw, 805px\" src=\"https:\/\/brtk.net\/wp-content\/uploads\/2023\/06\/14\/cumhurbaskanligi14.jpg?ver=49a15306ea2a7001e4c865b6c2abd8fd\" srcset=\"https:\/\/brtk.net\/wp-content\/uploads\/2023\/06\/14\/cumhurbaskanligi14.jpg?ver=49a15306ea2a7001e4c865b6c2abd8fd 805w, https:\/\/brtk.net\/wp-content\/uploads\/2023\/06\/14\/cumhurbaskanligi14-300x149.jpg?ver=49a15306ea2a7001e4c865b6c2abd8fd 300w, https:\/\/brtk.net\/wp-content\/uploads\/2023\/06\/14\/cumhurbaskanligi14-768x382.jpg?ver=49a15306ea2a7001e4c865b6c2abd8fd 768w\"\/>                            <\/div>\n<p>Cumhurba\u015fkanl\u0131\u011f\u0131 \u201cBirle\u015fmi\u015f Milletler (BM) kapsaml\u0131 ve adil bir uzla\u015f\u0131ya ger\u00e7ekten katk\u0131 koymak istiyorsa, egemen irademize sayg\u0131 g\u00f6stermeli ve bu \u00e7er\u00e7evede karar \u00fcretmelidir\u201d de\u011ferlendirmesinde bulundu.<\/p>\n<p>Cumhurba\u015fkanl\u0131\u011f\u0131, BM G\u00fcvenlik Konseyi\u2019nin K\u0131br\u0131s konusunda yapt\u0131\u011f\u0131 bas\u0131n a\u00e7\u0131klamas\u0131n\u0131 de\u011ferlendirdi.<\/p>\n<p>De\u011ferlendirmede, \u201cBirle\u015fmi\u015f Milletler (BM) Genel Sekreteri\u2019nin K\u0131br\u0131s \u00d6zel Temsilcisi Colin Stewart\u2019\u0131n \u0130yi Niyet Misyonu ve Bar\u0131\u015f G\u00fcc\u00fc faaliyetlerine y\u00f6nelik Genel Sekreter\u2019in iki raporunu sundu\u011fu toplant\u0131n\u0131n ard\u0131ndan BM G\u00fcvenlik Konseyi\u2019nin yapm\u0131\u015f oldu\u011fu bas\u0131n a\u00e7\u0131klamas\u0131, ne yaz\u0131k ki \u00e7eli\u015fkili bir \u015fekilde G\u00fcvenlik Konseyi\u2019nin kabul edilmez olarak niteledi\u011fi stat\u00fckonun devam\u0131na hizmet etmektedi\u201d denildi.<\/p>\n<p>\u201cG\u00fcvenlik Konseyi\u2019nin, kar\u015f\u0131l\u0131kl\u0131 kabul edilebilir bir uzla\u015f\u0131 i\u00e7in r\u0131zas\u0131 \u015fart olan K\u0131br\u0131s T\u00fcrk Halk\u0131n\u0131n, y\u0131llarca s\u00fcren sonu\u00e7suz m\u00fczakerelerin ard\u0131ndan deste\u011fini \u00e7ekti\u011fi t\u00fcketilmi\u015f \u00e7\u00f6z\u00fcm modeline at\u0131f yapmaya devam etmesi, Ada\u2019da adil, kal\u0131c\u0131 ve s\u00fcrd\u00fcr\u00fclebilir bir \u00e7\u00f6z\u00fcm\u00fc engellemektedir\u201d denilen a\u00e7\u0131klamada \u201cG\u00fcvenlik Konseyinin bu \u0131srar\u0131n\u0131 hayal k\u0131r\u0131kl\u0131\u011f\u0131yla kar\u015f\u0131l\u0131yoruz\u201d ifadeleri kullan\u0131ld\u0131.<\/p>\n<p>A\u00e7\u0131klama \u015f\u00f6yle devam etti:<\/p>\n<p>\u201cFederasyon m\u00fczakereleri K\u0131br\u0131s Rum Taraf\u0131n\u0131n de\u011fi\u015fmeyen hegemonik vizyonu nedeniyle defalarca ba\u015far\u0131s\u0131zl\u0131kla sonu\u00e7lanm\u0131\u015f ve bu \u00e7\u00f6z\u00fcm modelinin K\u0131br\u0131s \u015fartlar\u0131na uygun olmad\u0131\u011f\u0131n\u0131 kan\u0131tlam\u0131\u015ft\u0131r.  Ayn\u0131 ba\u015far\u0131s\u0131z ve t\u00fckenmi\u015f zeminde \u0131srar, K\u0131br\u0131s\u2019a ve b\u00f6lgemize s\u00fcrd\u00fcr\u00fclebilir \u00e7\u00f6z\u00fcm ve istikrar getirmeyecek, sadece stat\u00fckonun devam\u0131na hizmet edecektir. Ayr\u0131ca, BM G\u00fcvenlik Konseyi\u2019nin t\u00fckenmi\u015f bir zeminde m\u00fczakerelere vurgu yapmas\u0131, me\u015fru olmayan stat\u00fclerini devam ettirmelerini sa\u011flayaca\u011f\u0131 i\u00e7in K\u0131br\u0131s Rum Taraf\u0131n\u0131n konfor alan\u0131n\u0131 daha da sa\u011flamla\u015ft\u0131racak ve uzla\u015fmazl\u0131klar\u0131n\u0131 k\u00f6r\u00fckleyecektir.  <\/p>\n<p>\u0130zolasyon ve k\u0131s\u0131tlamalara maruz b\u0131rak\u0131lmaya devam eden K\u0131br\u0131s T\u00fcrk Halk\u0131n\u0131n amac\u0131, eski model  \u00e7er\u00e7evesinde s\u0131rf m\u00fczakere etmek i\u00e7in m\u00fczakere etmek de\u011fil, bu defa m\u00fcspet bir sonu\u00e7 temin etmektir. Ayn\u0131 \u015feyi yapmakla farkl\u0131 bir sonu\u00e7 elde etmek zaten m\u00fcmk\u00fcn de\u011fildir.<\/p>\n<p>Ada\u2019da iki ayr\u0131 Halk ve iki ayr\u0131 Devlet oldu\u011fu ger\u00e7e\u011fi \u0131\u015f\u0131\u011f\u0131nda ve \u00f6zden gelen haklar\u0131m\u0131z \u00e7er\u00e7evesinde, egemen e\u015fitli\u011fimiz ve e\u015fit uluslararas\u0131 stat\u00fcm\u00fcz\u00fcn tescili BM Genel Sekreteri\u2019nin raporlar\u0131nda i\u015faret etti\u011fi farkl\u0131 sonuca ula\u015fman\u0131n anahtar\u0131d\u0131r.<\/p>\n<p>BM G\u00fcvenlik Konseyi de sonucu farkl\u0131 olacak, kapsaml\u0131 ve adil bir uzla\u015f\u0131ya ger\u00e7ekten katk\u0131 koymak istiyorsa, egemen irademize sayg\u0131 g\u00f6stermeli ve bu \u00e7er\u00e7evede karar \u00fcretmelidir. K\u0131br\u0131s T\u00fcrk Halk\u0131 bug\u00fcne kadar oldu\u011fu gibi, bundan sonra da dayatmalara boyun e\u011fmeyecektir\u201d<\/p>\n<\/p><\/div>\n<p><script async\n                    defer\n                    crossorigin=\"anonymous\"\n                    src=\"https:\/\/connect.facebook.net\/tr_TR\/sdk.js#xfbml=1&#038;version=v3.3\"\n            ><\/script><\/p>\n","protected":false},"excerpt":{"rendered":"<p>Cumhurba\u015fkanl\u0131\u011f\u0131 \u201cBirle\u015fmi\u015f Milletler (BM) kapsaml\u0131 ve adil bir uzla\u015f\u0131ya ger\u00e7ekten katk\u0131 koymak istiyorsa, egemen irademize sayg\u0131 g\u00f6stermeli ve bu \u00e7er\u00e7evede karar \u00fcretmelidir\u201d de\u011ferlendirmesinde bulundu. Cumhurba\u015fkanl\u0131\u011f\u0131, BM G\u00fcvenlik Konseyi\u2019nin K\u0131br\u0131s konusunda yapt\u0131\u011f\u0131 bas\u0131n a\u00e7\u0131klamas\u0131n\u0131 de\u011ferlendirdi. De\u011ferlendirmede, \u201cBirle\u015fmi\u015f Milletler (BM) Genel Sekreteri\u2019nin K\u0131br\u0131s \u00d6zel Temsilcisi Colin Stewart\u2019\u0131n \u0130yi Niyet Misyonu ve Bar\u0131\u015f G\u00fcc\u00fc faaliyetlerine y\u00f6nelik Genel Sekreter\u2019in<\/p>\n","protected":false},"author":1,"featured_media":10335,"comment_status":"open","ping_status":"open","sticky":false,"template":"","format":"standard","meta":{"footnotes":""},"categories":[1],"tags":[],"class_list":["post-10334","post","type-post","status-publish","format-standard","has-post-thumbnail","hentry","category-gundem"],"yoast_head":"<!-- This site is optimized with the Yoast SEO plugin v27.4 - https:\/\/yoast.com\/product\/yoast-seo-wordpress\/ -->\n<title>Cumhurba\u015fkanl\u0131\u011f\u0131: BM kapsaml\u0131 ve adil bir uzla\u015f\u0131ya ger\u00e7ekten katk\u0131 koymak istiyorsa, egemen irademize sayg\u0131 g\u00f6stermeli -<\/title>\n<meta name=\"robots\" content=\"index, follow, max-snippet:-1, max-image-preview:large, max-video-preview:-1\" \/>\n<link rel=\"canonical\" href=\"https:\/\/kibrisdakik.com\/?p=10334\" \/>\n<meta property=\"og:locale\" content=\"tr_TR\" \/>\n<meta property=\"og:type\" content=\"article\" \/>\n<meta property=\"og:title\" content=\"Cumhurba\u015fkanl\u0131\u011f\u0131: BM kapsaml\u0131 ve adil bir uzla\u015f\u0131ya ger\u00e7ekten katk\u0131 koymak istiyorsa, egemen irademize sayg\u0131 g\u00f6stermeli -\" \/>\n<meta property=\"og:description\" content=\"Cumhurba\u015fkanl\u0131\u011f\u0131 \u201cBirle\u015fmi\u015f Milletler (BM) kapsaml\u0131 ve adil bir uzla\u015f\u0131ya ger\u00e7ekten katk\u0131 koymak istiyorsa, egemen irademize sayg\u0131 g\u00f6stermeli ve bu \u00e7er\u00e7evede karar \u00fcretmelidir\u201d de\u011ferlendirmesinde bulundu. Cumhurba\u015fkanl\u0131\u011f\u0131, BM G\u00fcvenlik Konseyi\u2019nin K\u0131br\u0131s konusunda yapt\u0131\u011f\u0131 bas\u0131n a\u00e7\u0131klamas\u0131n\u0131 de\u011ferlendirdi. De\u011ferlendirmede, \u201cBirle\u015fmi\u015f Milletler (BM) Genel Sekreteri\u2019nin K\u0131br\u0131s \u00d6zel Temsilcisi Colin Stewart\u2019\u0131n \u0130yi Niyet Misyonu ve Bar\u0131\u015f G\u00fcc\u00fc faaliyetlerine y\u00f6nelik Genel Sekreter\u2019in\" \/>\n<meta property=\"og:url\" content=\"https:\/\/kibrisdakik.com\/?p=10334\" \/>\n<meta property=\"article:published_time\" content=\"2023-07-13T19:52:27+00:00\" \/>\n<meta property=\"og:image\" content=\"https:\/\/kibrisdakik.com\/wp-content\/uploads\/2023\/07\/cumhurbaskanligi14-740x400.jpg\" \/>\n\t<meta property=\"og:image:width\" content=\"805\" \/>\n\t<meta property=\"og:image:height\" content=\"400\" \/>\n\t<meta property=\"og:image:type\" content=\"image\/jpeg\" \/>\n<meta name=\"author\" content=\"admin\" \/>\n<meta name=\"twitter:card\" content=\"summary_large_image\" \/>\n<meta name=\"twitter:label1\" content=\"Yazan:\" \/>\n\t<meta name=\"twitter:data1\" content=\"admin\" \/>\n\t<meta name=\"twitter:label2\" content=\"Tahmini okuma s\u00fcresi\" \/>\n\t<meta name=\"twitter:data2\" content=\"2 dakika\" \/>\n<script type=\"application\/ld+json\" class=\"yoast-schema-graph\">{\"@context\":\"https:\\\/\\\/schema.org\",\"@graph\":[{\"@type\":\"Article\",\"@id\":\"https:\\\/\\\/kibrisdakik.com\\\/?p=10334#article\",\"isPartOf\":{\"@id\":\"https:\\\/\\\/kibrisdakik.com\\\/?p=10334\"},\"author\":{\"name\":\"admin\",\"@id\":\"https:\\\/\\\/kibrisdakik.com\\\/#\\\/schema\\\/person\\\/9cd9d437bbb44f72b73ba127e06d8e79\"},\"headline\":\"Cumhurba\u015fkanl\u0131\u011f\u0131: BM kapsaml\u0131 ve adil bir uzla\u015f\u0131ya ger\u00e7ekten katk\u0131 koymak istiyorsa, egemen irademize sayg\u0131 g\u00f6stermeli\",\"datePublished\":\"2023-07-13T19:52:27+00:00\",\"mainEntityOfPage\":{\"@id\":\"https:\\\/\\\/kibrisdakik.com\\\/?p=10334\"},\"wordCount\":517,\"commentCount\":0,\"image\":{\"@id\":\"https:\\\/\\\/kibrisdakik.com\\\/?p=10334#primaryimage\"},\"thumbnailUrl\":\"https:\\\/\\\/kibrisdakik.com\\\/wp-content\\\/uploads\\\/2023\\\/07\\\/cumhurbaskanligi14-740x400.jpg\",\"articleSection\":[\"G\u00fcndem\"],\"inLanguage\":\"tr\",\"potentialAction\":[{\"@type\":\"CommentAction\",\"name\":\"Comment\",\"target\":[\"https:\\\/\\\/kibrisdakik.com\\\/?p=10334#respond\"]}]},{\"@type\":\"WebPage\",\"@id\":\"https:\\\/\\\/kibrisdakik.com\\\/?p=10334\",\"url\":\"https:\\\/\\\/kibrisdakik.com\\\/?p=10334\",\"name\":\"Cumhurba\u015fkanl\u0131\u011f\u0131: BM kapsaml\u0131 ve adil bir uzla\u015f\u0131ya ger\u00e7ekten katk\u0131 koymak istiyorsa, egemen irademize sayg\u0131 g\u00f6stermeli -\",\"isPartOf\":{\"@id\":\"https:\\\/\\\/kibrisdakik.com\\\/#website\"},\"primaryImageOfPage\":{\"@id\":\"https:\\\/\\\/kibrisdakik.com\\\/?p=10334#primaryimage\"},\"image\":{\"@id\":\"https:\\\/\\\/kibrisdakik.com\\\/?p=10334#primaryimage\"},\"thumbnailUrl\":\"https:\\\/\\\/kibrisdakik.com\\\/wp-content\\\/uploads\\\/2023\\\/07\\\/cumhurbaskanligi14-740x400.jpg\",\"datePublished\":\"2023-07-13T19:52:27+00:00\",\"author\":{\"@id\":\"https:\\\/\\\/kibrisdakik.com\\\/#\\\/schema\\\/person\\\/9cd9d437bbb44f72b73ba127e06d8e79\"},\"breadcrumb\":{\"@id\":\"https:\\\/\\\/kibrisdakik.com\\\/?p=10334#breadcrumb\"},\"inLanguage\":\"tr\",\"potentialAction\":[{\"@type\":\"ReadAction\",\"target\":[\"https:\\\/\\\/kibrisdakik.com\\\/?p=10334\"]}]},{\"@type\":\"ImageObject\",\"inLanguage\":\"tr\",\"@id\":\"https:\\\/\\\/kibrisdakik.com\\\/?p=10334#primaryimage\",\"url\":\"https:\\\/\\\/kibrisdakik.com\\\/wp-content\\\/uploads\\\/2023\\\/07\\\/cumhurbaskanligi14-740x400.jpg\",\"contentUrl\":\"https:\\\/\\\/kibrisdakik.com\\\/wp-content\\\/uploads\\\/2023\\\/07\\\/cumhurbaskanligi14-740x400.jpg\",\"width\":805,\"height\":400},{\"@type\":\"BreadcrumbList\",\"@id\":\"https:\\\/\\\/kibrisdakik.com\\\/?p=10334#breadcrumb\",\"itemListElement\":[{\"@type\":\"ListItem\",\"position\":1,\"name\":\"Home\",\"item\":\"https:\\\/\\\/kibrisdakik.com\\\/\"},{\"@type\":\"ListItem\",\"position\":2,\"name\":\"Cumhurba\u015fkanl\u0131\u011f\u0131: BM kapsaml\u0131 ve adil bir uzla\u015f\u0131ya ger\u00e7ekten katk\u0131 koymak istiyorsa, egemen irademize sayg\u0131 g\u00f6stermeli\"}]},{\"@type\":\"WebSite\",\"@id\":\"https:\\\/\\\/kibrisdakik.com\\\/#website\",\"url\":\"https:\\\/\\\/kibrisdakik.com\\\/\",\"name\":\"\",\"description\":\"Tam vaktinde haber\",\"potentialAction\":[{\"@type\":\"SearchAction\",\"target\":{\"@type\":\"EntryPoint\",\"urlTemplate\":\"https:\\\/\\\/kibrisdakik.com\\\/?s={search_term_string}\"},\"query-input\":{\"@type\":\"PropertyValueSpecification\",\"valueRequired\":true,\"valueName\":\"search_term_string\"}}],\"inLanguage\":\"tr\"},{\"@type\":\"Person\",\"@id\":\"https:\\\/\\\/kibrisdakik.com\\\/#\\\/schema\\\/person\\\/9cd9d437bbb44f72b73ba127e06d8e79\",\"name\":\"admin\",\"image\":{\"@type\":\"ImageObject\",\"inLanguage\":\"tr\",\"@id\":\"https:\\\/\\\/secure.gravatar.com\\\/avatar\\\/ccc17943b9d660506c869530f897617f7cb1c21a4bf30023f252596d83e1f007?s=96&d=mm&r=g\",\"url\":\"https:\\\/\\\/secure.gravatar.com\\\/avatar\\\/ccc17943b9d660506c869530f897617f7cb1c21a4bf30023f252596d83e1f007?s=96&d=mm&r=g\",\"contentUrl\":\"https:\\\/\\\/secure.gravatar.com\\\/avatar\\\/ccc17943b9d660506c869530f897617f7cb1c21a4bf30023f252596d83e1f007?s=96&d=mm&r=g\",\"caption\":\"admin\"},\"sameAs\":[\"https:\\\/\\\/kibrisdakik.com\"],\"url\":\"https:\\\/\\\/kibrisdakik.com\\\/?author=1\"}]}<\/script>\n<!-- \/ Yoast SEO plugin. -->","yoast_head_json":{"title":"Cumhurba\u015fkanl\u0131\u011f\u0131: BM kapsaml\u0131 ve adil bir uzla\u015f\u0131ya ger\u00e7ekten katk\u0131 koymak istiyorsa, egemen irademize sayg\u0131 g\u00f6stermeli -","robots":{"index":"index","follow":"follow","max-snippet":"max-snippet:-1","max-image-preview":"max-image-preview:large","max-video-preview":"max-video-preview:-1"},"canonical":"https:\/\/kibrisdakik.com\/?p=10334","og_locale":"tr_TR","og_type":"article","og_title":"Cumhurba\u015fkanl\u0131\u011f\u0131: BM kapsaml\u0131 ve adil bir uzla\u015f\u0131ya ger\u00e7ekten katk\u0131 koymak istiyorsa, egemen irademize sayg\u0131 g\u00f6stermeli -","og_description":"Cumhurba\u015fkanl\u0131\u011f\u0131 \u201cBirle\u015fmi\u015f Milletler (BM) kapsaml\u0131 ve adil bir uzla\u015f\u0131ya ger\u00e7ekten katk\u0131 koymak istiyorsa, egemen irademize sayg\u0131 g\u00f6stermeli ve bu \u00e7er\u00e7evede karar \u00fcretmelidir\u201d de\u011ferlendirmesinde bulundu. Cumhurba\u015fkanl\u0131\u011f\u0131, BM G\u00fcvenlik Konseyi\u2019nin K\u0131br\u0131s konusunda yapt\u0131\u011f\u0131 bas\u0131n a\u00e7\u0131klamas\u0131n\u0131 de\u011ferlendirdi. De\u011ferlendirmede, \u201cBirle\u015fmi\u015f Milletler (BM) Genel Sekreteri\u2019nin K\u0131br\u0131s \u00d6zel Temsilcisi Colin Stewart\u2019\u0131n \u0130yi Niyet Misyonu ve Bar\u0131\u015f G\u00fcc\u00fc faaliyetlerine y\u00f6nelik Genel Sekreter\u2019in","og_url":"https:\/\/kibrisdakik.com\/?p=10334","article_published_time":"2023-07-13T19:52:27+00:00","og_image":[{"width":805,"height":400,"url":"https:\/\/kibrisdakik.com\/wp-content\/uploads\/2023\/07\/cumhurbaskanligi14-740x400.jpg","type":"image\/jpeg"}],"author":"admin","twitter_card":"summary_large_image","twitter_misc":{"Yazan:":"admin","Tahmini okuma s\u00fcresi":"2 dakika"},"schema":{"@context":"https:\/\/schema.org","@graph":[{"@type":"Article","@id":"https:\/\/kibrisdakik.com\/?p=10334#article","isPartOf":{"@id":"https:\/\/kibrisdakik.com\/?p=10334"},"author":{"name":"admin","@id":"https:\/\/kibrisdakik.com\/#\/schema\/person\/9cd9d437bbb44f72b73ba127e06d8e79"},"headline":"Cumhurba\u015fkanl\u0131\u011f\u0131: BM kapsaml\u0131 ve adil bir uzla\u015f\u0131ya ger\u00e7ekten katk\u0131 koymak istiyorsa, egemen irademize sayg\u0131 g\u00f6stermeli","datePublished":"2023-07-13T19:52:27+00:00","mainEntityOfPage":{"@id":"https:\/\/kibrisdakik.com\/?p=10334"},"wordCount":517,"commentCount":0,"image":{"@id":"https:\/\/kibrisdakik.com\/?p=10334#primaryimage"},"thumbnailUrl":"https:\/\/kibrisdakik.com\/wp-content\/uploads\/2023\/07\/cumhurbaskanligi14-740x400.jpg","articleSection":["G\u00fcndem"],"inLanguage":"tr","potentialAction":[{"@type":"CommentAction","name":"Comment","target":["https:\/\/kibrisdakik.com\/?p=10334#respond"]}]},{"@type":"WebPage","@id":"https:\/\/kibrisdakik.com\/?p=10334","url":"https:\/\/kibrisdakik.com\/?p=10334","name":"Cumhurba\u015fkanl\u0131\u011f\u0131: BM kapsaml\u0131 ve adil bir uzla\u015f\u0131ya ger\u00e7ekten katk\u0131 koymak istiyorsa, egemen irademize sayg\u0131 g\u00f6stermeli -","isPartOf":{"@id":"https:\/\/kibrisdakik.com\/#website"},"primaryImageOfPage":{"@id":"https:\/\/kibrisdakik.com\/?p=10334#primaryimage"},"image":{"@id":"https:\/\/kibrisdakik.com\/?p=10334#primaryimage"},"thumbnailUrl":"https:\/\/kibrisdakik.com\/wp-content\/uploads\/2023\/07\/cumhurbaskanligi14-740x400.jpg","datePublished":"2023-07-13T19:52:27+00:00","author":{"@id":"https:\/\/kibrisdakik.com\/#\/schema\/person\/9cd9d437bbb44f72b73ba127e06d8e79"},"breadcrumb":{"@id":"https:\/\/kibrisdakik.com\/?p=10334#breadcrumb"},"inLanguage":"tr","potentialAction":[{"@type":"ReadAction","target":["https:\/\/kibrisdakik.com\/?p=10334"]}]},{"@type":"ImageObject","inLanguage":"tr","@id":"https:\/\/kibrisdakik.com\/?p=10334#primaryimage","url":"https:\/\/kibrisdakik.com\/wp-content\/uploads\/2023\/07\/cumhurbaskanligi14-740x400.jpg","contentUrl":"https:\/\/kibrisdakik.com\/wp-content\/uploads\/2023\/07\/cumhurbaskanligi14-740x400.jpg","width":805,"height":400},{"@type":"BreadcrumbList","@id":"https:\/\/kibrisdakik.com\/?p=10334#breadcrumb","itemListElement":[{"@type":"ListItem","position":1,"name":"Home","item":"https:\/\/kibrisdakik.com\/"},{"@type":"ListItem","position":2,"name":"Cumhurba\u015fkanl\u0131\u011f\u0131: BM kapsaml\u0131 ve adil bir uzla\u015f\u0131ya ger\u00e7ekten katk\u0131 koymak istiyorsa, egemen irademize sayg\u0131 g\u00f6stermeli"}]},{"@type":"WebSite","@id":"https:\/\/kibrisdakik.com\/#website","url":"https:\/\/kibrisdakik.com\/","name":"","description":"Tam vaktinde haber","potentialAction":[{"@type":"SearchAction","target":{"@type":"EntryPoint","urlTemplate":"https:\/\/kibrisdakik.com\/?s={search_term_string}"},"query-input":{"@type":"PropertyValueSpecification","valueRequired":true,"valueName":"search_term_string"}}],"inLanguage":"tr"},{"@type":"Person","@id":"https:\/\/kibrisdakik.com\/#\/schema\/person\/9cd9d437bbb44f72b73ba127e06d8e79","name":"admin","image":{"@type":"ImageObject","inLanguage":"tr","@id":"https:\/\/secure.gravatar.com\/avatar\/ccc17943b9d660506c869530f897617f7cb1c21a4bf30023f252596d83e1f007?s=96&d=mm&r=g","url":"https:\/\/secure.gravatar.com\/avatar\/ccc17943b9d660506c869530f897617f7cb1c21a4bf30023f252596d83e1f007?s=96&d=mm&r=g","contentUrl":"https:\/\/secure.gravatar.com\/avatar\/ccc17943b9d660506c869530f897617f7cb1c21a4bf30023f252596d83e1f007?s=96&d=mm&r=g","caption":"admin"},"sameAs":["https:\/\/kibrisdakik.com"],"url":"https:\/\/kibrisdakik.com\/?author=1"}]}},"_links":{"self":[{"href":"https:\/\/kibrisdakik.com\/index.php?rest_route=\/wp\/v2\/posts\/10334","targetHints":{"allow":["GET"]}}],"collection":[{"href":"https:\/\/kibrisdakik.com\/index.php?rest_route=\/wp\/v2\/posts"}],"about":[{"href":"https:\/\/kibrisdakik.com\/index.php?rest_route=\/wp\/v2\/types\/post"}],"author":[{"embeddable":true,"href":"https:\/\/kibrisdakik.com\/index.php?rest_route=\/wp\/v2\/users\/1"}],"replies":[{"embeddable":true,"href":"https:\/\/kibrisdakik.com\/index.php?rest_route=%2Fwp%2Fv2%2Fcomments&post=10334"}],"version-history":[{"count":0,"href":"https:\/\/kibrisdakik.com\/index.php?rest_route=\/wp\/v2\/posts\/10334\/revisions"}],"wp:featuredmedia":[{"embeddable":true,"href":"https:\/\/kibrisdakik.com\/index.php?rest_route=\/wp\/v2\/media\/10335"}],"wp:attachment":[{"href":"https:\/\/kibrisdakik.com\/index.php?rest_route=%2Fwp%2Fv2%2Fmedia&parent=10334"}],"wp:term":[{"taxonomy":"category","embeddable":true,"href":"https:\/\/kibrisdakik.com\/index.php?rest_route=%2Fwp%2Fv2%2Fcategories&post=10334"},{"taxonomy":"post_tag","embeddable":true,"href":"https:\/\/kibrisdakik.com\/index.php?rest_route=%2Fwp%2Fv2%2Ftags&post=10334"}],"curies":[{"name":"wp","href":"https:\/\/api.w.org\/{rel}","templated":true}]}}