{"id":103342,"date":"2026-01-06T09:11:01","date_gmt":"2026-01-06T07:11:01","guid":{"rendered":"https:\/\/kibrisdakik.com\/index.php\/2026\/01\/06\/eski-bakanlardan-kenan-atakol-hayatini-kaybetti\/"},"modified":"2026-01-06T09:11:01","modified_gmt":"2026-01-06T07:11:01","slug":"eski-bakanlardan-kenan-atakol-hayatini-kaybetti","status":"publish","type":"post","link":"https:\/\/kibrisdakik.com\/?p=103342","title":{"rendered":"ESK\u0130 BAKANLARDAN KENAN ATAKOL HAYATINI KAYBETT\u0130"},"content":{"rendered":"<p><\/p>\n<div data-text-id=\"193160\" property=\"articleBody\">\n<p>1974 Bar\u0131\u015f harekat\u0131n\u0131n ard\u0131ndan K\u0131br\u0131s T\u00fcrk Federe Devleti ve sonras\u0131nda Kuzey K\u0131br\u0131s T\u00fcrk Cumhuriyeti\u2019nde en uzun s\u00fcre milletvekilli\u011fi ve bakanl\u0131k yapm\u0131\u015f isimlerden Kenan Atakol 88 ya\u015f\u0131nda hayat\u0131n\u0131 kaybetti.<\/p>\n<p>1937 y\u0131l\u0131nda Baf\u2019ta do\u011fan Kenan Atakol, 1961 y\u0131l\u0131nda, Orta Do\u011fu Teknikniversitesi \u0130n\u015faat M\u00fchendisli\u011fi B\u00f6l\u00fcm\u00fc\u2019nden mezun olduktan sonra, K\u0131br\u0131s&#8217;ta bir m\u00fcddet \u00f6zel sekt\u00f6rde, bir s\u00fcre de Su \u0130nki\u015faf Dairesi\u2019nde \u00e7al\u0131\u015ft\u0131. 1964 y\u0131l\u0131nda Amerika Birle\u015fik Devletleri\u2019ne giderek, 1965&#8217;te New Mexico \u00dcniversitesi\u2019nde y\u00fcksek lisans, 1967 y\u0131l\u0131nda da Virginia \u00dcniversitesi\u2019nde doktora yapt\u0131. 1967-1972 y\u0131llar\u0131 aras\u0131nda Pennsylvania State \u00dcniversitesi\u2019nde \u00f6\u011fretim \u00fcyeli\u011finde bulundu.<\/p>\n<p>1972&#8217;den 1974&#8217;e kadar, Birle\u015fmi\u015f Milletler Kalk\u0131nma Program\u0131 (UNDP)&#8217;n\u0131n haz\u0131rlam\u0131\u015f oldu\u011fu, Omorfo &#8211; Tillirya Sulama Projesi\u2019nde K\u0131br\u0131s T\u00fcrk Y\u00f6netimi\u2019ni temsilen uzman m\u00fchendis olarak g\u00f6rev ifa etti ve bu projenin baraj planlamalar\u0131n\u0131 y\u00fcr\u00fctt\u00fc.<\/p>\n<p>K\u0131br\u0131s T\u00fcrk Federe Devleti&#8217;nin ilan edilmesinin ard\u0131ndan gen\u00e7 ya\u015fta siyasete at\u0131lan Atakol 20 Haziran 1976, 28 Haziran 1981 genel se\u00e7imlerinde milletvekili se\u00e7ildi. 2 Aral\u0131k 1983\u2019te olu\u015fturulan Kurucu Meclis\u2019te \u00fcyelik yapt\u0131. 23 Haziran 1985, 6 May\u0131s 1990 ve 25 Aral\u0131k 1993 genel se\u00e7imlerinde Ulusal Birlik Partisi\u2019nden Lefko\u015fa milletvekili se\u00e7ildi. aral\u0131ks\u0131z s\u00fcrd\u00fcrd\u00fc\u011f\u00fc milletvekillli\u011fi g\u00f6revi 18 Aral\u0131k 1998 tarihinde sona erdi.<\/p>\n<p>1974-1993 y\u0131llar\u0131 aras\u0131nda, Tabii Kaynaklar ve Enerji Bakanl\u0131\u011f\u0131, E\u011fitim ve K\u00fclt\u00fcr Bakanl\u0131\u011f\u0131, \u0130\u00e7i\u015fleri Bakanl\u0131\u011f\u0131, D\u0131\u015fi\u015fleri ve Savunma Bakanl\u0131\u011f\u0131 ve Turizim Bakanl\u0131\u011f\u0131 g\u00f6revlerinde bulundu.<\/p>\n<p>5 y\u0131l K\u0131br\u0131s T\u00fcrk Federe Devleti, 8 y\u0131l ise Kuzey K\u0131br\u0131s T\u00fcrk Cumhuriyeti D\u0131\u015fi\u015fleri Bakan\u0131 olarak g\u00f6rev yaparak K\u0131br\u0131s T\u00fcrk siyasi tarihine ad\u0131n\u0131 yazd\u0131ran isimlerden biri oldu.<\/p>\n<p>\u0130ngilizce ve Rumca bilen Atakol, evlidir ve iki \u00e7ocuk babas\u0131yd\u0131.<\/p>\n<\/p><\/div>\n","protected":false},"excerpt":{"rendered":"<p>1974 Bar\u0131\u015f harekat\u0131n\u0131n ard\u0131ndan K\u0131br\u0131s T\u00fcrk Federe Devleti ve sonras\u0131nda Kuzey K\u0131br\u0131s T\u00fcrk Cumhuriyeti\u2019nde en uzun s\u00fcre milletvekilli\u011fi ve bakanl\u0131k yapm\u0131\u015f isimlerden Kenan Atakol 88 ya\u015f\u0131nda hayat\u0131n\u0131 kaybetti. 1937 y\u0131l\u0131nda Baf\u2019ta do\u011fan Kenan Atakol, 1961 y\u0131l\u0131nda, Orta Do\u011fu Teknikniversitesi \u0130n\u015faat M\u00fchendisli\u011fi B\u00f6l\u00fcm\u00fc\u2019nden mezun olduktan sonra, K\u0131br\u0131s&#8217;ta bir m\u00fcddet \u00f6zel sekt\u00f6rde, bir s\u00fcre de Su \u0130nki\u015faf<\/p>\n","protected":false},"author":1,"featured_media":103343,"comment_status":"open","ping_status":"open","sticky":false,"template":"","format":"standard","meta":{"footnotes":""},"categories":[81],"tags":[],"class_list":["post-103342","post","type-post","status-publish","format-standard","has-post-thumbnail","hentry","category-kibris"],"yoast_head":"<!-- This site is optimized with the Yoast SEO plugin v27.5 - https:\/\/yoast.com\/product\/yoast-seo-wordpress\/ -->\n<title>ESK\u0130 BAKANLARDAN KENAN ATAKOL HAYATINI KAYBETT\u0130 -<\/title>\n<meta name=\"robots\" content=\"index, follow, max-snippet:-1, max-image-preview:large, max-video-preview:-1\" \/>\n<link rel=\"canonical\" href=\"https:\/\/kibrisdakik.com\/?p=103342\" \/>\n<meta property=\"og:locale\" content=\"tr_TR\" \/>\n<meta property=\"og:type\" content=\"article\" \/>\n<meta property=\"og:title\" content=\"ESK\u0130 BAKANLARDAN KENAN ATAKOL HAYATINI KAYBETT\u0130 -\" \/>\n<meta property=\"og:description\" content=\"1974 Bar\u0131\u015f harekat\u0131n\u0131n ard\u0131ndan K\u0131br\u0131s T\u00fcrk Federe Devleti ve sonras\u0131nda Kuzey K\u0131br\u0131s T\u00fcrk Cumhuriyeti\u2019nde en uzun s\u00fcre milletvekilli\u011fi ve bakanl\u0131k yapm\u0131\u015f isimlerden Kenan Atakol 88 ya\u015f\u0131nda hayat\u0131n\u0131 kaybetti. 1937 y\u0131l\u0131nda Baf\u2019ta do\u011fan Kenan Atakol, 1961 y\u0131l\u0131nda, Orta Do\u011fu Teknikniversitesi \u0130n\u015faat M\u00fchendisli\u011fi B\u00f6l\u00fcm\u00fc\u2019nden mezun olduktan sonra, K\u0131br\u0131s&#8217;ta bir m\u00fcddet \u00f6zel sekt\u00f6rde, bir s\u00fcre de Su \u0130nki\u015faf\" \/>\n<meta property=\"og:url\" content=\"https:\/\/kibrisdakik.com\/?p=103342\" \/>\n<meta property=\"article:published_time\" content=\"2026-01-06T07:11:01+00:00\" \/>\n<meta property=\"og:image\" content=\"https:\/\/kibrisdakik.com\/wp-content\/uploads\/2026\/01\/mha-sari-beyaz-2129.png\" \/>\n\t<meta property=\"og:image:width\" content=\"1280\" \/>\n\t<meta property=\"og:image:height\" content=\"720\" \/>\n\t<meta property=\"og:image:type\" content=\"image\/png\" \/>\n<meta name=\"author\" content=\"admin\" \/>\n<meta name=\"twitter:card\" content=\"summary_large_image\" \/>\n<meta name=\"twitter:label1\" content=\"Yazan:\" \/>\n\t<meta name=\"twitter:data1\" content=\"admin\" \/>\n\t<meta name=\"twitter:label2\" content=\"Tahmini okuma s\u00fcresi\" \/>\n\t<meta name=\"twitter:data2\" content=\"2 dakika\" \/>\n<script type=\"application\/ld+json\" class=\"yoast-schema-graph\">{\"@context\":\"https:\\\/\\\/schema.org\",\"@graph\":[{\"@type\":\"Article\",\"@id\":\"https:\\\/\\\/kibrisdakik.com\\\/?p=103342#article\",\"isPartOf\":{\"@id\":\"https:\\\/\\\/kibrisdakik.com\\\/?p=103342\"},\"author\":{\"name\":\"admin\",\"@id\":\"https:\\\/\\\/kibrisdakik.com\\\/#\\\/schema\\\/person\\\/9cd9d437bbb44f72b73ba127e06d8e79\"},\"headline\":\"ESK\u0130 BAKANLARDAN KENAN ATAKOL HAYATINI KAYBETT\u0130\",\"datePublished\":\"2026-01-06T07:11:01+00:00\",\"mainEntityOfPage\":{\"@id\":\"https:\\\/\\\/kibrisdakik.com\\\/?p=103342\"},\"wordCount\":336,\"commentCount\":0,\"image\":{\"@id\":\"https:\\\/\\\/kibrisdakik.com\\\/?p=103342#primaryimage\"},\"thumbnailUrl\":\"https:\\\/\\\/kibrisdakik.com\\\/wp-content\\\/uploads\\\/2026\\\/01\\\/mha-sari-beyaz-2129.png\",\"articleSection\":[\"K\u0131br\u0131s\"],\"inLanguage\":\"tr\",\"potentialAction\":[{\"@type\":\"CommentAction\",\"name\":\"Comment\",\"target\":[\"https:\\\/\\\/kibrisdakik.com\\\/?p=103342#respond\"]}]},{\"@type\":\"WebPage\",\"@id\":\"https:\\\/\\\/kibrisdakik.com\\\/?p=103342\",\"url\":\"https:\\\/\\\/kibrisdakik.com\\\/?p=103342\",\"name\":\"ESK\u0130 BAKANLARDAN KENAN ATAKOL HAYATINI KAYBETT\u0130 -\",\"isPartOf\":{\"@id\":\"https:\\\/\\\/kibrisdakik.com\\\/#website\"},\"primaryImageOfPage\":{\"@id\":\"https:\\\/\\\/kibrisdakik.com\\\/?p=103342#primaryimage\"},\"image\":{\"@id\":\"https:\\\/\\\/kibrisdakik.com\\\/?p=103342#primaryimage\"},\"thumbnailUrl\":\"https:\\\/\\\/kibrisdakik.com\\\/wp-content\\\/uploads\\\/2026\\\/01\\\/mha-sari-beyaz-2129.png\",\"datePublished\":\"2026-01-06T07:11:01+00:00\",\"author\":{\"@id\":\"https:\\\/\\\/kibrisdakik.com\\\/#\\\/schema\\\/person\\\/9cd9d437bbb44f72b73ba127e06d8e79\"},\"breadcrumb\":{\"@id\":\"https:\\\/\\\/kibrisdakik.com\\\/?p=103342#breadcrumb\"},\"inLanguage\":\"tr\",\"potentialAction\":[{\"@type\":\"ReadAction\",\"target\":[\"https:\\\/\\\/kibrisdakik.com\\\/?p=103342\"]}]},{\"@type\":\"ImageObject\",\"inLanguage\":\"tr\",\"@id\":\"https:\\\/\\\/kibrisdakik.com\\\/?p=103342#primaryimage\",\"url\":\"https:\\\/\\\/kibrisdakik.com\\\/wp-content\\\/uploads\\\/2026\\\/01\\\/mha-sari-beyaz-2129.png\",\"contentUrl\":\"https:\\\/\\\/kibrisdakik.com\\\/wp-content\\\/uploads\\\/2026\\\/01\\\/mha-sari-beyaz-2129.png\",\"width\":1280,\"height\":720},{\"@type\":\"BreadcrumbList\",\"@id\":\"https:\\\/\\\/kibrisdakik.com\\\/?p=103342#breadcrumb\",\"itemListElement\":[{\"@type\":\"ListItem\",\"position\":1,\"name\":\"Home\",\"item\":\"https:\\\/\\\/kibrisdakik.com\\\/\"},{\"@type\":\"ListItem\",\"position\":2,\"name\":\"ESK\u0130 BAKANLARDAN KENAN ATAKOL HAYATINI KAYBETT\u0130\"}]},{\"@type\":\"WebSite\",\"@id\":\"https:\\\/\\\/kibrisdakik.com\\\/#website\",\"url\":\"https:\\\/\\\/kibrisdakik.com\\\/\",\"name\":\"\",\"description\":\"Tam vaktinde haber\",\"potentialAction\":[{\"@type\":\"SearchAction\",\"target\":{\"@type\":\"EntryPoint\",\"urlTemplate\":\"https:\\\/\\\/kibrisdakik.com\\\/?s={search_term_string}\"},\"query-input\":{\"@type\":\"PropertyValueSpecification\",\"valueRequired\":true,\"valueName\":\"search_term_string\"}}],\"inLanguage\":\"tr\"},{\"@type\":\"Person\",\"@id\":\"https:\\\/\\\/kibrisdakik.com\\\/#\\\/schema\\\/person\\\/9cd9d437bbb44f72b73ba127e06d8e79\",\"name\":\"admin\",\"image\":{\"@type\":\"ImageObject\",\"inLanguage\":\"tr\",\"@id\":\"https:\\\/\\\/secure.gravatar.com\\\/avatar\\\/ccc17943b9d660506c869530f897617f7cb1c21a4bf30023f252596d83e1f007?s=96&d=mm&r=g\",\"url\":\"https:\\\/\\\/secure.gravatar.com\\\/avatar\\\/ccc17943b9d660506c869530f897617f7cb1c21a4bf30023f252596d83e1f007?s=96&d=mm&r=g\",\"contentUrl\":\"https:\\\/\\\/secure.gravatar.com\\\/avatar\\\/ccc17943b9d660506c869530f897617f7cb1c21a4bf30023f252596d83e1f007?s=96&d=mm&r=g\",\"caption\":\"admin\"},\"sameAs\":[\"https:\\\/\\\/kibrisdakik.com\"],\"url\":\"https:\\\/\\\/kibrisdakik.com\\\/?author=1\"}]}<\/script>\n<!-- \/ Yoast SEO plugin. -->","yoast_head_json":{"title":"ESK\u0130 BAKANLARDAN KENAN ATAKOL HAYATINI KAYBETT\u0130 -","robots":{"index":"index","follow":"follow","max-snippet":"max-snippet:-1","max-image-preview":"max-image-preview:large","max-video-preview":"max-video-preview:-1"},"canonical":"https:\/\/kibrisdakik.com\/?p=103342","og_locale":"tr_TR","og_type":"article","og_title":"ESK\u0130 BAKANLARDAN KENAN ATAKOL HAYATINI KAYBETT\u0130 -","og_description":"1974 Bar\u0131\u015f harekat\u0131n\u0131n ard\u0131ndan K\u0131br\u0131s T\u00fcrk Federe Devleti ve sonras\u0131nda Kuzey K\u0131br\u0131s T\u00fcrk Cumhuriyeti\u2019nde en uzun s\u00fcre milletvekilli\u011fi ve bakanl\u0131k yapm\u0131\u015f isimlerden Kenan Atakol 88 ya\u015f\u0131nda hayat\u0131n\u0131 kaybetti. 1937 y\u0131l\u0131nda Baf\u2019ta do\u011fan Kenan Atakol, 1961 y\u0131l\u0131nda, Orta Do\u011fu Teknikniversitesi \u0130n\u015faat M\u00fchendisli\u011fi B\u00f6l\u00fcm\u00fc\u2019nden mezun olduktan sonra, K\u0131br\u0131s&#8217;ta bir m\u00fcddet \u00f6zel sekt\u00f6rde, bir s\u00fcre de Su \u0130nki\u015faf","og_url":"https:\/\/kibrisdakik.com\/?p=103342","article_published_time":"2026-01-06T07:11:01+00:00","og_image":[{"width":1280,"height":720,"url":"https:\/\/kibrisdakik.com\/wp-content\/uploads\/2026\/01\/mha-sari-beyaz-2129.png","type":"image\/png"}],"author":"admin","twitter_card":"summary_large_image","twitter_misc":{"Yazan:":"admin","Tahmini okuma s\u00fcresi":"2 dakika"},"schema":{"@context":"https:\/\/schema.org","@graph":[{"@type":"Article","@id":"https:\/\/kibrisdakik.com\/?p=103342#article","isPartOf":{"@id":"https:\/\/kibrisdakik.com\/?p=103342"},"author":{"name":"admin","@id":"https:\/\/kibrisdakik.com\/#\/schema\/person\/9cd9d437bbb44f72b73ba127e06d8e79"},"headline":"ESK\u0130 BAKANLARDAN KENAN ATAKOL HAYATINI KAYBETT\u0130","datePublished":"2026-01-06T07:11:01+00:00","mainEntityOfPage":{"@id":"https:\/\/kibrisdakik.com\/?p=103342"},"wordCount":336,"commentCount":0,"image":{"@id":"https:\/\/kibrisdakik.com\/?p=103342#primaryimage"},"thumbnailUrl":"https:\/\/kibrisdakik.com\/wp-content\/uploads\/2026\/01\/mha-sari-beyaz-2129.png","articleSection":["K\u0131br\u0131s"],"inLanguage":"tr","potentialAction":[{"@type":"CommentAction","name":"Comment","target":["https:\/\/kibrisdakik.com\/?p=103342#respond"]}]},{"@type":"WebPage","@id":"https:\/\/kibrisdakik.com\/?p=103342","url":"https:\/\/kibrisdakik.com\/?p=103342","name":"ESK\u0130 BAKANLARDAN KENAN ATAKOL HAYATINI KAYBETT\u0130 -","isPartOf":{"@id":"https:\/\/kibrisdakik.com\/#website"},"primaryImageOfPage":{"@id":"https:\/\/kibrisdakik.com\/?p=103342#primaryimage"},"image":{"@id":"https:\/\/kibrisdakik.com\/?p=103342#primaryimage"},"thumbnailUrl":"https:\/\/kibrisdakik.com\/wp-content\/uploads\/2026\/01\/mha-sari-beyaz-2129.png","datePublished":"2026-01-06T07:11:01+00:00","author":{"@id":"https:\/\/kibrisdakik.com\/#\/schema\/person\/9cd9d437bbb44f72b73ba127e06d8e79"},"breadcrumb":{"@id":"https:\/\/kibrisdakik.com\/?p=103342#breadcrumb"},"inLanguage":"tr","potentialAction":[{"@type":"ReadAction","target":["https:\/\/kibrisdakik.com\/?p=103342"]}]},{"@type":"ImageObject","inLanguage":"tr","@id":"https:\/\/kibrisdakik.com\/?p=103342#primaryimage","url":"https:\/\/kibrisdakik.com\/wp-content\/uploads\/2026\/01\/mha-sari-beyaz-2129.png","contentUrl":"https:\/\/kibrisdakik.com\/wp-content\/uploads\/2026\/01\/mha-sari-beyaz-2129.png","width":1280,"height":720},{"@type":"BreadcrumbList","@id":"https:\/\/kibrisdakik.com\/?p=103342#breadcrumb","itemListElement":[{"@type":"ListItem","position":1,"name":"Home","item":"https:\/\/kibrisdakik.com\/"},{"@type":"ListItem","position":2,"name":"ESK\u0130 BAKANLARDAN KENAN ATAKOL HAYATINI KAYBETT\u0130"}]},{"@type":"WebSite","@id":"https:\/\/kibrisdakik.com\/#website","url":"https:\/\/kibrisdakik.com\/","name":"","description":"Tam vaktinde haber","potentialAction":[{"@type":"SearchAction","target":{"@type":"EntryPoint","urlTemplate":"https:\/\/kibrisdakik.com\/?s={search_term_string}"},"query-input":{"@type":"PropertyValueSpecification","valueRequired":true,"valueName":"search_term_string"}}],"inLanguage":"tr"},{"@type":"Person","@id":"https:\/\/kibrisdakik.com\/#\/schema\/person\/9cd9d437bbb44f72b73ba127e06d8e79","name":"admin","image":{"@type":"ImageObject","inLanguage":"tr","@id":"https:\/\/secure.gravatar.com\/avatar\/ccc17943b9d660506c869530f897617f7cb1c21a4bf30023f252596d83e1f007?s=96&d=mm&r=g","url":"https:\/\/secure.gravatar.com\/avatar\/ccc17943b9d660506c869530f897617f7cb1c21a4bf30023f252596d83e1f007?s=96&d=mm&r=g","contentUrl":"https:\/\/secure.gravatar.com\/avatar\/ccc17943b9d660506c869530f897617f7cb1c21a4bf30023f252596d83e1f007?s=96&d=mm&r=g","caption":"admin"},"sameAs":["https:\/\/kibrisdakik.com"],"url":"https:\/\/kibrisdakik.com\/?author=1"}]}},"_links":{"self":[{"href":"https:\/\/kibrisdakik.com\/index.php?rest_route=\/wp\/v2\/posts\/103342","targetHints":{"allow":["GET"]}}],"collection":[{"href":"https:\/\/kibrisdakik.com\/index.php?rest_route=\/wp\/v2\/posts"}],"about":[{"href":"https:\/\/kibrisdakik.com\/index.php?rest_route=\/wp\/v2\/types\/post"}],"author":[{"embeddable":true,"href":"https:\/\/kibrisdakik.com\/index.php?rest_route=\/wp\/v2\/users\/1"}],"replies":[{"embeddable":true,"href":"https:\/\/kibrisdakik.com\/index.php?rest_route=%2Fwp%2Fv2%2Fcomments&post=103342"}],"version-history":[{"count":0,"href":"https:\/\/kibrisdakik.com\/index.php?rest_route=\/wp\/v2\/posts\/103342\/revisions"}],"wp:featuredmedia":[{"embeddable":true,"href":"https:\/\/kibrisdakik.com\/index.php?rest_route=\/wp\/v2\/media\/103343"}],"wp:attachment":[{"href":"https:\/\/kibrisdakik.com\/index.php?rest_route=%2Fwp%2Fv2%2Fmedia&parent=103342"}],"wp:term":[{"taxonomy":"category","embeddable":true,"href":"https:\/\/kibrisdakik.com\/index.php?rest_route=%2Fwp%2Fv2%2Fcategories&post=103342"},{"taxonomy":"post_tag","embeddable":true,"href":"https:\/\/kibrisdakik.com\/index.php?rest_route=%2Fwp%2Fv2%2Ftags&post=103342"}],"curies":[{"name":"wp","href":"https:\/\/api.w.org\/{rel}","templated":true}]}}