{"id":10336,"date":"2023-07-13T20:53:32","date_gmt":"2023-07-13T20:53:32","guid":{"rendered":"https:\/\/kibrisdakik.com\/index.php\/2023\/07\/13\/bakan-cavusoglu-asbuyu-ziyaret-etti\/"},"modified":"2023-07-13T20:53:32","modified_gmt":"2023-07-13T20:53:32","slug":"bakan-cavusoglu-asbuyu-ziyaret-etti","status":"publish","type":"post","link":"https:\/\/kibrisdakik.com\/?p=10336","title":{"rendered":"Bakan \u00c7avu\u015fo\u011flu, ASB\u00dc\u2019y\u00fc ziyaret etti"},"content":{"rendered":"<p><\/p>\n<div>\n<div class=\"mariselle-image-container center\">\n                <img width=\"959\" height=\"464\" class=\"lazy-image\" alt=\"\" decoding=\"async\" loading=\"lazy\" sizes=\"auto, (max-width: 959px) 100vw, 959px\" src=\"https:\/\/brtk.net\/wp-content\/uploads\/2023\/07\/13\/Screenshot_20230713_215945_Samsung-Internet.jpg?ver=bf12952ea4effe784332baf2f62cab1f\" srcset=\"https:\/\/brtk.net\/wp-content\/uploads\/2023\/07\/13\/Screenshot_20230713_215945_Samsung-Internet.jpg?ver=bf12952ea4effe784332baf2f62cab1f 959w, https:\/\/brtk.net\/wp-content\/uploads\/2023\/07\/13\/Screenshot_20230713_215945_Samsung-Internet-300x145.jpg?ver=bf12952ea4effe784332baf2f62cab1f 300w, https:\/\/brtk.net\/wp-content\/uploads\/2023\/07\/13\/Screenshot_20230713_215945_Samsung-Internet-768x372.jpg?ver=1a0f536a11080eb39dde006830e5a3b6 768w\"\/>                            <\/div>\n<p>Milli E\u011fitim Bakan\u0131 Naz\u0131m \u00c7avu\u015fo\u011flu, heyetiyle birlikte Ankara Sosyal Bilimler \u00dcniversitesi\u2019ni (ASB\u00dc) ziyaret etti.<\/p>\n<p>\u00c7avu\u015fo\u011flu, d\u00f6nemin Ba\u015fbakan\u0131 Adnan Menderes, D\u0131\u015fi\u015fleri Bakan\u0131 Fatin R\u00fc\u015ft\u00fc Zorlu ve Maliye Bakan\u0131 Hasan Polatkan taraf\u0131ndan kullan\u0131lan eski Ba\u015fbakanl\u0131k binas\u0131n\u0131, makam odalar\u0131n\u0131 ve toplant\u0131 odalar\u0131n\u0131 gezerek, ASB\u00dc Rekt\u00f6r\u00fc Prof. Dr. Musa Kaz\u0131m Ar\u0131can\u2019dan tarihi bina ile ilgili bilgi ald\u0131.<\/p>\n<p>\u00dcniversitenin Senato Odas\u0131\u2019nda ger\u00e7ekle\u015ftirilen g\u00f6r\u00fc\u015fmenin ard\u0131ndan Milli E\u011fitim Bakanl\u0131\u011f\u0131 ile ASB\u00dc aras\u0131nda i\u015f birli\u011fi protokol\u00fc imzaland\u0131.<\/p>\n<p>Protokol kapsam\u0131nda ASB\u00dc, GCE A Level program\u0131nda e\u011fitim alan <a href=\"https:\/\/brtk.net\/\">KKTC<\/a> uyruklu \u00f6\u011frencilere \u00f6zel kontenjan ay\u0131rarak, Ekonomi, \u0130\u015fletme, Siyaset Bilimleri ve Kamu Y\u00f6netimi, Uluslararas\u0131 \u0130li\u015fkiler, Psikoloji, Sosyoloji, Tarih, \u0130ngiliz Dili ve Edebiyat\u0131, Rus\u00e7a M\u00fctercim ve Terc\u00fcmanl\u0131k ile Japonca M\u00fctercim ve Terc\u00fcmanl\u0131k \u0130ngilizce dili lisans programlar\u0131nda \u00f6\u011frenim g\u00f6rmelerine imkan sa\u011flayacak.<\/p>\n<\/p><\/div>\n<p><script async\n                    defer\n                    crossorigin=\"anonymous\"\n                    src=\"https:\/\/connect.facebook.net\/tr_TR\/sdk.js#xfbml=1&#038;version=v3.3\"\n            ><\/script><\/p>\n","protected":false},"excerpt":{"rendered":"<p>Milli E\u011fitim Bakan\u0131 Naz\u0131m \u00c7avu\u015fo\u011flu, heyetiyle birlikte Ankara Sosyal Bilimler \u00dcniversitesi\u2019ni (ASB\u00dc) ziyaret etti. \u00c7avu\u015fo\u011flu, d\u00f6nemin Ba\u015fbakan\u0131 Adnan Menderes, D\u0131\u015fi\u015fleri Bakan\u0131 Fatin R\u00fc\u015ft\u00fc Zorlu ve Maliye Bakan\u0131 Hasan Polatkan taraf\u0131ndan kullan\u0131lan eski Ba\u015fbakanl\u0131k binas\u0131n\u0131, makam odalar\u0131n\u0131 ve toplant\u0131 odalar\u0131n\u0131 gezerek, ASB\u00dc Rekt\u00f6r\u00fc Prof. Dr. Musa Kaz\u0131m Ar\u0131can\u2019dan tarihi bina ile ilgili bilgi ald\u0131. \u00dcniversitenin Senato<\/p>\n","protected":false},"author":1,"featured_media":10337,"comment_status":"open","ping_status":"open","sticky":false,"template":"","format":"standard","meta":{"footnotes":""},"categories":[1],"tags":[],"class_list":["post-10336","post","type-post","status-publish","format-standard","has-post-thumbnail","hentry","category-gundem"],"yoast_head":"<!-- This site is optimized with the Yoast SEO plugin v27.5 - https:\/\/yoast.com\/product\/yoast-seo-wordpress\/ -->\n<title>Bakan \u00c7avu\u015fo\u011flu, ASB\u00dc\u2019y\u00fc ziyaret etti -<\/title>\n<meta name=\"robots\" content=\"index, follow, max-snippet:-1, max-image-preview:large, max-video-preview:-1\" \/>\n<link rel=\"canonical\" href=\"https:\/\/kibrisdakik.com\/?p=10336\" \/>\n<meta property=\"og:locale\" content=\"tr_TR\" \/>\n<meta property=\"og:type\" content=\"article\" \/>\n<meta property=\"og:title\" content=\"Bakan \u00c7avu\u015fo\u011flu, ASB\u00dc\u2019y\u00fc ziyaret etti -\" \/>\n<meta property=\"og:description\" content=\"Milli E\u011fitim Bakan\u0131 Naz\u0131m \u00c7avu\u015fo\u011flu, heyetiyle birlikte Ankara Sosyal Bilimler \u00dcniversitesi\u2019ni (ASB\u00dc) ziyaret etti. \u00c7avu\u015fo\u011flu, d\u00f6nemin Ba\u015fbakan\u0131 Adnan Menderes, D\u0131\u015fi\u015fleri Bakan\u0131 Fatin R\u00fc\u015ft\u00fc Zorlu ve Maliye Bakan\u0131 Hasan Polatkan taraf\u0131ndan kullan\u0131lan eski Ba\u015fbakanl\u0131k binas\u0131n\u0131, makam odalar\u0131n\u0131 ve toplant\u0131 odalar\u0131n\u0131 gezerek, ASB\u00dc Rekt\u00f6r\u00fc Prof. Dr. Musa Kaz\u0131m Ar\u0131can\u2019dan tarihi bina ile ilgili bilgi ald\u0131. \u00dcniversitenin Senato\" \/>\n<meta property=\"og:url\" content=\"https:\/\/kibrisdakik.com\/?p=10336\" \/>\n<meta property=\"article:published_time\" content=\"2023-07-13T20:53:32+00:00\" \/>\n<meta property=\"og:image\" content=\"https:\/\/kibrisdakik.com\/wp-content\/uploads\/2023\/07\/Screenshot_20230713_215945_Samsung-Internet-740x420.jpg\" \/>\n\t<meta property=\"og:image:width\" content=\"959\" \/>\n\t<meta property=\"og:image:height\" content=\"464\" \/>\n\t<meta property=\"og:image:type\" content=\"image\/jpeg\" \/>\n<meta name=\"author\" content=\"admin\" \/>\n<meta name=\"twitter:card\" content=\"summary_large_image\" \/>\n<meta name=\"twitter:label1\" content=\"Yazan:\" \/>\n\t<meta name=\"twitter:data1\" content=\"admin\" \/>\n\t<meta name=\"twitter:label2\" content=\"Tahmini okuma s\u00fcresi\" \/>\n\t<meta name=\"twitter:data2\" content=\"1 dakika\" \/>\n<script type=\"application\/ld+json\" class=\"yoast-schema-graph\">{\"@context\":\"https:\\\/\\\/schema.org\",\"@graph\":[{\"@type\":\"Article\",\"@id\":\"https:\\\/\\\/kibrisdakik.com\\\/?p=10336#article\",\"isPartOf\":{\"@id\":\"https:\\\/\\\/kibrisdakik.com\\\/?p=10336\"},\"author\":{\"name\":\"admin\",\"@id\":\"https:\\\/\\\/kibrisdakik.com\\\/#\\\/schema\\\/person\\\/9cd9d437bbb44f72b73ba127e06d8e79\"},\"headline\":\"Bakan \u00c7avu\u015fo\u011flu, ASB\u00dc\u2019y\u00fc ziyaret etti\",\"datePublished\":\"2023-07-13T20:53:32+00:00\",\"mainEntityOfPage\":{\"@id\":\"https:\\\/\\\/kibrisdakik.com\\\/?p=10336\"},\"wordCount\":173,\"commentCount\":0,\"image\":{\"@id\":\"https:\\\/\\\/kibrisdakik.com\\\/?p=10336#primaryimage\"},\"thumbnailUrl\":\"https:\\\/\\\/kibrisdakik.com\\\/wp-content\\\/uploads\\\/2023\\\/07\\\/Screenshot_20230713_215945_Samsung-Internet-740x420.jpg\",\"articleSection\":[\"G\u00fcndem\"],\"inLanguage\":\"tr\",\"potentialAction\":[{\"@type\":\"CommentAction\",\"name\":\"Comment\",\"target\":[\"https:\\\/\\\/kibrisdakik.com\\\/?p=10336#respond\"]}]},{\"@type\":\"WebPage\",\"@id\":\"https:\\\/\\\/kibrisdakik.com\\\/?p=10336\",\"url\":\"https:\\\/\\\/kibrisdakik.com\\\/?p=10336\",\"name\":\"Bakan \u00c7avu\u015fo\u011flu, ASB\u00dc\u2019y\u00fc ziyaret etti -\",\"isPartOf\":{\"@id\":\"https:\\\/\\\/kibrisdakik.com\\\/#website\"},\"primaryImageOfPage\":{\"@id\":\"https:\\\/\\\/kibrisdakik.com\\\/?p=10336#primaryimage\"},\"image\":{\"@id\":\"https:\\\/\\\/kibrisdakik.com\\\/?p=10336#primaryimage\"},\"thumbnailUrl\":\"https:\\\/\\\/kibrisdakik.com\\\/wp-content\\\/uploads\\\/2023\\\/07\\\/Screenshot_20230713_215945_Samsung-Internet-740x420.jpg\",\"datePublished\":\"2023-07-13T20:53:32+00:00\",\"author\":{\"@id\":\"https:\\\/\\\/kibrisdakik.com\\\/#\\\/schema\\\/person\\\/9cd9d437bbb44f72b73ba127e06d8e79\"},\"breadcrumb\":{\"@id\":\"https:\\\/\\\/kibrisdakik.com\\\/?p=10336#breadcrumb\"},\"inLanguage\":\"tr\",\"potentialAction\":[{\"@type\":\"ReadAction\",\"target\":[\"https:\\\/\\\/kibrisdakik.com\\\/?p=10336\"]}]},{\"@type\":\"ImageObject\",\"inLanguage\":\"tr\",\"@id\":\"https:\\\/\\\/kibrisdakik.com\\\/?p=10336#primaryimage\",\"url\":\"https:\\\/\\\/kibrisdakik.com\\\/wp-content\\\/uploads\\\/2023\\\/07\\\/Screenshot_20230713_215945_Samsung-Internet-740x420.jpg\",\"contentUrl\":\"https:\\\/\\\/kibrisdakik.com\\\/wp-content\\\/uploads\\\/2023\\\/07\\\/Screenshot_20230713_215945_Samsung-Internet-740x420.jpg\",\"width\":959,\"height\":464},{\"@type\":\"BreadcrumbList\",\"@id\":\"https:\\\/\\\/kibrisdakik.com\\\/?p=10336#breadcrumb\",\"itemListElement\":[{\"@type\":\"ListItem\",\"position\":1,\"name\":\"Home\",\"item\":\"https:\\\/\\\/kibrisdakik.com\\\/\"},{\"@type\":\"ListItem\",\"position\":2,\"name\":\"Bakan \u00c7avu\u015fo\u011flu, ASB\u00dc\u2019y\u00fc ziyaret etti\"}]},{\"@type\":\"WebSite\",\"@id\":\"https:\\\/\\\/kibrisdakik.com\\\/#website\",\"url\":\"https:\\\/\\\/kibrisdakik.com\\\/\",\"name\":\"\",\"description\":\"Tam vaktinde haber\",\"potentialAction\":[{\"@type\":\"SearchAction\",\"target\":{\"@type\":\"EntryPoint\",\"urlTemplate\":\"https:\\\/\\\/kibrisdakik.com\\\/?s={search_term_string}\"},\"query-input\":{\"@type\":\"PropertyValueSpecification\",\"valueRequired\":true,\"valueName\":\"search_term_string\"}}],\"inLanguage\":\"tr\"},{\"@type\":\"Person\",\"@id\":\"https:\\\/\\\/kibrisdakik.com\\\/#\\\/schema\\\/person\\\/9cd9d437bbb44f72b73ba127e06d8e79\",\"name\":\"admin\",\"image\":{\"@type\":\"ImageObject\",\"inLanguage\":\"tr\",\"@id\":\"https:\\\/\\\/secure.gravatar.com\\\/avatar\\\/ccc17943b9d660506c869530f897617f7cb1c21a4bf30023f252596d83e1f007?s=96&d=mm&r=g\",\"url\":\"https:\\\/\\\/secure.gravatar.com\\\/avatar\\\/ccc17943b9d660506c869530f897617f7cb1c21a4bf30023f252596d83e1f007?s=96&d=mm&r=g\",\"contentUrl\":\"https:\\\/\\\/secure.gravatar.com\\\/avatar\\\/ccc17943b9d660506c869530f897617f7cb1c21a4bf30023f252596d83e1f007?s=96&d=mm&r=g\",\"caption\":\"admin\"},\"sameAs\":[\"https:\\\/\\\/kibrisdakik.com\"],\"url\":\"https:\\\/\\\/kibrisdakik.com\\\/?author=1\"}]}<\/script>\n<!-- \/ Yoast SEO plugin. -->","yoast_head_json":{"title":"Bakan \u00c7avu\u015fo\u011flu, ASB\u00dc\u2019y\u00fc ziyaret etti -","robots":{"index":"index","follow":"follow","max-snippet":"max-snippet:-1","max-image-preview":"max-image-preview:large","max-video-preview":"max-video-preview:-1"},"canonical":"https:\/\/kibrisdakik.com\/?p=10336","og_locale":"tr_TR","og_type":"article","og_title":"Bakan \u00c7avu\u015fo\u011flu, ASB\u00dc\u2019y\u00fc ziyaret etti -","og_description":"Milli E\u011fitim Bakan\u0131 Naz\u0131m \u00c7avu\u015fo\u011flu, heyetiyle birlikte Ankara Sosyal Bilimler \u00dcniversitesi\u2019ni (ASB\u00dc) ziyaret etti. \u00c7avu\u015fo\u011flu, d\u00f6nemin Ba\u015fbakan\u0131 Adnan Menderes, D\u0131\u015fi\u015fleri Bakan\u0131 Fatin R\u00fc\u015ft\u00fc Zorlu ve Maliye Bakan\u0131 Hasan Polatkan taraf\u0131ndan kullan\u0131lan eski Ba\u015fbakanl\u0131k binas\u0131n\u0131, makam odalar\u0131n\u0131 ve toplant\u0131 odalar\u0131n\u0131 gezerek, ASB\u00dc Rekt\u00f6r\u00fc Prof. Dr. Musa Kaz\u0131m Ar\u0131can\u2019dan tarihi bina ile ilgili bilgi ald\u0131. \u00dcniversitenin Senato","og_url":"https:\/\/kibrisdakik.com\/?p=10336","article_published_time":"2023-07-13T20:53:32+00:00","og_image":[{"width":959,"height":464,"url":"https:\/\/kibrisdakik.com\/wp-content\/uploads\/2023\/07\/Screenshot_20230713_215945_Samsung-Internet-740x420.jpg","type":"image\/jpeg"}],"author":"admin","twitter_card":"summary_large_image","twitter_misc":{"Yazan:":"admin","Tahmini okuma s\u00fcresi":"1 dakika"},"schema":{"@context":"https:\/\/schema.org","@graph":[{"@type":"Article","@id":"https:\/\/kibrisdakik.com\/?p=10336#article","isPartOf":{"@id":"https:\/\/kibrisdakik.com\/?p=10336"},"author":{"name":"admin","@id":"https:\/\/kibrisdakik.com\/#\/schema\/person\/9cd9d437bbb44f72b73ba127e06d8e79"},"headline":"Bakan \u00c7avu\u015fo\u011flu, ASB\u00dc\u2019y\u00fc ziyaret etti","datePublished":"2023-07-13T20:53:32+00:00","mainEntityOfPage":{"@id":"https:\/\/kibrisdakik.com\/?p=10336"},"wordCount":173,"commentCount":0,"image":{"@id":"https:\/\/kibrisdakik.com\/?p=10336#primaryimage"},"thumbnailUrl":"https:\/\/kibrisdakik.com\/wp-content\/uploads\/2023\/07\/Screenshot_20230713_215945_Samsung-Internet-740x420.jpg","articleSection":["G\u00fcndem"],"inLanguage":"tr","potentialAction":[{"@type":"CommentAction","name":"Comment","target":["https:\/\/kibrisdakik.com\/?p=10336#respond"]}]},{"@type":"WebPage","@id":"https:\/\/kibrisdakik.com\/?p=10336","url":"https:\/\/kibrisdakik.com\/?p=10336","name":"Bakan \u00c7avu\u015fo\u011flu, ASB\u00dc\u2019y\u00fc ziyaret etti -","isPartOf":{"@id":"https:\/\/kibrisdakik.com\/#website"},"primaryImageOfPage":{"@id":"https:\/\/kibrisdakik.com\/?p=10336#primaryimage"},"image":{"@id":"https:\/\/kibrisdakik.com\/?p=10336#primaryimage"},"thumbnailUrl":"https:\/\/kibrisdakik.com\/wp-content\/uploads\/2023\/07\/Screenshot_20230713_215945_Samsung-Internet-740x420.jpg","datePublished":"2023-07-13T20:53:32+00:00","author":{"@id":"https:\/\/kibrisdakik.com\/#\/schema\/person\/9cd9d437bbb44f72b73ba127e06d8e79"},"breadcrumb":{"@id":"https:\/\/kibrisdakik.com\/?p=10336#breadcrumb"},"inLanguage":"tr","potentialAction":[{"@type":"ReadAction","target":["https:\/\/kibrisdakik.com\/?p=10336"]}]},{"@type":"ImageObject","inLanguage":"tr","@id":"https:\/\/kibrisdakik.com\/?p=10336#primaryimage","url":"https:\/\/kibrisdakik.com\/wp-content\/uploads\/2023\/07\/Screenshot_20230713_215945_Samsung-Internet-740x420.jpg","contentUrl":"https:\/\/kibrisdakik.com\/wp-content\/uploads\/2023\/07\/Screenshot_20230713_215945_Samsung-Internet-740x420.jpg","width":959,"height":464},{"@type":"BreadcrumbList","@id":"https:\/\/kibrisdakik.com\/?p=10336#breadcrumb","itemListElement":[{"@type":"ListItem","position":1,"name":"Home","item":"https:\/\/kibrisdakik.com\/"},{"@type":"ListItem","position":2,"name":"Bakan \u00c7avu\u015fo\u011flu, ASB\u00dc\u2019y\u00fc ziyaret etti"}]},{"@type":"WebSite","@id":"https:\/\/kibrisdakik.com\/#website","url":"https:\/\/kibrisdakik.com\/","name":"","description":"Tam vaktinde haber","potentialAction":[{"@type":"SearchAction","target":{"@type":"EntryPoint","urlTemplate":"https:\/\/kibrisdakik.com\/?s={search_term_string}"},"query-input":{"@type":"PropertyValueSpecification","valueRequired":true,"valueName":"search_term_string"}}],"inLanguage":"tr"},{"@type":"Person","@id":"https:\/\/kibrisdakik.com\/#\/schema\/person\/9cd9d437bbb44f72b73ba127e06d8e79","name":"admin","image":{"@type":"ImageObject","inLanguage":"tr","@id":"https:\/\/secure.gravatar.com\/avatar\/ccc17943b9d660506c869530f897617f7cb1c21a4bf30023f252596d83e1f007?s=96&d=mm&r=g","url":"https:\/\/secure.gravatar.com\/avatar\/ccc17943b9d660506c869530f897617f7cb1c21a4bf30023f252596d83e1f007?s=96&d=mm&r=g","contentUrl":"https:\/\/secure.gravatar.com\/avatar\/ccc17943b9d660506c869530f897617f7cb1c21a4bf30023f252596d83e1f007?s=96&d=mm&r=g","caption":"admin"},"sameAs":["https:\/\/kibrisdakik.com"],"url":"https:\/\/kibrisdakik.com\/?author=1"}]}},"_links":{"self":[{"href":"https:\/\/kibrisdakik.com\/index.php?rest_route=\/wp\/v2\/posts\/10336","targetHints":{"allow":["GET"]}}],"collection":[{"href":"https:\/\/kibrisdakik.com\/index.php?rest_route=\/wp\/v2\/posts"}],"about":[{"href":"https:\/\/kibrisdakik.com\/index.php?rest_route=\/wp\/v2\/types\/post"}],"author":[{"embeddable":true,"href":"https:\/\/kibrisdakik.com\/index.php?rest_route=\/wp\/v2\/users\/1"}],"replies":[{"embeddable":true,"href":"https:\/\/kibrisdakik.com\/index.php?rest_route=%2Fwp%2Fv2%2Fcomments&post=10336"}],"version-history":[{"count":0,"href":"https:\/\/kibrisdakik.com\/index.php?rest_route=\/wp\/v2\/posts\/10336\/revisions"}],"wp:featuredmedia":[{"embeddable":true,"href":"https:\/\/kibrisdakik.com\/index.php?rest_route=\/wp\/v2\/media\/10337"}],"wp:attachment":[{"href":"https:\/\/kibrisdakik.com\/index.php?rest_route=%2Fwp%2Fv2%2Fmedia&parent=10336"}],"wp:term":[{"taxonomy":"category","embeddable":true,"href":"https:\/\/kibrisdakik.com\/index.php?rest_route=%2Fwp%2Fv2%2Fcategories&post=10336"},{"taxonomy":"post_tag","embeddable":true,"href":"https:\/\/kibrisdakik.com\/index.php?rest_route=%2Fwp%2Fv2%2Ftags&post=10336"}],"curies":[{"name":"wp","href":"https:\/\/api.w.org\/{rel}","templated":true}]}}