{"id":103380,"date":"2026-01-06T13:23:18","date_gmt":"2026-01-06T11:23:18","guid":{"rendered":"https:\/\/kibrisdakik.com\/index.php\/2026\/01\/06\/ercan-havalimani-yeni-yil-doneminde-94-bin-656-yolcu-agirladi\/"},"modified":"2026-01-06T13:23:18","modified_gmt":"2026-01-06T11:23:18","slug":"ercan-havalimani-yeni-yil-doneminde-94-bin-656-yolcu-agirladi","status":"publish","type":"post","link":"https:\/\/kibrisdakik.com\/?p=103380","title":{"rendered":"ERCAN HAVAL\u0130MANI YEN\u0130 YIL D\u00d6NEM\u0130NDE 94 B\u0130N 656 YOLCU A\u011eIRLADI"},"content":{"rendered":"<p><\/p>\n<div data-text-id=\"193202\" property=\"articleBody\">\n<p>Ercan Havaliman\u0131, yeni y\u0131l haftas\u0131 olan <strong>30 Aral\u0131k 2025 ile 4 Ocak 2026<\/strong> tarihleri aras\u0131nda <strong>94 bin 656 yolcuya<\/strong> ve <strong>652 u\u00e7a\u011fa<\/strong> hizmet verdi.<\/p>\n<p>T&amp;T Havaliman\u0131 \u0130\u015fletmecili\u011fi\u2019nden yap\u0131lan a\u00e7\u0131klamada, Ercan Havaliman\u0131\u2019n\u0131n yeni y\u0131l \u00f6ncesi ve sonras\u0131nda olduk\u00e7a yo\u011fun saatler ya\u015fad\u0131\u011f\u0131 belirtildi. T&amp;T Havaliman\u0131 \u0130\u015fletmecili\u011fi\u2019nin, yolcular\u0131n u\u00e7u\u015flar\u0131n\u0131 g\u00fcvenli ve rahat \u015fekilde ger\u00e7ekle\u015ftirebilmeleri i\u00e7in sekt\u00f6rle birlikte t\u00fcm tedbirleri ald\u0131\u011f\u0131, bu nedenle herhangi bir s\u0131k\u0131nt\u0131 ya\u015fanmad\u0131\u011f\u0131 ifade edildi. Havaliman\u0131nda en fazla yo\u011funlu\u011fun <strong>2 ve 4 Ocak 2026<\/strong> tarihlerinde ya\u015fand\u0131\u011f\u0131 kaydedildi.<\/p>\n<h3><strong>2 ve 4 Ocak\u2019ta toplam 249 sefer<\/strong><\/h3>\n<p>Yeni y\u0131l\u0131n d\u00f6rd\u00fcnc\u00fc g\u00fcn\u00fc olan <strong>4 Ocak 2026<\/strong>\u2019da Ercan Havaliman\u0131, <strong>127 sefer<\/strong> ve <strong>19 bin 453 yolcu<\/strong> ile yo\u011fun bir g\u00fcn daha ge\u00e7irdi.<br \/>&#13;<br \/>\n<strong>30 Aral\u0131k 2025 ile 4 Ocak 2026<\/strong> tarihleri aras\u0131nda Ercan Havaliman\u0131\u2019nda toplam <strong>652 u\u00e7a\u011fa<\/strong> hizmet verildi.<\/p>\n<p>A\u00e7\u0131klamada; <strong>30 Aral\u0131k 2025\u2019te<\/strong> 108 u\u00e7akla <strong>15 bin 718<\/strong>, <strong>31 Aral\u0131k 2025\u2019te<\/strong> 100 u\u00e7akla <strong>13 bin 241<\/strong>, <strong>1 Ocak 2026\u2019da<\/strong> 86 u\u00e7akla <strong>13 bin 188<\/strong> yolcuya hizmet verildi\u011fi belirtildi. <strong>2 Ocak 2026\u2019da<\/strong> 122 u\u00e7ak ve <strong>17 bin 801<\/strong> yolcu a\u011f\u0131rlan\u0131rken, <strong>3 Ocak 2026\u2019da<\/strong> 109 u\u00e7akla <strong>15 bin 255<\/strong> yolcuya hizmet verildi. <strong>4 Ocak 2026<\/strong> ise <strong>127 u\u00e7ak<\/strong> ve <strong>19 bin 453 yolcu<\/strong> ile havaliman\u0131n\u0131n en yo\u011fun g\u00fcn\u00fc oldu.<\/p>\n<p><strong>30 Aral\u0131k 2024 ile 4 Ocak 2025<\/strong> tarihlerini kapsayan bir \u00f6nceki yeni y\u0131l d\u00f6neminde ise Ercan Havaliman\u0131 <strong>600 u\u00e7ak<\/strong> ve <strong>77 bin 902 yolcuya<\/strong> hizmet vermi\u015fti.<\/p>\n<h3><strong>Al\u0131nan \u00f6nlemlerle herhangi bir s\u0131k\u0131nt\u0131 ya\u015fanmad\u0131<\/strong><\/h3>\n<p>T&amp;T Havaliman\u0131 \u0130\u015fletmecili\u011fi Genel M\u00fcd\u00fcr\u00fc <strong>M. Serhat \u00d6z\u00e7elik<\/strong>, yeni y\u0131l d\u00f6neminde havaliman\u0131nda artan yolcu ve u\u00e7u\u015f trafi\u011fine y\u00f6nelik al\u0131nan g\u00fcvenlik ve operasyonel tedbirlerin ba\u015far\u0131yla uyguland\u0131\u011f\u0131n\u0131 ifade etti.<\/p>\n<p>\u0130lgili birimler aras\u0131nda sa\u011flanan etkin koordinasyon sayesinde s\u00fcre\u00e7lerin sorunsuz \u015fekilde y\u00fcr\u00fct\u00fcld\u00fc\u011f\u00fcn\u00fc ve herhangi bir aksakl\u0131k ya\u015fanmad\u0131\u011f\u0131n\u0131 dile getiren \u00d6z\u00e7elik,<br \/>&#13;<br \/>\n\u201cYolcu memnuniyeti ve operasyonel s\u00fcreklilik esas al\u0131narak g\u00fcvenlik, terminal i\u015fletimi ve yer hizmetleri alanlar\u0131nda gerekli planlamalar \u00f6nceden yap\u0131lm\u0131\u015f; t\u00fcm ekipler kesintisiz g\u00f6rev icra etmi\u015ftir. U\u00e7u\u015f operasyonlar\u0131 planlanan \u015fekilde ger\u00e7ekle\u015ftirilmi\u015f, yolcular\u0131m\u0131za g\u00fcvenli ve konforlu bir seyahat ortam\u0131 sunulmu\u015ftur. Havaliman\u0131 y\u00f6netimi olarak yo\u011fun d\u00f6nemlerde de hizmet kalitesini en \u00fcst seviyede tutmaya y\u00f6nelik \u00e7al\u0131\u015fmalar\u0131m\u0131z kararl\u0131l\u0131kla s\u00fcrd\u00fcr\u00fclecektir\u201d dedi.<\/p>\n<p>\u00d6z\u00e7elik, yeni y\u0131lda ya\u015fanan yo\u011fun trafik nedeniyle yo\u011fun bir tempo ile \u00e7al\u0131\u015fan <strong>KKTC Sivil Havac\u0131l\u0131k Dairesi<\/strong>, <strong>T\u00fcrk Hava Yollar\u0131 (THY)<\/strong>, <strong>Pegasus Hava Yollar\u0131<\/strong>, <strong>AJET<\/strong>, <strong>SunExpress<\/strong>, <strong>\u0130stanbul Handling<\/strong>, polis, muhaceret, sa\u011fl\u0131k ve <strong>G\u00fcmr\u00fck Dairesi<\/strong> ile <strong>Turizm<\/strong> yetkililerine te\u015fekk\u00fcr etti. Ayr\u0131ca seyahat eden yolcular\u0131n \u00fclkeye ula\u015fmas\u0131nda b\u00fcy\u00fck emekleri olan <strong>K\u0131br\u0131s T\u00fcrk Seyahat Acenteleri Birli\u011fi (KITSAB)<\/strong>, <strong>K\u0131br\u0131s T\u00fcrk Otelciler Birli\u011fi (KITOB)<\/strong>, \u00fcniversiteler ve t\u00fcm turizm payda\u015flar\u0131na da te\u015fekk\u00fcrlerini iletti.<\/p>\n<\/p><\/div>\n","protected":false},"excerpt":{"rendered":"<p>Ercan Havaliman\u0131, yeni y\u0131l haftas\u0131 olan 30 Aral\u0131k 2025 ile 4 Ocak 2026 tarihleri aras\u0131nda 94 bin 656 yolcuya ve 652 u\u00e7a\u011fa hizmet verdi. T&amp;T Havaliman\u0131 \u0130\u015fletmecili\u011fi\u2019nden yap\u0131lan a\u00e7\u0131klamada, Ercan Havaliman\u0131\u2019n\u0131n yeni y\u0131l \u00f6ncesi ve sonras\u0131nda olduk\u00e7a yo\u011fun saatler ya\u015fad\u0131\u011f\u0131 belirtildi. T&amp;T Havaliman\u0131 \u0130\u015fletmecili\u011fi\u2019nin, yolcular\u0131n u\u00e7u\u015flar\u0131n\u0131 g\u00fcvenli ve rahat \u015fekilde ger\u00e7ekle\u015ftirebilmeleri i\u00e7in sekt\u00f6rle birlikte t\u00fcm<\/p>\n","protected":false},"author":1,"featured_media":103381,"comment_status":"open","ping_status":"open","sticky":false,"template":"","format":"standard","meta":{"footnotes":""},"categories":[81],"tags":[],"class_list":["post-103380","post","type-post","status-publish","format-standard","has-post-thumbnail","hentry","category-kibris"],"yoast_head":"<!-- This site is optimized with the Yoast SEO plugin v27.5 - https:\/\/yoast.com\/product\/yoast-seo-wordpress\/ -->\n<title>ERCAN HAVAL\u0130MANI YEN\u0130 YIL D\u00d6NEM\u0130NDE 94 B\u0130N 656 YOLCU A\u011eIRLADI -<\/title>\n<meta name=\"robots\" content=\"index, follow, max-snippet:-1, max-image-preview:large, max-video-preview:-1\" \/>\n<link rel=\"canonical\" href=\"https:\/\/kibrisdakik.com\/?p=103380\" \/>\n<meta property=\"og:locale\" content=\"tr_TR\" \/>\n<meta property=\"og:type\" content=\"article\" \/>\n<meta property=\"og:title\" content=\"ERCAN HAVAL\u0130MANI YEN\u0130 YIL D\u00d6NEM\u0130NDE 94 B\u0130N 656 YOLCU A\u011eIRLADI -\" \/>\n<meta property=\"og:description\" content=\"Ercan Havaliman\u0131, yeni y\u0131l haftas\u0131 olan 30 Aral\u0131k 2025 ile 4 Ocak 2026 tarihleri aras\u0131nda 94 bin 656 yolcuya ve 652 u\u00e7a\u011fa hizmet verdi. T&amp;T Havaliman\u0131 \u0130\u015fletmecili\u011fi\u2019nden yap\u0131lan a\u00e7\u0131klamada, Ercan Havaliman\u0131\u2019n\u0131n yeni y\u0131l \u00f6ncesi ve sonras\u0131nda olduk\u00e7a yo\u011fun saatler ya\u015fad\u0131\u011f\u0131 belirtildi. T&amp;T Havaliman\u0131 \u0130\u015fletmecili\u011fi\u2019nin, yolcular\u0131n u\u00e7u\u015flar\u0131n\u0131 g\u00fcvenli ve rahat \u015fekilde ger\u00e7ekle\u015ftirebilmeleri i\u00e7in sekt\u00f6rle birlikte t\u00fcm\" \/>\n<meta property=\"og:url\" content=\"https:\/\/kibrisdakik.com\/?p=103380\" \/>\n<meta property=\"article:published_time\" content=\"2026-01-06T11:23:18+00:00\" \/>\n<meta property=\"og:image\" content=\"https:\/\/kibrisdakik.com\/wp-content\/uploads\/2026\/01\/mha-sari-beyaz-2145.png\" \/>\n\t<meta property=\"og:image:width\" content=\"1280\" \/>\n\t<meta property=\"og:image:height\" content=\"720\" \/>\n\t<meta property=\"og:image:type\" content=\"image\/png\" \/>\n<meta name=\"author\" content=\"admin\" \/>\n<meta name=\"twitter:card\" content=\"summary_large_image\" \/>\n<meta name=\"twitter:label1\" content=\"Yazan:\" \/>\n\t<meta name=\"twitter:data1\" content=\"admin\" \/>\n\t<meta name=\"twitter:label2\" content=\"Tahmini okuma s\u00fcresi\" \/>\n\t<meta name=\"twitter:data2\" content=\"3 dakika\" \/>\n<script type=\"application\/ld+json\" class=\"yoast-schema-graph\">{\"@context\":\"https:\\\/\\\/schema.org\",\"@graph\":[{\"@type\":\"Article\",\"@id\":\"https:\\\/\\\/kibrisdakik.com\\\/?p=103380#article\",\"isPartOf\":{\"@id\":\"https:\\\/\\\/kibrisdakik.com\\\/?p=103380\"},\"author\":{\"name\":\"admin\",\"@id\":\"https:\\\/\\\/kibrisdakik.com\\\/#\\\/schema\\\/person\\\/9cd9d437bbb44f72b73ba127e06d8e79\"},\"headline\":\"ERCAN HAVAL\u0130MANI YEN\u0130 YIL D\u00d6NEM\u0130NDE 94 B\u0130N 656 YOLCU A\u011eIRLADI\",\"datePublished\":\"2026-01-06T11:23:18+00:00\",\"mainEntityOfPage\":{\"@id\":\"https:\\\/\\\/kibrisdakik.com\\\/?p=103380\"},\"wordCount\":517,\"commentCount\":0,\"image\":{\"@id\":\"https:\\\/\\\/kibrisdakik.com\\\/?p=103380#primaryimage\"},\"thumbnailUrl\":\"https:\\\/\\\/kibrisdakik.com\\\/wp-content\\\/uploads\\\/2026\\\/01\\\/mha-sari-beyaz-2145.png\",\"articleSection\":[\"K\u0131br\u0131s\"],\"inLanguage\":\"tr\",\"potentialAction\":[{\"@type\":\"CommentAction\",\"name\":\"Comment\",\"target\":[\"https:\\\/\\\/kibrisdakik.com\\\/?p=103380#respond\"]}]},{\"@type\":\"WebPage\",\"@id\":\"https:\\\/\\\/kibrisdakik.com\\\/?p=103380\",\"url\":\"https:\\\/\\\/kibrisdakik.com\\\/?p=103380\",\"name\":\"ERCAN HAVAL\u0130MANI YEN\u0130 YIL D\u00d6NEM\u0130NDE 94 B\u0130N 656 YOLCU A\u011eIRLADI -\",\"isPartOf\":{\"@id\":\"https:\\\/\\\/kibrisdakik.com\\\/#website\"},\"primaryImageOfPage\":{\"@id\":\"https:\\\/\\\/kibrisdakik.com\\\/?p=103380#primaryimage\"},\"image\":{\"@id\":\"https:\\\/\\\/kibrisdakik.com\\\/?p=103380#primaryimage\"},\"thumbnailUrl\":\"https:\\\/\\\/kibrisdakik.com\\\/wp-content\\\/uploads\\\/2026\\\/01\\\/mha-sari-beyaz-2145.png\",\"datePublished\":\"2026-01-06T11:23:18+00:00\",\"author\":{\"@id\":\"https:\\\/\\\/kibrisdakik.com\\\/#\\\/schema\\\/person\\\/9cd9d437bbb44f72b73ba127e06d8e79\"},\"breadcrumb\":{\"@id\":\"https:\\\/\\\/kibrisdakik.com\\\/?p=103380#breadcrumb\"},\"inLanguage\":\"tr\",\"potentialAction\":[{\"@type\":\"ReadAction\",\"target\":[\"https:\\\/\\\/kibrisdakik.com\\\/?p=103380\"]}]},{\"@type\":\"ImageObject\",\"inLanguage\":\"tr\",\"@id\":\"https:\\\/\\\/kibrisdakik.com\\\/?p=103380#primaryimage\",\"url\":\"https:\\\/\\\/kibrisdakik.com\\\/wp-content\\\/uploads\\\/2026\\\/01\\\/mha-sari-beyaz-2145.png\",\"contentUrl\":\"https:\\\/\\\/kibrisdakik.com\\\/wp-content\\\/uploads\\\/2026\\\/01\\\/mha-sari-beyaz-2145.png\",\"width\":1280,\"height\":720},{\"@type\":\"BreadcrumbList\",\"@id\":\"https:\\\/\\\/kibrisdakik.com\\\/?p=103380#breadcrumb\",\"itemListElement\":[{\"@type\":\"ListItem\",\"position\":1,\"name\":\"Home\",\"item\":\"https:\\\/\\\/kibrisdakik.com\\\/\"},{\"@type\":\"ListItem\",\"position\":2,\"name\":\"ERCAN HAVAL\u0130MANI YEN\u0130 YIL D\u00d6NEM\u0130NDE 94 B\u0130N 656 YOLCU A\u011eIRLADI\"}]},{\"@type\":\"WebSite\",\"@id\":\"https:\\\/\\\/kibrisdakik.com\\\/#website\",\"url\":\"https:\\\/\\\/kibrisdakik.com\\\/\",\"name\":\"\",\"description\":\"Tam vaktinde haber\",\"potentialAction\":[{\"@type\":\"SearchAction\",\"target\":{\"@type\":\"EntryPoint\",\"urlTemplate\":\"https:\\\/\\\/kibrisdakik.com\\\/?s={search_term_string}\"},\"query-input\":{\"@type\":\"PropertyValueSpecification\",\"valueRequired\":true,\"valueName\":\"search_term_string\"}}],\"inLanguage\":\"tr\"},{\"@type\":\"Person\",\"@id\":\"https:\\\/\\\/kibrisdakik.com\\\/#\\\/schema\\\/person\\\/9cd9d437bbb44f72b73ba127e06d8e79\",\"name\":\"admin\",\"image\":{\"@type\":\"ImageObject\",\"inLanguage\":\"tr\",\"@id\":\"https:\\\/\\\/secure.gravatar.com\\\/avatar\\\/ccc17943b9d660506c869530f897617f7cb1c21a4bf30023f252596d83e1f007?s=96&d=mm&r=g\",\"url\":\"https:\\\/\\\/secure.gravatar.com\\\/avatar\\\/ccc17943b9d660506c869530f897617f7cb1c21a4bf30023f252596d83e1f007?s=96&d=mm&r=g\",\"contentUrl\":\"https:\\\/\\\/secure.gravatar.com\\\/avatar\\\/ccc17943b9d660506c869530f897617f7cb1c21a4bf30023f252596d83e1f007?s=96&d=mm&r=g\",\"caption\":\"admin\"},\"sameAs\":[\"https:\\\/\\\/kibrisdakik.com\"],\"url\":\"https:\\\/\\\/kibrisdakik.com\\\/?author=1\"}]}<\/script>\n<!-- \/ Yoast SEO plugin. -->","yoast_head_json":{"title":"ERCAN HAVAL\u0130MANI YEN\u0130 YIL D\u00d6NEM\u0130NDE 94 B\u0130N 656 YOLCU A\u011eIRLADI -","robots":{"index":"index","follow":"follow","max-snippet":"max-snippet:-1","max-image-preview":"max-image-preview:large","max-video-preview":"max-video-preview:-1"},"canonical":"https:\/\/kibrisdakik.com\/?p=103380","og_locale":"tr_TR","og_type":"article","og_title":"ERCAN HAVAL\u0130MANI YEN\u0130 YIL D\u00d6NEM\u0130NDE 94 B\u0130N 656 YOLCU A\u011eIRLADI -","og_description":"Ercan Havaliman\u0131, yeni y\u0131l haftas\u0131 olan 30 Aral\u0131k 2025 ile 4 Ocak 2026 tarihleri aras\u0131nda 94 bin 656 yolcuya ve 652 u\u00e7a\u011fa hizmet verdi. T&amp;T Havaliman\u0131 \u0130\u015fletmecili\u011fi\u2019nden yap\u0131lan a\u00e7\u0131klamada, Ercan Havaliman\u0131\u2019n\u0131n yeni y\u0131l \u00f6ncesi ve sonras\u0131nda olduk\u00e7a yo\u011fun saatler ya\u015fad\u0131\u011f\u0131 belirtildi. T&amp;T Havaliman\u0131 \u0130\u015fletmecili\u011fi\u2019nin, yolcular\u0131n u\u00e7u\u015flar\u0131n\u0131 g\u00fcvenli ve rahat \u015fekilde ger\u00e7ekle\u015ftirebilmeleri i\u00e7in sekt\u00f6rle birlikte t\u00fcm","og_url":"https:\/\/kibrisdakik.com\/?p=103380","article_published_time":"2026-01-06T11:23:18+00:00","og_image":[{"width":1280,"height":720,"url":"https:\/\/kibrisdakik.com\/wp-content\/uploads\/2026\/01\/mha-sari-beyaz-2145.png","type":"image\/png"}],"author":"admin","twitter_card":"summary_large_image","twitter_misc":{"Yazan:":"admin","Tahmini okuma s\u00fcresi":"3 dakika"},"schema":{"@context":"https:\/\/schema.org","@graph":[{"@type":"Article","@id":"https:\/\/kibrisdakik.com\/?p=103380#article","isPartOf":{"@id":"https:\/\/kibrisdakik.com\/?p=103380"},"author":{"name":"admin","@id":"https:\/\/kibrisdakik.com\/#\/schema\/person\/9cd9d437bbb44f72b73ba127e06d8e79"},"headline":"ERCAN HAVAL\u0130MANI YEN\u0130 YIL D\u00d6NEM\u0130NDE 94 B\u0130N 656 YOLCU A\u011eIRLADI","datePublished":"2026-01-06T11:23:18+00:00","mainEntityOfPage":{"@id":"https:\/\/kibrisdakik.com\/?p=103380"},"wordCount":517,"commentCount":0,"image":{"@id":"https:\/\/kibrisdakik.com\/?p=103380#primaryimage"},"thumbnailUrl":"https:\/\/kibrisdakik.com\/wp-content\/uploads\/2026\/01\/mha-sari-beyaz-2145.png","articleSection":["K\u0131br\u0131s"],"inLanguage":"tr","potentialAction":[{"@type":"CommentAction","name":"Comment","target":["https:\/\/kibrisdakik.com\/?p=103380#respond"]}]},{"@type":"WebPage","@id":"https:\/\/kibrisdakik.com\/?p=103380","url":"https:\/\/kibrisdakik.com\/?p=103380","name":"ERCAN HAVAL\u0130MANI YEN\u0130 YIL D\u00d6NEM\u0130NDE 94 B\u0130N 656 YOLCU A\u011eIRLADI -","isPartOf":{"@id":"https:\/\/kibrisdakik.com\/#website"},"primaryImageOfPage":{"@id":"https:\/\/kibrisdakik.com\/?p=103380#primaryimage"},"image":{"@id":"https:\/\/kibrisdakik.com\/?p=103380#primaryimage"},"thumbnailUrl":"https:\/\/kibrisdakik.com\/wp-content\/uploads\/2026\/01\/mha-sari-beyaz-2145.png","datePublished":"2026-01-06T11:23:18+00:00","author":{"@id":"https:\/\/kibrisdakik.com\/#\/schema\/person\/9cd9d437bbb44f72b73ba127e06d8e79"},"breadcrumb":{"@id":"https:\/\/kibrisdakik.com\/?p=103380#breadcrumb"},"inLanguage":"tr","potentialAction":[{"@type":"ReadAction","target":["https:\/\/kibrisdakik.com\/?p=103380"]}]},{"@type":"ImageObject","inLanguage":"tr","@id":"https:\/\/kibrisdakik.com\/?p=103380#primaryimage","url":"https:\/\/kibrisdakik.com\/wp-content\/uploads\/2026\/01\/mha-sari-beyaz-2145.png","contentUrl":"https:\/\/kibrisdakik.com\/wp-content\/uploads\/2026\/01\/mha-sari-beyaz-2145.png","width":1280,"height":720},{"@type":"BreadcrumbList","@id":"https:\/\/kibrisdakik.com\/?p=103380#breadcrumb","itemListElement":[{"@type":"ListItem","position":1,"name":"Home","item":"https:\/\/kibrisdakik.com\/"},{"@type":"ListItem","position":2,"name":"ERCAN HAVAL\u0130MANI YEN\u0130 YIL D\u00d6NEM\u0130NDE 94 B\u0130N 656 YOLCU A\u011eIRLADI"}]},{"@type":"WebSite","@id":"https:\/\/kibrisdakik.com\/#website","url":"https:\/\/kibrisdakik.com\/","name":"","description":"Tam vaktinde haber","potentialAction":[{"@type":"SearchAction","target":{"@type":"EntryPoint","urlTemplate":"https:\/\/kibrisdakik.com\/?s={search_term_string}"},"query-input":{"@type":"PropertyValueSpecification","valueRequired":true,"valueName":"search_term_string"}}],"inLanguage":"tr"},{"@type":"Person","@id":"https:\/\/kibrisdakik.com\/#\/schema\/person\/9cd9d437bbb44f72b73ba127e06d8e79","name":"admin","image":{"@type":"ImageObject","inLanguage":"tr","@id":"https:\/\/secure.gravatar.com\/avatar\/ccc17943b9d660506c869530f897617f7cb1c21a4bf30023f252596d83e1f007?s=96&d=mm&r=g","url":"https:\/\/secure.gravatar.com\/avatar\/ccc17943b9d660506c869530f897617f7cb1c21a4bf30023f252596d83e1f007?s=96&d=mm&r=g","contentUrl":"https:\/\/secure.gravatar.com\/avatar\/ccc17943b9d660506c869530f897617f7cb1c21a4bf30023f252596d83e1f007?s=96&d=mm&r=g","caption":"admin"},"sameAs":["https:\/\/kibrisdakik.com"],"url":"https:\/\/kibrisdakik.com\/?author=1"}]}},"_links":{"self":[{"href":"https:\/\/kibrisdakik.com\/index.php?rest_route=\/wp\/v2\/posts\/103380","targetHints":{"allow":["GET"]}}],"collection":[{"href":"https:\/\/kibrisdakik.com\/index.php?rest_route=\/wp\/v2\/posts"}],"about":[{"href":"https:\/\/kibrisdakik.com\/index.php?rest_route=\/wp\/v2\/types\/post"}],"author":[{"embeddable":true,"href":"https:\/\/kibrisdakik.com\/index.php?rest_route=\/wp\/v2\/users\/1"}],"replies":[{"embeddable":true,"href":"https:\/\/kibrisdakik.com\/index.php?rest_route=%2Fwp%2Fv2%2Fcomments&post=103380"}],"version-history":[{"count":0,"href":"https:\/\/kibrisdakik.com\/index.php?rest_route=\/wp\/v2\/posts\/103380\/revisions"}],"wp:featuredmedia":[{"embeddable":true,"href":"https:\/\/kibrisdakik.com\/index.php?rest_route=\/wp\/v2\/media\/103381"}],"wp:attachment":[{"href":"https:\/\/kibrisdakik.com\/index.php?rest_route=%2Fwp%2Fv2%2Fmedia&parent=103380"}],"wp:term":[{"taxonomy":"category","embeddable":true,"href":"https:\/\/kibrisdakik.com\/index.php?rest_route=%2Fwp%2Fv2%2Fcategories&post=103380"},{"taxonomy":"post_tag","embeddable":true,"href":"https:\/\/kibrisdakik.com\/index.php?rest_route=%2Fwp%2Fv2%2Ftags&post=103380"}],"curies":[{"name":"wp","href":"https:\/\/api.w.org\/{rel}","templated":true}]}}