{"id":10346,"date":"2023-07-14T07:48:47","date_gmt":"2023-07-14T07:48:47","guid":{"rendered":"https:\/\/kibrisdakik.com\/index.php\/2023\/07\/14\/catalkoyde-bir-evin-bahce-duvarina-carpan-arac-surucusu-yaralandi\/"},"modified":"2023-07-14T07:48:47","modified_gmt":"2023-07-14T07:48:47","slug":"catalkoyde-bir-evin-bahce-duvarina-carpan-arac-surucusu-yaralandi","status":"publish","type":"post","link":"https:\/\/kibrisdakik.com\/?p=10346","title":{"rendered":"\u00c7atalk\u00f6y\u2019de bir evin bah\u00e7e duvar\u0131na \u00e7arpan ara\u00e7 s\u00fcr\u00fcc\u00fcs\u00fc yaraland\u0131"},"content":{"rendered":"<p><\/p>\n<div>\n<div class=\"mariselle-image-container none\">\n                <img width=\"930\" height=\"410\" class=\"lazy-image\" alt=\"\" decoding=\"async\" loading=\"lazy\" sizes=\"auto, (max-width: 930px) 100vw, 930px\" src=\"https:\/\/brtk.net\/wp-content\/uploads\/2023\/07\/14\/KAZA.png?ver=8ca58854c5c1433492292d8d586914ab\" srcset=\"https:\/\/brtk.net\/wp-content\/uploads\/2023\/07\/14\/KAZA.png?ver=8ca58854c5c1433492292d8d586914ab 930w, https:\/\/brtk.net\/wp-content\/uploads\/2023\/07\/14\/KAZA-300x132.png?ver=8ca58854c5c1433492292d8d586914ab 300w, https:\/\/brtk.net\/wp-content\/uploads\/2023\/07\/14\/KAZA-768x339.png?ver=8ca58854c5c1433492292d8d586914ab 768w\"\/>                            <\/div>\n<p>\u00c7atalk\u00f6y\u2019de Be\u015fparmaklar Caddesi \u00fczerinde saat 5.45\u2019te direksiyon hakimiyetini kaybeden Olakunle Idr\u0131s Oladimeji (E-27) bir evin bah\u00e7e duvar\u0131na \u00e7arpt\u0131. Ara\u00e7ta s\u0131k\u0131\u015fan ve itfaiye ile sa\u011fl\u0131k ekipleri taraf\u0131ndan \u00e7\u0131kar\u0131lan Oladimeji\u2019nin kald\u0131r\u0131ld\u0131\u011f\u0131 hastanede sol aya\u011f\u0131nda k\u0131r\u0131k te\u015fhisi konuldu.<\/p>\n<p>Polis Bas\u0131n Subayl\u0131\u011f\u0131ndan yap\u0131lan a\u00e7\u0131klamaya g\u00f6re, kaza, Oladimeji\u2019nin y\u00f6netimindeki SC 081 plakal\u0131 arac\u0131 ile s\u00fcratli ve tehlikeli bir \u015fekilde do\u011fu istikametine do\u011fru seyretti\u011fi s\u0131rada dikkatsizli\u011fi sonucu direksiyon hakimiyetini kaybedip yolun solundan \u00e7\u0131karak bir evin bah\u00e7e duvar\u0131na \u00e7arpmas\u0131yla ger\u00e7ekle\u015fti.<\/p>\n<p>Oladimeji\u2019nin kald\u0131r\u0131ld\u0131\u011f\u0131 Girne Dr. Ak\u00e7i\u00e7ek Hastanesi\u2019nde g\u00f6zetim alt\u0131na al\u0131nd\u0131\u011f\u0131 ve soru\u015fturman\u0131n devam etti\u011fi kaydedildi.<\/p>\n<\/p><\/div>\n<p><script async\n                    defer\n                    crossorigin=\"anonymous\"\n                    src=\"https:\/\/connect.facebook.net\/tr_TR\/sdk.js#xfbml=1&#038;version=v3.3\"\n            ><\/script><\/p>\n","protected":false},"excerpt":{"rendered":"<p>\u00c7atalk\u00f6y\u2019de Be\u015fparmaklar Caddesi \u00fczerinde saat 5.45\u2019te direksiyon hakimiyetini kaybeden Olakunle Idr\u0131s Oladimeji (E-27) bir evin bah\u00e7e duvar\u0131na \u00e7arpt\u0131. Ara\u00e7ta s\u0131k\u0131\u015fan ve itfaiye ile sa\u011fl\u0131k ekipleri taraf\u0131ndan \u00e7\u0131kar\u0131lan Oladimeji\u2019nin kald\u0131r\u0131ld\u0131\u011f\u0131 hastanede sol aya\u011f\u0131nda k\u0131r\u0131k te\u015fhisi konuldu. Polis Bas\u0131n Subayl\u0131\u011f\u0131ndan yap\u0131lan a\u00e7\u0131klamaya g\u00f6re, kaza, Oladimeji\u2019nin y\u00f6netimindeki SC 081 plakal\u0131 arac\u0131 ile s\u00fcratli ve tehlikeli bir \u015fekilde do\u011fu<\/p>\n","protected":false},"author":1,"featured_media":10347,"comment_status":"open","ping_status":"open","sticky":false,"template":"","format":"standard","meta":{"footnotes":""},"categories":[1],"tags":[],"class_list":["post-10346","post","type-post","status-publish","format-standard","has-post-thumbnail","hentry","category-gundem"],"yoast_head":"<!-- This site is optimized with the Yoast SEO plugin v27.5 - https:\/\/yoast.com\/product\/yoast-seo-wordpress\/ -->\n<title>\u00c7atalk\u00f6y\u2019de bir evin bah\u00e7e duvar\u0131na \u00e7arpan ara\u00e7 s\u00fcr\u00fcc\u00fcs\u00fc yaraland\u0131 -<\/title>\n<meta name=\"robots\" content=\"index, follow, max-snippet:-1, max-image-preview:large, max-video-preview:-1\" \/>\n<link rel=\"canonical\" href=\"https:\/\/kibrisdakik.com\/?p=10346\" \/>\n<meta property=\"og:locale\" content=\"tr_TR\" \/>\n<meta property=\"og:type\" content=\"article\" \/>\n<meta property=\"og:title\" content=\"\u00c7atalk\u00f6y\u2019de bir evin bah\u00e7e duvar\u0131na \u00e7arpan ara\u00e7 s\u00fcr\u00fcc\u00fcs\u00fc yaraland\u0131 -\" \/>\n<meta property=\"og:description\" content=\"\u00c7atalk\u00f6y\u2019de Be\u015fparmaklar Caddesi \u00fczerinde saat 5.45\u2019te direksiyon hakimiyetini kaybeden Olakunle Idr\u0131s Oladimeji (E-27) bir evin bah\u00e7e duvar\u0131na \u00e7arpt\u0131. Ara\u00e7ta s\u0131k\u0131\u015fan ve itfaiye ile sa\u011fl\u0131k ekipleri taraf\u0131ndan \u00e7\u0131kar\u0131lan Oladimeji\u2019nin kald\u0131r\u0131ld\u0131\u011f\u0131 hastanede sol aya\u011f\u0131nda k\u0131r\u0131k te\u015fhisi konuldu. Polis Bas\u0131n Subayl\u0131\u011f\u0131ndan yap\u0131lan a\u00e7\u0131klamaya g\u00f6re, kaza, Oladimeji\u2019nin y\u00f6netimindeki SC 081 plakal\u0131 arac\u0131 ile s\u00fcratli ve tehlikeli bir \u015fekilde do\u011fu\" \/>\n<meta property=\"og:url\" content=\"https:\/\/kibrisdakik.com\/?p=10346\" \/>\n<meta property=\"article:published_time\" content=\"2023-07-14T07:48:47+00:00\" \/>\n<meta property=\"og:image\" content=\"https:\/\/kibrisdakik.com\/wp-content\/uploads\/2023\/07\/1689320930_KAZA-740x410.png\" \/>\n\t<meta property=\"og:image:width\" content=\"930\" \/>\n\t<meta property=\"og:image:height\" content=\"410\" \/>\n\t<meta property=\"og:image:type\" content=\"image\/png\" \/>\n<meta name=\"author\" content=\"admin\" \/>\n<meta name=\"twitter:card\" content=\"summary_large_image\" \/>\n<meta name=\"twitter:label1\" content=\"Yazan:\" \/>\n\t<meta name=\"twitter:data1\" content=\"admin\" \/>\n\t<meta name=\"twitter:label2\" content=\"Tahmini okuma s\u00fcresi\" \/>\n\t<meta name=\"twitter:data2\" content=\"1 dakika\" \/>\n<script type=\"application\/ld+json\" class=\"yoast-schema-graph\">{\"@context\":\"https:\\\/\\\/schema.org\",\"@graph\":[{\"@type\":\"Article\",\"@id\":\"https:\\\/\\\/kibrisdakik.com\\\/?p=10346#article\",\"isPartOf\":{\"@id\":\"https:\\\/\\\/kibrisdakik.com\\\/?p=10346\"},\"author\":{\"name\":\"admin\",\"@id\":\"https:\\\/\\\/kibrisdakik.com\\\/#\\\/schema\\\/person\\\/9cd9d437bbb44f72b73ba127e06d8e79\"},\"headline\":\"\u00c7atalk\u00f6y\u2019de bir evin bah\u00e7e duvar\u0131na \u00e7arpan ara\u00e7 s\u00fcr\u00fcc\u00fcs\u00fc yaraland\u0131\",\"datePublished\":\"2023-07-14T07:48:47+00:00\",\"mainEntityOfPage\":{\"@id\":\"https:\\\/\\\/kibrisdakik.com\\\/?p=10346\"},\"wordCount\":152,\"commentCount\":0,\"image\":{\"@id\":\"https:\\\/\\\/kibrisdakik.com\\\/?p=10346#primaryimage\"},\"thumbnailUrl\":\"https:\\\/\\\/kibrisdakik.com\\\/wp-content\\\/uploads\\\/2023\\\/07\\\/1689320930_KAZA-740x410.png\",\"articleSection\":[\"G\u00fcndem\"],\"inLanguage\":\"tr\",\"potentialAction\":[{\"@type\":\"CommentAction\",\"name\":\"Comment\",\"target\":[\"https:\\\/\\\/kibrisdakik.com\\\/?p=10346#respond\"]}]},{\"@type\":\"WebPage\",\"@id\":\"https:\\\/\\\/kibrisdakik.com\\\/?p=10346\",\"url\":\"https:\\\/\\\/kibrisdakik.com\\\/?p=10346\",\"name\":\"\u00c7atalk\u00f6y\u2019de bir evin bah\u00e7e duvar\u0131na \u00e7arpan ara\u00e7 s\u00fcr\u00fcc\u00fcs\u00fc yaraland\u0131 -\",\"isPartOf\":{\"@id\":\"https:\\\/\\\/kibrisdakik.com\\\/#website\"},\"primaryImageOfPage\":{\"@id\":\"https:\\\/\\\/kibrisdakik.com\\\/?p=10346#primaryimage\"},\"image\":{\"@id\":\"https:\\\/\\\/kibrisdakik.com\\\/?p=10346#primaryimage\"},\"thumbnailUrl\":\"https:\\\/\\\/kibrisdakik.com\\\/wp-content\\\/uploads\\\/2023\\\/07\\\/1689320930_KAZA-740x410.png\",\"datePublished\":\"2023-07-14T07:48:47+00:00\",\"author\":{\"@id\":\"https:\\\/\\\/kibrisdakik.com\\\/#\\\/schema\\\/person\\\/9cd9d437bbb44f72b73ba127e06d8e79\"},\"breadcrumb\":{\"@id\":\"https:\\\/\\\/kibrisdakik.com\\\/?p=10346#breadcrumb\"},\"inLanguage\":\"tr\",\"potentialAction\":[{\"@type\":\"ReadAction\",\"target\":[\"https:\\\/\\\/kibrisdakik.com\\\/?p=10346\"]}]},{\"@type\":\"ImageObject\",\"inLanguage\":\"tr\",\"@id\":\"https:\\\/\\\/kibrisdakik.com\\\/?p=10346#primaryimage\",\"url\":\"https:\\\/\\\/kibrisdakik.com\\\/wp-content\\\/uploads\\\/2023\\\/07\\\/1689320930_KAZA-740x410.png\",\"contentUrl\":\"https:\\\/\\\/kibrisdakik.com\\\/wp-content\\\/uploads\\\/2023\\\/07\\\/1689320930_KAZA-740x410.png\",\"width\":930,\"height\":410},{\"@type\":\"BreadcrumbList\",\"@id\":\"https:\\\/\\\/kibrisdakik.com\\\/?p=10346#breadcrumb\",\"itemListElement\":[{\"@type\":\"ListItem\",\"position\":1,\"name\":\"Home\",\"item\":\"https:\\\/\\\/kibrisdakik.com\\\/\"},{\"@type\":\"ListItem\",\"position\":2,\"name\":\"\u00c7atalk\u00f6y\u2019de bir evin bah\u00e7e duvar\u0131na \u00e7arpan ara\u00e7 s\u00fcr\u00fcc\u00fcs\u00fc yaraland\u0131\"}]},{\"@type\":\"WebSite\",\"@id\":\"https:\\\/\\\/kibrisdakik.com\\\/#website\",\"url\":\"https:\\\/\\\/kibrisdakik.com\\\/\",\"name\":\"\",\"description\":\"Tam vaktinde haber\",\"potentialAction\":[{\"@type\":\"SearchAction\",\"target\":{\"@type\":\"EntryPoint\",\"urlTemplate\":\"https:\\\/\\\/kibrisdakik.com\\\/?s={search_term_string}\"},\"query-input\":{\"@type\":\"PropertyValueSpecification\",\"valueRequired\":true,\"valueName\":\"search_term_string\"}}],\"inLanguage\":\"tr\"},{\"@type\":\"Person\",\"@id\":\"https:\\\/\\\/kibrisdakik.com\\\/#\\\/schema\\\/person\\\/9cd9d437bbb44f72b73ba127e06d8e79\",\"name\":\"admin\",\"image\":{\"@type\":\"ImageObject\",\"inLanguage\":\"tr\",\"@id\":\"https:\\\/\\\/secure.gravatar.com\\\/avatar\\\/ccc17943b9d660506c869530f897617f7cb1c21a4bf30023f252596d83e1f007?s=96&d=mm&r=g\",\"url\":\"https:\\\/\\\/secure.gravatar.com\\\/avatar\\\/ccc17943b9d660506c869530f897617f7cb1c21a4bf30023f252596d83e1f007?s=96&d=mm&r=g\",\"contentUrl\":\"https:\\\/\\\/secure.gravatar.com\\\/avatar\\\/ccc17943b9d660506c869530f897617f7cb1c21a4bf30023f252596d83e1f007?s=96&d=mm&r=g\",\"caption\":\"admin\"},\"sameAs\":[\"https:\\\/\\\/kibrisdakik.com\"],\"url\":\"https:\\\/\\\/kibrisdakik.com\\\/?author=1\"}]}<\/script>\n<!-- \/ Yoast SEO plugin. -->","yoast_head_json":{"title":"\u00c7atalk\u00f6y\u2019de bir evin bah\u00e7e duvar\u0131na \u00e7arpan ara\u00e7 s\u00fcr\u00fcc\u00fcs\u00fc yaraland\u0131 -","robots":{"index":"index","follow":"follow","max-snippet":"max-snippet:-1","max-image-preview":"max-image-preview:large","max-video-preview":"max-video-preview:-1"},"canonical":"https:\/\/kibrisdakik.com\/?p=10346","og_locale":"tr_TR","og_type":"article","og_title":"\u00c7atalk\u00f6y\u2019de bir evin bah\u00e7e duvar\u0131na \u00e7arpan ara\u00e7 s\u00fcr\u00fcc\u00fcs\u00fc yaraland\u0131 -","og_description":"\u00c7atalk\u00f6y\u2019de Be\u015fparmaklar Caddesi \u00fczerinde saat 5.45\u2019te direksiyon hakimiyetini kaybeden Olakunle Idr\u0131s Oladimeji (E-27) bir evin bah\u00e7e duvar\u0131na \u00e7arpt\u0131. Ara\u00e7ta s\u0131k\u0131\u015fan ve itfaiye ile sa\u011fl\u0131k ekipleri taraf\u0131ndan \u00e7\u0131kar\u0131lan Oladimeji\u2019nin kald\u0131r\u0131ld\u0131\u011f\u0131 hastanede sol aya\u011f\u0131nda k\u0131r\u0131k te\u015fhisi konuldu. Polis Bas\u0131n Subayl\u0131\u011f\u0131ndan yap\u0131lan a\u00e7\u0131klamaya g\u00f6re, kaza, Oladimeji\u2019nin y\u00f6netimindeki SC 081 plakal\u0131 arac\u0131 ile s\u00fcratli ve tehlikeli bir \u015fekilde do\u011fu","og_url":"https:\/\/kibrisdakik.com\/?p=10346","article_published_time":"2023-07-14T07:48:47+00:00","og_image":[{"width":930,"height":410,"url":"https:\/\/kibrisdakik.com\/wp-content\/uploads\/2023\/07\/1689320930_KAZA-740x410.png","type":"image\/png"}],"author":"admin","twitter_card":"summary_large_image","twitter_misc":{"Yazan:":"admin","Tahmini okuma s\u00fcresi":"1 dakika"},"schema":{"@context":"https:\/\/schema.org","@graph":[{"@type":"Article","@id":"https:\/\/kibrisdakik.com\/?p=10346#article","isPartOf":{"@id":"https:\/\/kibrisdakik.com\/?p=10346"},"author":{"name":"admin","@id":"https:\/\/kibrisdakik.com\/#\/schema\/person\/9cd9d437bbb44f72b73ba127e06d8e79"},"headline":"\u00c7atalk\u00f6y\u2019de bir evin bah\u00e7e duvar\u0131na \u00e7arpan ara\u00e7 s\u00fcr\u00fcc\u00fcs\u00fc yaraland\u0131","datePublished":"2023-07-14T07:48:47+00:00","mainEntityOfPage":{"@id":"https:\/\/kibrisdakik.com\/?p=10346"},"wordCount":152,"commentCount":0,"image":{"@id":"https:\/\/kibrisdakik.com\/?p=10346#primaryimage"},"thumbnailUrl":"https:\/\/kibrisdakik.com\/wp-content\/uploads\/2023\/07\/1689320930_KAZA-740x410.png","articleSection":["G\u00fcndem"],"inLanguage":"tr","potentialAction":[{"@type":"CommentAction","name":"Comment","target":["https:\/\/kibrisdakik.com\/?p=10346#respond"]}]},{"@type":"WebPage","@id":"https:\/\/kibrisdakik.com\/?p=10346","url":"https:\/\/kibrisdakik.com\/?p=10346","name":"\u00c7atalk\u00f6y\u2019de bir evin bah\u00e7e duvar\u0131na \u00e7arpan ara\u00e7 s\u00fcr\u00fcc\u00fcs\u00fc yaraland\u0131 -","isPartOf":{"@id":"https:\/\/kibrisdakik.com\/#website"},"primaryImageOfPage":{"@id":"https:\/\/kibrisdakik.com\/?p=10346#primaryimage"},"image":{"@id":"https:\/\/kibrisdakik.com\/?p=10346#primaryimage"},"thumbnailUrl":"https:\/\/kibrisdakik.com\/wp-content\/uploads\/2023\/07\/1689320930_KAZA-740x410.png","datePublished":"2023-07-14T07:48:47+00:00","author":{"@id":"https:\/\/kibrisdakik.com\/#\/schema\/person\/9cd9d437bbb44f72b73ba127e06d8e79"},"breadcrumb":{"@id":"https:\/\/kibrisdakik.com\/?p=10346#breadcrumb"},"inLanguage":"tr","potentialAction":[{"@type":"ReadAction","target":["https:\/\/kibrisdakik.com\/?p=10346"]}]},{"@type":"ImageObject","inLanguage":"tr","@id":"https:\/\/kibrisdakik.com\/?p=10346#primaryimage","url":"https:\/\/kibrisdakik.com\/wp-content\/uploads\/2023\/07\/1689320930_KAZA-740x410.png","contentUrl":"https:\/\/kibrisdakik.com\/wp-content\/uploads\/2023\/07\/1689320930_KAZA-740x410.png","width":930,"height":410},{"@type":"BreadcrumbList","@id":"https:\/\/kibrisdakik.com\/?p=10346#breadcrumb","itemListElement":[{"@type":"ListItem","position":1,"name":"Home","item":"https:\/\/kibrisdakik.com\/"},{"@type":"ListItem","position":2,"name":"\u00c7atalk\u00f6y\u2019de bir evin bah\u00e7e duvar\u0131na \u00e7arpan ara\u00e7 s\u00fcr\u00fcc\u00fcs\u00fc yaraland\u0131"}]},{"@type":"WebSite","@id":"https:\/\/kibrisdakik.com\/#website","url":"https:\/\/kibrisdakik.com\/","name":"","description":"Tam vaktinde haber","potentialAction":[{"@type":"SearchAction","target":{"@type":"EntryPoint","urlTemplate":"https:\/\/kibrisdakik.com\/?s={search_term_string}"},"query-input":{"@type":"PropertyValueSpecification","valueRequired":true,"valueName":"search_term_string"}}],"inLanguage":"tr"},{"@type":"Person","@id":"https:\/\/kibrisdakik.com\/#\/schema\/person\/9cd9d437bbb44f72b73ba127e06d8e79","name":"admin","image":{"@type":"ImageObject","inLanguage":"tr","@id":"https:\/\/secure.gravatar.com\/avatar\/ccc17943b9d660506c869530f897617f7cb1c21a4bf30023f252596d83e1f007?s=96&d=mm&r=g","url":"https:\/\/secure.gravatar.com\/avatar\/ccc17943b9d660506c869530f897617f7cb1c21a4bf30023f252596d83e1f007?s=96&d=mm&r=g","contentUrl":"https:\/\/secure.gravatar.com\/avatar\/ccc17943b9d660506c869530f897617f7cb1c21a4bf30023f252596d83e1f007?s=96&d=mm&r=g","caption":"admin"},"sameAs":["https:\/\/kibrisdakik.com"],"url":"https:\/\/kibrisdakik.com\/?author=1"}]}},"_links":{"self":[{"href":"https:\/\/kibrisdakik.com\/index.php?rest_route=\/wp\/v2\/posts\/10346","targetHints":{"allow":["GET"]}}],"collection":[{"href":"https:\/\/kibrisdakik.com\/index.php?rest_route=\/wp\/v2\/posts"}],"about":[{"href":"https:\/\/kibrisdakik.com\/index.php?rest_route=\/wp\/v2\/types\/post"}],"author":[{"embeddable":true,"href":"https:\/\/kibrisdakik.com\/index.php?rest_route=\/wp\/v2\/users\/1"}],"replies":[{"embeddable":true,"href":"https:\/\/kibrisdakik.com\/index.php?rest_route=%2Fwp%2Fv2%2Fcomments&post=10346"}],"version-history":[{"count":0,"href":"https:\/\/kibrisdakik.com\/index.php?rest_route=\/wp\/v2\/posts\/10346\/revisions"}],"wp:featuredmedia":[{"embeddable":true,"href":"https:\/\/kibrisdakik.com\/index.php?rest_route=\/wp\/v2\/media\/10347"}],"wp:attachment":[{"href":"https:\/\/kibrisdakik.com\/index.php?rest_route=%2Fwp%2Fv2%2Fmedia&parent=10346"}],"wp:term":[{"taxonomy":"category","embeddable":true,"href":"https:\/\/kibrisdakik.com\/index.php?rest_route=%2Fwp%2Fv2%2Fcategories&post=10346"},{"taxonomy":"post_tag","embeddable":true,"href":"https:\/\/kibrisdakik.com\/index.php?rest_route=%2Fwp%2Fv2%2Ftags&post=10346"}],"curies":[{"name":"wp","href":"https:\/\/api.w.org\/{rel}","templated":true}]}}