{"id":103480,"date":"2026-01-07T16:11:05","date_gmt":"2026-01-07T14:11:05","guid":{"rendered":"https:\/\/kibrisdakik.com\/index.php\/2026\/01\/07\/dikmen-belediyesinden-halk-sagligi-hizmetleri\/"},"modified":"2026-01-07T16:11:05","modified_gmt":"2026-01-07T14:11:05","slug":"dikmen-belediyesinden-halk-sagligi-hizmetleri","status":"publish","type":"post","link":"https:\/\/kibrisdakik.com\/?p=103480","title":{"rendered":"D\u0130KMEN BELED\u0130YES\u0130\u2019NDEN HALK SA\u011eLI\u011eI H\u0130ZMETLER\u0130"},"content":{"rendered":"<p><\/p>\n<div data-text-id=\"193304\" property=\"articleBody\">\n<p>Dikmen Belediyesi, 2026 y\u0131l\u0131nda halk sa\u011fl\u0131\u011f\u0131 hizmetlerine devam edece\u011fini a\u00e7\u0131klad\u0131.<\/p>\n<p>Dikmen Belediyesi taraf\u0131ndan yap\u0131lan a\u00e7\u0131klamada, Dikmen Belediyesi Halk Sa\u011fl\u0131\u011f\u0131 Birimi\u2019nin ya\u015fl\u0131lardan \u00e7ocuklara, yatalak hastalardan s\u0131nav kayg\u0131s\u0131 ya\u015fayan \u00f6\u011frencilere kadar uzanan geni\u015f bir a\u011fda hizmetlerine devam edece\u011fi belirtildi.<\/p>\n<p>65 ya\u015f ve \u00fczeri ya da ya\u015f g\u00f6zetmeksizin sa\u011fl\u0131k problemi bulunan vatanda\u015flara evde hem\u015firelik hizmeti sunulaca\u011f\u0131 kaydedilen a\u00e7\u0131klamada, hareket kabiliyeti k\u0131s\u0131tl\u0131, yata\u011fa ba\u011f\u0131ml\u0131 hastalar i\u00e7in de evde fizyoterapi hizmeti verilece\u011fi vurguland\u0131.<\/p>\n<p>A\u00e7\u0131klamada, ya\u015fl\u0131l\u0131\u011fa ba\u011fl\u0131 ruhsal zorlanmalar ya\u015fayan 65 ya\u015f ve \u00fczeri vatanda\u015flara psikolog deste\u011fi sa\u011flanaca\u011f\u0131 ve b\u00f6lgede s\u0131nav kayg\u0131s\u0131 ya\u015fayan \u00e7ocuk ve gen\u00e7ler i\u00e7in de kayg\u0131 odakl\u0131 psikolojik dan\u0131\u015fmanl\u0131k hizmeti verilece\u011fi i\u015faret edildi.<\/p>\n<p>65 ya\u015f ve \u00fczeri kad\u0131nlar i\u00e7in kuaf\u00f6r hizmetinin devam etti\u011fi aktar\u0131lan a\u00e7\u0131klamada, yeni y\u0131l\u0131n yaln\u0131z ge\u00e7irilen bir g\u00fcn olmamas\u0131 i\u00e7in yine 65 ya\u015f ve \u00fczeri vatanda\u015flara y\u00f6nelik \u00f6zel yeni y\u0131l yeme\u011fi organizasyonu d\u00fczenlenece\u011fi aktar\u0131ld\u0131.<\/p>\n<p>1 Ocak tarihi itibar\u0131yla 60 ya\u015f ve \u00fczeri vatanda\u015flar\u0131n do\u011fum g\u00fcnlerinin kutlanaca\u011f\u0131 belirtilen a\u00e7\u0131klamada, detayl\u0131 bilgi almak isteyen vatanda\u015flar\u0131n Dikmen Belediyesi Halk Sa\u011fl\u0131\u011f\u0131 Birimi\u2019ne 0548 838 56 57 numaral\u0131 telefondan ula\u015fabilecekleri kaydedildi.<\/p>\n<\/p><\/div>\n","protected":false},"excerpt":{"rendered":"<p>Dikmen Belediyesi, 2026 y\u0131l\u0131nda halk sa\u011fl\u0131\u011f\u0131 hizmetlerine devam edece\u011fini a\u00e7\u0131klad\u0131. Dikmen Belediyesi taraf\u0131ndan yap\u0131lan a\u00e7\u0131klamada, Dikmen Belediyesi Halk Sa\u011fl\u0131\u011f\u0131 Birimi\u2019nin ya\u015fl\u0131lardan \u00e7ocuklara, yatalak hastalardan s\u0131nav kayg\u0131s\u0131 ya\u015fayan \u00f6\u011frencilere kadar uzanan geni\u015f bir a\u011fda hizmetlerine devam edece\u011fi belirtildi. 65 ya\u015f ve \u00fczeri ya da ya\u015f g\u00f6zetmeksizin sa\u011fl\u0131k problemi bulunan vatanda\u015flara evde hem\u015firelik hizmeti sunulaca\u011f\u0131 kaydedilen a\u00e7\u0131klamada,<\/p>\n","protected":false},"author":1,"featured_media":103481,"comment_status":"open","ping_status":"open","sticky":false,"template":"","format":"standard","meta":{"footnotes":""},"categories":[81],"tags":[],"class_list":["post-103480","post","type-post","status-publish","format-standard","has-post-thumbnail","hentry","category-kibris"],"yoast_head":"<!-- This site is optimized with the Yoast SEO plugin v28.3 - https:\/\/yoast.com\/product\/yoast-seo-wordpress\/ -->\n<title>D\u0130KMEN BELED\u0130YES\u0130\u2019NDEN HALK SA\u011eLI\u011eI H\u0130ZMETLER\u0130 -<\/title>\n<meta name=\"robots\" content=\"index, follow, max-snippet:-1, max-image-preview:large, max-video-preview:-1\" \/>\n<link rel=\"canonical\" href=\"https:\/\/kibrisdakik.com\/?p=103480\" \/>\n<meta property=\"og:locale\" content=\"tr_TR\" \/>\n<meta property=\"og:type\" content=\"article\" \/>\n<meta property=\"og:title\" content=\"D\u0130KMEN BELED\u0130YES\u0130\u2019NDEN HALK SA\u011eLI\u011eI H\u0130ZMETLER\u0130 -\" \/>\n<meta property=\"og:description\" content=\"Dikmen Belediyesi, 2026 y\u0131l\u0131nda halk sa\u011fl\u0131\u011f\u0131 hizmetlerine devam edece\u011fini a\u00e7\u0131klad\u0131. Dikmen Belediyesi taraf\u0131ndan yap\u0131lan a\u00e7\u0131klamada, Dikmen Belediyesi Halk Sa\u011fl\u0131\u011f\u0131 Birimi\u2019nin ya\u015fl\u0131lardan \u00e7ocuklara, yatalak hastalardan s\u0131nav kayg\u0131s\u0131 ya\u015fayan \u00f6\u011frencilere kadar uzanan geni\u015f bir a\u011fda hizmetlerine devam edece\u011fi belirtildi. 65 ya\u015f ve \u00fczeri ya da ya\u015f g\u00f6zetmeksizin sa\u011fl\u0131k problemi bulunan vatanda\u015flara evde hem\u015firelik hizmeti sunulaca\u011f\u0131 kaydedilen a\u00e7\u0131klamada,\" \/>\n<meta property=\"og:url\" content=\"https:\/\/kibrisdakik.com\/?p=103480\" \/>\n<meta property=\"article:published_time\" content=\"2026-01-07T14:11:05+00:00\" \/>\n<meta property=\"og:image\" content=\"https:\/\/kibrisdakik.com\/wp-content\/uploads\/2026\/01\/mha-sari-beyaz-2190.png\" \/>\n\t<meta property=\"og:image:width\" content=\"1280\" \/>\n\t<meta property=\"og:image:height\" content=\"720\" \/>\n\t<meta property=\"og:image:type\" content=\"image\/png\" \/>\n<meta name=\"author\" content=\"admin\" \/>\n<meta name=\"twitter:card\" content=\"summary_large_image\" \/>\n<meta name=\"twitter:label1\" content=\"Yazan:\" \/>\n\t<meta name=\"twitter:data1\" content=\"admin\" \/>\n\t<meta name=\"twitter:label2\" content=\"Tahmini okuma s\u00fcresi\" \/>\n\t<meta name=\"twitter:data2\" content=\"1 dakika\" \/>\n<script type=\"application\/ld+json\" class=\"yoast-schema-graph\">{\"@context\":\"https:\\\/\\\/schema.org\",\"@graph\":[{\"@type\":\"Article\",\"@id\":\"https:\\\/\\\/kibrisdakik.com\\\/?p=103480#article\",\"isPartOf\":{\"@id\":\"https:\\\/\\\/kibrisdakik.com\\\/?p=103480\"},\"author\":{\"name\":\"admin\",\"@id\":\"https:\\\/\\\/kibrisdakik.com\\\/#\\\/schema\\\/person\\\/9cd9d437bbb44f72b73ba127e06d8e79\"},\"headline\":\"D\u0130KMEN BELED\u0130YES\u0130\u2019NDEN HALK SA\u011eLI\u011eI H\u0130ZMETLER\u0130\",\"datePublished\":\"2026-01-07T14:11:05+00:00\",\"mainEntityOfPage\":{\"@id\":\"https:\\\/\\\/kibrisdakik.com\\\/?p=103480\"},\"wordCount\":244,\"commentCount\":0,\"publisher\":{\"@id\":\"https:\\\/\\\/kibrisdakik.com\\\/#organization\"},\"image\":{\"@id\":\"https:\\\/\\\/kibrisdakik.com\\\/?p=103480#primaryimage\"},\"thumbnailUrl\":\"https:\\\/\\\/kibrisdakik.com\\\/wp-content\\\/uploads\\\/2026\\\/01\\\/mha-sari-beyaz-2190.png\",\"articleSection\":[\"K\u0131br\u0131s\"],\"inLanguage\":\"tr\",\"potentialAction\":[{\"@type\":\"CommentAction\",\"name\":\"Comment\",\"target\":[\"https:\\\/\\\/kibrisdakik.com\\\/?p=103480#respond\"]}]},{\"@type\":\"WebPage\",\"@id\":\"https:\\\/\\\/kibrisdakik.com\\\/?p=103480\",\"url\":\"https:\\\/\\\/kibrisdakik.com\\\/?p=103480\",\"name\":\"D\u0130KMEN BELED\u0130YES\u0130\u2019NDEN HALK SA\u011eLI\u011eI H\u0130ZMETLER\u0130 -\",\"isPartOf\":{\"@id\":\"https:\\\/\\\/kibrisdakik.com\\\/#website\"},\"primaryImageOfPage\":{\"@id\":\"https:\\\/\\\/kibrisdakik.com\\\/?p=103480#primaryimage\"},\"image\":{\"@id\":\"https:\\\/\\\/kibrisdakik.com\\\/?p=103480#primaryimage\"},\"thumbnailUrl\":\"https:\\\/\\\/kibrisdakik.com\\\/wp-content\\\/uploads\\\/2026\\\/01\\\/mha-sari-beyaz-2190.png\",\"datePublished\":\"2026-01-07T14:11:05+00:00\",\"breadcrumb\":{\"@id\":\"https:\\\/\\\/kibrisdakik.com\\\/?p=103480#breadcrumb\"},\"inLanguage\":\"tr\",\"potentialAction\":[{\"@type\":\"ReadAction\",\"target\":[\"https:\\\/\\\/kibrisdakik.com\\\/?p=103480\"]}]},{\"@type\":\"ImageObject\",\"inLanguage\":\"tr\",\"@id\":\"https:\\\/\\\/kibrisdakik.com\\\/?p=103480#primaryimage\",\"url\":\"https:\\\/\\\/kibrisdakik.com\\\/wp-content\\\/uploads\\\/2026\\\/01\\\/mha-sari-beyaz-2190.png\",\"contentUrl\":\"https:\\\/\\\/kibrisdakik.com\\\/wp-content\\\/uploads\\\/2026\\\/01\\\/mha-sari-beyaz-2190.png\",\"width\":1280,\"height\":720},{\"@type\":\"BreadcrumbList\",\"@id\":\"https:\\\/\\\/kibrisdakik.com\\\/?p=103480#breadcrumb\",\"itemListElement\":[{\"@type\":\"ListItem\",\"position\":1,\"name\":\"Home\",\"item\":\"https:\\\/\\\/kibrisdakik.com\\\/\"},{\"@type\":\"ListItem\",\"position\":2,\"name\":\"D\u0130KMEN BELED\u0130YES\u0130\u2019NDEN HALK SA\u011eLI\u011eI H\u0130ZMETLER\u0130\"}]},{\"@type\":\"WebSite\",\"@id\":\"https:\\\/\\\/kibrisdakik.com\\\/#website\",\"url\":\"https:\\\/\\\/kibrisdakik.com\\\/\",\"name\":\"K\u0131br\u0131s Dakik\",\"description\":\"Tam vaktinde haber\",\"publisher\":{\"@id\":\"https:\\\/\\\/kibrisdakik.com\\\/#organization\"},\"potentialAction\":[{\"@type\":\"SearchAction\",\"target\":{\"@type\":\"EntryPoint\",\"urlTemplate\":\"https:\\\/\\\/kibrisdakik.com\\\/?s={search_term_string}\"},\"query-input\":{\"@type\":\"PropertyValueSpecification\",\"valueRequired\":true,\"valueName\":\"search_term_string\"}}],\"inLanguage\":\"tr\"},{\"@type\":\"Organization\",\"@id\":\"https:\\\/\\\/kibrisdakik.com\\\/#organization\",\"name\":\"K\u0131br\u0131s Dakik\",\"url\":\"https:\\\/\\\/kibrisdakik.com\\\/\",\"logo\":{\"@type\":\"ImageObject\",\"inLanguage\":\"tr\",\"@id\":\"https:\\\/\\\/kibrisdakik.com\\\/#\\\/schema\\\/logo\\\/image\\\/\",\"url\":\"https:\\\/\\\/kibrisdakik.com\\\/wp-content\\\/uploads\\\/2025\\\/10\\\/cropped-WhatsApp-Image-2025-10-02-at-12.58.31.jpeg\",\"contentUrl\":\"https:\\\/\\\/kibrisdakik.com\\\/wp-content\\\/uploads\\\/2025\\\/10\\\/cropped-WhatsApp-Image-2025-10-02-at-12.58.31.jpeg\",\"width\":1237,\"height\":190,\"caption\":\"K\u0131br\u0131s Dakik\"},\"image\":{\"@id\":\"https:\\\/\\\/kibrisdakik.com\\\/#\\\/schema\\\/logo\\\/image\\\/\"}},{\"@type\":\"Person\",\"@id\":\"https:\\\/\\\/kibrisdakik.com\\\/#\\\/schema\\\/person\\\/9cd9d437bbb44f72b73ba127e06d8e79\",\"name\":\"admin\",\"image\":{\"@type\":\"ImageObject\",\"inLanguage\":\"tr\",\"@id\":\"https:\\\/\\\/secure.gravatar.com\\\/avatar\\\/ccc17943b9d660506c869530f897617f7cb1c21a4bf30023f252596d83e1f007?s=96&d=mm&r=g\",\"url\":\"https:\\\/\\\/secure.gravatar.com\\\/avatar\\\/ccc17943b9d660506c869530f897617f7cb1c21a4bf30023f252596d83e1f007?s=96&d=mm&r=g\",\"contentUrl\":\"https:\\\/\\\/secure.gravatar.com\\\/avatar\\\/ccc17943b9d660506c869530f897617f7cb1c21a4bf30023f252596d83e1f007?s=96&d=mm&r=g\",\"caption\":\"admin\"},\"sameAs\":[\"https:\\\/\\\/kibrisdakik.com\"],\"url\":\"https:\\\/\\\/kibrisdakik.com\\\/?author=1\"}]}<\/script>\n<!-- \/ Yoast SEO plugin. -->","yoast_head_json":{"title":"D\u0130KMEN BELED\u0130YES\u0130\u2019NDEN HALK SA\u011eLI\u011eI H\u0130ZMETLER\u0130 -","robots":{"index":"index","follow":"follow","max-snippet":"max-snippet:-1","max-image-preview":"max-image-preview:large","max-video-preview":"max-video-preview:-1"},"canonical":"https:\/\/kibrisdakik.com\/?p=103480","og_locale":"tr_TR","og_type":"article","og_title":"D\u0130KMEN BELED\u0130YES\u0130\u2019NDEN HALK SA\u011eLI\u011eI H\u0130ZMETLER\u0130 -","og_description":"Dikmen Belediyesi, 2026 y\u0131l\u0131nda halk sa\u011fl\u0131\u011f\u0131 hizmetlerine devam edece\u011fini a\u00e7\u0131klad\u0131. Dikmen Belediyesi taraf\u0131ndan yap\u0131lan a\u00e7\u0131klamada, Dikmen Belediyesi Halk Sa\u011fl\u0131\u011f\u0131 Birimi\u2019nin ya\u015fl\u0131lardan \u00e7ocuklara, yatalak hastalardan s\u0131nav kayg\u0131s\u0131 ya\u015fayan \u00f6\u011frencilere kadar uzanan geni\u015f bir a\u011fda hizmetlerine devam edece\u011fi belirtildi. 65 ya\u015f ve \u00fczeri ya da ya\u015f g\u00f6zetmeksizin sa\u011fl\u0131k problemi bulunan vatanda\u015flara evde hem\u015firelik hizmeti sunulaca\u011f\u0131 kaydedilen a\u00e7\u0131klamada,","og_url":"https:\/\/kibrisdakik.com\/?p=103480","article_published_time":"2026-01-07T14:11:05+00:00","og_image":[{"width":1280,"height":720,"url":"https:\/\/kibrisdakik.com\/wp-content\/uploads\/2026\/01\/mha-sari-beyaz-2190.png","type":"image\/png"}],"author":"admin","twitter_card":"summary_large_image","twitter_misc":{"Yazan:":"admin","Tahmini okuma s\u00fcresi":"1 dakika"},"schema":{"@context":"https:\/\/schema.org","@graph":[{"@type":"Article","@id":"https:\/\/kibrisdakik.com\/?p=103480#article","isPartOf":{"@id":"https:\/\/kibrisdakik.com\/?p=103480"},"author":{"name":"admin","@id":"https:\/\/kibrisdakik.com\/#\/schema\/person\/9cd9d437bbb44f72b73ba127e06d8e79"},"headline":"D\u0130KMEN BELED\u0130YES\u0130\u2019NDEN HALK SA\u011eLI\u011eI H\u0130ZMETLER\u0130","datePublished":"2026-01-07T14:11:05+00:00","mainEntityOfPage":{"@id":"https:\/\/kibrisdakik.com\/?p=103480"},"wordCount":244,"commentCount":0,"publisher":{"@id":"https:\/\/kibrisdakik.com\/#organization"},"image":{"@id":"https:\/\/kibrisdakik.com\/?p=103480#primaryimage"},"thumbnailUrl":"https:\/\/kibrisdakik.com\/wp-content\/uploads\/2026\/01\/mha-sari-beyaz-2190.png","articleSection":["K\u0131br\u0131s"],"inLanguage":"tr","potentialAction":[{"@type":"CommentAction","name":"Comment","target":["https:\/\/kibrisdakik.com\/?p=103480#respond"]}]},{"@type":"WebPage","@id":"https:\/\/kibrisdakik.com\/?p=103480","url":"https:\/\/kibrisdakik.com\/?p=103480","name":"D\u0130KMEN BELED\u0130YES\u0130\u2019NDEN HALK SA\u011eLI\u011eI H\u0130ZMETLER\u0130 -","isPartOf":{"@id":"https:\/\/kibrisdakik.com\/#website"},"primaryImageOfPage":{"@id":"https:\/\/kibrisdakik.com\/?p=103480#primaryimage"},"image":{"@id":"https:\/\/kibrisdakik.com\/?p=103480#primaryimage"},"thumbnailUrl":"https:\/\/kibrisdakik.com\/wp-content\/uploads\/2026\/01\/mha-sari-beyaz-2190.png","datePublished":"2026-01-07T14:11:05+00:00","breadcrumb":{"@id":"https:\/\/kibrisdakik.com\/?p=103480#breadcrumb"},"inLanguage":"tr","potentialAction":[{"@type":"ReadAction","target":["https:\/\/kibrisdakik.com\/?p=103480"]}]},{"@type":"ImageObject","inLanguage":"tr","@id":"https:\/\/kibrisdakik.com\/?p=103480#primaryimage","url":"https:\/\/kibrisdakik.com\/wp-content\/uploads\/2026\/01\/mha-sari-beyaz-2190.png","contentUrl":"https:\/\/kibrisdakik.com\/wp-content\/uploads\/2026\/01\/mha-sari-beyaz-2190.png","width":1280,"height":720},{"@type":"BreadcrumbList","@id":"https:\/\/kibrisdakik.com\/?p=103480#breadcrumb","itemListElement":[{"@type":"ListItem","position":1,"name":"Home","item":"https:\/\/kibrisdakik.com\/"},{"@type":"ListItem","position":2,"name":"D\u0130KMEN BELED\u0130YES\u0130\u2019NDEN HALK SA\u011eLI\u011eI H\u0130ZMETLER\u0130"}]},{"@type":"WebSite","@id":"https:\/\/kibrisdakik.com\/#website","url":"https:\/\/kibrisdakik.com\/","name":"K\u0131br\u0131s Dakik","description":"Tam vaktinde haber","publisher":{"@id":"https:\/\/kibrisdakik.com\/#organization"},"potentialAction":[{"@type":"SearchAction","target":{"@type":"EntryPoint","urlTemplate":"https:\/\/kibrisdakik.com\/?s={search_term_string}"},"query-input":{"@type":"PropertyValueSpecification","valueRequired":true,"valueName":"search_term_string"}}],"inLanguage":"tr"},{"@type":"Organization","@id":"https:\/\/kibrisdakik.com\/#organization","name":"K\u0131br\u0131s Dakik","url":"https:\/\/kibrisdakik.com\/","logo":{"@type":"ImageObject","inLanguage":"tr","@id":"https:\/\/kibrisdakik.com\/#\/schema\/logo\/image\/","url":"https:\/\/kibrisdakik.com\/wp-content\/uploads\/2025\/10\/cropped-WhatsApp-Image-2025-10-02-at-12.58.31.jpeg","contentUrl":"https:\/\/kibrisdakik.com\/wp-content\/uploads\/2025\/10\/cropped-WhatsApp-Image-2025-10-02-at-12.58.31.jpeg","width":1237,"height":190,"caption":"K\u0131br\u0131s Dakik"},"image":{"@id":"https:\/\/kibrisdakik.com\/#\/schema\/logo\/image\/"}},{"@type":"Person","@id":"https:\/\/kibrisdakik.com\/#\/schema\/person\/9cd9d437bbb44f72b73ba127e06d8e79","name":"admin","image":{"@type":"ImageObject","inLanguage":"tr","@id":"https:\/\/secure.gravatar.com\/avatar\/ccc17943b9d660506c869530f897617f7cb1c21a4bf30023f252596d83e1f007?s=96&d=mm&r=g","url":"https:\/\/secure.gravatar.com\/avatar\/ccc17943b9d660506c869530f897617f7cb1c21a4bf30023f252596d83e1f007?s=96&d=mm&r=g","contentUrl":"https:\/\/secure.gravatar.com\/avatar\/ccc17943b9d660506c869530f897617f7cb1c21a4bf30023f252596d83e1f007?s=96&d=mm&r=g","caption":"admin"},"sameAs":["https:\/\/kibrisdakik.com"],"url":"https:\/\/kibrisdakik.com\/?author=1"}]}},"_links":{"self":[{"href":"https:\/\/kibrisdakik.com\/index.php?rest_route=\/wp\/v2\/posts\/103480","targetHints":{"allow":["GET"]}}],"collection":[{"href":"https:\/\/kibrisdakik.com\/index.php?rest_route=\/wp\/v2\/posts"}],"about":[{"href":"https:\/\/kibrisdakik.com\/index.php?rest_route=\/wp\/v2\/types\/post"}],"author":[{"embeddable":true,"href":"https:\/\/kibrisdakik.com\/index.php?rest_route=\/wp\/v2\/users\/1"}],"replies":[{"embeddable":true,"href":"https:\/\/kibrisdakik.com\/index.php?rest_route=%2Fwp%2Fv2%2Fcomments&post=103480"}],"version-history":[{"count":0,"href":"https:\/\/kibrisdakik.com\/index.php?rest_route=\/wp\/v2\/posts\/103480\/revisions"}],"wp:featuredmedia":[{"embeddable":true,"href":"https:\/\/kibrisdakik.com\/index.php?rest_route=\/wp\/v2\/media\/103481"}],"wp:attachment":[{"href":"https:\/\/kibrisdakik.com\/index.php?rest_route=%2Fwp%2Fv2%2Fmedia&parent=103480"}],"wp:term":[{"taxonomy":"category","embeddable":true,"href":"https:\/\/kibrisdakik.com\/index.php?rest_route=%2Fwp%2Fv2%2Fcategories&post=103480"},{"taxonomy":"post_tag","embeddable":true,"href":"https:\/\/kibrisdakik.com\/index.php?rest_route=%2Fwp%2Fv2%2Ftags&post=103480"}],"curies":[{"name":"wp","href":"https:\/\/api.w.org\/{rel}","templated":true}]}}