{"id":103535,"date":"2026-01-08T12:49:43","date_gmt":"2026-01-08T10:49:43","guid":{"rendered":"https:\/\/kibrisdakik.com\/index.php\/2026\/01\/08\/turkiyede-2026-bedelli-askerlik-basvurulari-basladi-ucret-333-bin-tl\/"},"modified":"2026-01-08T12:49:43","modified_gmt":"2026-01-08T10:49:43","slug":"turkiyede-2026-bedelli-askerlik-basvurulari-basladi-ucret-333-bin-tl","status":"publish","type":"post","link":"https:\/\/kibrisdakik.com\/?p=103535","title":{"rendered":"T\u00dcRK\u0130YE\u2019DE 2026 BEDELL\u0130 ASKERL\u0130K BA\u015eVURULARI BA\u015eLADI, \u00dcCRET 333 B\u0130N TL"},"content":{"rendered":"<p><\/p>\n<div data-text-id=\"193366\" property=\"articleBody\">\n<p>T\u00fcrkiye Milli Savunma Bakanl\u0131\u011f\u0131 (MSB), T\u00fcrkiye\u2019de bedelli askerlik ba\u015fvurular\u0131n\u0131n ba\u015flad\u0131\u011f\u0131n\u0131 duyurdu. 2026 y\u0131l\u0131 i\u00e7in \u00fccret de belli oldu.<\/p>\n<p>T\u00fcrkiye MSB Bas\u0131n ve Halkla \u0130li\u015fkiler M\u00fc\u015faviri ve Bakanl\u0131k S\u00f6zc\u00fcs\u00fc Tu\u011famiral Zeki Akt\u00fcrk, bakanl\u0131kta d\u00fczenlenen haftal\u0131k bas\u0131n bilgilendirme toplant\u0131s\u0131nda konu\u015ftu.<\/p>\n<p>Yap\u0131lan d\u00fczenleme ile bedelli askerli\u011fin memur maa\u015f katsay\u0131s\u0131ndaki art\u0131\u015f oran\u0131na sabitlendi\u011fini hat\u0131rlatan Akt\u00fcrk, &#8220;Hazine ve Maliye Bakanl\u0131\u011f\u0131nca 2026 y\u0131l\u0131n\u0131n ilk alt\u0131 ay\u0131 i\u00e7in yay\u0131mlanan &#8216;Mali ve Sosyal Haklar&#8217; genelgesindeki memur maa\u015f katsay\u0131s\u0131 art\u0131\u015f oran\u0131na g\u00f6re 333 bin 89 lira 4 kuru\u015f olmu\u015f, 7 Ocak&#8217;tan itibaren 2026 y\u0131l\u0131 bedelli askerlik m\u00fcracaat i\u015flemleri ba\u015flat\u0131lm\u0131\u015ft\u0131r.&#8221; dedi.<\/p>\n<\/p><\/div>\n","protected":false},"excerpt":{"rendered":"<p>T\u00fcrkiye Milli Savunma Bakanl\u0131\u011f\u0131 (MSB), T\u00fcrkiye\u2019de bedelli askerlik ba\u015fvurular\u0131n\u0131n ba\u015flad\u0131\u011f\u0131n\u0131 duyurdu. 2026 y\u0131l\u0131 i\u00e7in \u00fccret de belli oldu. T\u00fcrkiye MSB Bas\u0131n ve Halkla \u0130li\u015fkiler M\u00fc\u015faviri ve Bakanl\u0131k S\u00f6zc\u00fcs\u00fc Tu\u011famiral Zeki Akt\u00fcrk, bakanl\u0131kta d\u00fczenlenen haftal\u0131k bas\u0131n bilgilendirme toplant\u0131s\u0131nda konu\u015ftu. Yap\u0131lan d\u00fczenleme ile bedelli askerli\u011fin memur maa\u015f katsay\u0131s\u0131ndaki art\u0131\u015f oran\u0131na sabitlendi\u011fini hat\u0131rlatan Akt\u00fcrk, &#8220;Hazine ve Maliye Bakanl\u0131\u011f\u0131nca<\/p>\n","protected":false},"author":1,"featured_media":103536,"comment_status":"open","ping_status":"open","sticky":false,"template":"","format":"standard","meta":{"footnotes":""},"categories":[81],"tags":[],"class_list":["post-103535","post","type-post","status-publish","format-standard","has-post-thumbnail","hentry","category-kibris"],"yoast_head":"<!-- This site is optimized with the Yoast SEO plugin v27.4 - https:\/\/yoast.com\/product\/yoast-seo-wordpress\/ -->\n<title>T\u00dcRK\u0130YE\u2019DE 2026 BEDELL\u0130 ASKERL\u0130K BA\u015eVURULARI BA\u015eLADI, \u00dcCRET 333 B\u0130N TL -<\/title>\n<meta name=\"robots\" content=\"index, follow, max-snippet:-1, max-image-preview:large, max-video-preview:-1\" \/>\n<link rel=\"canonical\" href=\"https:\/\/kibrisdakik.com\/?p=103535\" \/>\n<meta property=\"og:locale\" content=\"tr_TR\" \/>\n<meta property=\"og:type\" content=\"article\" \/>\n<meta property=\"og:title\" content=\"T\u00dcRK\u0130YE\u2019DE 2026 BEDELL\u0130 ASKERL\u0130K BA\u015eVURULARI BA\u015eLADI, \u00dcCRET 333 B\u0130N TL -\" \/>\n<meta property=\"og:description\" content=\"T\u00fcrkiye Milli Savunma Bakanl\u0131\u011f\u0131 (MSB), T\u00fcrkiye\u2019de bedelli askerlik ba\u015fvurular\u0131n\u0131n ba\u015flad\u0131\u011f\u0131n\u0131 duyurdu. 2026 y\u0131l\u0131 i\u00e7in \u00fccret de belli oldu. T\u00fcrkiye MSB Bas\u0131n ve Halkla \u0130li\u015fkiler M\u00fc\u015faviri ve Bakanl\u0131k S\u00f6zc\u00fcs\u00fc Tu\u011famiral Zeki Akt\u00fcrk, bakanl\u0131kta d\u00fczenlenen haftal\u0131k bas\u0131n bilgilendirme toplant\u0131s\u0131nda konu\u015ftu. Yap\u0131lan d\u00fczenleme ile bedelli askerli\u011fin memur maa\u015f katsay\u0131s\u0131ndaki art\u0131\u015f oran\u0131na sabitlendi\u011fini hat\u0131rlatan Akt\u00fcrk, &#8220;Hazine ve Maliye Bakanl\u0131\u011f\u0131nca\" \/>\n<meta property=\"og:url\" content=\"https:\/\/kibrisdakik.com\/?p=103535\" \/>\n<meta property=\"article:published_time\" content=\"2026-01-08T10:49:43+00:00\" \/>\n<meta property=\"og:image\" content=\"https:\/\/kibrisdakik.com\/wp-content\/uploads\/2026\/01\/6-495.png\" \/>\n\t<meta property=\"og:image:width\" content=\"1280\" \/>\n\t<meta property=\"og:image:height\" content=\"720\" \/>\n\t<meta property=\"og:image:type\" content=\"image\/png\" \/>\n<meta name=\"author\" content=\"admin\" \/>\n<meta name=\"twitter:card\" content=\"summary_large_image\" \/>\n<meta name=\"twitter:label1\" content=\"Yazan:\" \/>\n\t<meta name=\"twitter:data1\" content=\"admin\" \/>\n\t<meta name=\"twitter:label2\" content=\"Tahmini okuma s\u00fcresi\" \/>\n\t<meta name=\"twitter:data2\" content=\"1 dakika\" \/>\n<script type=\"application\/ld+json\" class=\"yoast-schema-graph\">{\"@context\":\"https:\\\/\\\/schema.org\",\"@graph\":[{\"@type\":\"Article\",\"@id\":\"https:\\\/\\\/kibrisdakik.com\\\/?p=103535#article\",\"isPartOf\":{\"@id\":\"https:\\\/\\\/kibrisdakik.com\\\/?p=103535\"},\"author\":{\"name\":\"admin\",\"@id\":\"https:\\\/\\\/kibrisdakik.com\\\/#\\\/schema\\\/person\\\/9cd9d437bbb44f72b73ba127e06d8e79\"},\"headline\":\"T\u00dcRK\u0130YE\u2019DE 2026 BEDELL\u0130 ASKERL\u0130K BA\u015eVURULARI BA\u015eLADI, \u00dcCRET 333 B\u0130N TL\",\"datePublished\":\"2026-01-08T10:49:43+00:00\",\"mainEntityOfPage\":{\"@id\":\"https:\\\/\\\/kibrisdakik.com\\\/?p=103535\"},\"wordCount\":150,\"commentCount\":0,\"image\":{\"@id\":\"https:\\\/\\\/kibrisdakik.com\\\/?p=103535#primaryimage\"},\"thumbnailUrl\":\"https:\\\/\\\/kibrisdakik.com\\\/wp-content\\\/uploads\\\/2026\\\/01\\\/6-495.png\",\"articleSection\":[\"K\u0131br\u0131s\"],\"inLanguage\":\"tr\",\"potentialAction\":[{\"@type\":\"CommentAction\",\"name\":\"Comment\",\"target\":[\"https:\\\/\\\/kibrisdakik.com\\\/?p=103535#respond\"]}]},{\"@type\":\"WebPage\",\"@id\":\"https:\\\/\\\/kibrisdakik.com\\\/?p=103535\",\"url\":\"https:\\\/\\\/kibrisdakik.com\\\/?p=103535\",\"name\":\"T\u00dcRK\u0130YE\u2019DE 2026 BEDELL\u0130 ASKERL\u0130K BA\u015eVURULARI BA\u015eLADI, \u00dcCRET 333 B\u0130N TL -\",\"isPartOf\":{\"@id\":\"https:\\\/\\\/kibrisdakik.com\\\/#website\"},\"primaryImageOfPage\":{\"@id\":\"https:\\\/\\\/kibrisdakik.com\\\/?p=103535#primaryimage\"},\"image\":{\"@id\":\"https:\\\/\\\/kibrisdakik.com\\\/?p=103535#primaryimage\"},\"thumbnailUrl\":\"https:\\\/\\\/kibrisdakik.com\\\/wp-content\\\/uploads\\\/2026\\\/01\\\/6-495.png\",\"datePublished\":\"2026-01-08T10:49:43+00:00\",\"author\":{\"@id\":\"https:\\\/\\\/kibrisdakik.com\\\/#\\\/schema\\\/person\\\/9cd9d437bbb44f72b73ba127e06d8e79\"},\"breadcrumb\":{\"@id\":\"https:\\\/\\\/kibrisdakik.com\\\/?p=103535#breadcrumb\"},\"inLanguage\":\"tr\",\"potentialAction\":[{\"@type\":\"ReadAction\",\"target\":[\"https:\\\/\\\/kibrisdakik.com\\\/?p=103535\"]}]},{\"@type\":\"ImageObject\",\"inLanguage\":\"tr\",\"@id\":\"https:\\\/\\\/kibrisdakik.com\\\/?p=103535#primaryimage\",\"url\":\"https:\\\/\\\/kibrisdakik.com\\\/wp-content\\\/uploads\\\/2026\\\/01\\\/6-495.png\",\"contentUrl\":\"https:\\\/\\\/kibrisdakik.com\\\/wp-content\\\/uploads\\\/2026\\\/01\\\/6-495.png\",\"width\":1280,\"height\":720},{\"@type\":\"BreadcrumbList\",\"@id\":\"https:\\\/\\\/kibrisdakik.com\\\/?p=103535#breadcrumb\",\"itemListElement\":[{\"@type\":\"ListItem\",\"position\":1,\"name\":\"Home\",\"item\":\"https:\\\/\\\/kibrisdakik.com\\\/\"},{\"@type\":\"ListItem\",\"position\":2,\"name\":\"T\u00dcRK\u0130YE\u2019DE 2026 BEDELL\u0130 ASKERL\u0130K BA\u015eVURULARI BA\u015eLADI, \u00dcCRET 333 B\u0130N TL\"}]},{\"@type\":\"WebSite\",\"@id\":\"https:\\\/\\\/kibrisdakik.com\\\/#website\",\"url\":\"https:\\\/\\\/kibrisdakik.com\\\/\",\"name\":\"\",\"description\":\"Tam vaktinde haber\",\"potentialAction\":[{\"@type\":\"SearchAction\",\"target\":{\"@type\":\"EntryPoint\",\"urlTemplate\":\"https:\\\/\\\/kibrisdakik.com\\\/?s={search_term_string}\"},\"query-input\":{\"@type\":\"PropertyValueSpecification\",\"valueRequired\":true,\"valueName\":\"search_term_string\"}}],\"inLanguage\":\"tr\"},{\"@type\":\"Person\",\"@id\":\"https:\\\/\\\/kibrisdakik.com\\\/#\\\/schema\\\/person\\\/9cd9d437bbb44f72b73ba127e06d8e79\",\"name\":\"admin\",\"image\":{\"@type\":\"ImageObject\",\"inLanguage\":\"tr\",\"@id\":\"https:\\\/\\\/secure.gravatar.com\\\/avatar\\\/ccc17943b9d660506c869530f897617f7cb1c21a4bf30023f252596d83e1f007?s=96&d=mm&r=g\",\"url\":\"https:\\\/\\\/secure.gravatar.com\\\/avatar\\\/ccc17943b9d660506c869530f897617f7cb1c21a4bf30023f252596d83e1f007?s=96&d=mm&r=g\",\"contentUrl\":\"https:\\\/\\\/secure.gravatar.com\\\/avatar\\\/ccc17943b9d660506c869530f897617f7cb1c21a4bf30023f252596d83e1f007?s=96&d=mm&r=g\",\"caption\":\"admin\"},\"sameAs\":[\"https:\\\/\\\/kibrisdakik.com\"],\"url\":\"https:\\\/\\\/kibrisdakik.com\\\/?author=1\"}]}<\/script>\n<!-- \/ Yoast SEO plugin. -->","yoast_head_json":{"title":"T\u00dcRK\u0130YE\u2019DE 2026 BEDELL\u0130 ASKERL\u0130K BA\u015eVURULARI BA\u015eLADI, \u00dcCRET 333 B\u0130N TL -","robots":{"index":"index","follow":"follow","max-snippet":"max-snippet:-1","max-image-preview":"max-image-preview:large","max-video-preview":"max-video-preview:-1"},"canonical":"https:\/\/kibrisdakik.com\/?p=103535","og_locale":"tr_TR","og_type":"article","og_title":"T\u00dcRK\u0130YE\u2019DE 2026 BEDELL\u0130 ASKERL\u0130K BA\u015eVURULARI BA\u015eLADI, \u00dcCRET 333 B\u0130N TL -","og_description":"T\u00fcrkiye Milli Savunma Bakanl\u0131\u011f\u0131 (MSB), T\u00fcrkiye\u2019de bedelli askerlik ba\u015fvurular\u0131n\u0131n ba\u015flad\u0131\u011f\u0131n\u0131 duyurdu. 2026 y\u0131l\u0131 i\u00e7in \u00fccret de belli oldu. T\u00fcrkiye MSB Bas\u0131n ve Halkla \u0130li\u015fkiler M\u00fc\u015faviri ve Bakanl\u0131k S\u00f6zc\u00fcs\u00fc Tu\u011famiral Zeki Akt\u00fcrk, bakanl\u0131kta d\u00fczenlenen haftal\u0131k bas\u0131n bilgilendirme toplant\u0131s\u0131nda konu\u015ftu. Yap\u0131lan d\u00fczenleme ile bedelli askerli\u011fin memur maa\u015f katsay\u0131s\u0131ndaki art\u0131\u015f oran\u0131na sabitlendi\u011fini hat\u0131rlatan Akt\u00fcrk, &#8220;Hazine ve Maliye Bakanl\u0131\u011f\u0131nca","og_url":"https:\/\/kibrisdakik.com\/?p=103535","article_published_time":"2026-01-08T10:49:43+00:00","og_image":[{"width":1280,"height":720,"url":"https:\/\/kibrisdakik.com\/wp-content\/uploads\/2026\/01\/6-495.png","type":"image\/png"}],"author":"admin","twitter_card":"summary_large_image","twitter_misc":{"Yazan:":"admin","Tahmini okuma s\u00fcresi":"1 dakika"},"schema":{"@context":"https:\/\/schema.org","@graph":[{"@type":"Article","@id":"https:\/\/kibrisdakik.com\/?p=103535#article","isPartOf":{"@id":"https:\/\/kibrisdakik.com\/?p=103535"},"author":{"name":"admin","@id":"https:\/\/kibrisdakik.com\/#\/schema\/person\/9cd9d437bbb44f72b73ba127e06d8e79"},"headline":"T\u00dcRK\u0130YE\u2019DE 2026 BEDELL\u0130 ASKERL\u0130K BA\u015eVURULARI BA\u015eLADI, \u00dcCRET 333 B\u0130N TL","datePublished":"2026-01-08T10:49:43+00:00","mainEntityOfPage":{"@id":"https:\/\/kibrisdakik.com\/?p=103535"},"wordCount":150,"commentCount":0,"image":{"@id":"https:\/\/kibrisdakik.com\/?p=103535#primaryimage"},"thumbnailUrl":"https:\/\/kibrisdakik.com\/wp-content\/uploads\/2026\/01\/6-495.png","articleSection":["K\u0131br\u0131s"],"inLanguage":"tr","potentialAction":[{"@type":"CommentAction","name":"Comment","target":["https:\/\/kibrisdakik.com\/?p=103535#respond"]}]},{"@type":"WebPage","@id":"https:\/\/kibrisdakik.com\/?p=103535","url":"https:\/\/kibrisdakik.com\/?p=103535","name":"T\u00dcRK\u0130YE\u2019DE 2026 BEDELL\u0130 ASKERL\u0130K BA\u015eVURULARI BA\u015eLADI, \u00dcCRET 333 B\u0130N TL -","isPartOf":{"@id":"https:\/\/kibrisdakik.com\/#website"},"primaryImageOfPage":{"@id":"https:\/\/kibrisdakik.com\/?p=103535#primaryimage"},"image":{"@id":"https:\/\/kibrisdakik.com\/?p=103535#primaryimage"},"thumbnailUrl":"https:\/\/kibrisdakik.com\/wp-content\/uploads\/2026\/01\/6-495.png","datePublished":"2026-01-08T10:49:43+00:00","author":{"@id":"https:\/\/kibrisdakik.com\/#\/schema\/person\/9cd9d437bbb44f72b73ba127e06d8e79"},"breadcrumb":{"@id":"https:\/\/kibrisdakik.com\/?p=103535#breadcrumb"},"inLanguage":"tr","potentialAction":[{"@type":"ReadAction","target":["https:\/\/kibrisdakik.com\/?p=103535"]}]},{"@type":"ImageObject","inLanguage":"tr","@id":"https:\/\/kibrisdakik.com\/?p=103535#primaryimage","url":"https:\/\/kibrisdakik.com\/wp-content\/uploads\/2026\/01\/6-495.png","contentUrl":"https:\/\/kibrisdakik.com\/wp-content\/uploads\/2026\/01\/6-495.png","width":1280,"height":720},{"@type":"BreadcrumbList","@id":"https:\/\/kibrisdakik.com\/?p=103535#breadcrumb","itemListElement":[{"@type":"ListItem","position":1,"name":"Home","item":"https:\/\/kibrisdakik.com\/"},{"@type":"ListItem","position":2,"name":"T\u00dcRK\u0130YE\u2019DE 2026 BEDELL\u0130 ASKERL\u0130K BA\u015eVURULARI BA\u015eLADI, \u00dcCRET 333 B\u0130N TL"}]},{"@type":"WebSite","@id":"https:\/\/kibrisdakik.com\/#website","url":"https:\/\/kibrisdakik.com\/","name":"","description":"Tam vaktinde haber","potentialAction":[{"@type":"SearchAction","target":{"@type":"EntryPoint","urlTemplate":"https:\/\/kibrisdakik.com\/?s={search_term_string}"},"query-input":{"@type":"PropertyValueSpecification","valueRequired":true,"valueName":"search_term_string"}}],"inLanguage":"tr"},{"@type":"Person","@id":"https:\/\/kibrisdakik.com\/#\/schema\/person\/9cd9d437bbb44f72b73ba127e06d8e79","name":"admin","image":{"@type":"ImageObject","inLanguage":"tr","@id":"https:\/\/secure.gravatar.com\/avatar\/ccc17943b9d660506c869530f897617f7cb1c21a4bf30023f252596d83e1f007?s=96&d=mm&r=g","url":"https:\/\/secure.gravatar.com\/avatar\/ccc17943b9d660506c869530f897617f7cb1c21a4bf30023f252596d83e1f007?s=96&d=mm&r=g","contentUrl":"https:\/\/secure.gravatar.com\/avatar\/ccc17943b9d660506c869530f897617f7cb1c21a4bf30023f252596d83e1f007?s=96&d=mm&r=g","caption":"admin"},"sameAs":["https:\/\/kibrisdakik.com"],"url":"https:\/\/kibrisdakik.com\/?author=1"}]}},"_links":{"self":[{"href":"https:\/\/kibrisdakik.com\/index.php?rest_route=\/wp\/v2\/posts\/103535","targetHints":{"allow":["GET"]}}],"collection":[{"href":"https:\/\/kibrisdakik.com\/index.php?rest_route=\/wp\/v2\/posts"}],"about":[{"href":"https:\/\/kibrisdakik.com\/index.php?rest_route=\/wp\/v2\/types\/post"}],"author":[{"embeddable":true,"href":"https:\/\/kibrisdakik.com\/index.php?rest_route=\/wp\/v2\/users\/1"}],"replies":[{"embeddable":true,"href":"https:\/\/kibrisdakik.com\/index.php?rest_route=%2Fwp%2Fv2%2Fcomments&post=103535"}],"version-history":[{"count":0,"href":"https:\/\/kibrisdakik.com\/index.php?rest_route=\/wp\/v2\/posts\/103535\/revisions"}],"wp:featuredmedia":[{"embeddable":true,"href":"https:\/\/kibrisdakik.com\/index.php?rest_route=\/wp\/v2\/media\/103536"}],"wp:attachment":[{"href":"https:\/\/kibrisdakik.com\/index.php?rest_route=%2Fwp%2Fv2%2Fmedia&parent=103535"}],"wp:term":[{"taxonomy":"category","embeddable":true,"href":"https:\/\/kibrisdakik.com\/index.php?rest_route=%2Fwp%2Fv2%2Fcategories&post=103535"},{"taxonomy":"post_tag","embeddable":true,"href":"https:\/\/kibrisdakik.com\/index.php?rest_route=%2Fwp%2Fv2%2Ftags&post=103535"}],"curies":[{"name":"wp","href":"https:\/\/api.w.org\/{rel}","templated":true}]}}