{"id":103593,"date":"2026-01-08T18:40:04","date_gmt":"2026-01-08T16:40:04","guid":{"rendered":"https:\/\/kibrisdakik.com\/index.php\/2026\/01\/08\/turkiye-cumhuriyeti-disisleri-bakanligi-gkrynin-soylemlerini-reddediyoruz\/"},"modified":"2026-01-08T18:40:04","modified_gmt":"2026-01-08T16:40:04","slug":"turkiye-cumhuriyeti-disisleri-bakanligi-gkrynin-soylemlerini-reddediyoruz","status":"publish","type":"post","link":"https:\/\/kibrisdakik.com\/?p=103593","title":{"rendered":"T\u00dcRK\u0130YE CUMHUR\u0130YET\u0130 DI\u015e\u0130\u015eLER\u0130 BAKANLI\u011eI: GKRY\u2019N\u0130N S\u00d6YLEMLER\u0130N\u0130 REDDED\u0130YORUZ"},"content":{"rendered":"<p><\/p>\n<p>T\u00fcrkiye Cumhuriyeti D\u0131\u015fi\u015fleri Bakanl\u0131\u011f\u0131 S\u00f6zc\u00fcs\u00fc \u00d6nc\u00fc Ke\u00e7eli, G\u00fcney K\u0131br\u0131s Rum Y\u00f6netimi\u2019nin (GKRY) Avrupa Birli\u011fi (AB) D\u00f6nem Ba\u015fkanl\u0131\u011f\u0131n\u0131 devralmas\u0131 dolay\u0131s\u0131yla 7 Ocak\u2019ta d\u00fczenlenen etkinlikte yap\u0131lan konu\u015fmalarda K\u0131br\u0131s Adas\u0131\u2019na ili\u015fkin kullan\u0131lan \u201ci\u015fgal\u201d, \u201cistila\u201d ve \u201cb\u00f6l\u00fcnme\u201d ifadelerini reddettiklerini a\u00e7\u0131klad\u0131.<\/p>\n<div id=\"ad_121\" data-channel=\"121\" data-advert=\"temedya\" data-rotation=\"120\" class=\"mb-3 text-center\"><\/div>\n<div id=\"ad_121_mobile\" data-channel=\"121\" data-advert=\"temedya\" data-rotation=\"120\" class=\"mb-3 text-center\"><\/div>\n<p>Ke\u00e7eli, bu s\u00f6ylemlerin Ada\u2019daki tarihi ve g\u00fcncel ger\u00e7eklerle ba\u011fda\u015fmad\u0131\u011f\u0131n\u0131 belirterek, K\u0131br\u0131s\u2019taki tek \u201ci\u015fgalin\u201d, Rum taraf\u0131n\u0131n 1963 y\u0131l\u0131nda Anayasa\u2019y\u0131 ihlal ederek K\u0131br\u0131s T\u00fcrk halk\u0131n\u0131n ortakl\u0131k devletindeki haklar\u0131n\u0131 gasp etmesiyle ba\u015flad\u0131\u011f\u0131n\u0131 vurgulad\u0131. AB yetkililerinin K\u0131br\u0131sl\u0131 T\u00fcrklerin varl\u0131\u011f\u0131n\u0131 g\u00f6rmezden gelen tutumunun, Birli\u011fin savundu\u011funu iddia etti\u011fi temel insani de\u011ferlerle \u00e7eli\u015fti\u011fini kaydetti.<\/p>\n<p>A\u00e7\u0131klamada ayr\u0131ca, GKRY\u2019nin AB D\u00f6nem Ba\u015fkanl\u0131\u011f\u0131n\u0131, kamuoyuna verilen taahh\u00fctlerin aksine K\u0131br\u0131s meselesindeki uzla\u015fmaz ve tek tarafl\u0131 s\u00f6ylemlerini \u00f6ne \u00e7\u0131karmak i\u00e7in kullanmas\u0131n\u0131n, AB\u2019nin sorunun \u00e7\u00f6z\u00fcm\u00fcnde neden tarafs\u0131z ve yap\u0131c\u0131 bir akt\u00f6r olamad\u0131\u011f\u0131n\u0131 a\u00e7\u0131k\u00e7a ortaya koydu\u011fu ifade edildi.<\/p>\n<\/p>\n<div class=\"article-source py-3 small \">\n                <\/div>\n","protected":false},"excerpt":{"rendered":"<p>T\u00fcrkiye Cumhuriyeti D\u0131\u015fi\u015fleri Bakanl\u0131\u011f\u0131 S\u00f6zc\u00fcs\u00fc \u00d6nc\u00fc Ke\u00e7eli, G\u00fcney K\u0131br\u0131s Rum Y\u00f6netimi\u2019nin (GKRY) Avrupa Birli\u011fi (AB) D\u00f6nem Ba\u015fkanl\u0131\u011f\u0131n\u0131 devralmas\u0131 dolay\u0131s\u0131yla 7 Ocak\u2019ta d\u00fczenlenen etkinlikte yap\u0131lan konu\u015fmalarda K\u0131br\u0131s Adas\u0131\u2019na ili\u015fkin kullan\u0131lan \u201ci\u015fgal\u201d, \u201cistila\u201d ve \u201cb\u00f6l\u00fcnme\u201d ifadelerini reddettiklerini a\u00e7\u0131klad\u0131. Ke\u00e7eli, bu s\u00f6ylemlerin Ada\u2019daki tarihi ve g\u00fcncel ger\u00e7eklerle ba\u011fda\u015fmad\u0131\u011f\u0131n\u0131 belirterek, K\u0131br\u0131s\u2019taki tek \u201ci\u015fgalin\u201d, Rum taraf\u0131n\u0131n 1963 y\u0131l\u0131nda Anayasa\u2019y\u0131 ihlal<\/p>\n","protected":false},"author":1,"featured_media":103594,"comment_status":"open","ping_status":"open","sticky":false,"template":"","format":"standard","meta":{"footnotes":""},"categories":[81],"tags":[],"class_list":["post-103593","post","type-post","status-publish","format-standard","has-post-thumbnail","hentry","category-kibris"],"yoast_head":"<!-- This site is optimized with the Yoast SEO plugin v27.5 - https:\/\/yoast.com\/product\/yoast-seo-wordpress\/ -->\n<title>T\u00dcRK\u0130YE CUMHUR\u0130YET\u0130 DI\u015e\u0130\u015eLER\u0130 BAKANLI\u011eI: GKRY\u2019N\u0130N S\u00d6YLEMLER\u0130N\u0130 REDDED\u0130YORUZ -<\/title>\n<meta name=\"robots\" content=\"index, follow, max-snippet:-1, max-image-preview:large, max-video-preview:-1\" \/>\n<link rel=\"canonical\" href=\"https:\/\/kibrisdakik.com\/?p=103593\" \/>\n<meta property=\"og:locale\" content=\"tr_TR\" \/>\n<meta property=\"og:type\" content=\"article\" \/>\n<meta property=\"og:title\" content=\"T\u00dcRK\u0130YE CUMHUR\u0130YET\u0130 DI\u015e\u0130\u015eLER\u0130 BAKANLI\u011eI: GKRY\u2019N\u0130N S\u00d6YLEMLER\u0130N\u0130 REDDED\u0130YORUZ -\" \/>\n<meta property=\"og:description\" content=\"T\u00fcrkiye Cumhuriyeti D\u0131\u015fi\u015fleri Bakanl\u0131\u011f\u0131 S\u00f6zc\u00fcs\u00fc \u00d6nc\u00fc Ke\u00e7eli, G\u00fcney K\u0131br\u0131s Rum Y\u00f6netimi\u2019nin (GKRY) Avrupa Birli\u011fi (AB) D\u00f6nem Ba\u015fkanl\u0131\u011f\u0131n\u0131 devralmas\u0131 dolay\u0131s\u0131yla 7 Ocak\u2019ta d\u00fczenlenen etkinlikte yap\u0131lan konu\u015fmalarda K\u0131br\u0131s Adas\u0131\u2019na ili\u015fkin kullan\u0131lan \u201ci\u015fgal\u201d, \u201cistila\u201d ve \u201cb\u00f6l\u00fcnme\u201d ifadelerini reddettiklerini a\u00e7\u0131klad\u0131. Ke\u00e7eli, bu s\u00f6ylemlerin Ada\u2019daki tarihi ve g\u00fcncel ger\u00e7eklerle ba\u011fda\u015fmad\u0131\u011f\u0131n\u0131 belirterek, K\u0131br\u0131s\u2019taki tek \u201ci\u015fgalin\u201d, Rum taraf\u0131n\u0131n 1963 y\u0131l\u0131nda Anayasa\u2019y\u0131 ihlal\" \/>\n<meta property=\"og:url\" content=\"https:\/\/kibrisdakik.com\/?p=103593\" \/>\n<meta property=\"article:published_time\" content=\"2026-01-08T16:40:04+00:00\" \/>\n<meta property=\"og:image\" content=\"https:\/\/kibrisdakik.com\/wp-content\/uploads\/2026\/01\/mha-sari-beyaz-2233.png\" \/>\n\t<meta property=\"og:image:width\" content=\"1280\" \/>\n\t<meta property=\"og:image:height\" content=\"720\" \/>\n\t<meta property=\"og:image:type\" content=\"image\/png\" \/>\n<meta name=\"author\" content=\"admin\" \/>\n<meta name=\"twitter:card\" content=\"summary_large_image\" \/>\n<meta name=\"twitter:label1\" content=\"Yazan:\" \/>\n\t<meta name=\"twitter:data1\" content=\"admin\" \/>\n\t<meta name=\"twitter:label2\" content=\"Tahmini okuma s\u00fcresi\" \/>\n\t<meta name=\"twitter:data2\" content=\"1 dakika\" \/>\n<script type=\"application\/ld+json\" class=\"yoast-schema-graph\">{\"@context\":\"https:\\\/\\\/schema.org\",\"@graph\":[{\"@type\":\"Article\",\"@id\":\"https:\\\/\\\/kibrisdakik.com\\\/?p=103593#article\",\"isPartOf\":{\"@id\":\"https:\\\/\\\/kibrisdakik.com\\\/?p=103593\"},\"author\":{\"name\":\"admin\",\"@id\":\"https:\\\/\\\/kibrisdakik.com\\\/#\\\/schema\\\/person\\\/9cd9d437bbb44f72b73ba127e06d8e79\"},\"headline\":\"T\u00dcRK\u0130YE CUMHUR\u0130YET\u0130 DI\u015e\u0130\u015eLER\u0130 BAKANLI\u011eI: GKRY\u2019N\u0130N S\u00d6YLEMLER\u0130N\u0130 REDDED\u0130YORUZ\",\"datePublished\":\"2026-01-08T16:40:04+00:00\",\"mainEntityOfPage\":{\"@id\":\"https:\\\/\\\/kibrisdakik.com\\\/?p=103593\"},\"wordCount\":225,\"commentCount\":0,\"image\":{\"@id\":\"https:\\\/\\\/kibrisdakik.com\\\/?p=103593#primaryimage\"},\"thumbnailUrl\":\"https:\\\/\\\/kibrisdakik.com\\\/wp-content\\\/uploads\\\/2026\\\/01\\\/mha-sari-beyaz-2233.png\",\"articleSection\":[\"K\u0131br\u0131s\"],\"inLanguage\":\"tr\",\"potentialAction\":[{\"@type\":\"CommentAction\",\"name\":\"Comment\",\"target\":[\"https:\\\/\\\/kibrisdakik.com\\\/?p=103593#respond\"]}]},{\"@type\":\"WebPage\",\"@id\":\"https:\\\/\\\/kibrisdakik.com\\\/?p=103593\",\"url\":\"https:\\\/\\\/kibrisdakik.com\\\/?p=103593\",\"name\":\"T\u00dcRK\u0130YE CUMHUR\u0130YET\u0130 DI\u015e\u0130\u015eLER\u0130 BAKANLI\u011eI: GKRY\u2019N\u0130N S\u00d6YLEMLER\u0130N\u0130 REDDED\u0130YORUZ -\",\"isPartOf\":{\"@id\":\"https:\\\/\\\/kibrisdakik.com\\\/#website\"},\"primaryImageOfPage\":{\"@id\":\"https:\\\/\\\/kibrisdakik.com\\\/?p=103593#primaryimage\"},\"image\":{\"@id\":\"https:\\\/\\\/kibrisdakik.com\\\/?p=103593#primaryimage\"},\"thumbnailUrl\":\"https:\\\/\\\/kibrisdakik.com\\\/wp-content\\\/uploads\\\/2026\\\/01\\\/mha-sari-beyaz-2233.png\",\"datePublished\":\"2026-01-08T16:40:04+00:00\",\"author\":{\"@id\":\"https:\\\/\\\/kibrisdakik.com\\\/#\\\/schema\\\/person\\\/9cd9d437bbb44f72b73ba127e06d8e79\"},\"breadcrumb\":{\"@id\":\"https:\\\/\\\/kibrisdakik.com\\\/?p=103593#breadcrumb\"},\"inLanguage\":\"tr\",\"potentialAction\":[{\"@type\":\"ReadAction\",\"target\":[\"https:\\\/\\\/kibrisdakik.com\\\/?p=103593\"]}]},{\"@type\":\"ImageObject\",\"inLanguage\":\"tr\",\"@id\":\"https:\\\/\\\/kibrisdakik.com\\\/?p=103593#primaryimage\",\"url\":\"https:\\\/\\\/kibrisdakik.com\\\/wp-content\\\/uploads\\\/2026\\\/01\\\/mha-sari-beyaz-2233.png\",\"contentUrl\":\"https:\\\/\\\/kibrisdakik.com\\\/wp-content\\\/uploads\\\/2026\\\/01\\\/mha-sari-beyaz-2233.png\",\"width\":1280,\"height\":720},{\"@type\":\"BreadcrumbList\",\"@id\":\"https:\\\/\\\/kibrisdakik.com\\\/?p=103593#breadcrumb\",\"itemListElement\":[{\"@type\":\"ListItem\",\"position\":1,\"name\":\"Home\",\"item\":\"https:\\\/\\\/kibrisdakik.com\\\/\"},{\"@type\":\"ListItem\",\"position\":2,\"name\":\"T\u00dcRK\u0130YE CUMHUR\u0130YET\u0130 DI\u015e\u0130\u015eLER\u0130 BAKANLI\u011eI: GKRY\u2019N\u0130N S\u00d6YLEMLER\u0130N\u0130 REDDED\u0130YORUZ\"}]},{\"@type\":\"WebSite\",\"@id\":\"https:\\\/\\\/kibrisdakik.com\\\/#website\",\"url\":\"https:\\\/\\\/kibrisdakik.com\\\/\",\"name\":\"\",\"description\":\"Tam vaktinde haber\",\"potentialAction\":[{\"@type\":\"SearchAction\",\"target\":{\"@type\":\"EntryPoint\",\"urlTemplate\":\"https:\\\/\\\/kibrisdakik.com\\\/?s={search_term_string}\"},\"query-input\":{\"@type\":\"PropertyValueSpecification\",\"valueRequired\":true,\"valueName\":\"search_term_string\"}}],\"inLanguage\":\"tr\"},{\"@type\":\"Person\",\"@id\":\"https:\\\/\\\/kibrisdakik.com\\\/#\\\/schema\\\/person\\\/9cd9d437bbb44f72b73ba127e06d8e79\",\"name\":\"admin\",\"image\":{\"@type\":\"ImageObject\",\"inLanguage\":\"tr\",\"@id\":\"https:\\\/\\\/secure.gravatar.com\\\/avatar\\\/ccc17943b9d660506c869530f897617f7cb1c21a4bf30023f252596d83e1f007?s=96&d=mm&r=g\",\"url\":\"https:\\\/\\\/secure.gravatar.com\\\/avatar\\\/ccc17943b9d660506c869530f897617f7cb1c21a4bf30023f252596d83e1f007?s=96&d=mm&r=g\",\"contentUrl\":\"https:\\\/\\\/secure.gravatar.com\\\/avatar\\\/ccc17943b9d660506c869530f897617f7cb1c21a4bf30023f252596d83e1f007?s=96&d=mm&r=g\",\"caption\":\"admin\"},\"sameAs\":[\"https:\\\/\\\/kibrisdakik.com\"],\"url\":\"https:\\\/\\\/kibrisdakik.com\\\/?author=1\"}]}<\/script>\n<!-- \/ Yoast SEO plugin. -->","yoast_head_json":{"title":"T\u00dcRK\u0130YE CUMHUR\u0130YET\u0130 DI\u015e\u0130\u015eLER\u0130 BAKANLI\u011eI: GKRY\u2019N\u0130N S\u00d6YLEMLER\u0130N\u0130 REDDED\u0130YORUZ -","robots":{"index":"index","follow":"follow","max-snippet":"max-snippet:-1","max-image-preview":"max-image-preview:large","max-video-preview":"max-video-preview:-1"},"canonical":"https:\/\/kibrisdakik.com\/?p=103593","og_locale":"tr_TR","og_type":"article","og_title":"T\u00dcRK\u0130YE CUMHUR\u0130YET\u0130 DI\u015e\u0130\u015eLER\u0130 BAKANLI\u011eI: GKRY\u2019N\u0130N S\u00d6YLEMLER\u0130N\u0130 REDDED\u0130YORUZ -","og_description":"T\u00fcrkiye Cumhuriyeti D\u0131\u015fi\u015fleri Bakanl\u0131\u011f\u0131 S\u00f6zc\u00fcs\u00fc \u00d6nc\u00fc Ke\u00e7eli, G\u00fcney K\u0131br\u0131s Rum Y\u00f6netimi\u2019nin (GKRY) Avrupa Birli\u011fi (AB) D\u00f6nem Ba\u015fkanl\u0131\u011f\u0131n\u0131 devralmas\u0131 dolay\u0131s\u0131yla 7 Ocak\u2019ta d\u00fczenlenen etkinlikte yap\u0131lan konu\u015fmalarda K\u0131br\u0131s Adas\u0131\u2019na ili\u015fkin kullan\u0131lan \u201ci\u015fgal\u201d, \u201cistila\u201d ve \u201cb\u00f6l\u00fcnme\u201d ifadelerini reddettiklerini a\u00e7\u0131klad\u0131. Ke\u00e7eli, bu s\u00f6ylemlerin Ada\u2019daki tarihi ve g\u00fcncel ger\u00e7eklerle ba\u011fda\u015fmad\u0131\u011f\u0131n\u0131 belirterek, K\u0131br\u0131s\u2019taki tek \u201ci\u015fgalin\u201d, Rum taraf\u0131n\u0131n 1963 y\u0131l\u0131nda Anayasa\u2019y\u0131 ihlal","og_url":"https:\/\/kibrisdakik.com\/?p=103593","article_published_time":"2026-01-08T16:40:04+00:00","og_image":[{"width":1280,"height":720,"url":"https:\/\/kibrisdakik.com\/wp-content\/uploads\/2026\/01\/mha-sari-beyaz-2233.png","type":"image\/png"}],"author":"admin","twitter_card":"summary_large_image","twitter_misc":{"Yazan:":"admin","Tahmini okuma s\u00fcresi":"1 dakika"},"schema":{"@context":"https:\/\/schema.org","@graph":[{"@type":"Article","@id":"https:\/\/kibrisdakik.com\/?p=103593#article","isPartOf":{"@id":"https:\/\/kibrisdakik.com\/?p=103593"},"author":{"name":"admin","@id":"https:\/\/kibrisdakik.com\/#\/schema\/person\/9cd9d437bbb44f72b73ba127e06d8e79"},"headline":"T\u00dcRK\u0130YE CUMHUR\u0130YET\u0130 DI\u015e\u0130\u015eLER\u0130 BAKANLI\u011eI: GKRY\u2019N\u0130N S\u00d6YLEMLER\u0130N\u0130 REDDED\u0130YORUZ","datePublished":"2026-01-08T16:40:04+00:00","mainEntityOfPage":{"@id":"https:\/\/kibrisdakik.com\/?p=103593"},"wordCount":225,"commentCount":0,"image":{"@id":"https:\/\/kibrisdakik.com\/?p=103593#primaryimage"},"thumbnailUrl":"https:\/\/kibrisdakik.com\/wp-content\/uploads\/2026\/01\/mha-sari-beyaz-2233.png","articleSection":["K\u0131br\u0131s"],"inLanguage":"tr","potentialAction":[{"@type":"CommentAction","name":"Comment","target":["https:\/\/kibrisdakik.com\/?p=103593#respond"]}]},{"@type":"WebPage","@id":"https:\/\/kibrisdakik.com\/?p=103593","url":"https:\/\/kibrisdakik.com\/?p=103593","name":"T\u00dcRK\u0130YE CUMHUR\u0130YET\u0130 DI\u015e\u0130\u015eLER\u0130 BAKANLI\u011eI: GKRY\u2019N\u0130N S\u00d6YLEMLER\u0130N\u0130 REDDED\u0130YORUZ -","isPartOf":{"@id":"https:\/\/kibrisdakik.com\/#website"},"primaryImageOfPage":{"@id":"https:\/\/kibrisdakik.com\/?p=103593#primaryimage"},"image":{"@id":"https:\/\/kibrisdakik.com\/?p=103593#primaryimage"},"thumbnailUrl":"https:\/\/kibrisdakik.com\/wp-content\/uploads\/2026\/01\/mha-sari-beyaz-2233.png","datePublished":"2026-01-08T16:40:04+00:00","author":{"@id":"https:\/\/kibrisdakik.com\/#\/schema\/person\/9cd9d437bbb44f72b73ba127e06d8e79"},"breadcrumb":{"@id":"https:\/\/kibrisdakik.com\/?p=103593#breadcrumb"},"inLanguage":"tr","potentialAction":[{"@type":"ReadAction","target":["https:\/\/kibrisdakik.com\/?p=103593"]}]},{"@type":"ImageObject","inLanguage":"tr","@id":"https:\/\/kibrisdakik.com\/?p=103593#primaryimage","url":"https:\/\/kibrisdakik.com\/wp-content\/uploads\/2026\/01\/mha-sari-beyaz-2233.png","contentUrl":"https:\/\/kibrisdakik.com\/wp-content\/uploads\/2026\/01\/mha-sari-beyaz-2233.png","width":1280,"height":720},{"@type":"BreadcrumbList","@id":"https:\/\/kibrisdakik.com\/?p=103593#breadcrumb","itemListElement":[{"@type":"ListItem","position":1,"name":"Home","item":"https:\/\/kibrisdakik.com\/"},{"@type":"ListItem","position":2,"name":"T\u00dcRK\u0130YE CUMHUR\u0130YET\u0130 DI\u015e\u0130\u015eLER\u0130 BAKANLI\u011eI: GKRY\u2019N\u0130N S\u00d6YLEMLER\u0130N\u0130 REDDED\u0130YORUZ"}]},{"@type":"WebSite","@id":"https:\/\/kibrisdakik.com\/#website","url":"https:\/\/kibrisdakik.com\/","name":"","description":"Tam vaktinde haber","potentialAction":[{"@type":"SearchAction","target":{"@type":"EntryPoint","urlTemplate":"https:\/\/kibrisdakik.com\/?s={search_term_string}"},"query-input":{"@type":"PropertyValueSpecification","valueRequired":true,"valueName":"search_term_string"}}],"inLanguage":"tr"},{"@type":"Person","@id":"https:\/\/kibrisdakik.com\/#\/schema\/person\/9cd9d437bbb44f72b73ba127e06d8e79","name":"admin","image":{"@type":"ImageObject","inLanguage":"tr","@id":"https:\/\/secure.gravatar.com\/avatar\/ccc17943b9d660506c869530f897617f7cb1c21a4bf30023f252596d83e1f007?s=96&d=mm&r=g","url":"https:\/\/secure.gravatar.com\/avatar\/ccc17943b9d660506c869530f897617f7cb1c21a4bf30023f252596d83e1f007?s=96&d=mm&r=g","contentUrl":"https:\/\/secure.gravatar.com\/avatar\/ccc17943b9d660506c869530f897617f7cb1c21a4bf30023f252596d83e1f007?s=96&d=mm&r=g","caption":"admin"},"sameAs":["https:\/\/kibrisdakik.com"],"url":"https:\/\/kibrisdakik.com\/?author=1"}]}},"_links":{"self":[{"href":"https:\/\/kibrisdakik.com\/index.php?rest_route=\/wp\/v2\/posts\/103593","targetHints":{"allow":["GET"]}}],"collection":[{"href":"https:\/\/kibrisdakik.com\/index.php?rest_route=\/wp\/v2\/posts"}],"about":[{"href":"https:\/\/kibrisdakik.com\/index.php?rest_route=\/wp\/v2\/types\/post"}],"author":[{"embeddable":true,"href":"https:\/\/kibrisdakik.com\/index.php?rest_route=\/wp\/v2\/users\/1"}],"replies":[{"embeddable":true,"href":"https:\/\/kibrisdakik.com\/index.php?rest_route=%2Fwp%2Fv2%2Fcomments&post=103593"}],"version-history":[{"count":0,"href":"https:\/\/kibrisdakik.com\/index.php?rest_route=\/wp\/v2\/posts\/103593\/revisions"}],"wp:featuredmedia":[{"embeddable":true,"href":"https:\/\/kibrisdakik.com\/index.php?rest_route=\/wp\/v2\/media\/103594"}],"wp:attachment":[{"href":"https:\/\/kibrisdakik.com\/index.php?rest_route=%2Fwp%2Fv2%2Fmedia&parent=103593"}],"wp:term":[{"taxonomy":"category","embeddable":true,"href":"https:\/\/kibrisdakik.com\/index.php?rest_route=%2Fwp%2Fv2%2Fcategories&post=103593"},{"taxonomy":"post_tag","embeddable":true,"href":"https:\/\/kibrisdakik.com\/index.php?rest_route=%2Fwp%2Fv2%2Ftags&post=103593"}],"curies":[{"name":"wp","href":"https:\/\/api.w.org\/{rel}","templated":true}]}}