{"id":103602,"date":"2026-01-09T09:24:19","date_gmt":"2026-01-09T07:24:19","guid":{"rendered":"https:\/\/kibrisdakik.com\/index.php\/2026\/01\/09\/meteoroloji-saganak-ve-firtina-etkili-olacak\/"},"modified":"2026-01-09T09:24:19","modified_gmt":"2026-01-09T07:24:19","slug":"meteoroloji-saganak-ve-firtina-etkili-olacak","status":"publish","type":"post","link":"https:\/\/kibrisdakik.com\/?p=103602","title":{"rendered":"METEOROLOJ\u0130: SA\u011eANAK VE FIRTINA ETK\u0130L\u0130 OLACAK"},"content":{"rendered":"<p><\/p>\n<div data-text-id=\"193432\" property=\"articleBody\">\n<article dir=\"auto\" tabindex=\"-1\">&#13;<\/p>\n<p>Bay\u0131nd\u0131rl\u0131k ve Ula\u015ft\u0131rma Bakanl\u0131\u011f\u0131\u2019na ba\u011fl\u0131 Meteoroloji Dairesi, 9 Ocak 2026 tarihli sabah hava raporunda Kuzey K\u0131br\u0131s\u2019\u0131n al\u00e7ak bas\u0131n\u00e7 ve buna ba\u011fl\u0131 cephe sisteminin etkisi alt\u0131nda oldu\u011funu duyurdu. Rapora g\u00f6re \u00fclke genelinde hava par\u00e7al\u0131 ve \u00e7ok bulutlu olacak, yer yer sa\u011fanak ve g\u00f6k g\u00fcr\u00fclt\u00fcl\u00fc sa\u011fanak ya\u011f\u0131\u015flar g\u00f6r\u00fclecek.<\/p>\n<p>&#13;<br \/>\n&#13;<\/p>\n<p>Meteoroloji, r\u00fczg\u00e2r\u0131n kuzey ve bat\u0131 y\u00f6nlerden orta kuvvette, zaman zaman kuvvetli ve yer yer f\u0131rt\u0131na \u015feklinde esece\u011fini bildirdi. Hava s\u0131cakl\u0131klar\u0131n\u0131n ise mevsim normalleri civar\u0131nda seyretmesi bekleniyor.<\/p>\n<p>&#13;<br \/>\n&#13;<\/p>\n<p><strong>T\u00fcm B\u00f6lgelerde Ya\u011f\u0131\u015f Bekleniyor<\/strong><\/p>\n<p>&#13;<br \/>\n&#13;<\/p>\n<p>Girne, Lefko\u015fa, Gazima\u011fusa, \u0130skele, G\u00fczelyurt ve Lefke ba\u015fta olmak \u00fczere t\u00fcm b\u00f6lgelerde g\u00fcn boyunca par\u00e7al\u0131 ve \u00e7ok bulutlu hava ile birlikte sa\u011fanak ve g\u00f6k g\u00fcr\u00fclt\u00fcl\u00fc sa\u011fanak ya\u011f\u0131\u015flar\u0131n etkili olaca\u011f\u0131 kaydedildi. Ya\u011f\u0131\u015flar\u0131n g\u00fcn i\u00e7erisinde zamanla azalmas\u0131 ve havan\u0131n yer yer az bulutlu hale gelmesi \u00f6ng\u00f6r\u00fcl\u00fcyor. En y\u00fcksek hava s\u0131cakl\u0131klar\u0131n\u0131n 12 ila 17 derece aras\u0131nda de\u011fi\u015fmesi bekleniyor.<\/p>\n<p>&#13;<br \/>\n&#13;<\/p>\n<p><strong>Karada ve Denizde F\u0131rt\u0131na Uyar\u0131s\u0131<\/strong><\/p>\n<p>&#13;<br \/>\n&#13;<\/p>\n<p>Meteoroloji Dairesi, karada f\u0131rt\u0131na, denizlerde ise kuvvetli f\u0131rt\u0131na beklendi\u011fini a\u00e7\u0131klad\u0131. Taurus, Crusade ve Delta deniz sahalar\u0131nda r\u00fczg\u00e2r\u0131n kuzey ve bat\u0131 y\u00f6nlerden 5 ila 7, yer yer 8 kuvvetinde esece\u011fi, dalga y\u00fcksekli\u011finin ise 2 ila 3 metre, yer yer 4 metreye ula\u015faca\u011f\u0131 bildirildi. Denizlerde g\u00f6r\u00fc\u015f\u00fcn ya\u011f\u0131\u015f an\u0131nda zay\u0131flamas\u0131 bekleniyor.<\/p>\n<p>                                &#13;<br \/>\n&#13;<\/p>\n<p>Yetkililer, olumsuz hava ko\u015fullar\u0131 nedeniyle \u00f6zellikle denizciler, bal\u0131k\u00e7\u0131lar ve s\u00fcr\u00fcc\u00fclerin dikkatli ve tedbirli olmalar\u0131 \u00e7a\u011fr\u0131s\u0131nda bulundu.<\/p>\n<p>&#13;<br \/>\n<\/article>\n<\/p><\/div>\n","protected":false},"excerpt":{"rendered":"<p>&#13; Bay\u0131nd\u0131rl\u0131k ve Ula\u015ft\u0131rma Bakanl\u0131\u011f\u0131\u2019na ba\u011fl\u0131 Meteoroloji Dairesi, 9 Ocak 2026 tarihli sabah hava raporunda Kuzey K\u0131br\u0131s\u2019\u0131n al\u00e7ak bas\u0131n\u00e7 ve buna ba\u011fl\u0131 cephe sisteminin etkisi alt\u0131nda oldu\u011funu duyurdu. Rapora g\u00f6re \u00fclke genelinde hava par\u00e7al\u0131 ve \u00e7ok bulutlu olacak, yer yer sa\u011fanak ve g\u00f6k g\u00fcr\u00fclt\u00fcl\u00fc sa\u011fanak ya\u011f\u0131\u015flar g\u00f6r\u00fclecek. &#13; &#13; Meteoroloji, r\u00fczg\u00e2r\u0131n kuzey ve bat\u0131 y\u00f6nlerden<\/p>\n","protected":false},"author":1,"featured_media":96398,"comment_status":"open","ping_status":"open","sticky":false,"template":"","format":"standard","meta":{"footnotes":""},"categories":[81],"tags":[],"class_list":["post-103602","post","type-post","status-publish","format-standard","has-post-thumbnail","hentry","category-kibris"],"yoast_head":"<!-- This site is optimized with the Yoast SEO plugin v27.5 - https:\/\/yoast.com\/product\/yoast-seo-wordpress\/ -->\n<title>METEOROLOJ\u0130: SA\u011eANAK VE FIRTINA ETK\u0130L\u0130 OLACAK -<\/title>\n<meta name=\"robots\" content=\"index, follow, max-snippet:-1, max-image-preview:large, max-video-preview:-1\" \/>\n<link rel=\"canonical\" href=\"https:\/\/kibrisdakik.com\/?p=103602\" \/>\n<meta property=\"og:locale\" content=\"tr_TR\" \/>\n<meta property=\"og:type\" content=\"article\" \/>\n<meta property=\"og:title\" content=\"METEOROLOJ\u0130: SA\u011eANAK VE FIRTINA ETK\u0130L\u0130 OLACAK -\" \/>\n<meta property=\"og:description\" content=\"&#013; Bay\u0131nd\u0131rl\u0131k ve Ula\u015ft\u0131rma Bakanl\u0131\u011f\u0131\u2019na ba\u011fl\u0131 Meteoroloji Dairesi, 9 Ocak 2026 tarihli sabah hava raporunda Kuzey K\u0131br\u0131s\u2019\u0131n al\u00e7ak bas\u0131n\u00e7 ve buna ba\u011fl\u0131 cephe sisteminin etkisi alt\u0131nda oldu\u011funu duyurdu. Rapora g\u00f6re \u00fclke genelinde hava par\u00e7al\u0131 ve \u00e7ok bulutlu olacak, yer yer sa\u011fanak ve g\u00f6k g\u00fcr\u00fclt\u00fcl\u00fc sa\u011fanak ya\u011f\u0131\u015flar g\u00f6r\u00fclecek. &#013; &#013; Meteoroloji, r\u00fczg\u00e2r\u0131n kuzey ve bat\u0131 y\u00f6nlerden\" \/>\n<meta property=\"og:url\" content=\"https:\/\/kibrisdakik.com\/?p=103602\" \/>\n<meta property=\"article:published_time\" content=\"2026-01-09T07:24:19+00:00\" \/>\n<meta property=\"og:image\" content=\"https:\/\/kibrisdakik.com\/wp-content\/uploads\/2025\/10\/untitled-1.png\" \/>\n\t<meta property=\"og:image:width\" content=\"1280\" \/>\n\t<meta property=\"og:image:height\" content=\"720\" \/>\n\t<meta property=\"og:image:type\" content=\"image\/png\" \/>\n<meta name=\"author\" content=\"admin\" \/>\n<meta name=\"twitter:card\" content=\"summary_large_image\" \/>\n<meta name=\"twitter:label1\" content=\"Yazan:\" \/>\n\t<meta name=\"twitter:data1\" content=\"admin\" \/>\n\t<meta name=\"twitter:label2\" content=\"Tahmini okuma s\u00fcresi\" \/>\n\t<meta name=\"twitter:data2\" content=\"1 dakika\" \/>\n<script type=\"application\/ld+json\" class=\"yoast-schema-graph\">{\"@context\":\"https:\\\/\\\/schema.org\",\"@graph\":[{\"@type\":\"Article\",\"@id\":\"https:\\\/\\\/kibrisdakik.com\\\/?p=103602#article\",\"isPartOf\":{\"@id\":\"https:\\\/\\\/kibrisdakik.com\\\/?p=103602\"},\"author\":{\"name\":\"admin\",\"@id\":\"https:\\\/\\\/kibrisdakik.com\\\/#\\\/schema\\\/person\\\/9cd9d437bbb44f72b73ba127e06d8e79\"},\"headline\":\"METEOROLOJ\u0130: SA\u011eANAK VE FIRTINA ETK\u0130L\u0130 OLACAK\",\"datePublished\":\"2026-01-09T07:24:19+00:00\",\"mainEntityOfPage\":{\"@id\":\"https:\\\/\\\/kibrisdakik.com\\\/?p=103602\"},\"wordCount\":301,\"commentCount\":0,\"image\":{\"@id\":\"https:\\\/\\\/kibrisdakik.com\\\/?p=103602#primaryimage\"},\"thumbnailUrl\":\"https:\\\/\\\/kibrisdakik.com\\\/wp-content\\\/uploads\\\/2025\\\/10\\\/untitled-1.png\",\"articleSection\":[\"K\u0131br\u0131s\"],\"inLanguage\":\"tr\",\"potentialAction\":[{\"@type\":\"CommentAction\",\"name\":\"Comment\",\"target\":[\"https:\\\/\\\/kibrisdakik.com\\\/?p=103602#respond\"]}]},{\"@type\":\"WebPage\",\"@id\":\"https:\\\/\\\/kibrisdakik.com\\\/?p=103602\",\"url\":\"https:\\\/\\\/kibrisdakik.com\\\/?p=103602\",\"name\":\"METEOROLOJ\u0130: SA\u011eANAK VE FIRTINA ETK\u0130L\u0130 OLACAK -\",\"isPartOf\":{\"@id\":\"https:\\\/\\\/kibrisdakik.com\\\/#website\"},\"primaryImageOfPage\":{\"@id\":\"https:\\\/\\\/kibrisdakik.com\\\/?p=103602#primaryimage\"},\"image\":{\"@id\":\"https:\\\/\\\/kibrisdakik.com\\\/?p=103602#primaryimage\"},\"thumbnailUrl\":\"https:\\\/\\\/kibrisdakik.com\\\/wp-content\\\/uploads\\\/2025\\\/10\\\/untitled-1.png\",\"datePublished\":\"2026-01-09T07:24:19+00:00\",\"author\":{\"@id\":\"https:\\\/\\\/kibrisdakik.com\\\/#\\\/schema\\\/person\\\/9cd9d437bbb44f72b73ba127e06d8e79\"},\"breadcrumb\":{\"@id\":\"https:\\\/\\\/kibrisdakik.com\\\/?p=103602#breadcrumb\"},\"inLanguage\":\"tr\",\"potentialAction\":[{\"@type\":\"ReadAction\",\"target\":[\"https:\\\/\\\/kibrisdakik.com\\\/?p=103602\"]}]},{\"@type\":\"ImageObject\",\"inLanguage\":\"tr\",\"@id\":\"https:\\\/\\\/kibrisdakik.com\\\/?p=103602#primaryimage\",\"url\":\"https:\\\/\\\/kibrisdakik.com\\\/wp-content\\\/uploads\\\/2025\\\/10\\\/untitled-1.png\",\"contentUrl\":\"https:\\\/\\\/kibrisdakik.com\\\/wp-content\\\/uploads\\\/2025\\\/10\\\/untitled-1.png\",\"width\":1280,\"height\":720},{\"@type\":\"BreadcrumbList\",\"@id\":\"https:\\\/\\\/kibrisdakik.com\\\/?p=103602#breadcrumb\",\"itemListElement\":[{\"@type\":\"ListItem\",\"position\":1,\"name\":\"Home\",\"item\":\"https:\\\/\\\/kibrisdakik.com\\\/\"},{\"@type\":\"ListItem\",\"position\":2,\"name\":\"METEOROLOJ\u0130: SA\u011eANAK VE FIRTINA ETK\u0130L\u0130 OLACAK\"}]},{\"@type\":\"WebSite\",\"@id\":\"https:\\\/\\\/kibrisdakik.com\\\/#website\",\"url\":\"https:\\\/\\\/kibrisdakik.com\\\/\",\"name\":\"\",\"description\":\"Tam vaktinde haber\",\"potentialAction\":[{\"@type\":\"SearchAction\",\"target\":{\"@type\":\"EntryPoint\",\"urlTemplate\":\"https:\\\/\\\/kibrisdakik.com\\\/?s={search_term_string}\"},\"query-input\":{\"@type\":\"PropertyValueSpecification\",\"valueRequired\":true,\"valueName\":\"search_term_string\"}}],\"inLanguage\":\"tr\"},{\"@type\":\"Person\",\"@id\":\"https:\\\/\\\/kibrisdakik.com\\\/#\\\/schema\\\/person\\\/9cd9d437bbb44f72b73ba127e06d8e79\",\"name\":\"admin\",\"image\":{\"@type\":\"ImageObject\",\"inLanguage\":\"tr\",\"@id\":\"https:\\\/\\\/secure.gravatar.com\\\/avatar\\\/ccc17943b9d660506c869530f897617f7cb1c21a4bf30023f252596d83e1f007?s=96&d=mm&r=g\",\"url\":\"https:\\\/\\\/secure.gravatar.com\\\/avatar\\\/ccc17943b9d660506c869530f897617f7cb1c21a4bf30023f252596d83e1f007?s=96&d=mm&r=g\",\"contentUrl\":\"https:\\\/\\\/secure.gravatar.com\\\/avatar\\\/ccc17943b9d660506c869530f897617f7cb1c21a4bf30023f252596d83e1f007?s=96&d=mm&r=g\",\"caption\":\"admin\"},\"sameAs\":[\"https:\\\/\\\/kibrisdakik.com\"],\"url\":\"https:\\\/\\\/kibrisdakik.com\\\/?author=1\"}]}<\/script>\n<!-- \/ Yoast SEO plugin. -->","yoast_head_json":{"title":"METEOROLOJ\u0130: SA\u011eANAK VE FIRTINA ETK\u0130L\u0130 OLACAK -","robots":{"index":"index","follow":"follow","max-snippet":"max-snippet:-1","max-image-preview":"max-image-preview:large","max-video-preview":"max-video-preview:-1"},"canonical":"https:\/\/kibrisdakik.com\/?p=103602","og_locale":"tr_TR","og_type":"article","og_title":"METEOROLOJ\u0130: SA\u011eANAK VE FIRTINA ETK\u0130L\u0130 OLACAK -","og_description":"&#13; Bay\u0131nd\u0131rl\u0131k ve Ula\u015ft\u0131rma Bakanl\u0131\u011f\u0131\u2019na ba\u011fl\u0131 Meteoroloji Dairesi, 9 Ocak 2026 tarihli sabah hava raporunda Kuzey K\u0131br\u0131s\u2019\u0131n al\u00e7ak bas\u0131n\u00e7 ve buna ba\u011fl\u0131 cephe sisteminin etkisi alt\u0131nda oldu\u011funu duyurdu. Rapora g\u00f6re \u00fclke genelinde hava par\u00e7al\u0131 ve \u00e7ok bulutlu olacak, yer yer sa\u011fanak ve g\u00f6k g\u00fcr\u00fclt\u00fcl\u00fc sa\u011fanak ya\u011f\u0131\u015flar g\u00f6r\u00fclecek. &#13; &#13; Meteoroloji, r\u00fczg\u00e2r\u0131n kuzey ve bat\u0131 y\u00f6nlerden","og_url":"https:\/\/kibrisdakik.com\/?p=103602","article_published_time":"2026-01-09T07:24:19+00:00","og_image":[{"width":1280,"height":720,"url":"https:\/\/kibrisdakik.com\/wp-content\/uploads\/2025\/10\/untitled-1.png","type":"image\/png"}],"author":"admin","twitter_card":"summary_large_image","twitter_misc":{"Yazan:":"admin","Tahmini okuma s\u00fcresi":"1 dakika"},"schema":{"@context":"https:\/\/schema.org","@graph":[{"@type":"Article","@id":"https:\/\/kibrisdakik.com\/?p=103602#article","isPartOf":{"@id":"https:\/\/kibrisdakik.com\/?p=103602"},"author":{"name":"admin","@id":"https:\/\/kibrisdakik.com\/#\/schema\/person\/9cd9d437bbb44f72b73ba127e06d8e79"},"headline":"METEOROLOJ\u0130: SA\u011eANAK VE FIRTINA ETK\u0130L\u0130 OLACAK","datePublished":"2026-01-09T07:24:19+00:00","mainEntityOfPage":{"@id":"https:\/\/kibrisdakik.com\/?p=103602"},"wordCount":301,"commentCount":0,"image":{"@id":"https:\/\/kibrisdakik.com\/?p=103602#primaryimage"},"thumbnailUrl":"https:\/\/kibrisdakik.com\/wp-content\/uploads\/2025\/10\/untitled-1.png","articleSection":["K\u0131br\u0131s"],"inLanguage":"tr","potentialAction":[{"@type":"CommentAction","name":"Comment","target":["https:\/\/kibrisdakik.com\/?p=103602#respond"]}]},{"@type":"WebPage","@id":"https:\/\/kibrisdakik.com\/?p=103602","url":"https:\/\/kibrisdakik.com\/?p=103602","name":"METEOROLOJ\u0130: SA\u011eANAK VE FIRTINA ETK\u0130L\u0130 OLACAK -","isPartOf":{"@id":"https:\/\/kibrisdakik.com\/#website"},"primaryImageOfPage":{"@id":"https:\/\/kibrisdakik.com\/?p=103602#primaryimage"},"image":{"@id":"https:\/\/kibrisdakik.com\/?p=103602#primaryimage"},"thumbnailUrl":"https:\/\/kibrisdakik.com\/wp-content\/uploads\/2025\/10\/untitled-1.png","datePublished":"2026-01-09T07:24:19+00:00","author":{"@id":"https:\/\/kibrisdakik.com\/#\/schema\/person\/9cd9d437bbb44f72b73ba127e06d8e79"},"breadcrumb":{"@id":"https:\/\/kibrisdakik.com\/?p=103602#breadcrumb"},"inLanguage":"tr","potentialAction":[{"@type":"ReadAction","target":["https:\/\/kibrisdakik.com\/?p=103602"]}]},{"@type":"ImageObject","inLanguage":"tr","@id":"https:\/\/kibrisdakik.com\/?p=103602#primaryimage","url":"https:\/\/kibrisdakik.com\/wp-content\/uploads\/2025\/10\/untitled-1.png","contentUrl":"https:\/\/kibrisdakik.com\/wp-content\/uploads\/2025\/10\/untitled-1.png","width":1280,"height":720},{"@type":"BreadcrumbList","@id":"https:\/\/kibrisdakik.com\/?p=103602#breadcrumb","itemListElement":[{"@type":"ListItem","position":1,"name":"Home","item":"https:\/\/kibrisdakik.com\/"},{"@type":"ListItem","position":2,"name":"METEOROLOJ\u0130: SA\u011eANAK VE FIRTINA ETK\u0130L\u0130 OLACAK"}]},{"@type":"WebSite","@id":"https:\/\/kibrisdakik.com\/#website","url":"https:\/\/kibrisdakik.com\/","name":"","description":"Tam vaktinde haber","potentialAction":[{"@type":"SearchAction","target":{"@type":"EntryPoint","urlTemplate":"https:\/\/kibrisdakik.com\/?s={search_term_string}"},"query-input":{"@type":"PropertyValueSpecification","valueRequired":true,"valueName":"search_term_string"}}],"inLanguage":"tr"},{"@type":"Person","@id":"https:\/\/kibrisdakik.com\/#\/schema\/person\/9cd9d437bbb44f72b73ba127e06d8e79","name":"admin","image":{"@type":"ImageObject","inLanguage":"tr","@id":"https:\/\/secure.gravatar.com\/avatar\/ccc17943b9d660506c869530f897617f7cb1c21a4bf30023f252596d83e1f007?s=96&d=mm&r=g","url":"https:\/\/secure.gravatar.com\/avatar\/ccc17943b9d660506c869530f897617f7cb1c21a4bf30023f252596d83e1f007?s=96&d=mm&r=g","contentUrl":"https:\/\/secure.gravatar.com\/avatar\/ccc17943b9d660506c869530f897617f7cb1c21a4bf30023f252596d83e1f007?s=96&d=mm&r=g","caption":"admin"},"sameAs":["https:\/\/kibrisdakik.com"],"url":"https:\/\/kibrisdakik.com\/?author=1"}]}},"_links":{"self":[{"href":"https:\/\/kibrisdakik.com\/index.php?rest_route=\/wp\/v2\/posts\/103602","targetHints":{"allow":["GET"]}}],"collection":[{"href":"https:\/\/kibrisdakik.com\/index.php?rest_route=\/wp\/v2\/posts"}],"about":[{"href":"https:\/\/kibrisdakik.com\/index.php?rest_route=\/wp\/v2\/types\/post"}],"author":[{"embeddable":true,"href":"https:\/\/kibrisdakik.com\/index.php?rest_route=\/wp\/v2\/users\/1"}],"replies":[{"embeddable":true,"href":"https:\/\/kibrisdakik.com\/index.php?rest_route=%2Fwp%2Fv2%2Fcomments&post=103602"}],"version-history":[{"count":0,"href":"https:\/\/kibrisdakik.com\/index.php?rest_route=\/wp\/v2\/posts\/103602\/revisions"}],"wp:featuredmedia":[{"embeddable":true,"href":"https:\/\/kibrisdakik.com\/index.php?rest_route=\/wp\/v2\/media\/96398"}],"wp:attachment":[{"href":"https:\/\/kibrisdakik.com\/index.php?rest_route=%2Fwp%2Fv2%2Fmedia&parent=103602"}],"wp:term":[{"taxonomy":"category","embeddable":true,"href":"https:\/\/kibrisdakik.com\/index.php?rest_route=%2Fwp%2Fv2%2Fcategories&post=103602"},{"taxonomy":"post_tag","embeddable":true,"href":"https:\/\/kibrisdakik.com\/index.php?rest_route=%2Fwp%2Fv2%2Ftags&post=103602"}],"curies":[{"name":"wp","href":"https:\/\/api.w.org\/{rel}","templated":true}]}}