{"id":10361,"date":"2023-07-14T10:53:30","date_gmt":"2023-07-14T10:53:30","guid":{"rendered":"https:\/\/kibrisdakik.com\/index.php\/2023\/07\/14\/girnede-yasanan-kazada-yaya-yaralandi\/"},"modified":"2023-07-14T10:53:30","modified_gmt":"2023-07-14T10:53:30","slug":"girnede-yasanan-kazada-yaya-yaralandi","status":"publish","type":"post","link":"https:\/\/kibrisdakik.com\/?p=10361","title":{"rendered":"Girne\u2019de ya\u015fanan kazada yaya yaraland\u0131"},"content":{"rendered":"<p><\/p>\n<div>\n<div class=\"mariselle-image-container none\">\n                <img width=\"930\" height=\"410\" class=\"lazy-image\" alt=\"\" decoding=\"async\" loading=\"lazy\" sizes=\"auto, (max-width: 930px) 100vw, 930px\" src=\"https:\/\/brtk.net\/wp-content\/uploads\/2023\/07\/14\/KAZA.png?ver=8ca58854c5c1433492292d8d586914ab\" srcset=\"https:\/\/brtk.net\/wp-content\/uploads\/2023\/07\/14\/KAZA.png?ver=8ca58854c5c1433492292d8d586914ab 930w, https:\/\/brtk.net\/wp-content\/uploads\/2023\/07\/14\/KAZA-300x132.png?ver=8ca58854c5c1433492292d8d586914ab 300w, https:\/\/brtk.net\/wp-content\/uploads\/2023\/07\/14\/KAZA-768x339.png?ver=8ca58854c5c1433492292d8d586914ab 768w\"\/>                            <\/div>\n<p>Girne\u2019de meydana gelen kazada bir yaya yaraland\u0131.<\/p>\n<p>Polis Bas\u0131n Subayl\u0131\u011f\u0131\u2019ndan yap\u0131lan a\u00e7\u0131klamaya g\u00f6re, bu sabah 00.15 s\u0131ralar\u0131nda, Karao\u011flano\u011flu\u2019nda Karao\u011flano\u011flu Caddesi\u2019nde Mami Discount isimli market \u00f6nlerinde Murat \u00c7akan (E-35), y\u00f6netimindeki ZLC 441 plakal\u0131 ara\u00e7 ile dikkatsizli\u011fi sonucu o s\u0131rada yolu yaya olarak ge\u00e7en Sevgi Bayo\u011flu\u2019na (K-59) \u00e7arpt\u0131. Kazada yaralanan Sevgi Bayo\u011flu, kald\u0131r\u0131ld\u0131\u011f\u0131 Girne Dr. Ak\u00e7i\u00e7ek Hastanesinde yap\u0131lan m\u00fcdahalenin ard\u0131ndan \u00a0Cerrahi Servisinde m\u00fc\u015fahede alt\u0131na al\u0131nd\u0131.<\/p>\n<p>\u00d6te yandan, bu sabah saat 03.20 s\u0131ralar\u0131nda, Cesur Din\u00e7 (E-35), y\u00f6netimindeki ST 858 plakal\u0131 salon ara\u00e7 ile Lefko\u015fa\u2019da Yzb Tekin Yurdabak Caddesi \u00fczerinde \u0130stanbul Perde \u00f6nlerine geldi\u011finde dikkatsizli\u011fi sonucu yolun sol k\u0131sm\u0131nda park halinde bulunan UG 079 plakal\u0131 salon araca \u00e7arpt\u0131ktan sonra yol i\u00e7erisinde tavan\u0131 \u00fczerine devrildi. Kaza sonucu yaralanan olmazken, 172 mlgr alkoll\u00fc i\u00e7ki tesiri alt\u0131nda oldu\u011fu bildirilen s\u00fcr\u00fcc\u00fc tutukland\u0131.<\/p>\n<\/p><\/div>\n<p><script async\n                    defer\n                    crossorigin=\"anonymous\"\n                    src=\"https:\/\/connect.facebook.net\/tr_TR\/sdk.js#xfbml=1&#038;version=v3.3\"\n            ><\/script><\/p>\n","protected":false},"excerpt":{"rendered":"<p>Girne\u2019de meydana gelen kazada bir yaya yaraland\u0131. Polis Bas\u0131n Subayl\u0131\u011f\u0131\u2019ndan yap\u0131lan a\u00e7\u0131klamaya g\u00f6re, bu sabah 00.15 s\u0131ralar\u0131nda, Karao\u011flano\u011flu\u2019nda Karao\u011flano\u011flu Caddesi\u2019nde Mami Discount isimli market \u00f6nlerinde Murat \u00c7akan (E-35), y\u00f6netimindeki ZLC 441 plakal\u0131 ara\u00e7 ile dikkatsizli\u011fi sonucu o s\u0131rada yolu yaya olarak ge\u00e7en Sevgi Bayo\u011flu\u2019na (K-59) \u00e7arpt\u0131. Kazada yaralanan Sevgi Bayo\u011flu, kald\u0131r\u0131ld\u0131\u011f\u0131 Girne Dr. Ak\u00e7i\u00e7ek Hastanesinde<\/p>\n","protected":false},"author":1,"featured_media":3753,"comment_status":"open","ping_status":"open","sticky":false,"template":"","format":"standard","meta":{"footnotes":""},"categories":[1],"tags":[],"class_list":["post-10361","post","type-post","status-publish","format-standard","has-post-thumbnail","hentry","category-gundem"],"yoast_head":"<!-- This site is optimized with the Yoast SEO plugin v27.5 - https:\/\/yoast.com\/product\/yoast-seo-wordpress\/ -->\n<title>Girne\u2019de ya\u015fanan kazada yaya yaraland\u0131 -<\/title>\n<meta name=\"robots\" content=\"index, follow, max-snippet:-1, max-image-preview:large, max-video-preview:-1\" \/>\n<link rel=\"canonical\" href=\"https:\/\/kibrisdakik.com\/?p=10361\" \/>\n<meta property=\"og:locale\" content=\"tr_TR\" \/>\n<meta property=\"og:type\" content=\"article\" \/>\n<meta property=\"og:title\" content=\"Girne\u2019de ya\u015fanan kazada yaya yaraland\u0131 -\" \/>\n<meta property=\"og:description\" content=\"Girne\u2019de meydana gelen kazada bir yaya yaraland\u0131. Polis Bas\u0131n Subayl\u0131\u011f\u0131\u2019ndan yap\u0131lan a\u00e7\u0131klamaya g\u00f6re, bu sabah 00.15 s\u0131ralar\u0131nda, Karao\u011flano\u011flu\u2019nda Karao\u011flano\u011flu Caddesi\u2019nde Mami Discount isimli market \u00f6nlerinde Murat \u00c7akan (E-35), y\u00f6netimindeki ZLC 441 plakal\u0131 ara\u00e7 ile dikkatsizli\u011fi sonucu o s\u0131rada yolu yaya olarak ge\u00e7en Sevgi Bayo\u011flu\u2019na (K-59) \u00e7arpt\u0131. Kazada yaralanan Sevgi Bayo\u011flu, kald\u0131r\u0131ld\u0131\u011f\u0131 Girne Dr. Ak\u00e7i\u00e7ek Hastanesinde\" \/>\n<meta property=\"og:url\" content=\"https:\/\/kibrisdakik.com\/?p=10361\" \/>\n<meta property=\"article:published_time\" content=\"2023-07-14T10:53:30+00:00\" \/>\n<meta property=\"og:image\" content=\"https:\/\/kibrisdakik.com\/wp-content\/uploads\/2023\/03\/trafik-kazasi-66343-740x385.jpg\" \/>\n\t<meta property=\"og:image:width\" content=\"840\" \/>\n\t<meta property=\"og:image:height\" content=\"385\" \/>\n\t<meta property=\"og:image:type\" content=\"image\/jpeg\" \/>\n<meta name=\"author\" content=\"admin\" \/>\n<meta name=\"twitter:card\" content=\"summary_large_image\" \/>\n<meta name=\"twitter:label1\" content=\"Yazan:\" \/>\n\t<meta name=\"twitter:data1\" content=\"admin\" \/>\n\t<meta name=\"twitter:label2\" content=\"Tahmini okuma s\u00fcresi\" \/>\n\t<meta name=\"twitter:data2\" content=\"1 dakika\" \/>\n<script type=\"application\/ld+json\" class=\"yoast-schema-graph\">{\"@context\":\"https:\\\/\\\/schema.org\",\"@graph\":[{\"@type\":\"Article\",\"@id\":\"https:\\\/\\\/kibrisdakik.com\\\/?p=10361#article\",\"isPartOf\":{\"@id\":\"https:\\\/\\\/kibrisdakik.com\\\/?p=10361\"},\"author\":{\"name\":\"admin\",\"@id\":\"https:\\\/\\\/kibrisdakik.com\\\/#\\\/schema\\\/person\\\/9cd9d437bbb44f72b73ba127e06d8e79\"},\"headline\":\"Girne\u2019de ya\u015fanan kazada yaya yaraland\u0131\",\"datePublished\":\"2023-07-14T10:53:30+00:00\",\"mainEntityOfPage\":{\"@id\":\"https:\\\/\\\/kibrisdakik.com\\\/?p=10361\"},\"wordCount\":172,\"commentCount\":0,\"image\":{\"@id\":\"https:\\\/\\\/kibrisdakik.com\\\/?p=10361#primaryimage\"},\"thumbnailUrl\":\"https:\\\/\\\/kibrisdakik.com\\\/wp-content\\\/uploads\\\/2023\\\/03\\\/trafik-kazasi-66343-740x385.jpg\",\"articleSection\":[\"G\u00fcndem\"],\"inLanguage\":\"tr\",\"potentialAction\":[{\"@type\":\"CommentAction\",\"name\":\"Comment\",\"target\":[\"https:\\\/\\\/kibrisdakik.com\\\/?p=10361#respond\"]}]},{\"@type\":\"WebPage\",\"@id\":\"https:\\\/\\\/kibrisdakik.com\\\/?p=10361\",\"url\":\"https:\\\/\\\/kibrisdakik.com\\\/?p=10361\",\"name\":\"Girne\u2019de ya\u015fanan kazada yaya yaraland\u0131 -\",\"isPartOf\":{\"@id\":\"https:\\\/\\\/kibrisdakik.com\\\/#website\"},\"primaryImageOfPage\":{\"@id\":\"https:\\\/\\\/kibrisdakik.com\\\/?p=10361#primaryimage\"},\"image\":{\"@id\":\"https:\\\/\\\/kibrisdakik.com\\\/?p=10361#primaryimage\"},\"thumbnailUrl\":\"https:\\\/\\\/kibrisdakik.com\\\/wp-content\\\/uploads\\\/2023\\\/03\\\/trafik-kazasi-66343-740x385.jpg\",\"datePublished\":\"2023-07-14T10:53:30+00:00\",\"author\":{\"@id\":\"https:\\\/\\\/kibrisdakik.com\\\/#\\\/schema\\\/person\\\/9cd9d437bbb44f72b73ba127e06d8e79\"},\"breadcrumb\":{\"@id\":\"https:\\\/\\\/kibrisdakik.com\\\/?p=10361#breadcrumb\"},\"inLanguage\":\"tr\",\"potentialAction\":[{\"@type\":\"ReadAction\",\"target\":[\"https:\\\/\\\/kibrisdakik.com\\\/?p=10361\"]}]},{\"@type\":\"ImageObject\",\"inLanguage\":\"tr\",\"@id\":\"https:\\\/\\\/kibrisdakik.com\\\/?p=10361#primaryimage\",\"url\":\"https:\\\/\\\/kibrisdakik.com\\\/wp-content\\\/uploads\\\/2023\\\/03\\\/trafik-kazasi-66343-740x385.jpg\",\"contentUrl\":\"https:\\\/\\\/kibrisdakik.com\\\/wp-content\\\/uploads\\\/2023\\\/03\\\/trafik-kazasi-66343-740x385.jpg\",\"width\":840,\"height\":385},{\"@type\":\"BreadcrumbList\",\"@id\":\"https:\\\/\\\/kibrisdakik.com\\\/?p=10361#breadcrumb\",\"itemListElement\":[{\"@type\":\"ListItem\",\"position\":1,\"name\":\"Home\",\"item\":\"https:\\\/\\\/kibrisdakik.com\\\/\"},{\"@type\":\"ListItem\",\"position\":2,\"name\":\"Girne\u2019de ya\u015fanan kazada yaya yaraland\u0131\"}]},{\"@type\":\"WebSite\",\"@id\":\"https:\\\/\\\/kibrisdakik.com\\\/#website\",\"url\":\"https:\\\/\\\/kibrisdakik.com\\\/\",\"name\":\"\",\"description\":\"Tam vaktinde haber\",\"potentialAction\":[{\"@type\":\"SearchAction\",\"target\":{\"@type\":\"EntryPoint\",\"urlTemplate\":\"https:\\\/\\\/kibrisdakik.com\\\/?s={search_term_string}\"},\"query-input\":{\"@type\":\"PropertyValueSpecification\",\"valueRequired\":true,\"valueName\":\"search_term_string\"}}],\"inLanguage\":\"tr\"},{\"@type\":\"Person\",\"@id\":\"https:\\\/\\\/kibrisdakik.com\\\/#\\\/schema\\\/person\\\/9cd9d437bbb44f72b73ba127e06d8e79\",\"name\":\"admin\",\"image\":{\"@type\":\"ImageObject\",\"inLanguage\":\"tr\",\"@id\":\"https:\\\/\\\/secure.gravatar.com\\\/avatar\\\/ccc17943b9d660506c869530f897617f7cb1c21a4bf30023f252596d83e1f007?s=96&d=mm&r=g\",\"url\":\"https:\\\/\\\/secure.gravatar.com\\\/avatar\\\/ccc17943b9d660506c869530f897617f7cb1c21a4bf30023f252596d83e1f007?s=96&d=mm&r=g\",\"contentUrl\":\"https:\\\/\\\/secure.gravatar.com\\\/avatar\\\/ccc17943b9d660506c869530f897617f7cb1c21a4bf30023f252596d83e1f007?s=96&d=mm&r=g\",\"caption\":\"admin\"},\"sameAs\":[\"https:\\\/\\\/kibrisdakik.com\"],\"url\":\"https:\\\/\\\/kibrisdakik.com\\\/?author=1\"}]}<\/script>\n<!-- \/ Yoast SEO plugin. -->","yoast_head_json":{"title":"Girne\u2019de ya\u015fanan kazada yaya yaraland\u0131 -","robots":{"index":"index","follow":"follow","max-snippet":"max-snippet:-1","max-image-preview":"max-image-preview:large","max-video-preview":"max-video-preview:-1"},"canonical":"https:\/\/kibrisdakik.com\/?p=10361","og_locale":"tr_TR","og_type":"article","og_title":"Girne\u2019de ya\u015fanan kazada yaya yaraland\u0131 -","og_description":"Girne\u2019de meydana gelen kazada bir yaya yaraland\u0131. Polis Bas\u0131n Subayl\u0131\u011f\u0131\u2019ndan yap\u0131lan a\u00e7\u0131klamaya g\u00f6re, bu sabah 00.15 s\u0131ralar\u0131nda, Karao\u011flano\u011flu\u2019nda Karao\u011flano\u011flu Caddesi\u2019nde Mami Discount isimli market \u00f6nlerinde Murat \u00c7akan (E-35), y\u00f6netimindeki ZLC 441 plakal\u0131 ara\u00e7 ile dikkatsizli\u011fi sonucu o s\u0131rada yolu yaya olarak ge\u00e7en Sevgi Bayo\u011flu\u2019na (K-59) \u00e7arpt\u0131. Kazada yaralanan Sevgi Bayo\u011flu, kald\u0131r\u0131ld\u0131\u011f\u0131 Girne Dr. Ak\u00e7i\u00e7ek Hastanesinde","og_url":"https:\/\/kibrisdakik.com\/?p=10361","article_published_time":"2023-07-14T10:53:30+00:00","og_image":[{"width":840,"height":385,"url":"https:\/\/kibrisdakik.com\/wp-content\/uploads\/2023\/03\/trafik-kazasi-66343-740x385.jpg","type":"image\/jpeg"}],"author":"admin","twitter_card":"summary_large_image","twitter_misc":{"Yazan:":"admin","Tahmini okuma s\u00fcresi":"1 dakika"},"schema":{"@context":"https:\/\/schema.org","@graph":[{"@type":"Article","@id":"https:\/\/kibrisdakik.com\/?p=10361#article","isPartOf":{"@id":"https:\/\/kibrisdakik.com\/?p=10361"},"author":{"name":"admin","@id":"https:\/\/kibrisdakik.com\/#\/schema\/person\/9cd9d437bbb44f72b73ba127e06d8e79"},"headline":"Girne\u2019de ya\u015fanan kazada yaya yaraland\u0131","datePublished":"2023-07-14T10:53:30+00:00","mainEntityOfPage":{"@id":"https:\/\/kibrisdakik.com\/?p=10361"},"wordCount":172,"commentCount":0,"image":{"@id":"https:\/\/kibrisdakik.com\/?p=10361#primaryimage"},"thumbnailUrl":"https:\/\/kibrisdakik.com\/wp-content\/uploads\/2023\/03\/trafik-kazasi-66343-740x385.jpg","articleSection":["G\u00fcndem"],"inLanguage":"tr","potentialAction":[{"@type":"CommentAction","name":"Comment","target":["https:\/\/kibrisdakik.com\/?p=10361#respond"]}]},{"@type":"WebPage","@id":"https:\/\/kibrisdakik.com\/?p=10361","url":"https:\/\/kibrisdakik.com\/?p=10361","name":"Girne\u2019de ya\u015fanan kazada yaya yaraland\u0131 -","isPartOf":{"@id":"https:\/\/kibrisdakik.com\/#website"},"primaryImageOfPage":{"@id":"https:\/\/kibrisdakik.com\/?p=10361#primaryimage"},"image":{"@id":"https:\/\/kibrisdakik.com\/?p=10361#primaryimage"},"thumbnailUrl":"https:\/\/kibrisdakik.com\/wp-content\/uploads\/2023\/03\/trafik-kazasi-66343-740x385.jpg","datePublished":"2023-07-14T10:53:30+00:00","author":{"@id":"https:\/\/kibrisdakik.com\/#\/schema\/person\/9cd9d437bbb44f72b73ba127e06d8e79"},"breadcrumb":{"@id":"https:\/\/kibrisdakik.com\/?p=10361#breadcrumb"},"inLanguage":"tr","potentialAction":[{"@type":"ReadAction","target":["https:\/\/kibrisdakik.com\/?p=10361"]}]},{"@type":"ImageObject","inLanguage":"tr","@id":"https:\/\/kibrisdakik.com\/?p=10361#primaryimage","url":"https:\/\/kibrisdakik.com\/wp-content\/uploads\/2023\/03\/trafik-kazasi-66343-740x385.jpg","contentUrl":"https:\/\/kibrisdakik.com\/wp-content\/uploads\/2023\/03\/trafik-kazasi-66343-740x385.jpg","width":840,"height":385},{"@type":"BreadcrumbList","@id":"https:\/\/kibrisdakik.com\/?p=10361#breadcrumb","itemListElement":[{"@type":"ListItem","position":1,"name":"Home","item":"https:\/\/kibrisdakik.com\/"},{"@type":"ListItem","position":2,"name":"Girne\u2019de ya\u015fanan kazada yaya yaraland\u0131"}]},{"@type":"WebSite","@id":"https:\/\/kibrisdakik.com\/#website","url":"https:\/\/kibrisdakik.com\/","name":"","description":"Tam vaktinde haber","potentialAction":[{"@type":"SearchAction","target":{"@type":"EntryPoint","urlTemplate":"https:\/\/kibrisdakik.com\/?s={search_term_string}"},"query-input":{"@type":"PropertyValueSpecification","valueRequired":true,"valueName":"search_term_string"}}],"inLanguage":"tr"},{"@type":"Person","@id":"https:\/\/kibrisdakik.com\/#\/schema\/person\/9cd9d437bbb44f72b73ba127e06d8e79","name":"admin","image":{"@type":"ImageObject","inLanguage":"tr","@id":"https:\/\/secure.gravatar.com\/avatar\/ccc17943b9d660506c869530f897617f7cb1c21a4bf30023f252596d83e1f007?s=96&d=mm&r=g","url":"https:\/\/secure.gravatar.com\/avatar\/ccc17943b9d660506c869530f897617f7cb1c21a4bf30023f252596d83e1f007?s=96&d=mm&r=g","contentUrl":"https:\/\/secure.gravatar.com\/avatar\/ccc17943b9d660506c869530f897617f7cb1c21a4bf30023f252596d83e1f007?s=96&d=mm&r=g","caption":"admin"},"sameAs":["https:\/\/kibrisdakik.com"],"url":"https:\/\/kibrisdakik.com\/?author=1"}]}},"_links":{"self":[{"href":"https:\/\/kibrisdakik.com\/index.php?rest_route=\/wp\/v2\/posts\/10361","targetHints":{"allow":["GET"]}}],"collection":[{"href":"https:\/\/kibrisdakik.com\/index.php?rest_route=\/wp\/v2\/posts"}],"about":[{"href":"https:\/\/kibrisdakik.com\/index.php?rest_route=\/wp\/v2\/types\/post"}],"author":[{"embeddable":true,"href":"https:\/\/kibrisdakik.com\/index.php?rest_route=\/wp\/v2\/users\/1"}],"replies":[{"embeddable":true,"href":"https:\/\/kibrisdakik.com\/index.php?rest_route=%2Fwp%2Fv2%2Fcomments&post=10361"}],"version-history":[{"count":0,"href":"https:\/\/kibrisdakik.com\/index.php?rest_route=\/wp\/v2\/posts\/10361\/revisions"}],"wp:featuredmedia":[{"embeddable":true,"href":"https:\/\/kibrisdakik.com\/index.php?rest_route=\/wp\/v2\/media\/3753"}],"wp:attachment":[{"href":"https:\/\/kibrisdakik.com\/index.php?rest_route=%2Fwp%2Fv2%2Fmedia&parent=10361"}],"wp:term":[{"taxonomy":"category","embeddable":true,"href":"https:\/\/kibrisdakik.com\/index.php?rest_route=%2Fwp%2Fv2%2Fcategories&post=10361"},{"taxonomy":"post_tag","embeddable":true,"href":"https:\/\/kibrisdakik.com\/index.php?rest_route=%2Fwp%2Fv2%2Ftags&post=10361"}],"curies":[{"name":"wp","href":"https:\/\/api.w.org\/{rel}","templated":true}]}}