{"id":103692,"date":"2026-01-09T17:30:00","date_gmt":"2026-01-09T15:30:00","guid":{"rendered":"https:\/\/kibrisdakik.com\/index.php\/2026\/01\/09\/sporun-vizyonu-egitim-semineri-ankarada-organize-edildi\/"},"modified":"2026-01-09T17:30:00","modified_gmt":"2026-01-09T15:30:00","slug":"sporun-vizyonu-egitim-semineri-ankarada-organize-edildi","status":"publish","type":"post","link":"https:\/\/kibrisdakik.com\/?p=103692","title":{"rendered":"\u201cSPORUN V\u0130ZYONU E\u011e\u0130T\u0130M SEM\u0130NER\u0130\u201d ANKARA\u2019DA ORGAN\u0130ZE ED\u0130LD\u0130"},"content":{"rendered":"<p><\/p>\n<div data-text-id=\"193529\" property=\"articleBody\">\n<p>K\u0131br\u0131s T\u00fcrk Spor Yazarlar\u0131 Derne\u011fi\u2019nin (KTSYD) geleneksel olarak d\u00fczenledi\u011fi \u201cSporun Vizyonu E\u011fitim Semineri\u201d Ankara\u2019da organize edildi.<\/p>\n<p>&#13;<br \/>\nKTSYD\u2019den yap\u0131lan a\u00e7\u0131klamaya g\u00f6re, Ankara New Park Hotel\u2019de ger\u00e7ekle\u015fen seminer, sayg\u0131 duru\u015fu ve \u0130stiklal Mar\u015f\u0131\u2019n\u0131n okunmas\u0131n\u0131n ard\u0131ndan KTSYD Ba\u015fkan\u0131 Necati \u00d6zsoy\u2019un konu\u015fmas\u0131 ile ba\u015flad\u0131.<\/p>\n<p>&#13;<br \/>\nNecati \u00d6zsoy konu\u015fmas\u0131n\u0131n ba\u015f\u0131nda, seminere kat\u0131lan T\u00fcrkiye Cumhuriyeti Spor Genel M\u00fcd\u00fcr Yard\u0131mc\u0131s\u0131 Fatih Uysal, Ankara Gen\u00e7lerbirli\u011fi Spor Kul\u00fcb\u00fc Ba\u015fkan\u0131 Arda \u00c7akmak, TRT Spor M\u00fcd\u00fcr\u00fc Erhan Seven, TSYD Ankara \u015eube Ba\u015fkan\u0131 Murat Tarhan, KKTC Ankara B\u00fcy\u00fckel\u00e7ili\u011fi temsilcilerine, konuklara ve t\u00fcm \u00fcyelere te\u015fekk\u00fcr etti.<\/p>\n<p>&#13;<br \/>\nSeminerde Ankara Gen\u00e7lerbirli\u011fi tak\u0131m\u0131n\u0131n KKTC\u2019ye gelerek T\u00fcrk Oca\u011f\u0131 ile oynad\u0131\u011f\u0131 ma\u00e7 ve sonras\u0131na ya\u015fanan s\u00fcre\u00e7lere dair sunum yap\u0131ld\u0131 ve d\u00f6nemin ba\u015fkan\u0131 merhum \u0130lhan Cavcav da an\u0131ld\u0131.<\/p>\n<p>-\u00d6zsoy: \u201c\u0130lhan Cavcav b\u00fcy\u00fck bir \u00f6zveri yapt\u0131\u201d<\/p>\n<p>\u00d6zsoy konu\u015fmas\u0131nda, KKTC sporuna ambargolardan bahsederek 16 Ocak 1988 y\u0131l\u0131nda T\u00fcrk Oca\u011f\u0131 ve Gen\u00e7lerbirli\u011fi tak\u0131mlar\u0131 aras\u0131nda oynanan ve sonras\u0131nda Gen\u00e7lerbirli\u011fi\u2019ne FIFA taraf\u0131ndan verilen cezaya de\u011findi.<\/p>\n<p>Konu\u015fma esnas\u0131nda ma\u00e7 ve ma\u00e7 ile ilgili bas\u0131nda \u00e7\u0131kan haberleri i\u00e7eren video g\u00f6sterimi de yap\u0131ld\u0131. Her t\u00fcrl\u00fc zorluk ve bask\u0131lara kar\u015f\u0131, ceza al\u0131naca\u011f\u0131n\u0131 bilmesine ra\u011fmen d\u00f6nemin Gen\u00e7lerbirli\u011fi Spor Kul\u00fcb\u00fc Ba\u015fkan\u0131 \u0130lhan Cavcav\u2019\u0131n b\u00fcy\u00fck bir \u00f6zveri yapt\u0131\u011f\u0131na de\u011finen \u00d6zsoy, ma\u00e7\u0131n ve Cavcav\u2019\u0131n an\u0131s\u0131na Gen\u00e7lerbirli\u011fi Kul\u00fcb\u00fc Ba\u015fkan\u0131 Arda \u00c7akmak\u2019a plaket verdi.<\/p>\n<p>T\u00fcrkiye S\u00fcper Lig ekiplerinden Gen\u00e7lerbirli\u011fi Kul\u00fcp Ba\u015fkan\u0131 Arda \u00c7akmak da konu\u015fmas\u0131nda merhum efsane ba\u015fkanlar\u0131 \u0130lhan Cavcav\u2019\u0131n \u00f6zverisine ve K\u0131br\u0131s T\u00fcrk futboluna yard\u0131m\u0131na de\u011finerek, bu \u00f6zverinin unutulmam\u0131\u015f olmas\u0131, video g\u00f6sterimi ve seminere davet nedeniyle KTSYD Ba\u015fkan\u0131 ve \u00fcyelerine te\u015fekk\u00fcr etti.<\/p>\n<p>-Uysal: \u201cAmbargolar\u0131 delmek ad\u0131na \u00e7al\u0131\u015fmalar\u0131m\u0131za devam edece\u011fiz\u201d<\/p>\n<p>Arda \u00c7akmak\u2019\u0131n ard\u0131ndan T\u00fcrkiye Cumhuriyeti Spor Genel M\u00fcd\u00fcr Yard\u0131mc\u0131s\u0131 Fatih Uysal s\u00f6z alarak, KTSYD kafilesini Ankara\u2019da g\u00f6rmekten b\u00fcy\u00fck mutluluk duydu\u011funu s\u00f6yledi.<\/p>\n<p>Uysal, Kuzey K\u0131br\u0131s\u2019a uygulanan ambargolar konusuna de\u011findi\u011fi konu\u015fmas\u0131nda \u201cAmbargolar\u0131 delmek i\u00e7in m\u00fccadelemiz devam edecek. Zaman\u0131nda ambargolara maruz kalan Kosova, spor sayesinde bu ambargolar\u0131 deldi. Kosova \u015fu an her bran\u015fta yer al\u0131yor. O y\u00fczden T\u00fcrkiye ve KKTC olarak i\u015f birli\u011fi ile ambargolar\u0131 delmek ad\u0131na \u00e7al\u0131\u015fmalar\u0131m\u0131za devam edece\u011fiz.\u201d dedi.<br \/>&#13;\n <\/p>\n<p>KTSYD Ba\u015fkan\u0131 Necati \u00d6zsoy, e\u011fitim seminerine kat\u0131l\u0131mlar\u0131 nedeniyle T\u00fcrkiye Cumhuriyeti Spor Genel M\u00fcd\u00fcr Yard\u0131mc\u0131s\u0131 Fatih Uysal\u2019a ve TSYD Ankara \u015eube Ba\u015fkan\u0131 Murat Tarhan\u2019a da plaket takdiminde bulundu.<\/p>\n<p>-\u201cSpor medyas\u0131nda do\u011fru anlat\u0131m teknikleri\u201d<\/p>\n<p>Konu\u015fmalar\u0131nda ard\u0131ndan seminer oturumlar\u0131na ge\u00e7ildi. KTSYD Y\u00f6netim Kurulu \u00dcyesi Serkan Soyalan\u2019\u0131n oturum ba\u015fkanl\u0131\u011f\u0131n\u0131 yapt\u0131\u011f\u0131 \u201cSpor Medyas\u0131nda Do\u011fru Anlat\u0131m Teknikleri\u201d konu ba\u015fl\u0131kl\u0131 ilk oturumda konu\u015fmac\u0131 olarak TRT Spor ve TRT Akademi\u2019den Erdo\u011fan Ar\u0131kan yer ald\u0131.<\/p>\n<p>&#13;<br \/>\nAr\u0131kan, do\u011fru anlat\u0131m teknikleri konusunda \u00f6zellikle dili iyi kullanma ve bilgi y\u00f6n\u00fcnden olaya h\u00e2kim olma konular\u0131na de\u011findi.<br \/>&#13;\n <\/p>\n<p>Y\u00fcksek sesle ma\u00e7 anlat\u0131m\u0131n\u0131n kabul edilemez bir durum oldu\u011funu s\u00f6yleyen Ar\u0131kan, do\u011fru ifadelerin, etik s\u0131n\u0131rlar ve tarafs\u0131zl\u0131\u011f\u0131n ma\u00e7 anlat\u0131m\u0131nda \u00f6nemli yer tuttu\u011funu ifade etti.<br \/>&#13;<br \/>\nReyting kayg\u0131s\u0131 ve habercilikte g\u00fcvenirlik konular\u0131na da de\u011finen Ar\u0131kan\u2019a, oturum sonunda kat\u0131l\u0131m plaketini KTSYD Ba\u015fkan\u0131 Necati \u00d6zsoy verdi.<\/p>\n<p>-\u201cFarkl\u0131 spor bran\u015flar\u0131 ve spor medyas\u0131\u201d<\/p>\n<p>E\u011fitim seminerinin ikinci oturumu KTSYD Y\u00f6netim Kurulu \u00dcyesi Ahmet \u00d6zsoy moderat\u00f6rl\u00fc\u011f\u00fcnde \u201cFarkl\u0131 Spor Bran\u015flar\u0131 ve Spor Medyas\u0131\u201d konu ba\u015fl\u0131\u011f\u0131nda ger\u00e7ekle\u015fti.<\/p>\n<p>Oturumda konu\u015fmac\u0131 olarak TRT Spor\u2019dan Levent \u00d6z\u00e7elik yer ald\u0131.<br \/>&#13;\n <\/p>\n<p>Farkl\u0131 spor bran\u015flar\u0131n\u0131n anlat\u0131m\u0131nda kural bilgisinin \u00f6nemli oldu\u011funa vurgu yapan \u00d6z\u00e7elik, spor bran\u015flar\u0131nda s\u00fcrekli hakemlerin konu\u015fulmas\u0131n\u0131n kaliteyi etkiledi\u011fini s\u00f6yledi.<br \/>&#13;\n <\/p>\n<p>Spor anlat\u0131mlar\u0131nda zaman zaman eski antren\u00f6r veya futbolculardan destek alman\u0131n da uygun olabilece\u011fini belirterek, ma\u00e7a ilgiyi \u00e7ekmek ad\u0131na samimi bir anlat\u0131m politikas\u0131 benimsenmesi gerekti\u011fini s\u00f6yledi.<\/p>\n<p>-\u201cSporda ba\u015far\u0131 ve medya\u201d<\/p>\n<p>Sporun Vizyonu E\u011fitim Semineri\u2019nin \u00f6\u011fleden sonraki \u00fc\u00e7\u00fcnc\u00fc oturumunda \u201cSporda Ba\u015far\u0131 ve Medya\u201d ba\u015fl\u0131\u011f\u0131 konu\u015fuldu.<\/p>\n<p>&#13;<br \/>\nKTSYD Asba\u015fkan\u0131 Ahmet \u00d6zya\u015far\u2019\u0131n ba\u015fkanl\u0131\u011f\u0131ndaki oturumda konu\u015fmac\u0131 olarak TRT Spor ve TRT Akademi\u2019den C\u00fcneyt K\u0131ran, milli halterci Muhammed Furkan \u00d6zbek, modern pentatlon sporcusu \u0130lke \u00d6zy\u00fcksel Mihrio\u011flu ve paralimpik masa tenisi sporcusu Abdullah \u00d6zt\u00fcrk yer ald\u0131.<br \/>&#13;\n <\/p>\n<p>Muhammed Furkan \u00d6zbek, \u0130lke \u00d6zy\u00fcksel Mihrio\u011flu ve Abdullah \u00d6zt\u00fcrk spora ba\u015flang\u0131\u00e7lar\u0131, antrenmanlar\u0131 ve ba\u015far\u0131lar\u0131 hakk\u0131nda bilgiler vererek, ya\u015fad\u0131klar\u0131 olimpiyat tecr\u00fcbelerini aktard\u0131.<br \/>&#13;\n <\/p>\n<p>\u00dc\u00e7\u00fcnc\u00fc oturumun di\u011fer bir konu\u011fu olan 7 olimpiyat m\u00fcsabakas\u0131nda g\u00f6rev alan TRT Spor ve TRT Akademi\u2019den C\u00fcneyt K\u0131ran \u201cBa\u015far\u0131 ve ba\u015far\u0131n\u0131n ard\u0131ndan medyada g\u00f6r\u00fcn\u00fcrl\u00fck, spora olan ilgi ba\u015far\u0131l\u0131 gen\u00e7lerle gelen yeni ba\u015far\u0131lar gibi bir d\u00f6ng\u00fc olu\u015fturmak gerekiyor.\u201d ifadelerini kulland\u0131.<\/p>\n<p>&#13;<br \/>\nMedyan\u0131n sporda b\u00fcy\u00fck \u00f6nem te\u015fkil etti\u011fine vurgu yapan K\u0131ran, b\u00f6ylece rol model olarak yeni sporculara \u00f6rnek olunmas\u0131 konular\u0131n\u0131n iyi irdelenmesi gerekti\u011fini s\u00f6yledi.<br \/>&#13;\n <\/p>\n<p>Soru cevap b\u00f6l\u00fcm\u00fc sonras\u0131nda KTSYD Ba\u015fkan\u0131 Necati \u00d6zsoy, t\u00fcm kat\u0131l\u0131mc\u0131lara plaket takdim etti.<\/p>\n<\/p><\/div>\n","protected":false},"excerpt":{"rendered":"<p>K\u0131br\u0131s T\u00fcrk Spor Yazarlar\u0131 Derne\u011fi\u2019nin (KTSYD) geleneksel olarak d\u00fczenledi\u011fi \u201cSporun Vizyonu E\u011fitim Semineri\u201d Ankara\u2019da organize edildi. &#13; KTSYD\u2019den yap\u0131lan a\u00e7\u0131klamaya g\u00f6re, Ankara New Park Hotel\u2019de ger\u00e7ekle\u015fen seminer, sayg\u0131 duru\u015fu ve \u0130stiklal Mar\u015f\u0131\u2019n\u0131n okunmas\u0131n\u0131n ard\u0131ndan KTSYD Ba\u015fkan\u0131 Necati \u00d6zsoy\u2019un konu\u015fmas\u0131 ile ba\u015flad\u0131. &#13; Necati \u00d6zsoy konu\u015fmas\u0131n\u0131n ba\u015f\u0131nda, seminere kat\u0131lan T\u00fcrkiye Cumhuriyeti Spor Genel M\u00fcd\u00fcr Yard\u0131mc\u0131s\u0131 Fatih<\/p>\n","protected":false},"author":1,"featured_media":103693,"comment_status":"open","ping_status":"open","sticky":false,"template":"","format":"standard","meta":{"footnotes":""},"categories":[81],"tags":[],"class_list":["post-103692","post","type-post","status-publish","format-standard","has-post-thumbnail","hentry","category-kibris"],"yoast_head":"<!-- This site is optimized with the Yoast SEO plugin v27.5 - https:\/\/yoast.com\/product\/yoast-seo-wordpress\/ -->\n<title>\u201cSPORUN V\u0130ZYONU E\u011e\u0130T\u0130M SEM\u0130NER\u0130\u201d ANKARA\u2019DA ORGAN\u0130ZE ED\u0130LD\u0130 -<\/title>\n<meta name=\"robots\" content=\"index, follow, max-snippet:-1, max-image-preview:large, max-video-preview:-1\" \/>\n<link rel=\"canonical\" href=\"https:\/\/kibrisdakik.com\/?p=103692\" \/>\n<meta property=\"og:locale\" content=\"tr_TR\" \/>\n<meta property=\"og:type\" content=\"article\" \/>\n<meta property=\"og:title\" content=\"\u201cSPORUN V\u0130ZYONU E\u011e\u0130T\u0130M SEM\u0130NER\u0130\u201d ANKARA\u2019DA ORGAN\u0130ZE ED\u0130LD\u0130 -\" \/>\n<meta property=\"og:description\" content=\"K\u0131br\u0131s T\u00fcrk Spor Yazarlar\u0131 Derne\u011fi\u2019nin (KTSYD) geleneksel olarak d\u00fczenledi\u011fi \u201cSporun Vizyonu E\u011fitim Semineri\u201d Ankara\u2019da organize edildi. &#013; KTSYD\u2019den yap\u0131lan a\u00e7\u0131klamaya g\u00f6re, Ankara New Park Hotel\u2019de ger\u00e7ekle\u015fen seminer, sayg\u0131 duru\u015fu ve \u0130stiklal Mar\u015f\u0131\u2019n\u0131n okunmas\u0131n\u0131n ard\u0131ndan KTSYD Ba\u015fkan\u0131 Necati \u00d6zsoy\u2019un konu\u015fmas\u0131 ile ba\u015flad\u0131. &#013; Necati \u00d6zsoy konu\u015fmas\u0131n\u0131n ba\u015f\u0131nda, seminere kat\u0131lan T\u00fcrkiye Cumhuriyeti Spor Genel M\u00fcd\u00fcr Yard\u0131mc\u0131s\u0131 Fatih\" \/>\n<meta property=\"og:url\" content=\"https:\/\/kibrisdakik.com\/?p=103692\" \/>\n<meta property=\"article:published_time\" content=\"2026-01-09T15:30:00+00:00\" \/>\n<meta property=\"og:image\" content=\"https:\/\/kibrisdakik.com\/wp-content\/uploads\/2026\/01\/mha-sari-beyaz-2261.png\" \/>\n\t<meta property=\"og:image:width\" content=\"1280\" \/>\n\t<meta property=\"og:image:height\" content=\"720\" \/>\n\t<meta property=\"og:image:type\" content=\"image\/png\" \/>\n<meta name=\"author\" content=\"admin\" \/>\n<meta name=\"twitter:card\" content=\"summary_large_image\" \/>\n<meta name=\"twitter:label1\" content=\"Yazan:\" \/>\n\t<meta name=\"twitter:data1\" content=\"admin\" \/>\n\t<meta name=\"twitter:label2\" content=\"Tahmini okuma s\u00fcresi\" \/>\n\t<meta name=\"twitter:data2\" content=\"5 dakika\" \/>\n<script type=\"application\/ld+json\" class=\"yoast-schema-graph\">{\"@context\":\"https:\\\/\\\/schema.org\",\"@graph\":[{\"@type\":\"Article\",\"@id\":\"https:\\\/\\\/kibrisdakik.com\\\/?p=103692#article\",\"isPartOf\":{\"@id\":\"https:\\\/\\\/kibrisdakik.com\\\/?p=103692\"},\"author\":{\"name\":\"admin\",\"@id\":\"https:\\\/\\\/kibrisdakik.com\\\/#\\\/schema\\\/person\\\/9cd9d437bbb44f72b73ba127e06d8e79\"},\"headline\":\"\u201cSPORUN V\u0130ZYONU E\u011e\u0130T\u0130M SEM\u0130NER\u0130\u201d ANKARA\u2019DA ORGAN\u0130ZE ED\u0130LD\u0130\",\"datePublished\":\"2026-01-09T15:30:00+00:00\",\"mainEntityOfPage\":{\"@id\":\"https:\\\/\\\/kibrisdakik.com\\\/?p=103692\"},\"wordCount\":1016,\"commentCount\":0,\"image\":{\"@id\":\"https:\\\/\\\/kibrisdakik.com\\\/?p=103692#primaryimage\"},\"thumbnailUrl\":\"https:\\\/\\\/kibrisdakik.com\\\/wp-content\\\/uploads\\\/2026\\\/01\\\/mha-sari-beyaz-2261.png\",\"articleSection\":[\"K\u0131br\u0131s\"],\"inLanguage\":\"tr\",\"potentialAction\":[{\"@type\":\"CommentAction\",\"name\":\"Comment\",\"target\":[\"https:\\\/\\\/kibrisdakik.com\\\/?p=103692#respond\"]}]},{\"@type\":\"WebPage\",\"@id\":\"https:\\\/\\\/kibrisdakik.com\\\/?p=103692\",\"url\":\"https:\\\/\\\/kibrisdakik.com\\\/?p=103692\",\"name\":\"\u201cSPORUN V\u0130ZYONU E\u011e\u0130T\u0130M SEM\u0130NER\u0130\u201d ANKARA\u2019DA ORGAN\u0130ZE ED\u0130LD\u0130 -\",\"isPartOf\":{\"@id\":\"https:\\\/\\\/kibrisdakik.com\\\/#website\"},\"primaryImageOfPage\":{\"@id\":\"https:\\\/\\\/kibrisdakik.com\\\/?p=103692#primaryimage\"},\"image\":{\"@id\":\"https:\\\/\\\/kibrisdakik.com\\\/?p=103692#primaryimage\"},\"thumbnailUrl\":\"https:\\\/\\\/kibrisdakik.com\\\/wp-content\\\/uploads\\\/2026\\\/01\\\/mha-sari-beyaz-2261.png\",\"datePublished\":\"2026-01-09T15:30:00+00:00\",\"author\":{\"@id\":\"https:\\\/\\\/kibrisdakik.com\\\/#\\\/schema\\\/person\\\/9cd9d437bbb44f72b73ba127e06d8e79\"},\"breadcrumb\":{\"@id\":\"https:\\\/\\\/kibrisdakik.com\\\/?p=103692#breadcrumb\"},\"inLanguage\":\"tr\",\"potentialAction\":[{\"@type\":\"ReadAction\",\"target\":[\"https:\\\/\\\/kibrisdakik.com\\\/?p=103692\"]}]},{\"@type\":\"ImageObject\",\"inLanguage\":\"tr\",\"@id\":\"https:\\\/\\\/kibrisdakik.com\\\/?p=103692#primaryimage\",\"url\":\"https:\\\/\\\/kibrisdakik.com\\\/wp-content\\\/uploads\\\/2026\\\/01\\\/mha-sari-beyaz-2261.png\",\"contentUrl\":\"https:\\\/\\\/kibrisdakik.com\\\/wp-content\\\/uploads\\\/2026\\\/01\\\/mha-sari-beyaz-2261.png\",\"width\":1280,\"height\":720},{\"@type\":\"BreadcrumbList\",\"@id\":\"https:\\\/\\\/kibrisdakik.com\\\/?p=103692#breadcrumb\",\"itemListElement\":[{\"@type\":\"ListItem\",\"position\":1,\"name\":\"Home\",\"item\":\"https:\\\/\\\/kibrisdakik.com\\\/\"},{\"@type\":\"ListItem\",\"position\":2,\"name\":\"\u201cSPORUN V\u0130ZYONU E\u011e\u0130T\u0130M SEM\u0130NER\u0130\u201d ANKARA\u2019DA ORGAN\u0130ZE ED\u0130LD\u0130\"}]},{\"@type\":\"WebSite\",\"@id\":\"https:\\\/\\\/kibrisdakik.com\\\/#website\",\"url\":\"https:\\\/\\\/kibrisdakik.com\\\/\",\"name\":\"\",\"description\":\"Tam vaktinde haber\",\"potentialAction\":[{\"@type\":\"SearchAction\",\"target\":{\"@type\":\"EntryPoint\",\"urlTemplate\":\"https:\\\/\\\/kibrisdakik.com\\\/?s={search_term_string}\"},\"query-input\":{\"@type\":\"PropertyValueSpecification\",\"valueRequired\":true,\"valueName\":\"search_term_string\"}}],\"inLanguage\":\"tr\"},{\"@type\":\"Person\",\"@id\":\"https:\\\/\\\/kibrisdakik.com\\\/#\\\/schema\\\/person\\\/9cd9d437bbb44f72b73ba127e06d8e79\",\"name\":\"admin\",\"image\":{\"@type\":\"ImageObject\",\"inLanguage\":\"tr\",\"@id\":\"https:\\\/\\\/secure.gravatar.com\\\/avatar\\\/ccc17943b9d660506c869530f897617f7cb1c21a4bf30023f252596d83e1f007?s=96&d=mm&r=g\",\"url\":\"https:\\\/\\\/secure.gravatar.com\\\/avatar\\\/ccc17943b9d660506c869530f897617f7cb1c21a4bf30023f252596d83e1f007?s=96&d=mm&r=g\",\"contentUrl\":\"https:\\\/\\\/secure.gravatar.com\\\/avatar\\\/ccc17943b9d660506c869530f897617f7cb1c21a4bf30023f252596d83e1f007?s=96&d=mm&r=g\",\"caption\":\"admin\"},\"sameAs\":[\"https:\\\/\\\/kibrisdakik.com\"],\"url\":\"https:\\\/\\\/kibrisdakik.com\\\/?author=1\"}]}<\/script>\n<!-- \/ Yoast SEO plugin. -->","yoast_head_json":{"title":"\u201cSPORUN V\u0130ZYONU E\u011e\u0130T\u0130M SEM\u0130NER\u0130\u201d ANKARA\u2019DA ORGAN\u0130ZE ED\u0130LD\u0130 -","robots":{"index":"index","follow":"follow","max-snippet":"max-snippet:-1","max-image-preview":"max-image-preview:large","max-video-preview":"max-video-preview:-1"},"canonical":"https:\/\/kibrisdakik.com\/?p=103692","og_locale":"tr_TR","og_type":"article","og_title":"\u201cSPORUN V\u0130ZYONU E\u011e\u0130T\u0130M SEM\u0130NER\u0130\u201d ANKARA\u2019DA ORGAN\u0130ZE ED\u0130LD\u0130 -","og_description":"K\u0131br\u0131s T\u00fcrk Spor Yazarlar\u0131 Derne\u011fi\u2019nin (KTSYD) geleneksel olarak d\u00fczenledi\u011fi \u201cSporun Vizyonu E\u011fitim Semineri\u201d Ankara\u2019da organize edildi. &#13; KTSYD\u2019den yap\u0131lan a\u00e7\u0131klamaya g\u00f6re, Ankara New Park Hotel\u2019de ger\u00e7ekle\u015fen seminer, sayg\u0131 duru\u015fu ve \u0130stiklal Mar\u015f\u0131\u2019n\u0131n okunmas\u0131n\u0131n ard\u0131ndan KTSYD Ba\u015fkan\u0131 Necati \u00d6zsoy\u2019un konu\u015fmas\u0131 ile ba\u015flad\u0131. &#13; Necati \u00d6zsoy konu\u015fmas\u0131n\u0131n ba\u015f\u0131nda, seminere kat\u0131lan T\u00fcrkiye Cumhuriyeti Spor Genel M\u00fcd\u00fcr Yard\u0131mc\u0131s\u0131 Fatih","og_url":"https:\/\/kibrisdakik.com\/?p=103692","article_published_time":"2026-01-09T15:30:00+00:00","og_image":[{"width":1280,"height":720,"url":"https:\/\/kibrisdakik.com\/wp-content\/uploads\/2026\/01\/mha-sari-beyaz-2261.png","type":"image\/png"}],"author":"admin","twitter_card":"summary_large_image","twitter_misc":{"Yazan:":"admin","Tahmini okuma s\u00fcresi":"5 dakika"},"schema":{"@context":"https:\/\/schema.org","@graph":[{"@type":"Article","@id":"https:\/\/kibrisdakik.com\/?p=103692#article","isPartOf":{"@id":"https:\/\/kibrisdakik.com\/?p=103692"},"author":{"name":"admin","@id":"https:\/\/kibrisdakik.com\/#\/schema\/person\/9cd9d437bbb44f72b73ba127e06d8e79"},"headline":"\u201cSPORUN V\u0130ZYONU E\u011e\u0130T\u0130M SEM\u0130NER\u0130\u201d ANKARA\u2019DA ORGAN\u0130ZE ED\u0130LD\u0130","datePublished":"2026-01-09T15:30:00+00:00","mainEntityOfPage":{"@id":"https:\/\/kibrisdakik.com\/?p=103692"},"wordCount":1016,"commentCount":0,"image":{"@id":"https:\/\/kibrisdakik.com\/?p=103692#primaryimage"},"thumbnailUrl":"https:\/\/kibrisdakik.com\/wp-content\/uploads\/2026\/01\/mha-sari-beyaz-2261.png","articleSection":["K\u0131br\u0131s"],"inLanguage":"tr","potentialAction":[{"@type":"CommentAction","name":"Comment","target":["https:\/\/kibrisdakik.com\/?p=103692#respond"]}]},{"@type":"WebPage","@id":"https:\/\/kibrisdakik.com\/?p=103692","url":"https:\/\/kibrisdakik.com\/?p=103692","name":"\u201cSPORUN V\u0130ZYONU E\u011e\u0130T\u0130M SEM\u0130NER\u0130\u201d ANKARA\u2019DA ORGAN\u0130ZE ED\u0130LD\u0130 -","isPartOf":{"@id":"https:\/\/kibrisdakik.com\/#website"},"primaryImageOfPage":{"@id":"https:\/\/kibrisdakik.com\/?p=103692#primaryimage"},"image":{"@id":"https:\/\/kibrisdakik.com\/?p=103692#primaryimage"},"thumbnailUrl":"https:\/\/kibrisdakik.com\/wp-content\/uploads\/2026\/01\/mha-sari-beyaz-2261.png","datePublished":"2026-01-09T15:30:00+00:00","author":{"@id":"https:\/\/kibrisdakik.com\/#\/schema\/person\/9cd9d437bbb44f72b73ba127e06d8e79"},"breadcrumb":{"@id":"https:\/\/kibrisdakik.com\/?p=103692#breadcrumb"},"inLanguage":"tr","potentialAction":[{"@type":"ReadAction","target":["https:\/\/kibrisdakik.com\/?p=103692"]}]},{"@type":"ImageObject","inLanguage":"tr","@id":"https:\/\/kibrisdakik.com\/?p=103692#primaryimage","url":"https:\/\/kibrisdakik.com\/wp-content\/uploads\/2026\/01\/mha-sari-beyaz-2261.png","contentUrl":"https:\/\/kibrisdakik.com\/wp-content\/uploads\/2026\/01\/mha-sari-beyaz-2261.png","width":1280,"height":720},{"@type":"BreadcrumbList","@id":"https:\/\/kibrisdakik.com\/?p=103692#breadcrumb","itemListElement":[{"@type":"ListItem","position":1,"name":"Home","item":"https:\/\/kibrisdakik.com\/"},{"@type":"ListItem","position":2,"name":"\u201cSPORUN V\u0130ZYONU E\u011e\u0130T\u0130M SEM\u0130NER\u0130\u201d ANKARA\u2019DA ORGAN\u0130ZE ED\u0130LD\u0130"}]},{"@type":"WebSite","@id":"https:\/\/kibrisdakik.com\/#website","url":"https:\/\/kibrisdakik.com\/","name":"","description":"Tam vaktinde haber","potentialAction":[{"@type":"SearchAction","target":{"@type":"EntryPoint","urlTemplate":"https:\/\/kibrisdakik.com\/?s={search_term_string}"},"query-input":{"@type":"PropertyValueSpecification","valueRequired":true,"valueName":"search_term_string"}}],"inLanguage":"tr"},{"@type":"Person","@id":"https:\/\/kibrisdakik.com\/#\/schema\/person\/9cd9d437bbb44f72b73ba127e06d8e79","name":"admin","image":{"@type":"ImageObject","inLanguage":"tr","@id":"https:\/\/secure.gravatar.com\/avatar\/ccc17943b9d660506c869530f897617f7cb1c21a4bf30023f252596d83e1f007?s=96&d=mm&r=g","url":"https:\/\/secure.gravatar.com\/avatar\/ccc17943b9d660506c869530f897617f7cb1c21a4bf30023f252596d83e1f007?s=96&d=mm&r=g","contentUrl":"https:\/\/secure.gravatar.com\/avatar\/ccc17943b9d660506c869530f897617f7cb1c21a4bf30023f252596d83e1f007?s=96&d=mm&r=g","caption":"admin"},"sameAs":["https:\/\/kibrisdakik.com"],"url":"https:\/\/kibrisdakik.com\/?author=1"}]}},"_links":{"self":[{"href":"https:\/\/kibrisdakik.com\/index.php?rest_route=\/wp\/v2\/posts\/103692","targetHints":{"allow":["GET"]}}],"collection":[{"href":"https:\/\/kibrisdakik.com\/index.php?rest_route=\/wp\/v2\/posts"}],"about":[{"href":"https:\/\/kibrisdakik.com\/index.php?rest_route=\/wp\/v2\/types\/post"}],"author":[{"embeddable":true,"href":"https:\/\/kibrisdakik.com\/index.php?rest_route=\/wp\/v2\/users\/1"}],"replies":[{"embeddable":true,"href":"https:\/\/kibrisdakik.com\/index.php?rest_route=%2Fwp%2Fv2%2Fcomments&post=103692"}],"version-history":[{"count":0,"href":"https:\/\/kibrisdakik.com\/index.php?rest_route=\/wp\/v2\/posts\/103692\/revisions"}],"wp:featuredmedia":[{"embeddable":true,"href":"https:\/\/kibrisdakik.com\/index.php?rest_route=\/wp\/v2\/media\/103693"}],"wp:attachment":[{"href":"https:\/\/kibrisdakik.com\/index.php?rest_route=%2Fwp%2Fv2%2Fmedia&parent=103692"}],"wp:term":[{"taxonomy":"category","embeddable":true,"href":"https:\/\/kibrisdakik.com\/index.php?rest_route=%2Fwp%2Fv2%2Fcategories&post=103692"},{"taxonomy":"post_tag","embeddable":true,"href":"https:\/\/kibrisdakik.com\/index.php?rest_route=%2Fwp%2Fv2%2Ftags&post=103692"}],"curies":[{"name":"wp","href":"https:\/\/api.w.org\/{rel}","templated":true}]}}