{"id":103743,"date":"2026-01-10T16:33:05","date_gmt":"2026-01-10T14:33:05","guid":{"rendered":"https:\/\/kibrisdakik.com\/index.php\/2026\/01\/10\/basbakan-ustel-yapimi-suren-guzelyurt-hastanesini-ziyaret-ederek-bilgi-aldi\/"},"modified":"2026-01-10T16:33:05","modified_gmt":"2026-01-10T14:33:05","slug":"basbakan-ustel-yapimi-suren-guzelyurt-hastanesini-ziyaret-ederek-bilgi-aldi","status":"publish","type":"post","link":"https:\/\/kibrisdakik.com\/?p=103743","title":{"rendered":"BA\u015eBAKAN \u00dcSTEL YAPIMI S\u00dcREN G\u00dcZELYURT HASTANES\u0130N\u0130 Z\u0130YARET EDEREK B\u0130LG\u0130 ALDI"},"content":{"rendered":"<p><\/p>\n<div data-text-id=\"193579\" property=\"articleBody\">\n<p>Ba\u015fbakan \u00dcnal \u00dcstel, bug\u00fcn yap\u0131m\u0131 devam eden G\u00fczelyurt Hastanesini ziyaret ederek, \u00e7al\u0131\u015fmalar\u0131 yerinden inceledi, \u00e7al\u0131\u015fmalar\u0131 y\u00fcr\u00fcten ilgili firma yetkililerinden bilgi ald\u0131.<\/p>\n<p>Ba\u015fbakan \u00dcstel, incelemelerinin ard\u0131ndan bas\u0131na yapt\u0131\u011f\u0131 a\u00e7\u0131klamada G\u00fczelyurt hastanesinin yap\u0131m\u0131n\u0131 y\u00fcklenici firman\u0131n \u015eubat ay\u0131 sonuna kadar \u00e7al\u0131\u015fmalar\u0131 tamamlamay\u0131 taahh\u00fct etti\u011fini belirterek, firman\u0131n s\u00f6z verdi\u011fi tarihte \u00e7al\u0131\u015fmalar\u0131n tamamlan\u0131p hastanenin a\u00e7\u0131laca\u011f\u0131n\u0131 s\u00f6yledi.<\/p>\n<p>\u00dcstel, 2022 y\u0131l\u0131nda h\u00fck\u00fcmeti kurarken halka, \u00fclkede istikrar\u0131 sa\u011flama s\u00f6z\u00fc verdiklerini an\u0131msatarak, ilk i\u015f olarak istikrars\u0131z h\u00fck\u00fcmetlerden dolay\u0131 yar\u0131m kalan veya at\u0131l durumda bulunan projeleri hayata ge\u00e7irmeye ba\u015flad\u0131klar\u0131n\u0131 anlatt\u0131.<\/p>\n<p>\u0130stikrars\u0131z h\u00fck\u00fcmetlerce temeli at\u0131lan ve k\u0131sa \u00f6m\u00fcrl\u00fc h\u00fck\u00fcmetlerce tamamlanamayan ve terk edilmi\u015f G\u00fczelyurt Hastanesini bitirmeye kararl\u0131 olduklar\u0131n\u0131 kaydeden \u00dcstel, T\u00fcrkiye Cumhuriyeti ile imzalanan protokoller ve kendi \u00fclke kaynaklar\u0131yla \u00f6zelde G\u00fczelyurt genelde t\u00fcm KKTC halk\u0131na verilen s\u00f6zlerin bir bir yerine getirildi\u011fini s\u00f6yledi.<\/p>\n<p>\u00dcstel, halk\u0131n ihtiyac\u0131 olan projeleri hayata ge\u00e7irmeye devam edeceklerinin alt\u0131n\u0131 \u00e7izerek, 2026 y\u0131l\u0131n\u0131n sa\u011fl\u0131kta a\u00e7\u0131l\u0131\u015f y\u0131l\u0131 olaca\u011f\u0131n\u0131 ve 2025 y\u0131l\u0131nda temeli at\u0131lan sa\u011fl\u0131k binalar\u0131n\u0131n bitirilmesi i\u00e7in \u00e7al\u0131\u015fmalar\u0131n s\u00fcrd\u00fcr\u00fcld\u00fc\u011f\u00fcn\u00fc ifade etti.<\/p>\n<p>\u201c\u00dclkemizde erken se\u00e7im yok, \u00fclkede icraat yapma ve halka hizmet zaman\u0131d\u0131r\u2019 diye konu\u015fan Ba\u015fbakan \u00dcstel, \u00fc\u00e7 bu\u00e7uk y\u0131lda yap\u0131lan \u00e7al\u0131\u015fmalar\u0131 \u00f6n\u00fcm\u00fczdeki g\u00fcnlerde d\u00fczenleyecekleri bas\u0131n toplant\u0131s\u0131nda a\u00e7\u0131klayacaklar\u0131n\u0131 s\u00f6yledi.<\/p>\n<p>\u00dcstel, G\u00fczelyurt\u2019ta sadece sa\u011fl\u0131k de\u011fil, di\u011fer konularda da istenilen projeleri hayata ge\u00e7irdiklerine dikkat \u00e7ekerek, bu sayede, G\u00fczelyurt\u2019tan g\u00f6\u00e7 eden gen\u00e7lerin geri d\u00f6nmeye ba\u015flad\u0131\u011f\u0131n\u0131 ve G\u00fczelyurt\u2019ta yuva kurmaya ba\u015flad\u0131\u011f\u0131n\u0131 kaydetti.<\/p>\n<p>\u00dcstel, T\u00fcrkiye Cumhuriyeti ile imzalanan protokol \u00e7er\u00e7evesinde gen\u00e7lerin i\u015f kurmas\u0131, \u00fcretim ve reel sekt\u00f6r\u00fc te\u015fvik etmek i\u00e7in yeni ekonomik paketi de yak\u0131nda a\u00e7\u0131klayacaklar\u0131n\u0131 belirtti.<\/p>\n<p>-Oygar<\/p>\n<p>Sa\u011fl\u0131k Bakanl\u0131\u011f\u0131 M\u00fcste\u015far\u0131 Deren Oygar da bakanl\u0131k olarak G\u00fczelyurt hastanesindeki \u00e7al\u0131\u015fmalar\u0131 yak\u0131ndan takip ettiklerini belirterek, bakanl\u0131\u011f\u0131n sa\u011fl\u0131k fonundan ay\u0131rd\u0131klar\u0131 para ile ihaleye \u00e7\u0131kt\u0131klar\u0131n\u0131 ve hastanenin i\u00e7 donan\u0131m\u0131n\u0131 da binayla ayn\u0131 zamanda tamamlamay\u0131 hedeflediklerini s\u00f6yledi.<\/p>\n<p>Oygar, 2016 y\u0131l\u0131nda ilk temelleri at\u0131lm\u0131\u015f ve konumland\u0131r\u0131lmas\u0131nda baz\u0131 hatalar yap\u0131lm\u0131\u015f hastanenin, 24 saat acil sa\u011fl\u0131k hizmetlerini kar\u015f\u0131layacak, halk\u0131n poliklinik ve diyaliz hizmetlerini alabilece\u011fi ve 20 yatakl\u0131 m\u00fc\u015fahede hizmetinin olaca\u011f\u0131 \u015fekilde organize edilece\u011fini belirtti. Oygar, G\u00fczelyurt Sa\u011fl\u0131k Merkezi ile Cengiz Topel Hastanesiyle birlikte birbirlerini tamamlay\u0131c\u0131 sa\u011fl\u0131k hizmeti sunmay\u0131 ama\u00e7lad\u0131klar\u0131n\u0131 kaydetti.<\/p>\n<p>-Ak\u00e7ay<\/p>\n<p>Planlama ve \u0130n\u015faat Dairesi M\u00fcd\u00fcr\u00fc O\u011fuz Ak\u00e7ay da G\u00fczelyurt hastanesi 4 etab\u0131n\u0131n 29 Ocak 2025\u2019te y\u00fcklenici firmaya teslim edildi\u011fini ve baz\u0131 s\u0131k\u0131nt\u0131lardan kaynaklanan ek i\u015flerin halledilmesiyle in\u015faat\u0131n h\u0131zl\u0131ca tamamlanaca\u011f\u0131n\u0131 kaydetti. Ak\u00e7ay, 4. etap \u00e7al\u0131\u015fmalar\u0131 kapsam\u0131nda 16 bin 500 metrekarelik binan\u0131n 5200 metrekaresinin tamamlan\u0131p acil, poliklinik ve diyaliz b\u00f6l\u00fcmlerinin hizmet verecek \u015fekilde bitirilmi\u015f olaca\u011f\u0131n\u0131 s\u00f6yledi.<\/p>\n<p>-A\u015fan<\/p>\n<p>Hastane yap\u0131m\u0131yla ilgili olarak y\u00fcklenici firma ad\u0131na konu\u015fan Mahmut A\u015fan da hastane yap\u0131m \u00e7al\u0131\u015fmalar\u0131n\u0131n t\u00fcm h\u0131z\u0131yla s\u00fcrd\u00fc\u011f\u00fcne i\u015faret ederek, projenin hata ve eksikliklerinin biraz zaman kaybettirdi\u011fini ancak \u015eubat ay\u0131 sonuna kadar projeyi tamamlayacaklar\u0131n\u0131 ifade etti.<\/p>\n<\/p><\/div>\n","protected":false},"excerpt":{"rendered":"<p>Ba\u015fbakan \u00dcnal \u00dcstel, bug\u00fcn yap\u0131m\u0131 devam eden G\u00fczelyurt Hastanesini ziyaret ederek, \u00e7al\u0131\u015fmalar\u0131 yerinden inceledi, \u00e7al\u0131\u015fmalar\u0131 y\u00fcr\u00fcten ilgili firma yetkililerinden bilgi ald\u0131. Ba\u015fbakan \u00dcstel, incelemelerinin ard\u0131ndan bas\u0131na yapt\u0131\u011f\u0131 a\u00e7\u0131klamada G\u00fczelyurt hastanesinin yap\u0131m\u0131n\u0131 y\u00fcklenici firman\u0131n \u015eubat ay\u0131 sonuna kadar \u00e7al\u0131\u015fmalar\u0131 tamamlamay\u0131 taahh\u00fct etti\u011fini belirterek, firman\u0131n s\u00f6z verdi\u011fi tarihte \u00e7al\u0131\u015fmalar\u0131n tamamlan\u0131p hastanenin a\u00e7\u0131laca\u011f\u0131n\u0131 s\u00f6yledi. \u00dcstel, 2022 y\u0131l\u0131nda h\u00fck\u00fcmeti<\/p>\n","protected":false},"author":1,"featured_media":103744,"comment_status":"open","ping_status":"open","sticky":false,"template":"","format":"standard","meta":{"footnotes":""},"categories":[81],"tags":[],"class_list":["post-103743","post","type-post","status-publish","format-standard","has-post-thumbnail","hentry","category-kibris"],"yoast_head":"<!-- This site is optimized with the Yoast SEO plugin v27.4 - https:\/\/yoast.com\/product\/yoast-seo-wordpress\/ -->\n<title>BA\u015eBAKAN \u00dcSTEL YAPIMI S\u00dcREN G\u00dcZELYURT HASTANES\u0130N\u0130 Z\u0130YARET EDEREK B\u0130LG\u0130 ALDI -<\/title>\n<meta name=\"robots\" content=\"index, follow, max-snippet:-1, max-image-preview:large, max-video-preview:-1\" \/>\n<link rel=\"canonical\" href=\"https:\/\/kibrisdakik.com\/?p=103743\" \/>\n<meta property=\"og:locale\" content=\"tr_TR\" \/>\n<meta property=\"og:type\" content=\"article\" \/>\n<meta property=\"og:title\" content=\"BA\u015eBAKAN \u00dcSTEL YAPIMI S\u00dcREN G\u00dcZELYURT HASTANES\u0130N\u0130 Z\u0130YARET EDEREK B\u0130LG\u0130 ALDI -\" \/>\n<meta property=\"og:description\" content=\"Ba\u015fbakan \u00dcnal \u00dcstel, bug\u00fcn yap\u0131m\u0131 devam eden G\u00fczelyurt Hastanesini ziyaret ederek, \u00e7al\u0131\u015fmalar\u0131 yerinden inceledi, \u00e7al\u0131\u015fmalar\u0131 y\u00fcr\u00fcten ilgili firma yetkililerinden bilgi ald\u0131. Ba\u015fbakan \u00dcstel, incelemelerinin ard\u0131ndan bas\u0131na yapt\u0131\u011f\u0131 a\u00e7\u0131klamada G\u00fczelyurt hastanesinin yap\u0131m\u0131n\u0131 y\u00fcklenici firman\u0131n \u015eubat ay\u0131 sonuna kadar \u00e7al\u0131\u015fmalar\u0131 tamamlamay\u0131 taahh\u00fct etti\u011fini belirterek, firman\u0131n s\u00f6z verdi\u011fi tarihte \u00e7al\u0131\u015fmalar\u0131n tamamlan\u0131p hastanenin a\u00e7\u0131laca\u011f\u0131n\u0131 s\u00f6yledi. \u00dcstel, 2022 y\u0131l\u0131nda h\u00fck\u00fcmeti\" \/>\n<meta property=\"og:url\" content=\"https:\/\/kibrisdakik.com\/?p=103743\" \/>\n<meta property=\"article:published_time\" content=\"2026-01-10T14:33:05+00:00\" \/>\n<meta property=\"og:image\" content=\"https:\/\/kibrisdakik.com\/wp-content\/uploads\/2026\/01\/mha-sari-beyaz-2283.png\" \/>\n\t<meta property=\"og:image:width\" content=\"1280\" \/>\n\t<meta property=\"og:image:height\" content=\"720\" \/>\n\t<meta property=\"og:image:type\" content=\"image\/png\" \/>\n<meta name=\"author\" content=\"admin\" \/>\n<meta name=\"twitter:card\" content=\"summary_large_image\" \/>\n<meta name=\"twitter:label1\" content=\"Yazan:\" \/>\n\t<meta name=\"twitter:data1\" content=\"admin\" \/>\n\t<meta name=\"twitter:label2\" content=\"Tahmini okuma s\u00fcresi\" \/>\n\t<meta name=\"twitter:data2\" content=\"3 dakika\" \/>\n<script type=\"application\/ld+json\" class=\"yoast-schema-graph\">{\"@context\":\"https:\\\/\\\/schema.org\",\"@graph\":[{\"@type\":\"Article\",\"@id\":\"https:\\\/\\\/kibrisdakik.com\\\/?p=103743#article\",\"isPartOf\":{\"@id\":\"https:\\\/\\\/kibrisdakik.com\\\/?p=103743\"},\"author\":{\"name\":\"admin\",\"@id\":\"https:\\\/\\\/kibrisdakik.com\\\/#\\\/schema\\\/person\\\/9cd9d437bbb44f72b73ba127e06d8e79\"},\"headline\":\"BA\u015eBAKAN \u00dcSTEL YAPIMI S\u00dcREN G\u00dcZELYURT HASTANES\u0130N\u0130 Z\u0130YARET EDEREK B\u0130LG\u0130 ALDI\",\"datePublished\":\"2026-01-10T14:33:05+00:00\",\"mainEntityOfPage\":{\"@id\":\"https:\\\/\\\/kibrisdakik.com\\\/?p=103743\"},\"wordCount\":632,\"commentCount\":0,\"image\":{\"@id\":\"https:\\\/\\\/kibrisdakik.com\\\/?p=103743#primaryimage\"},\"thumbnailUrl\":\"https:\\\/\\\/kibrisdakik.com\\\/wp-content\\\/uploads\\\/2026\\\/01\\\/mha-sari-beyaz-2283.png\",\"articleSection\":[\"K\u0131br\u0131s\"],\"inLanguage\":\"tr\",\"potentialAction\":[{\"@type\":\"CommentAction\",\"name\":\"Comment\",\"target\":[\"https:\\\/\\\/kibrisdakik.com\\\/?p=103743#respond\"]}]},{\"@type\":\"WebPage\",\"@id\":\"https:\\\/\\\/kibrisdakik.com\\\/?p=103743\",\"url\":\"https:\\\/\\\/kibrisdakik.com\\\/?p=103743\",\"name\":\"BA\u015eBAKAN \u00dcSTEL YAPIMI S\u00dcREN G\u00dcZELYURT HASTANES\u0130N\u0130 Z\u0130YARET EDEREK B\u0130LG\u0130 ALDI -\",\"isPartOf\":{\"@id\":\"https:\\\/\\\/kibrisdakik.com\\\/#website\"},\"primaryImageOfPage\":{\"@id\":\"https:\\\/\\\/kibrisdakik.com\\\/?p=103743#primaryimage\"},\"image\":{\"@id\":\"https:\\\/\\\/kibrisdakik.com\\\/?p=103743#primaryimage\"},\"thumbnailUrl\":\"https:\\\/\\\/kibrisdakik.com\\\/wp-content\\\/uploads\\\/2026\\\/01\\\/mha-sari-beyaz-2283.png\",\"datePublished\":\"2026-01-10T14:33:05+00:00\",\"author\":{\"@id\":\"https:\\\/\\\/kibrisdakik.com\\\/#\\\/schema\\\/person\\\/9cd9d437bbb44f72b73ba127e06d8e79\"},\"breadcrumb\":{\"@id\":\"https:\\\/\\\/kibrisdakik.com\\\/?p=103743#breadcrumb\"},\"inLanguage\":\"tr\",\"potentialAction\":[{\"@type\":\"ReadAction\",\"target\":[\"https:\\\/\\\/kibrisdakik.com\\\/?p=103743\"]}]},{\"@type\":\"ImageObject\",\"inLanguage\":\"tr\",\"@id\":\"https:\\\/\\\/kibrisdakik.com\\\/?p=103743#primaryimage\",\"url\":\"https:\\\/\\\/kibrisdakik.com\\\/wp-content\\\/uploads\\\/2026\\\/01\\\/mha-sari-beyaz-2283.png\",\"contentUrl\":\"https:\\\/\\\/kibrisdakik.com\\\/wp-content\\\/uploads\\\/2026\\\/01\\\/mha-sari-beyaz-2283.png\",\"width\":1280,\"height\":720},{\"@type\":\"BreadcrumbList\",\"@id\":\"https:\\\/\\\/kibrisdakik.com\\\/?p=103743#breadcrumb\",\"itemListElement\":[{\"@type\":\"ListItem\",\"position\":1,\"name\":\"Home\",\"item\":\"https:\\\/\\\/kibrisdakik.com\\\/\"},{\"@type\":\"ListItem\",\"position\":2,\"name\":\"BA\u015eBAKAN \u00dcSTEL YAPIMI S\u00dcREN G\u00dcZELYURT HASTANES\u0130N\u0130 Z\u0130YARET EDEREK B\u0130LG\u0130 ALDI\"}]},{\"@type\":\"WebSite\",\"@id\":\"https:\\\/\\\/kibrisdakik.com\\\/#website\",\"url\":\"https:\\\/\\\/kibrisdakik.com\\\/\",\"name\":\"\",\"description\":\"Tam vaktinde haber\",\"potentialAction\":[{\"@type\":\"SearchAction\",\"target\":{\"@type\":\"EntryPoint\",\"urlTemplate\":\"https:\\\/\\\/kibrisdakik.com\\\/?s={search_term_string}\"},\"query-input\":{\"@type\":\"PropertyValueSpecification\",\"valueRequired\":true,\"valueName\":\"search_term_string\"}}],\"inLanguage\":\"tr\"},{\"@type\":\"Person\",\"@id\":\"https:\\\/\\\/kibrisdakik.com\\\/#\\\/schema\\\/person\\\/9cd9d437bbb44f72b73ba127e06d8e79\",\"name\":\"admin\",\"image\":{\"@type\":\"ImageObject\",\"inLanguage\":\"tr\",\"@id\":\"https:\\\/\\\/secure.gravatar.com\\\/avatar\\\/ccc17943b9d660506c869530f897617f7cb1c21a4bf30023f252596d83e1f007?s=96&d=mm&r=g\",\"url\":\"https:\\\/\\\/secure.gravatar.com\\\/avatar\\\/ccc17943b9d660506c869530f897617f7cb1c21a4bf30023f252596d83e1f007?s=96&d=mm&r=g\",\"contentUrl\":\"https:\\\/\\\/secure.gravatar.com\\\/avatar\\\/ccc17943b9d660506c869530f897617f7cb1c21a4bf30023f252596d83e1f007?s=96&d=mm&r=g\",\"caption\":\"admin\"},\"sameAs\":[\"https:\\\/\\\/kibrisdakik.com\"],\"url\":\"https:\\\/\\\/kibrisdakik.com\\\/?author=1\"}]}<\/script>\n<!-- \/ Yoast SEO plugin. -->","yoast_head_json":{"title":"BA\u015eBAKAN \u00dcSTEL YAPIMI S\u00dcREN G\u00dcZELYURT HASTANES\u0130N\u0130 Z\u0130YARET EDEREK B\u0130LG\u0130 ALDI -","robots":{"index":"index","follow":"follow","max-snippet":"max-snippet:-1","max-image-preview":"max-image-preview:large","max-video-preview":"max-video-preview:-1"},"canonical":"https:\/\/kibrisdakik.com\/?p=103743","og_locale":"tr_TR","og_type":"article","og_title":"BA\u015eBAKAN \u00dcSTEL YAPIMI S\u00dcREN G\u00dcZELYURT HASTANES\u0130N\u0130 Z\u0130YARET EDEREK B\u0130LG\u0130 ALDI -","og_description":"Ba\u015fbakan \u00dcnal \u00dcstel, bug\u00fcn yap\u0131m\u0131 devam eden G\u00fczelyurt Hastanesini ziyaret ederek, \u00e7al\u0131\u015fmalar\u0131 yerinden inceledi, \u00e7al\u0131\u015fmalar\u0131 y\u00fcr\u00fcten ilgili firma yetkililerinden bilgi ald\u0131. Ba\u015fbakan \u00dcstel, incelemelerinin ard\u0131ndan bas\u0131na yapt\u0131\u011f\u0131 a\u00e7\u0131klamada G\u00fczelyurt hastanesinin yap\u0131m\u0131n\u0131 y\u00fcklenici firman\u0131n \u015eubat ay\u0131 sonuna kadar \u00e7al\u0131\u015fmalar\u0131 tamamlamay\u0131 taahh\u00fct etti\u011fini belirterek, firman\u0131n s\u00f6z verdi\u011fi tarihte \u00e7al\u0131\u015fmalar\u0131n tamamlan\u0131p hastanenin a\u00e7\u0131laca\u011f\u0131n\u0131 s\u00f6yledi. \u00dcstel, 2022 y\u0131l\u0131nda h\u00fck\u00fcmeti","og_url":"https:\/\/kibrisdakik.com\/?p=103743","article_published_time":"2026-01-10T14:33:05+00:00","og_image":[{"width":1280,"height":720,"url":"https:\/\/kibrisdakik.com\/wp-content\/uploads\/2026\/01\/mha-sari-beyaz-2283.png","type":"image\/png"}],"author":"admin","twitter_card":"summary_large_image","twitter_misc":{"Yazan:":"admin","Tahmini okuma s\u00fcresi":"3 dakika"},"schema":{"@context":"https:\/\/schema.org","@graph":[{"@type":"Article","@id":"https:\/\/kibrisdakik.com\/?p=103743#article","isPartOf":{"@id":"https:\/\/kibrisdakik.com\/?p=103743"},"author":{"name":"admin","@id":"https:\/\/kibrisdakik.com\/#\/schema\/person\/9cd9d437bbb44f72b73ba127e06d8e79"},"headline":"BA\u015eBAKAN \u00dcSTEL YAPIMI S\u00dcREN G\u00dcZELYURT HASTANES\u0130N\u0130 Z\u0130YARET EDEREK B\u0130LG\u0130 ALDI","datePublished":"2026-01-10T14:33:05+00:00","mainEntityOfPage":{"@id":"https:\/\/kibrisdakik.com\/?p=103743"},"wordCount":632,"commentCount":0,"image":{"@id":"https:\/\/kibrisdakik.com\/?p=103743#primaryimage"},"thumbnailUrl":"https:\/\/kibrisdakik.com\/wp-content\/uploads\/2026\/01\/mha-sari-beyaz-2283.png","articleSection":["K\u0131br\u0131s"],"inLanguage":"tr","potentialAction":[{"@type":"CommentAction","name":"Comment","target":["https:\/\/kibrisdakik.com\/?p=103743#respond"]}]},{"@type":"WebPage","@id":"https:\/\/kibrisdakik.com\/?p=103743","url":"https:\/\/kibrisdakik.com\/?p=103743","name":"BA\u015eBAKAN \u00dcSTEL YAPIMI S\u00dcREN G\u00dcZELYURT HASTANES\u0130N\u0130 Z\u0130YARET EDEREK B\u0130LG\u0130 ALDI -","isPartOf":{"@id":"https:\/\/kibrisdakik.com\/#website"},"primaryImageOfPage":{"@id":"https:\/\/kibrisdakik.com\/?p=103743#primaryimage"},"image":{"@id":"https:\/\/kibrisdakik.com\/?p=103743#primaryimage"},"thumbnailUrl":"https:\/\/kibrisdakik.com\/wp-content\/uploads\/2026\/01\/mha-sari-beyaz-2283.png","datePublished":"2026-01-10T14:33:05+00:00","author":{"@id":"https:\/\/kibrisdakik.com\/#\/schema\/person\/9cd9d437bbb44f72b73ba127e06d8e79"},"breadcrumb":{"@id":"https:\/\/kibrisdakik.com\/?p=103743#breadcrumb"},"inLanguage":"tr","potentialAction":[{"@type":"ReadAction","target":["https:\/\/kibrisdakik.com\/?p=103743"]}]},{"@type":"ImageObject","inLanguage":"tr","@id":"https:\/\/kibrisdakik.com\/?p=103743#primaryimage","url":"https:\/\/kibrisdakik.com\/wp-content\/uploads\/2026\/01\/mha-sari-beyaz-2283.png","contentUrl":"https:\/\/kibrisdakik.com\/wp-content\/uploads\/2026\/01\/mha-sari-beyaz-2283.png","width":1280,"height":720},{"@type":"BreadcrumbList","@id":"https:\/\/kibrisdakik.com\/?p=103743#breadcrumb","itemListElement":[{"@type":"ListItem","position":1,"name":"Home","item":"https:\/\/kibrisdakik.com\/"},{"@type":"ListItem","position":2,"name":"BA\u015eBAKAN \u00dcSTEL YAPIMI S\u00dcREN G\u00dcZELYURT HASTANES\u0130N\u0130 Z\u0130YARET EDEREK B\u0130LG\u0130 ALDI"}]},{"@type":"WebSite","@id":"https:\/\/kibrisdakik.com\/#website","url":"https:\/\/kibrisdakik.com\/","name":"","description":"Tam vaktinde haber","potentialAction":[{"@type":"SearchAction","target":{"@type":"EntryPoint","urlTemplate":"https:\/\/kibrisdakik.com\/?s={search_term_string}"},"query-input":{"@type":"PropertyValueSpecification","valueRequired":true,"valueName":"search_term_string"}}],"inLanguage":"tr"},{"@type":"Person","@id":"https:\/\/kibrisdakik.com\/#\/schema\/person\/9cd9d437bbb44f72b73ba127e06d8e79","name":"admin","image":{"@type":"ImageObject","inLanguage":"tr","@id":"https:\/\/secure.gravatar.com\/avatar\/ccc17943b9d660506c869530f897617f7cb1c21a4bf30023f252596d83e1f007?s=96&d=mm&r=g","url":"https:\/\/secure.gravatar.com\/avatar\/ccc17943b9d660506c869530f897617f7cb1c21a4bf30023f252596d83e1f007?s=96&d=mm&r=g","contentUrl":"https:\/\/secure.gravatar.com\/avatar\/ccc17943b9d660506c869530f897617f7cb1c21a4bf30023f252596d83e1f007?s=96&d=mm&r=g","caption":"admin"},"sameAs":["https:\/\/kibrisdakik.com"],"url":"https:\/\/kibrisdakik.com\/?author=1"}]}},"_links":{"self":[{"href":"https:\/\/kibrisdakik.com\/index.php?rest_route=\/wp\/v2\/posts\/103743","targetHints":{"allow":["GET"]}}],"collection":[{"href":"https:\/\/kibrisdakik.com\/index.php?rest_route=\/wp\/v2\/posts"}],"about":[{"href":"https:\/\/kibrisdakik.com\/index.php?rest_route=\/wp\/v2\/types\/post"}],"author":[{"embeddable":true,"href":"https:\/\/kibrisdakik.com\/index.php?rest_route=\/wp\/v2\/users\/1"}],"replies":[{"embeddable":true,"href":"https:\/\/kibrisdakik.com\/index.php?rest_route=%2Fwp%2Fv2%2Fcomments&post=103743"}],"version-history":[{"count":0,"href":"https:\/\/kibrisdakik.com\/index.php?rest_route=\/wp\/v2\/posts\/103743\/revisions"}],"wp:featuredmedia":[{"embeddable":true,"href":"https:\/\/kibrisdakik.com\/index.php?rest_route=\/wp\/v2\/media\/103744"}],"wp:attachment":[{"href":"https:\/\/kibrisdakik.com\/index.php?rest_route=%2Fwp%2Fv2%2Fmedia&parent=103743"}],"wp:term":[{"taxonomy":"category","embeddable":true,"href":"https:\/\/kibrisdakik.com\/index.php?rest_route=%2Fwp%2Fv2%2Fcategories&post=103743"},{"taxonomy":"post_tag","embeddable":true,"href":"https:\/\/kibrisdakik.com\/index.php?rest_route=%2Fwp%2Fv2%2Ftags&post=103743"}],"curies":[{"name":"wp","href":"https:\/\/api.w.org\/{rel}","templated":true}]}}