{"id":103824,"date":"2026-01-12T16:21:06","date_gmt":"2026-01-12T14:21:06","guid":{"rendered":"https:\/\/kibrisdakik.com\/index.php\/2026\/01\/12\/dikkat-yarin-firtina-bekleniyor\/"},"modified":"2026-01-12T16:21:06","modified_gmt":"2026-01-12T14:21:06","slug":"dikkat-yarin-firtina-bekleniyor","status":"publish","type":"post","link":"https:\/\/kibrisdakik.com\/?p=103824","title":{"rendered":"D\u0130KKAT: YARIN FIRTINA BEKLEN\u0130YOR"},"content":{"rendered":"<p><\/p>\n<p>Meteoroloji Dairesi\u2019nin 13\u201319 Ocak tarihlerini kapsayan raporuna g\u00f6re, b\u00f6lgenin periyodun ilk g\u00fcn\u00fc al\u00e7ak bas\u0131n\u00e7 sistemi ve buna ba\u011fl\u0131 cephe sisteminin, di\u011fer g\u00fcnlerde ise y\u00fcksek bas\u0131n\u00e7 sistemi ile so\u011fuk hava k\u00fctlesinin etkisi alt\u0131nda kalmas\u0131 bekleniyor.<\/p>\n<div id=\"ad_121\" data-channel=\"121\" data-advert=\"temedya\" data-rotation=\"120\" class=\"mb-3 text-center\"><\/div>\n<div id=\"ad_121_mobile\" data-channel=\"121\" data-advert=\"temedya\" data-rotation=\"120\" class=\"mb-3 text-center\"><\/div>\n<p>Rapora g\u00f6re, havan\u0131n yar\u0131n par\u00e7al\u0131 ve \u00e7ok bulutlu, yer yer sa\u011fanak veya g\u00f6k g\u00fcr\u00fclt\u00fcl\u00fc sa\u011fanak ya\u011fmurlu; \u00e7ar\u015famba g\u00fcn\u00fc par\u00e7al\u0131 ve az bulutlu, per\u015fembe g\u00fcn\u00fc az bulutlu, cuma g\u00fcn\u00fc par\u00e7al\u0131 ve az bulutlu zamanla \u00e7ok bulutlu, cumartesi, pazar ve pazartesi g\u00fcnleri ise par\u00e7al\u0131 ve \u00e7ok bulutlu ge\u00e7mesi bekleniyor.<\/p>\n<p>En y\u00fcksek hava s\u0131cakl\u0131\u011f\u0131 genellikle i\u00e7 kesimlerde ve sahillerde 16\u201319 derece, yar\u0131n ise 12\u201315 derece dolaylar\u0131nda seyredecek.R\u00fczg\u00e2r ise, periyodun ilk yar\u0131s\u0131nda kuzey ve bat\u0131 y\u00f6nlerden orta kuvvette zaman zaman kuvvetli, sal\u0131 g\u00fcn\u00fc yer yer f\u0131rt\u0131na \u015feklinde, di\u011fer g\u00fcnlerde ise kuzey ve do\u011fu y\u00f6nlerden orta kuvvette esecek.<\/p>\n<\/p>\n<div class=\"article-source py-3 small \">\n                <\/div>\n","protected":false},"excerpt":{"rendered":"<p>Meteoroloji Dairesi\u2019nin 13\u201319 Ocak tarihlerini kapsayan raporuna g\u00f6re, b\u00f6lgenin periyodun ilk g\u00fcn\u00fc al\u00e7ak bas\u0131n\u00e7 sistemi ve buna ba\u011fl\u0131 cephe sisteminin, di\u011fer g\u00fcnlerde ise y\u00fcksek bas\u0131n\u00e7 sistemi ile so\u011fuk hava k\u00fctlesinin etkisi alt\u0131nda kalmas\u0131 bekleniyor. Rapora g\u00f6re, havan\u0131n yar\u0131n par\u00e7al\u0131 ve \u00e7ok bulutlu, yer yer sa\u011fanak veya g\u00f6k g\u00fcr\u00fclt\u00fcl\u00fc sa\u011fanak ya\u011fmurlu; \u00e7ar\u015famba g\u00fcn\u00fc par\u00e7al\u0131 ve az<\/p>\n","protected":false},"author":1,"featured_media":103825,"comment_status":"open","ping_status":"open","sticky":false,"template":"","format":"standard","meta":{"footnotes":""},"categories":[81],"tags":[],"class_list":["post-103824","post","type-post","status-publish","format-standard","has-post-thumbnail","hentry","category-kibris"],"yoast_head":"<!-- This site is optimized with the Yoast SEO plugin v27.5 - https:\/\/yoast.com\/product\/yoast-seo-wordpress\/ -->\n<title>D\u0130KKAT: YARIN FIRTINA BEKLEN\u0130YOR -<\/title>\n<meta name=\"robots\" content=\"index, follow, max-snippet:-1, max-image-preview:large, max-video-preview:-1\" \/>\n<link rel=\"canonical\" href=\"https:\/\/kibrisdakik.com\/?p=103824\" \/>\n<meta property=\"og:locale\" content=\"tr_TR\" \/>\n<meta property=\"og:type\" content=\"article\" \/>\n<meta property=\"og:title\" content=\"D\u0130KKAT: YARIN FIRTINA BEKLEN\u0130YOR -\" \/>\n<meta property=\"og:description\" content=\"Meteoroloji Dairesi\u2019nin 13\u201319 Ocak tarihlerini kapsayan raporuna g\u00f6re, b\u00f6lgenin periyodun ilk g\u00fcn\u00fc al\u00e7ak bas\u0131n\u00e7 sistemi ve buna ba\u011fl\u0131 cephe sisteminin, di\u011fer g\u00fcnlerde ise y\u00fcksek bas\u0131n\u00e7 sistemi ile so\u011fuk hava k\u00fctlesinin etkisi alt\u0131nda kalmas\u0131 bekleniyor. Rapora g\u00f6re, havan\u0131n yar\u0131n par\u00e7al\u0131 ve \u00e7ok bulutlu, yer yer sa\u011fanak veya g\u00f6k g\u00fcr\u00fclt\u00fcl\u00fc sa\u011fanak ya\u011fmurlu; \u00e7ar\u015famba g\u00fcn\u00fc par\u00e7al\u0131 ve az\" \/>\n<meta property=\"og:url\" content=\"https:\/\/kibrisdakik.com\/?p=103824\" \/>\n<meta property=\"article:published_time\" content=\"2026-01-12T14:21:06+00:00\" \/>\n<meta property=\"og:image\" content=\"https:\/\/kibrisdakik.com\/wp-content\/uploads\/2026\/01\/23-115.png\" \/>\n\t<meta property=\"og:image:width\" content=\"1280\" \/>\n\t<meta property=\"og:image:height\" content=\"720\" \/>\n\t<meta property=\"og:image:type\" content=\"image\/png\" \/>\n<meta name=\"author\" content=\"admin\" \/>\n<meta name=\"twitter:card\" content=\"summary_large_image\" \/>\n<meta name=\"twitter:label1\" content=\"Yazan:\" \/>\n\t<meta name=\"twitter:data1\" content=\"admin\" \/>\n\t<meta name=\"twitter:label2\" content=\"Tahmini okuma s\u00fcresi\" \/>\n\t<meta name=\"twitter:data2\" content=\"1 dakika\" \/>\n<script type=\"application\/ld+json\" class=\"yoast-schema-graph\">{\"@context\":\"https:\\\/\\\/schema.org\",\"@graph\":[{\"@type\":\"Article\",\"@id\":\"https:\\\/\\\/kibrisdakik.com\\\/?p=103824#article\",\"isPartOf\":{\"@id\":\"https:\\\/\\\/kibrisdakik.com\\\/?p=103824\"},\"author\":{\"name\":\"admin\",\"@id\":\"https:\\\/\\\/kibrisdakik.com\\\/#\\\/schema\\\/person\\\/9cd9d437bbb44f72b73ba127e06d8e79\"},\"headline\":\"D\u0130KKAT: YARIN FIRTINA BEKLEN\u0130YOR\",\"datePublished\":\"2026-01-12T14:21:06+00:00\",\"mainEntityOfPage\":{\"@id\":\"https:\\\/\\\/kibrisdakik.com\\\/?p=103824\"},\"wordCount\":182,\"commentCount\":0,\"image\":{\"@id\":\"https:\\\/\\\/kibrisdakik.com\\\/?p=103824#primaryimage\"},\"thumbnailUrl\":\"https:\\\/\\\/kibrisdakik.com\\\/wp-content\\\/uploads\\\/2026\\\/01\\\/23-115.png\",\"articleSection\":[\"K\u0131br\u0131s\"],\"inLanguage\":\"tr\",\"potentialAction\":[{\"@type\":\"CommentAction\",\"name\":\"Comment\",\"target\":[\"https:\\\/\\\/kibrisdakik.com\\\/?p=103824#respond\"]}]},{\"@type\":\"WebPage\",\"@id\":\"https:\\\/\\\/kibrisdakik.com\\\/?p=103824\",\"url\":\"https:\\\/\\\/kibrisdakik.com\\\/?p=103824\",\"name\":\"D\u0130KKAT: YARIN FIRTINA BEKLEN\u0130YOR -\",\"isPartOf\":{\"@id\":\"https:\\\/\\\/kibrisdakik.com\\\/#website\"},\"primaryImageOfPage\":{\"@id\":\"https:\\\/\\\/kibrisdakik.com\\\/?p=103824#primaryimage\"},\"image\":{\"@id\":\"https:\\\/\\\/kibrisdakik.com\\\/?p=103824#primaryimage\"},\"thumbnailUrl\":\"https:\\\/\\\/kibrisdakik.com\\\/wp-content\\\/uploads\\\/2026\\\/01\\\/23-115.png\",\"datePublished\":\"2026-01-12T14:21:06+00:00\",\"author\":{\"@id\":\"https:\\\/\\\/kibrisdakik.com\\\/#\\\/schema\\\/person\\\/9cd9d437bbb44f72b73ba127e06d8e79\"},\"breadcrumb\":{\"@id\":\"https:\\\/\\\/kibrisdakik.com\\\/?p=103824#breadcrumb\"},\"inLanguage\":\"tr\",\"potentialAction\":[{\"@type\":\"ReadAction\",\"target\":[\"https:\\\/\\\/kibrisdakik.com\\\/?p=103824\"]}]},{\"@type\":\"ImageObject\",\"inLanguage\":\"tr\",\"@id\":\"https:\\\/\\\/kibrisdakik.com\\\/?p=103824#primaryimage\",\"url\":\"https:\\\/\\\/kibrisdakik.com\\\/wp-content\\\/uploads\\\/2026\\\/01\\\/23-115.png\",\"contentUrl\":\"https:\\\/\\\/kibrisdakik.com\\\/wp-content\\\/uploads\\\/2026\\\/01\\\/23-115.png\",\"width\":1280,\"height\":720},{\"@type\":\"BreadcrumbList\",\"@id\":\"https:\\\/\\\/kibrisdakik.com\\\/?p=103824#breadcrumb\",\"itemListElement\":[{\"@type\":\"ListItem\",\"position\":1,\"name\":\"Home\",\"item\":\"https:\\\/\\\/kibrisdakik.com\\\/\"},{\"@type\":\"ListItem\",\"position\":2,\"name\":\"D\u0130KKAT: YARIN FIRTINA BEKLEN\u0130YOR\"}]},{\"@type\":\"WebSite\",\"@id\":\"https:\\\/\\\/kibrisdakik.com\\\/#website\",\"url\":\"https:\\\/\\\/kibrisdakik.com\\\/\",\"name\":\"\",\"description\":\"Tam vaktinde haber\",\"potentialAction\":[{\"@type\":\"SearchAction\",\"target\":{\"@type\":\"EntryPoint\",\"urlTemplate\":\"https:\\\/\\\/kibrisdakik.com\\\/?s={search_term_string}\"},\"query-input\":{\"@type\":\"PropertyValueSpecification\",\"valueRequired\":true,\"valueName\":\"search_term_string\"}}],\"inLanguage\":\"tr\"},{\"@type\":\"Person\",\"@id\":\"https:\\\/\\\/kibrisdakik.com\\\/#\\\/schema\\\/person\\\/9cd9d437bbb44f72b73ba127e06d8e79\",\"name\":\"admin\",\"image\":{\"@type\":\"ImageObject\",\"inLanguage\":\"tr\",\"@id\":\"https:\\\/\\\/secure.gravatar.com\\\/avatar\\\/ccc17943b9d660506c869530f897617f7cb1c21a4bf30023f252596d83e1f007?s=96&d=mm&r=g\",\"url\":\"https:\\\/\\\/secure.gravatar.com\\\/avatar\\\/ccc17943b9d660506c869530f897617f7cb1c21a4bf30023f252596d83e1f007?s=96&d=mm&r=g\",\"contentUrl\":\"https:\\\/\\\/secure.gravatar.com\\\/avatar\\\/ccc17943b9d660506c869530f897617f7cb1c21a4bf30023f252596d83e1f007?s=96&d=mm&r=g\",\"caption\":\"admin\"},\"sameAs\":[\"https:\\\/\\\/kibrisdakik.com\"],\"url\":\"https:\\\/\\\/kibrisdakik.com\\\/?author=1\"}]}<\/script>\n<!-- \/ Yoast SEO plugin. -->","yoast_head_json":{"title":"D\u0130KKAT: YARIN FIRTINA BEKLEN\u0130YOR -","robots":{"index":"index","follow":"follow","max-snippet":"max-snippet:-1","max-image-preview":"max-image-preview:large","max-video-preview":"max-video-preview:-1"},"canonical":"https:\/\/kibrisdakik.com\/?p=103824","og_locale":"tr_TR","og_type":"article","og_title":"D\u0130KKAT: YARIN FIRTINA BEKLEN\u0130YOR -","og_description":"Meteoroloji Dairesi\u2019nin 13\u201319 Ocak tarihlerini kapsayan raporuna g\u00f6re, b\u00f6lgenin periyodun ilk g\u00fcn\u00fc al\u00e7ak bas\u0131n\u00e7 sistemi ve buna ba\u011fl\u0131 cephe sisteminin, di\u011fer g\u00fcnlerde ise y\u00fcksek bas\u0131n\u00e7 sistemi ile so\u011fuk hava k\u00fctlesinin etkisi alt\u0131nda kalmas\u0131 bekleniyor. Rapora g\u00f6re, havan\u0131n yar\u0131n par\u00e7al\u0131 ve \u00e7ok bulutlu, yer yer sa\u011fanak veya g\u00f6k g\u00fcr\u00fclt\u00fcl\u00fc sa\u011fanak ya\u011fmurlu; \u00e7ar\u015famba g\u00fcn\u00fc par\u00e7al\u0131 ve az","og_url":"https:\/\/kibrisdakik.com\/?p=103824","article_published_time":"2026-01-12T14:21:06+00:00","og_image":[{"width":1280,"height":720,"url":"https:\/\/kibrisdakik.com\/wp-content\/uploads\/2026\/01\/23-115.png","type":"image\/png"}],"author":"admin","twitter_card":"summary_large_image","twitter_misc":{"Yazan:":"admin","Tahmini okuma s\u00fcresi":"1 dakika"},"schema":{"@context":"https:\/\/schema.org","@graph":[{"@type":"Article","@id":"https:\/\/kibrisdakik.com\/?p=103824#article","isPartOf":{"@id":"https:\/\/kibrisdakik.com\/?p=103824"},"author":{"name":"admin","@id":"https:\/\/kibrisdakik.com\/#\/schema\/person\/9cd9d437bbb44f72b73ba127e06d8e79"},"headline":"D\u0130KKAT: YARIN FIRTINA BEKLEN\u0130YOR","datePublished":"2026-01-12T14:21:06+00:00","mainEntityOfPage":{"@id":"https:\/\/kibrisdakik.com\/?p=103824"},"wordCount":182,"commentCount":0,"image":{"@id":"https:\/\/kibrisdakik.com\/?p=103824#primaryimage"},"thumbnailUrl":"https:\/\/kibrisdakik.com\/wp-content\/uploads\/2026\/01\/23-115.png","articleSection":["K\u0131br\u0131s"],"inLanguage":"tr","potentialAction":[{"@type":"CommentAction","name":"Comment","target":["https:\/\/kibrisdakik.com\/?p=103824#respond"]}]},{"@type":"WebPage","@id":"https:\/\/kibrisdakik.com\/?p=103824","url":"https:\/\/kibrisdakik.com\/?p=103824","name":"D\u0130KKAT: YARIN FIRTINA BEKLEN\u0130YOR -","isPartOf":{"@id":"https:\/\/kibrisdakik.com\/#website"},"primaryImageOfPage":{"@id":"https:\/\/kibrisdakik.com\/?p=103824#primaryimage"},"image":{"@id":"https:\/\/kibrisdakik.com\/?p=103824#primaryimage"},"thumbnailUrl":"https:\/\/kibrisdakik.com\/wp-content\/uploads\/2026\/01\/23-115.png","datePublished":"2026-01-12T14:21:06+00:00","author":{"@id":"https:\/\/kibrisdakik.com\/#\/schema\/person\/9cd9d437bbb44f72b73ba127e06d8e79"},"breadcrumb":{"@id":"https:\/\/kibrisdakik.com\/?p=103824#breadcrumb"},"inLanguage":"tr","potentialAction":[{"@type":"ReadAction","target":["https:\/\/kibrisdakik.com\/?p=103824"]}]},{"@type":"ImageObject","inLanguage":"tr","@id":"https:\/\/kibrisdakik.com\/?p=103824#primaryimage","url":"https:\/\/kibrisdakik.com\/wp-content\/uploads\/2026\/01\/23-115.png","contentUrl":"https:\/\/kibrisdakik.com\/wp-content\/uploads\/2026\/01\/23-115.png","width":1280,"height":720},{"@type":"BreadcrumbList","@id":"https:\/\/kibrisdakik.com\/?p=103824#breadcrumb","itemListElement":[{"@type":"ListItem","position":1,"name":"Home","item":"https:\/\/kibrisdakik.com\/"},{"@type":"ListItem","position":2,"name":"D\u0130KKAT: YARIN FIRTINA BEKLEN\u0130YOR"}]},{"@type":"WebSite","@id":"https:\/\/kibrisdakik.com\/#website","url":"https:\/\/kibrisdakik.com\/","name":"","description":"Tam vaktinde haber","potentialAction":[{"@type":"SearchAction","target":{"@type":"EntryPoint","urlTemplate":"https:\/\/kibrisdakik.com\/?s={search_term_string}"},"query-input":{"@type":"PropertyValueSpecification","valueRequired":true,"valueName":"search_term_string"}}],"inLanguage":"tr"},{"@type":"Person","@id":"https:\/\/kibrisdakik.com\/#\/schema\/person\/9cd9d437bbb44f72b73ba127e06d8e79","name":"admin","image":{"@type":"ImageObject","inLanguage":"tr","@id":"https:\/\/secure.gravatar.com\/avatar\/ccc17943b9d660506c869530f897617f7cb1c21a4bf30023f252596d83e1f007?s=96&d=mm&r=g","url":"https:\/\/secure.gravatar.com\/avatar\/ccc17943b9d660506c869530f897617f7cb1c21a4bf30023f252596d83e1f007?s=96&d=mm&r=g","contentUrl":"https:\/\/secure.gravatar.com\/avatar\/ccc17943b9d660506c869530f897617f7cb1c21a4bf30023f252596d83e1f007?s=96&d=mm&r=g","caption":"admin"},"sameAs":["https:\/\/kibrisdakik.com"],"url":"https:\/\/kibrisdakik.com\/?author=1"}]}},"_links":{"self":[{"href":"https:\/\/kibrisdakik.com\/index.php?rest_route=\/wp\/v2\/posts\/103824","targetHints":{"allow":["GET"]}}],"collection":[{"href":"https:\/\/kibrisdakik.com\/index.php?rest_route=\/wp\/v2\/posts"}],"about":[{"href":"https:\/\/kibrisdakik.com\/index.php?rest_route=\/wp\/v2\/types\/post"}],"author":[{"embeddable":true,"href":"https:\/\/kibrisdakik.com\/index.php?rest_route=\/wp\/v2\/users\/1"}],"replies":[{"embeddable":true,"href":"https:\/\/kibrisdakik.com\/index.php?rest_route=%2Fwp%2Fv2%2Fcomments&post=103824"}],"version-history":[{"count":0,"href":"https:\/\/kibrisdakik.com\/index.php?rest_route=\/wp\/v2\/posts\/103824\/revisions"}],"wp:featuredmedia":[{"embeddable":true,"href":"https:\/\/kibrisdakik.com\/index.php?rest_route=\/wp\/v2\/media\/103825"}],"wp:attachment":[{"href":"https:\/\/kibrisdakik.com\/index.php?rest_route=%2Fwp%2Fv2%2Fmedia&parent=103824"}],"wp:term":[{"taxonomy":"category","embeddable":true,"href":"https:\/\/kibrisdakik.com\/index.php?rest_route=%2Fwp%2Fv2%2Fcategories&post=103824"},{"taxonomy":"post_tag","embeddable":true,"href":"https:\/\/kibrisdakik.com\/index.php?rest_route=%2Fwp%2Fv2%2Ftags&post=103824"}],"curies":[{"name":"wp","href":"https:\/\/api.w.org\/{rel}","templated":true}]}}