{"id":103855,"date":"2026-01-13T11:16:09","date_gmt":"2026-01-13T09:16:09","guid":{"rendered":"https:\/\/kibrisdakik.com\/index.php\/2026\/01\/13\/kktcde-yasayan-iranlilardan-dayanisma-cagrisi\/"},"modified":"2026-01-13T11:16:09","modified_gmt":"2026-01-13T09:16:09","slug":"kktcde-yasayan-iranlilardan-dayanisma-cagrisi","status":"publish","type":"post","link":"https:\/\/kibrisdakik.com\/?p=103855","title":{"rendered":"KKTC\u2019DE YA\u015eAYAN \u0130RANLILARDAN DAYANI\u015eMA \u00c7A\u011eRISI"},"content":{"rendered":"<p><\/p>\n<div data-text-id=\"193700\" property=\"articleBody\">\n<p>Kuzey K\u0131br\u0131s\u2019ta ya\u015fayan \u0130ranl\u0131 yurtta\u015flar, \u0130ran\u2019daki halka destek vermek amac\u0131yla Lefko\u015fa\u2019da bir araya geliyor.<\/p>\n<p>Yap\u0131lan duyuruya g\u00f6re, dayan\u0131\u015fma bulu\u015fmas\u0131 <strong>\u00c7ar\u015famba g\u00fcn\u00fc, 14 A\u011fustos\u2019ta saat 18.00\u2019de Lefko\u015fa Otob\u00fcs Terminali\u2019nde<\/strong> ger\u00e7ekle\u015ftirilecek. Etkinlikte, \u0130ran\u2019daki geli\u015fmelere dikkat \u00e7ekilmesi ve halkla dayan\u0131\u015fma mesaj\u0131 verilmesi ama\u00e7lan\u0131yor.<\/p>\n<p>Organizat\u00f6rler, Kuzey K\u0131br\u0131s\u2019ta ya\u015fayan t\u00fcm \u0130ranl\u0131 yurtta\u015flar\u0131 ve destek vermek isteyen herkesi bulu\u015fmaya davet etti.<\/p>\n<\/p><\/div>\n","protected":false},"excerpt":{"rendered":"<p>Kuzey K\u0131br\u0131s\u2019ta ya\u015fayan \u0130ranl\u0131 yurtta\u015flar, \u0130ran\u2019daki halka destek vermek amac\u0131yla Lefko\u015fa\u2019da bir araya geliyor. Yap\u0131lan duyuruya g\u00f6re, dayan\u0131\u015fma bulu\u015fmas\u0131 \u00c7ar\u015famba g\u00fcn\u00fc, 14 A\u011fustos\u2019ta saat 18.00\u2019de Lefko\u015fa Otob\u00fcs Terminali\u2019nde ger\u00e7ekle\u015ftirilecek. Etkinlikte, \u0130ran\u2019daki geli\u015fmelere dikkat \u00e7ekilmesi ve halkla dayan\u0131\u015fma mesaj\u0131 verilmesi ama\u00e7lan\u0131yor. Organizat\u00f6rler, Kuzey K\u0131br\u0131s\u2019ta ya\u015fayan t\u00fcm \u0130ranl\u0131 yurtta\u015flar\u0131 ve destek vermek isteyen herkesi bulu\u015fmaya davet etti.<\/p>\n","protected":false},"author":1,"featured_media":103856,"comment_status":"open","ping_status":"open","sticky":false,"template":"","format":"standard","meta":{"footnotes":""},"categories":[81],"tags":[],"class_list":["post-103855","post","type-post","status-publish","format-standard","has-post-thumbnail","hentry","category-kibris"],"yoast_head":"<!-- This site is optimized with the Yoast SEO plugin v27.5 - https:\/\/yoast.com\/product\/yoast-seo-wordpress\/ -->\n<title>KKTC\u2019DE YA\u015eAYAN \u0130RANLILARDAN DAYANI\u015eMA \u00c7A\u011eRISI -<\/title>\n<meta name=\"robots\" content=\"index, follow, max-snippet:-1, max-image-preview:large, max-video-preview:-1\" \/>\n<link rel=\"canonical\" href=\"https:\/\/kibrisdakik.com\/?p=103855\" \/>\n<meta property=\"og:locale\" content=\"tr_TR\" \/>\n<meta property=\"og:type\" content=\"article\" \/>\n<meta property=\"og:title\" content=\"KKTC\u2019DE YA\u015eAYAN \u0130RANLILARDAN DAYANI\u015eMA \u00c7A\u011eRISI -\" \/>\n<meta property=\"og:description\" content=\"Kuzey K\u0131br\u0131s\u2019ta ya\u015fayan \u0130ranl\u0131 yurtta\u015flar, \u0130ran\u2019daki halka destek vermek amac\u0131yla Lefko\u015fa\u2019da bir araya geliyor. Yap\u0131lan duyuruya g\u00f6re, dayan\u0131\u015fma bulu\u015fmas\u0131 \u00c7ar\u015famba g\u00fcn\u00fc, 14 A\u011fustos\u2019ta saat 18.00\u2019de Lefko\u015fa Otob\u00fcs Terminali\u2019nde ger\u00e7ekle\u015ftirilecek. Etkinlikte, \u0130ran\u2019daki geli\u015fmelere dikkat \u00e7ekilmesi ve halkla dayan\u0131\u015fma mesaj\u0131 verilmesi ama\u00e7lan\u0131yor. Organizat\u00f6rler, Kuzey K\u0131br\u0131s\u2019ta ya\u015fayan t\u00fcm \u0130ranl\u0131 yurtta\u015flar\u0131 ve destek vermek isteyen herkesi bulu\u015fmaya davet etti.\" \/>\n<meta property=\"og:url\" content=\"https:\/\/kibrisdakik.com\/?p=103855\" \/>\n<meta property=\"article:published_time\" content=\"2026-01-13T09:16:09+00:00\" \/>\n<meta property=\"og:image\" content=\"https:\/\/kibrisdakik.com\/wp-content\/uploads\/2026\/01\/mha-sari-beyaz-2321.png\" \/>\n\t<meta property=\"og:image:width\" content=\"1280\" \/>\n\t<meta property=\"og:image:height\" content=\"720\" \/>\n\t<meta property=\"og:image:type\" content=\"image\/png\" \/>\n<meta name=\"author\" content=\"admin\" \/>\n<meta name=\"twitter:card\" content=\"summary_large_image\" \/>\n<meta name=\"twitter:label1\" content=\"Yazan:\" \/>\n\t<meta name=\"twitter:data1\" content=\"admin\" \/>\n<script type=\"application\/ld+json\" class=\"yoast-schema-graph\">{\"@context\":\"https:\\\/\\\/schema.org\",\"@graph\":[{\"@type\":\"Article\",\"@id\":\"https:\\\/\\\/kibrisdakik.com\\\/?p=103855#article\",\"isPartOf\":{\"@id\":\"https:\\\/\\\/kibrisdakik.com\\\/?p=103855\"},\"author\":{\"name\":\"admin\",\"@id\":\"https:\\\/\\\/kibrisdakik.com\\\/#\\\/schema\\\/person\\\/9cd9d437bbb44f72b73ba127e06d8e79\"},\"headline\":\"KKTC\u2019DE YA\u015eAYAN \u0130RANLILARDAN DAYANI\u015eMA \u00c7A\u011eRISI\",\"datePublished\":\"2026-01-13T09:16:09+00:00\",\"mainEntityOfPage\":{\"@id\":\"https:\\\/\\\/kibrisdakik.com\\\/?p=103855\"},\"wordCount\":98,\"commentCount\":0,\"image\":{\"@id\":\"https:\\\/\\\/kibrisdakik.com\\\/?p=103855#primaryimage\"},\"thumbnailUrl\":\"https:\\\/\\\/kibrisdakik.com\\\/wp-content\\\/uploads\\\/2026\\\/01\\\/mha-sari-beyaz-2321.png\",\"articleSection\":[\"K\u0131br\u0131s\"],\"inLanguage\":\"tr\",\"potentialAction\":[{\"@type\":\"CommentAction\",\"name\":\"Comment\",\"target\":[\"https:\\\/\\\/kibrisdakik.com\\\/?p=103855#respond\"]}]},{\"@type\":\"WebPage\",\"@id\":\"https:\\\/\\\/kibrisdakik.com\\\/?p=103855\",\"url\":\"https:\\\/\\\/kibrisdakik.com\\\/?p=103855\",\"name\":\"KKTC\u2019DE YA\u015eAYAN \u0130RANLILARDAN DAYANI\u015eMA \u00c7A\u011eRISI -\",\"isPartOf\":{\"@id\":\"https:\\\/\\\/kibrisdakik.com\\\/#website\"},\"primaryImageOfPage\":{\"@id\":\"https:\\\/\\\/kibrisdakik.com\\\/?p=103855#primaryimage\"},\"image\":{\"@id\":\"https:\\\/\\\/kibrisdakik.com\\\/?p=103855#primaryimage\"},\"thumbnailUrl\":\"https:\\\/\\\/kibrisdakik.com\\\/wp-content\\\/uploads\\\/2026\\\/01\\\/mha-sari-beyaz-2321.png\",\"datePublished\":\"2026-01-13T09:16:09+00:00\",\"author\":{\"@id\":\"https:\\\/\\\/kibrisdakik.com\\\/#\\\/schema\\\/person\\\/9cd9d437bbb44f72b73ba127e06d8e79\"},\"breadcrumb\":{\"@id\":\"https:\\\/\\\/kibrisdakik.com\\\/?p=103855#breadcrumb\"},\"inLanguage\":\"tr\",\"potentialAction\":[{\"@type\":\"ReadAction\",\"target\":[\"https:\\\/\\\/kibrisdakik.com\\\/?p=103855\"]}]},{\"@type\":\"ImageObject\",\"inLanguage\":\"tr\",\"@id\":\"https:\\\/\\\/kibrisdakik.com\\\/?p=103855#primaryimage\",\"url\":\"https:\\\/\\\/kibrisdakik.com\\\/wp-content\\\/uploads\\\/2026\\\/01\\\/mha-sari-beyaz-2321.png\",\"contentUrl\":\"https:\\\/\\\/kibrisdakik.com\\\/wp-content\\\/uploads\\\/2026\\\/01\\\/mha-sari-beyaz-2321.png\",\"width\":1280,\"height\":720},{\"@type\":\"BreadcrumbList\",\"@id\":\"https:\\\/\\\/kibrisdakik.com\\\/?p=103855#breadcrumb\",\"itemListElement\":[{\"@type\":\"ListItem\",\"position\":1,\"name\":\"Home\",\"item\":\"https:\\\/\\\/kibrisdakik.com\\\/\"},{\"@type\":\"ListItem\",\"position\":2,\"name\":\"KKTC\u2019DE YA\u015eAYAN \u0130RANLILARDAN DAYANI\u015eMA \u00c7A\u011eRISI\"}]},{\"@type\":\"WebSite\",\"@id\":\"https:\\\/\\\/kibrisdakik.com\\\/#website\",\"url\":\"https:\\\/\\\/kibrisdakik.com\\\/\",\"name\":\"\",\"description\":\"Tam vaktinde haber\",\"potentialAction\":[{\"@type\":\"SearchAction\",\"target\":{\"@type\":\"EntryPoint\",\"urlTemplate\":\"https:\\\/\\\/kibrisdakik.com\\\/?s={search_term_string}\"},\"query-input\":{\"@type\":\"PropertyValueSpecification\",\"valueRequired\":true,\"valueName\":\"search_term_string\"}}],\"inLanguage\":\"tr\"},{\"@type\":\"Person\",\"@id\":\"https:\\\/\\\/kibrisdakik.com\\\/#\\\/schema\\\/person\\\/9cd9d437bbb44f72b73ba127e06d8e79\",\"name\":\"admin\",\"image\":{\"@type\":\"ImageObject\",\"inLanguage\":\"tr\",\"@id\":\"https:\\\/\\\/secure.gravatar.com\\\/avatar\\\/ccc17943b9d660506c869530f897617f7cb1c21a4bf30023f252596d83e1f007?s=96&d=mm&r=g\",\"url\":\"https:\\\/\\\/secure.gravatar.com\\\/avatar\\\/ccc17943b9d660506c869530f897617f7cb1c21a4bf30023f252596d83e1f007?s=96&d=mm&r=g\",\"contentUrl\":\"https:\\\/\\\/secure.gravatar.com\\\/avatar\\\/ccc17943b9d660506c869530f897617f7cb1c21a4bf30023f252596d83e1f007?s=96&d=mm&r=g\",\"caption\":\"admin\"},\"sameAs\":[\"https:\\\/\\\/kibrisdakik.com\"],\"url\":\"https:\\\/\\\/kibrisdakik.com\\\/?author=1\"}]}<\/script>\n<!-- \/ Yoast SEO plugin. -->","yoast_head_json":{"title":"KKTC\u2019DE YA\u015eAYAN \u0130RANLILARDAN DAYANI\u015eMA \u00c7A\u011eRISI -","robots":{"index":"index","follow":"follow","max-snippet":"max-snippet:-1","max-image-preview":"max-image-preview:large","max-video-preview":"max-video-preview:-1"},"canonical":"https:\/\/kibrisdakik.com\/?p=103855","og_locale":"tr_TR","og_type":"article","og_title":"KKTC\u2019DE YA\u015eAYAN \u0130RANLILARDAN DAYANI\u015eMA \u00c7A\u011eRISI -","og_description":"Kuzey K\u0131br\u0131s\u2019ta ya\u015fayan \u0130ranl\u0131 yurtta\u015flar, \u0130ran\u2019daki halka destek vermek amac\u0131yla Lefko\u015fa\u2019da bir araya geliyor. Yap\u0131lan duyuruya g\u00f6re, dayan\u0131\u015fma bulu\u015fmas\u0131 \u00c7ar\u015famba g\u00fcn\u00fc, 14 A\u011fustos\u2019ta saat 18.00\u2019de Lefko\u015fa Otob\u00fcs Terminali\u2019nde ger\u00e7ekle\u015ftirilecek. Etkinlikte, \u0130ran\u2019daki geli\u015fmelere dikkat \u00e7ekilmesi ve halkla dayan\u0131\u015fma mesaj\u0131 verilmesi ama\u00e7lan\u0131yor. Organizat\u00f6rler, Kuzey K\u0131br\u0131s\u2019ta ya\u015fayan t\u00fcm \u0130ranl\u0131 yurtta\u015flar\u0131 ve destek vermek isteyen herkesi bulu\u015fmaya davet etti.","og_url":"https:\/\/kibrisdakik.com\/?p=103855","article_published_time":"2026-01-13T09:16:09+00:00","og_image":[{"width":1280,"height":720,"url":"https:\/\/kibrisdakik.com\/wp-content\/uploads\/2026\/01\/mha-sari-beyaz-2321.png","type":"image\/png"}],"author":"admin","twitter_card":"summary_large_image","twitter_misc":{"Yazan:":"admin"},"schema":{"@context":"https:\/\/schema.org","@graph":[{"@type":"Article","@id":"https:\/\/kibrisdakik.com\/?p=103855#article","isPartOf":{"@id":"https:\/\/kibrisdakik.com\/?p=103855"},"author":{"name":"admin","@id":"https:\/\/kibrisdakik.com\/#\/schema\/person\/9cd9d437bbb44f72b73ba127e06d8e79"},"headline":"KKTC\u2019DE YA\u015eAYAN \u0130RANLILARDAN DAYANI\u015eMA \u00c7A\u011eRISI","datePublished":"2026-01-13T09:16:09+00:00","mainEntityOfPage":{"@id":"https:\/\/kibrisdakik.com\/?p=103855"},"wordCount":98,"commentCount":0,"image":{"@id":"https:\/\/kibrisdakik.com\/?p=103855#primaryimage"},"thumbnailUrl":"https:\/\/kibrisdakik.com\/wp-content\/uploads\/2026\/01\/mha-sari-beyaz-2321.png","articleSection":["K\u0131br\u0131s"],"inLanguage":"tr","potentialAction":[{"@type":"CommentAction","name":"Comment","target":["https:\/\/kibrisdakik.com\/?p=103855#respond"]}]},{"@type":"WebPage","@id":"https:\/\/kibrisdakik.com\/?p=103855","url":"https:\/\/kibrisdakik.com\/?p=103855","name":"KKTC\u2019DE YA\u015eAYAN \u0130RANLILARDAN DAYANI\u015eMA \u00c7A\u011eRISI -","isPartOf":{"@id":"https:\/\/kibrisdakik.com\/#website"},"primaryImageOfPage":{"@id":"https:\/\/kibrisdakik.com\/?p=103855#primaryimage"},"image":{"@id":"https:\/\/kibrisdakik.com\/?p=103855#primaryimage"},"thumbnailUrl":"https:\/\/kibrisdakik.com\/wp-content\/uploads\/2026\/01\/mha-sari-beyaz-2321.png","datePublished":"2026-01-13T09:16:09+00:00","author":{"@id":"https:\/\/kibrisdakik.com\/#\/schema\/person\/9cd9d437bbb44f72b73ba127e06d8e79"},"breadcrumb":{"@id":"https:\/\/kibrisdakik.com\/?p=103855#breadcrumb"},"inLanguage":"tr","potentialAction":[{"@type":"ReadAction","target":["https:\/\/kibrisdakik.com\/?p=103855"]}]},{"@type":"ImageObject","inLanguage":"tr","@id":"https:\/\/kibrisdakik.com\/?p=103855#primaryimage","url":"https:\/\/kibrisdakik.com\/wp-content\/uploads\/2026\/01\/mha-sari-beyaz-2321.png","contentUrl":"https:\/\/kibrisdakik.com\/wp-content\/uploads\/2026\/01\/mha-sari-beyaz-2321.png","width":1280,"height":720},{"@type":"BreadcrumbList","@id":"https:\/\/kibrisdakik.com\/?p=103855#breadcrumb","itemListElement":[{"@type":"ListItem","position":1,"name":"Home","item":"https:\/\/kibrisdakik.com\/"},{"@type":"ListItem","position":2,"name":"KKTC\u2019DE YA\u015eAYAN \u0130RANLILARDAN DAYANI\u015eMA \u00c7A\u011eRISI"}]},{"@type":"WebSite","@id":"https:\/\/kibrisdakik.com\/#website","url":"https:\/\/kibrisdakik.com\/","name":"","description":"Tam vaktinde haber","potentialAction":[{"@type":"SearchAction","target":{"@type":"EntryPoint","urlTemplate":"https:\/\/kibrisdakik.com\/?s={search_term_string}"},"query-input":{"@type":"PropertyValueSpecification","valueRequired":true,"valueName":"search_term_string"}}],"inLanguage":"tr"},{"@type":"Person","@id":"https:\/\/kibrisdakik.com\/#\/schema\/person\/9cd9d437bbb44f72b73ba127e06d8e79","name":"admin","image":{"@type":"ImageObject","inLanguage":"tr","@id":"https:\/\/secure.gravatar.com\/avatar\/ccc17943b9d660506c869530f897617f7cb1c21a4bf30023f252596d83e1f007?s=96&d=mm&r=g","url":"https:\/\/secure.gravatar.com\/avatar\/ccc17943b9d660506c869530f897617f7cb1c21a4bf30023f252596d83e1f007?s=96&d=mm&r=g","contentUrl":"https:\/\/secure.gravatar.com\/avatar\/ccc17943b9d660506c869530f897617f7cb1c21a4bf30023f252596d83e1f007?s=96&d=mm&r=g","caption":"admin"},"sameAs":["https:\/\/kibrisdakik.com"],"url":"https:\/\/kibrisdakik.com\/?author=1"}]}},"_links":{"self":[{"href":"https:\/\/kibrisdakik.com\/index.php?rest_route=\/wp\/v2\/posts\/103855","targetHints":{"allow":["GET"]}}],"collection":[{"href":"https:\/\/kibrisdakik.com\/index.php?rest_route=\/wp\/v2\/posts"}],"about":[{"href":"https:\/\/kibrisdakik.com\/index.php?rest_route=\/wp\/v2\/types\/post"}],"author":[{"embeddable":true,"href":"https:\/\/kibrisdakik.com\/index.php?rest_route=\/wp\/v2\/users\/1"}],"replies":[{"embeddable":true,"href":"https:\/\/kibrisdakik.com\/index.php?rest_route=%2Fwp%2Fv2%2Fcomments&post=103855"}],"version-history":[{"count":0,"href":"https:\/\/kibrisdakik.com\/index.php?rest_route=\/wp\/v2\/posts\/103855\/revisions"}],"wp:featuredmedia":[{"embeddable":true,"href":"https:\/\/kibrisdakik.com\/index.php?rest_route=\/wp\/v2\/media\/103856"}],"wp:attachment":[{"href":"https:\/\/kibrisdakik.com\/index.php?rest_route=%2Fwp%2Fv2%2Fmedia&parent=103855"}],"wp:term":[{"taxonomy":"category","embeddable":true,"href":"https:\/\/kibrisdakik.com\/index.php?rest_route=%2Fwp%2Fv2%2Fcategories&post=103855"},{"taxonomy":"post_tag","embeddable":true,"href":"https:\/\/kibrisdakik.com\/index.php?rest_route=%2Fwp%2Fv2%2Ftags&post=103855"}],"curies":[{"name":"wp","href":"https:\/\/api.w.org\/{rel}","templated":true}]}}