{"id":103980,"date":"2026-01-14T12:21:01","date_gmt":"2026-01-14T10:21:01","guid":{"rendered":"https:\/\/kibrisdakik.com\/index.php\/2026\/01\/14\/otobus-kazasinda-yaralanan-yaya-surucuden-sikayetci-oldu\/"},"modified":"2026-01-14T12:21:01","modified_gmt":"2026-01-14T10:21:01","slug":"otobus-kazasinda-yaralanan-yaya-surucuden-sikayetci-oldu","status":"publish","type":"post","link":"https:\/\/kibrisdakik.com\/?p=103980","title":{"rendered":"OTOB\u00dcS KAZASINDA YARALANAN YAYA S\u00dcR\u00dcC\u00dcDEN \u015e\u0130KAYET\u00c7\u0130 OLDU"},"content":{"rendered":"<p><\/p>\n<div data-text-id=\"193826\" property=\"articleBody\">\n<p>Girne\u2019de otob\u00fcs\u00fcn \u00e7arpt\u0131\u011f\u0131 yaya yo\u011fun bak\u0131mdan \u00e7\u0131kt\u0131<br \/>&#13;<br \/>\n<strong>\u015eOF\u00d6RDEN \u015e\u0130KAYET\u00c7\u0130 OLDU<\/strong><\/p>\n<p>Girne\u2019de Mete Adan\u0131r Caddesi\u2019nde 10 Ocak tarihinde meydana gelen kazada, yolu ko\u015farak ge\u00e7meye \u00e7al\u0131\u015f\u0131rken <strong>M.\u00c7.<\/strong>\u2019nin y\u00f6netimindeki <strong>TAA 539 F<\/strong> plakal\u0131 otob\u00fcs\u00fcn \u00e7arpmas\u0131 sonucu a\u011f\u0131r yaralanan 42 ya\u015f\u0131ndaki Eh\u0131k\u0131oya Kelvin Obaretin yo\u011fun bak\u0131m servisinden \u00e7\u0131kt\u0131.<\/p>\n<p>V\u00fccudundaki k\u0131r\u0131klar nedeniyle Cerrahi Servisi\u2019nde m\u00fc\u015fahede alt\u0131nda tutulan Obaretin, otob\u00fcs \u015fof\u00f6r\u00fcnden \u015fikayet\u00e7i oldu.<\/p>\n<p>Aleyhindeki soru\u015fturma tamamlanan zanl\u0131 <strong>M.\u00c7.<\/strong>, teminat talebiyle Girne Kaza Mahkemesi\u2019ne \u00e7\u0131kar\u0131ld\u0131.<\/p>\n<p><strong>POL\u0130S: HAYAT\u0130 TEHL\u0130KEY\u0130 ATLATTI<\/strong><\/p>\n<p>Girne Polis M\u00fcd\u00fcrl\u00fc\u011f\u00fc\u2019ne ba\u011fl\u0131 Trafik \u015eube\u2019de g\u00f6revli polis memuru Berkay Tayan\u00e7, zanl\u0131 <strong>M.\u00c7.<\/strong>\u2019nin \u201cA\u011f\u0131r yaralanmal\u0131 trafik kazas\u0131\u201d ve \u201cDikkatsiz s\u00fcr\u00fc\u015f\u201d su\u00e7lar\u0131ndan tutukland\u0131\u011f\u0131n\u0131 s\u00f6yledi. Kazan\u0131n Mete Adan\u0131r Caddesi \u00fczerinde 10 Ocak tarihinde sabah saat 06.30\u2019da meydana geldi\u011fini anlatan Tayan\u00e7, yaya Obaretin\u2019in d\u00fcn itibar\u0131yla hayati tehlikesi olmad\u0131\u011f\u0131 gerek\u00e7esiyle yo\u011fun bak\u0131m servisinden Cerrahi Servis\u2019e al\u0131nd\u0131\u011f\u0131n\u0131 belirtti.<\/p>\n<p>V\u00fccudunda \u00e7oklu k\u0131r\u0131klar, b\u00f6bre\u011finde y\u0131rt\u0131lma ve \u00f6dem bulunan Obaretin\u2019in, otob\u00fcs \u015fof\u00f6r\u00fc <strong>M.\u00c7.<\/strong>\u2019den \u015fikayet\u00e7i oldu\u011funu kaydeden Tayan\u00e7, soru\u015fturman\u0131n tamamland\u0131\u011f\u0131n\u0131 ifade ederek zanl\u0131n\u0131n davalar\u0131 g\u00f6r\u00fc\u015f\u00fcl\u00fcnceye kadar uygun bir teminata ba\u011flanmas\u0131n\u0131 talep etti.<\/p>\n<p>Mahkeme, <strong>M.\u00c7.<\/strong>\u2019nin yurt d\u0131\u015f\u0131na \u00e7\u0131k\u0131\u015f\u0131n\u0131 yasaklayarak, <strong>70 bin TL nakit<\/strong> ve <strong>KKTC vatanda\u015f\u0131 1 ki\u015finin imza edece\u011fi 500 bin TL\u2019lik kefalet senedi<\/strong> imzalamas\u0131 \u015fart\u0131yla serbest kalmas\u0131na emir verdi.<\/p>\n<\/p><\/div>\n","protected":false},"excerpt":{"rendered":"<p>Girne\u2019de otob\u00fcs\u00fcn \u00e7arpt\u0131\u011f\u0131 yaya yo\u011fun bak\u0131mdan \u00e7\u0131kt\u0131&#13; \u015eOF\u00d6RDEN \u015e\u0130KAYET\u00c7\u0130 OLDU Girne\u2019de Mete Adan\u0131r Caddesi\u2019nde 10 Ocak tarihinde meydana gelen kazada, yolu ko\u015farak ge\u00e7meye \u00e7al\u0131\u015f\u0131rken M.\u00c7.\u2019nin y\u00f6netimindeki TAA 539 F plakal\u0131 otob\u00fcs\u00fcn \u00e7arpmas\u0131 sonucu a\u011f\u0131r yaralanan 42 ya\u015f\u0131ndaki Eh\u0131k\u0131oya Kelvin Obaretin yo\u011fun bak\u0131m servisinden \u00e7\u0131kt\u0131. V\u00fccudundaki k\u0131r\u0131klar nedeniyle Cerrahi Servisi\u2019nde m\u00fc\u015fahede alt\u0131nda tutulan Obaretin, otob\u00fcs \u015fof\u00f6r\u00fcnden<\/p>\n","protected":false},"author":1,"featured_media":103981,"comment_status":"open","ping_status":"open","sticky":false,"template":"","format":"standard","meta":{"footnotes":""},"categories":[81],"tags":[],"class_list":["post-103980","post","type-post","status-publish","format-standard","has-post-thumbnail","hentry","category-kibris"],"yoast_head":"<!-- This site is optimized with the Yoast SEO plugin v27.5 - https:\/\/yoast.com\/product\/yoast-seo-wordpress\/ -->\n<title>OTOB\u00dcS KAZASINDA YARALANAN YAYA S\u00dcR\u00dcC\u00dcDEN \u015e\u0130KAYET\u00c7\u0130 OLDU -<\/title>\n<meta name=\"robots\" content=\"index, follow, max-snippet:-1, max-image-preview:large, max-video-preview:-1\" \/>\n<link rel=\"canonical\" href=\"https:\/\/kibrisdakik.com\/?p=103980\" \/>\n<meta property=\"og:locale\" content=\"tr_TR\" \/>\n<meta property=\"og:type\" content=\"article\" \/>\n<meta property=\"og:title\" content=\"OTOB\u00dcS KAZASINDA YARALANAN YAYA S\u00dcR\u00dcC\u00dcDEN \u015e\u0130KAYET\u00c7\u0130 OLDU -\" \/>\n<meta property=\"og:description\" content=\"Girne\u2019de otob\u00fcs\u00fcn \u00e7arpt\u0131\u011f\u0131 yaya yo\u011fun bak\u0131mdan \u00e7\u0131kt\u0131&#013; \u015eOF\u00d6RDEN \u015e\u0130KAYET\u00c7\u0130 OLDU Girne\u2019de Mete Adan\u0131r Caddesi\u2019nde 10 Ocak tarihinde meydana gelen kazada, yolu ko\u015farak ge\u00e7meye \u00e7al\u0131\u015f\u0131rken M.\u00c7.\u2019nin y\u00f6netimindeki TAA 539 F plakal\u0131 otob\u00fcs\u00fcn \u00e7arpmas\u0131 sonucu a\u011f\u0131r yaralanan 42 ya\u015f\u0131ndaki Eh\u0131k\u0131oya Kelvin Obaretin yo\u011fun bak\u0131m servisinden \u00e7\u0131kt\u0131. V\u00fccudundaki k\u0131r\u0131klar nedeniyle Cerrahi Servisi\u2019nde m\u00fc\u015fahede alt\u0131nda tutulan Obaretin, otob\u00fcs \u015fof\u00f6r\u00fcnden\" \/>\n<meta property=\"og:url\" content=\"https:\/\/kibrisdakik.com\/?p=103980\" \/>\n<meta property=\"article:published_time\" content=\"2026-01-14T10:21:01+00:00\" \/>\n<meta property=\"og:image\" content=\"https:\/\/kibrisdakik.com\/wp-content\/uploads\/2026\/01\/mha-sari-beyaz-2362.png\" \/>\n\t<meta property=\"og:image:width\" content=\"1280\" \/>\n\t<meta property=\"og:image:height\" content=\"720\" \/>\n\t<meta property=\"og:image:type\" content=\"image\/png\" \/>\n<meta name=\"author\" content=\"admin\" \/>\n<meta name=\"twitter:card\" content=\"summary_large_image\" \/>\n<meta name=\"twitter:label1\" content=\"Yazan:\" \/>\n\t<meta name=\"twitter:data1\" content=\"admin\" \/>\n\t<meta name=\"twitter:label2\" content=\"Tahmini okuma s\u00fcresi\" \/>\n\t<meta name=\"twitter:data2\" content=\"1 dakika\" \/>\n<script type=\"application\/ld+json\" class=\"yoast-schema-graph\">{\"@context\":\"https:\\\/\\\/schema.org\",\"@graph\":[{\"@type\":\"Article\",\"@id\":\"https:\\\/\\\/kibrisdakik.com\\\/?p=103980#article\",\"isPartOf\":{\"@id\":\"https:\\\/\\\/kibrisdakik.com\\\/?p=103980\"},\"author\":{\"name\":\"admin\",\"@id\":\"https:\\\/\\\/kibrisdakik.com\\\/#\\\/schema\\\/person\\\/9cd9d437bbb44f72b73ba127e06d8e79\"},\"headline\":\"OTOB\u00dcS KAZASINDA YARALANAN YAYA S\u00dcR\u00dcC\u00dcDEN \u015e\u0130KAYET\u00c7\u0130 OLDU\",\"datePublished\":\"2026-01-14T10:21:01+00:00\",\"mainEntityOfPage\":{\"@id\":\"https:\\\/\\\/kibrisdakik.com\\\/?p=103980\"},\"wordCount\":280,\"commentCount\":0,\"image\":{\"@id\":\"https:\\\/\\\/kibrisdakik.com\\\/?p=103980#primaryimage\"},\"thumbnailUrl\":\"https:\\\/\\\/kibrisdakik.com\\\/wp-content\\\/uploads\\\/2026\\\/01\\\/mha-sari-beyaz-2362.png\",\"articleSection\":[\"K\u0131br\u0131s\"],\"inLanguage\":\"tr\",\"potentialAction\":[{\"@type\":\"CommentAction\",\"name\":\"Comment\",\"target\":[\"https:\\\/\\\/kibrisdakik.com\\\/?p=103980#respond\"]}]},{\"@type\":\"WebPage\",\"@id\":\"https:\\\/\\\/kibrisdakik.com\\\/?p=103980\",\"url\":\"https:\\\/\\\/kibrisdakik.com\\\/?p=103980\",\"name\":\"OTOB\u00dcS KAZASINDA YARALANAN YAYA S\u00dcR\u00dcC\u00dcDEN \u015e\u0130KAYET\u00c7\u0130 OLDU -\",\"isPartOf\":{\"@id\":\"https:\\\/\\\/kibrisdakik.com\\\/#website\"},\"primaryImageOfPage\":{\"@id\":\"https:\\\/\\\/kibrisdakik.com\\\/?p=103980#primaryimage\"},\"image\":{\"@id\":\"https:\\\/\\\/kibrisdakik.com\\\/?p=103980#primaryimage\"},\"thumbnailUrl\":\"https:\\\/\\\/kibrisdakik.com\\\/wp-content\\\/uploads\\\/2026\\\/01\\\/mha-sari-beyaz-2362.png\",\"datePublished\":\"2026-01-14T10:21:01+00:00\",\"author\":{\"@id\":\"https:\\\/\\\/kibrisdakik.com\\\/#\\\/schema\\\/person\\\/9cd9d437bbb44f72b73ba127e06d8e79\"},\"breadcrumb\":{\"@id\":\"https:\\\/\\\/kibrisdakik.com\\\/?p=103980#breadcrumb\"},\"inLanguage\":\"tr\",\"potentialAction\":[{\"@type\":\"ReadAction\",\"target\":[\"https:\\\/\\\/kibrisdakik.com\\\/?p=103980\"]}]},{\"@type\":\"ImageObject\",\"inLanguage\":\"tr\",\"@id\":\"https:\\\/\\\/kibrisdakik.com\\\/?p=103980#primaryimage\",\"url\":\"https:\\\/\\\/kibrisdakik.com\\\/wp-content\\\/uploads\\\/2026\\\/01\\\/mha-sari-beyaz-2362.png\",\"contentUrl\":\"https:\\\/\\\/kibrisdakik.com\\\/wp-content\\\/uploads\\\/2026\\\/01\\\/mha-sari-beyaz-2362.png\",\"width\":1280,\"height\":720},{\"@type\":\"BreadcrumbList\",\"@id\":\"https:\\\/\\\/kibrisdakik.com\\\/?p=103980#breadcrumb\",\"itemListElement\":[{\"@type\":\"ListItem\",\"position\":1,\"name\":\"Home\",\"item\":\"https:\\\/\\\/kibrisdakik.com\\\/\"},{\"@type\":\"ListItem\",\"position\":2,\"name\":\"OTOB\u00dcS KAZASINDA YARALANAN YAYA S\u00dcR\u00dcC\u00dcDEN \u015e\u0130KAYET\u00c7\u0130 OLDU\"}]},{\"@type\":\"WebSite\",\"@id\":\"https:\\\/\\\/kibrisdakik.com\\\/#website\",\"url\":\"https:\\\/\\\/kibrisdakik.com\\\/\",\"name\":\"\",\"description\":\"Tam vaktinde haber\",\"potentialAction\":[{\"@type\":\"SearchAction\",\"target\":{\"@type\":\"EntryPoint\",\"urlTemplate\":\"https:\\\/\\\/kibrisdakik.com\\\/?s={search_term_string}\"},\"query-input\":{\"@type\":\"PropertyValueSpecification\",\"valueRequired\":true,\"valueName\":\"search_term_string\"}}],\"inLanguage\":\"tr\"},{\"@type\":\"Person\",\"@id\":\"https:\\\/\\\/kibrisdakik.com\\\/#\\\/schema\\\/person\\\/9cd9d437bbb44f72b73ba127e06d8e79\",\"name\":\"admin\",\"image\":{\"@type\":\"ImageObject\",\"inLanguage\":\"tr\",\"@id\":\"https:\\\/\\\/secure.gravatar.com\\\/avatar\\\/ccc17943b9d660506c869530f897617f7cb1c21a4bf30023f252596d83e1f007?s=96&d=mm&r=g\",\"url\":\"https:\\\/\\\/secure.gravatar.com\\\/avatar\\\/ccc17943b9d660506c869530f897617f7cb1c21a4bf30023f252596d83e1f007?s=96&d=mm&r=g\",\"contentUrl\":\"https:\\\/\\\/secure.gravatar.com\\\/avatar\\\/ccc17943b9d660506c869530f897617f7cb1c21a4bf30023f252596d83e1f007?s=96&d=mm&r=g\",\"caption\":\"admin\"},\"sameAs\":[\"https:\\\/\\\/kibrisdakik.com\"],\"url\":\"https:\\\/\\\/kibrisdakik.com\\\/?author=1\"}]}<\/script>\n<!-- \/ Yoast SEO plugin. -->","yoast_head_json":{"title":"OTOB\u00dcS KAZASINDA YARALANAN YAYA S\u00dcR\u00dcC\u00dcDEN \u015e\u0130KAYET\u00c7\u0130 OLDU -","robots":{"index":"index","follow":"follow","max-snippet":"max-snippet:-1","max-image-preview":"max-image-preview:large","max-video-preview":"max-video-preview:-1"},"canonical":"https:\/\/kibrisdakik.com\/?p=103980","og_locale":"tr_TR","og_type":"article","og_title":"OTOB\u00dcS KAZASINDA YARALANAN YAYA S\u00dcR\u00dcC\u00dcDEN \u015e\u0130KAYET\u00c7\u0130 OLDU -","og_description":"Girne\u2019de otob\u00fcs\u00fcn \u00e7arpt\u0131\u011f\u0131 yaya yo\u011fun bak\u0131mdan \u00e7\u0131kt\u0131&#13; \u015eOF\u00d6RDEN \u015e\u0130KAYET\u00c7\u0130 OLDU Girne\u2019de Mete Adan\u0131r Caddesi\u2019nde 10 Ocak tarihinde meydana gelen kazada, yolu ko\u015farak ge\u00e7meye \u00e7al\u0131\u015f\u0131rken M.\u00c7.\u2019nin y\u00f6netimindeki TAA 539 F plakal\u0131 otob\u00fcs\u00fcn \u00e7arpmas\u0131 sonucu a\u011f\u0131r yaralanan 42 ya\u015f\u0131ndaki Eh\u0131k\u0131oya Kelvin Obaretin yo\u011fun bak\u0131m servisinden \u00e7\u0131kt\u0131. V\u00fccudundaki k\u0131r\u0131klar nedeniyle Cerrahi Servisi\u2019nde m\u00fc\u015fahede alt\u0131nda tutulan Obaretin, otob\u00fcs \u015fof\u00f6r\u00fcnden","og_url":"https:\/\/kibrisdakik.com\/?p=103980","article_published_time":"2026-01-14T10:21:01+00:00","og_image":[{"width":1280,"height":720,"url":"https:\/\/kibrisdakik.com\/wp-content\/uploads\/2026\/01\/mha-sari-beyaz-2362.png","type":"image\/png"}],"author":"admin","twitter_card":"summary_large_image","twitter_misc":{"Yazan:":"admin","Tahmini okuma s\u00fcresi":"1 dakika"},"schema":{"@context":"https:\/\/schema.org","@graph":[{"@type":"Article","@id":"https:\/\/kibrisdakik.com\/?p=103980#article","isPartOf":{"@id":"https:\/\/kibrisdakik.com\/?p=103980"},"author":{"name":"admin","@id":"https:\/\/kibrisdakik.com\/#\/schema\/person\/9cd9d437bbb44f72b73ba127e06d8e79"},"headline":"OTOB\u00dcS KAZASINDA YARALANAN YAYA S\u00dcR\u00dcC\u00dcDEN \u015e\u0130KAYET\u00c7\u0130 OLDU","datePublished":"2026-01-14T10:21:01+00:00","mainEntityOfPage":{"@id":"https:\/\/kibrisdakik.com\/?p=103980"},"wordCount":280,"commentCount":0,"image":{"@id":"https:\/\/kibrisdakik.com\/?p=103980#primaryimage"},"thumbnailUrl":"https:\/\/kibrisdakik.com\/wp-content\/uploads\/2026\/01\/mha-sari-beyaz-2362.png","articleSection":["K\u0131br\u0131s"],"inLanguage":"tr","potentialAction":[{"@type":"CommentAction","name":"Comment","target":["https:\/\/kibrisdakik.com\/?p=103980#respond"]}]},{"@type":"WebPage","@id":"https:\/\/kibrisdakik.com\/?p=103980","url":"https:\/\/kibrisdakik.com\/?p=103980","name":"OTOB\u00dcS KAZASINDA YARALANAN YAYA S\u00dcR\u00dcC\u00dcDEN \u015e\u0130KAYET\u00c7\u0130 OLDU -","isPartOf":{"@id":"https:\/\/kibrisdakik.com\/#website"},"primaryImageOfPage":{"@id":"https:\/\/kibrisdakik.com\/?p=103980#primaryimage"},"image":{"@id":"https:\/\/kibrisdakik.com\/?p=103980#primaryimage"},"thumbnailUrl":"https:\/\/kibrisdakik.com\/wp-content\/uploads\/2026\/01\/mha-sari-beyaz-2362.png","datePublished":"2026-01-14T10:21:01+00:00","author":{"@id":"https:\/\/kibrisdakik.com\/#\/schema\/person\/9cd9d437bbb44f72b73ba127e06d8e79"},"breadcrumb":{"@id":"https:\/\/kibrisdakik.com\/?p=103980#breadcrumb"},"inLanguage":"tr","potentialAction":[{"@type":"ReadAction","target":["https:\/\/kibrisdakik.com\/?p=103980"]}]},{"@type":"ImageObject","inLanguage":"tr","@id":"https:\/\/kibrisdakik.com\/?p=103980#primaryimage","url":"https:\/\/kibrisdakik.com\/wp-content\/uploads\/2026\/01\/mha-sari-beyaz-2362.png","contentUrl":"https:\/\/kibrisdakik.com\/wp-content\/uploads\/2026\/01\/mha-sari-beyaz-2362.png","width":1280,"height":720},{"@type":"BreadcrumbList","@id":"https:\/\/kibrisdakik.com\/?p=103980#breadcrumb","itemListElement":[{"@type":"ListItem","position":1,"name":"Home","item":"https:\/\/kibrisdakik.com\/"},{"@type":"ListItem","position":2,"name":"OTOB\u00dcS KAZASINDA YARALANAN YAYA S\u00dcR\u00dcC\u00dcDEN \u015e\u0130KAYET\u00c7\u0130 OLDU"}]},{"@type":"WebSite","@id":"https:\/\/kibrisdakik.com\/#website","url":"https:\/\/kibrisdakik.com\/","name":"","description":"Tam vaktinde haber","potentialAction":[{"@type":"SearchAction","target":{"@type":"EntryPoint","urlTemplate":"https:\/\/kibrisdakik.com\/?s={search_term_string}"},"query-input":{"@type":"PropertyValueSpecification","valueRequired":true,"valueName":"search_term_string"}}],"inLanguage":"tr"},{"@type":"Person","@id":"https:\/\/kibrisdakik.com\/#\/schema\/person\/9cd9d437bbb44f72b73ba127e06d8e79","name":"admin","image":{"@type":"ImageObject","inLanguage":"tr","@id":"https:\/\/secure.gravatar.com\/avatar\/ccc17943b9d660506c869530f897617f7cb1c21a4bf30023f252596d83e1f007?s=96&d=mm&r=g","url":"https:\/\/secure.gravatar.com\/avatar\/ccc17943b9d660506c869530f897617f7cb1c21a4bf30023f252596d83e1f007?s=96&d=mm&r=g","contentUrl":"https:\/\/secure.gravatar.com\/avatar\/ccc17943b9d660506c869530f897617f7cb1c21a4bf30023f252596d83e1f007?s=96&d=mm&r=g","caption":"admin"},"sameAs":["https:\/\/kibrisdakik.com"],"url":"https:\/\/kibrisdakik.com\/?author=1"}]}},"_links":{"self":[{"href":"https:\/\/kibrisdakik.com\/index.php?rest_route=\/wp\/v2\/posts\/103980","targetHints":{"allow":["GET"]}}],"collection":[{"href":"https:\/\/kibrisdakik.com\/index.php?rest_route=\/wp\/v2\/posts"}],"about":[{"href":"https:\/\/kibrisdakik.com\/index.php?rest_route=\/wp\/v2\/types\/post"}],"author":[{"embeddable":true,"href":"https:\/\/kibrisdakik.com\/index.php?rest_route=\/wp\/v2\/users\/1"}],"replies":[{"embeddable":true,"href":"https:\/\/kibrisdakik.com\/index.php?rest_route=%2Fwp%2Fv2%2Fcomments&post=103980"}],"version-history":[{"count":0,"href":"https:\/\/kibrisdakik.com\/index.php?rest_route=\/wp\/v2\/posts\/103980\/revisions"}],"wp:featuredmedia":[{"embeddable":true,"href":"https:\/\/kibrisdakik.com\/index.php?rest_route=\/wp\/v2\/media\/103981"}],"wp:attachment":[{"href":"https:\/\/kibrisdakik.com\/index.php?rest_route=%2Fwp%2Fv2%2Fmedia&parent=103980"}],"wp:term":[{"taxonomy":"category","embeddable":true,"href":"https:\/\/kibrisdakik.com\/index.php?rest_route=%2Fwp%2Fv2%2Fcategories&post=103980"},{"taxonomy":"post_tag","embeddable":true,"href":"https:\/\/kibrisdakik.com\/index.php?rest_route=%2Fwp%2Fv2%2Ftags&post=103980"}],"curies":[{"name":"wp","href":"https:\/\/api.w.org\/{rel}","templated":true}]}}