{"id":103982,"date":"2026-01-14T12:25:03","date_gmt":"2026-01-14T10:25:03","guid":{"rendered":"https:\/\/kibrisdakik.com\/index.php\/2026\/01\/14\/mahkeme-salonunu-video-cekti-cezaevine-gonderildi\/"},"modified":"2026-01-14T12:25:03","modified_gmt":"2026-01-14T10:25:03","slug":"mahkeme-salonunu-video-cekti-cezaevine-gonderildi","status":"publish","type":"post","link":"https:\/\/kibrisdakik.com\/?p=103982","title":{"rendered":"MAHKEME SALONUNU V\u0130DEO \u00c7EKT\u0130 CEZAEV\u0130NE G\u00d6NDER\u0130LD\u0130"},"content":{"rendered":"<p><\/p>\n<div data-text-id=\"193828\" property=\"articleBody\">\n<p>Girne A\u011f\u0131r Ceza Mahkeme salonunu video kayd\u0131 al\u0131rken su\u00e7\u00fcst\u00fc yakalanan <strong>R.\u00c7.<\/strong> mahkemeye \u00e7\u0131kar\u0131ld\u0131.<\/p>\n<p><strong>MAHKEME SALONUNU V\u0130DEO \u00c7EKT\u0130<\/strong><br \/>&#13;<br \/>\n<strong>CEZAEV\u0130NE G\u00d6NDER\u0130LD\u0130<\/strong><\/p>\n<p>\u00dclkeye 12 Ocak tarihinde 30 g\u00fcnl\u00fck turist vizesi ile giri\u015f yapan <strong>R.\u00c7.<\/strong>, Girne A\u011f\u0131r Ceza Mahkemesinde bir tan\u0131d\u0131\u011f\u0131na iyilik yapmak maksad\u0131 ile A\u011f\u0131r Ceza Salonunu g\u00f6r\u00fcnt\u00fclemek isterken ba\u015f\u0131n\u0131 yakt\u0131.<\/p>\n<p>\u2018Foto\u011fraf ve ses kayd\u0131 almak yasakt\u0131r\u2019 yaz\u0131s\u0131 olmas\u0131na ra\u011fmen, salon i\u00e7ini g\u00f6r\u00fcnt\u00fcleyen zanl\u0131 <strong>R.\u00c7.<\/strong> su\u00e7\u00fcst\u00fc tutukland\u0131.<\/p>\n<p>\u2018Mahkemeler Yasas\u0131na Ayk\u0131r\u0131\u2019 hareket su\u00e7undan tutuklanan <strong>R.\u00c7.<\/strong>, teminat talebiyle Girne Kaza Mahkemesine \u00e7\u0131kar\u0131ld\u0131.<\/p>\n<p><strong>ADAYA 1 G\u00dcN \u00d6NCE GELD\u0130<\/strong><\/p>\n<p>Girne Polis M\u00fcd\u00fcrl\u00fc\u011f\u00fcne ba\u011fl\u0131 Adli \u015eube\u2019de g\u00f6revli polis memuru Zafer Y\u0131ld\u0131z, zanl\u0131 <strong>R.\u00c7.<\/strong>\u2019nin adaya 12 Ocak tarihinde giri\u015f yapt\u0131\u011f\u0131n\u0131, su\u00e7 tarihinin 13 Ocak oldu\u011funu s\u00f6yledi. Bir yak\u0131n\u0131na iyilik yapmak i\u00e7in salon i\u00e7erisinde san\u0131klar\u0131n bulundu\u011fu yeri g\u00f6r\u00fcnt\u00fclerken yakalanan zanl\u0131 <strong>R.\u00c7.<\/strong>\u2019nin cep telefonu emare olarak al\u0131nd\u0131.<\/p>\n<p>Aleyhindeki soru\u015fturman\u0131n tamamland\u0131\u011f\u0131n\u0131, i\u015flenen su\u00e7u zanl\u0131n\u0131n kabul etmedi\u011fini kaydeden Y\u0131ld\u0131z, \u00fclkede daimi adresi olmayan zanl\u0131n\u0131n yarg\u0131lan\u0131ncaya kadar 30 g\u00fcn\u00fc ge\u00e7meyecek \u015fekilde cezaevine g\u00f6nderilmesini talep etti.<\/p>\n<p>Bilerek \u00e7ekim yapmad\u0131\u011f\u0131n\u0131 iddia eden zanl\u0131, \u201csu\u00e7 oldu\u011funu bilmiyordum, bu \u00fclkeye 5 y\u0131ld\u0131r s\u00fcrekli gidip geliyorum, hi\u00e7bir sayg\u0131s\u0131zl\u0131\u011f\u0131m olmad\u0131\u201d dedi.<\/p>\n<p>Mahkeme, zanl\u0131n\u0131n davas\u0131 g\u00f6r\u00fc\u015f\u00fcl\u00fcnceye kadar 30 g\u00fcn\u00fc ge\u00e7meyecek \u015fekilde cezaevine g\u00f6nderilmesine emir verdi.<\/p>\n<\/p><\/div>\n","protected":false},"excerpt":{"rendered":"<p>Girne A\u011f\u0131r Ceza Mahkeme salonunu video kayd\u0131 al\u0131rken su\u00e7\u00fcst\u00fc yakalanan R.\u00c7. mahkemeye \u00e7\u0131kar\u0131ld\u0131. MAHKEME SALONUNU V\u0130DEO \u00c7EKT\u0130&#13; CEZAEV\u0130NE G\u00d6NDER\u0130LD\u0130 \u00dclkeye 12 Ocak tarihinde 30 g\u00fcnl\u00fck turist vizesi ile giri\u015f yapan R.\u00c7., Girne A\u011f\u0131r Ceza Mahkemesinde bir tan\u0131d\u0131\u011f\u0131na iyilik yapmak maksad\u0131 ile A\u011f\u0131r Ceza Salonunu g\u00f6r\u00fcnt\u00fclemek isterken ba\u015f\u0131n\u0131 yakt\u0131. \u2018Foto\u011fraf ve ses kayd\u0131 almak yasakt\u0131r\u2019 yaz\u0131s\u0131<\/p>\n","protected":false},"author":1,"featured_media":103983,"comment_status":"open","ping_status":"open","sticky":false,"template":"","format":"standard","meta":{"footnotes":""},"categories":[81],"tags":[],"class_list":["post-103982","post","type-post","status-publish","format-standard","has-post-thumbnail","hentry","category-kibris"],"yoast_head":"<!-- This site is optimized with the Yoast SEO plugin v27.5 - https:\/\/yoast.com\/product\/yoast-seo-wordpress\/ -->\n<title>MAHKEME SALONUNU V\u0130DEO \u00c7EKT\u0130 CEZAEV\u0130NE G\u00d6NDER\u0130LD\u0130 -<\/title>\n<meta name=\"robots\" content=\"index, follow, max-snippet:-1, max-image-preview:large, max-video-preview:-1\" \/>\n<link rel=\"canonical\" href=\"https:\/\/kibrisdakik.com\/?p=103982\" \/>\n<meta property=\"og:locale\" content=\"tr_TR\" \/>\n<meta property=\"og:type\" content=\"article\" \/>\n<meta property=\"og:title\" content=\"MAHKEME SALONUNU V\u0130DEO \u00c7EKT\u0130 CEZAEV\u0130NE G\u00d6NDER\u0130LD\u0130 -\" \/>\n<meta property=\"og:description\" content=\"Girne A\u011f\u0131r Ceza Mahkeme salonunu video kayd\u0131 al\u0131rken su\u00e7\u00fcst\u00fc yakalanan R.\u00c7. mahkemeye \u00e7\u0131kar\u0131ld\u0131. MAHKEME SALONUNU V\u0130DEO \u00c7EKT\u0130&#013; CEZAEV\u0130NE G\u00d6NDER\u0130LD\u0130 \u00dclkeye 12 Ocak tarihinde 30 g\u00fcnl\u00fck turist vizesi ile giri\u015f yapan R.\u00c7., Girne A\u011f\u0131r Ceza Mahkemesinde bir tan\u0131d\u0131\u011f\u0131na iyilik yapmak maksad\u0131 ile A\u011f\u0131r Ceza Salonunu g\u00f6r\u00fcnt\u00fclemek isterken ba\u015f\u0131n\u0131 yakt\u0131. \u2018Foto\u011fraf ve ses kayd\u0131 almak yasakt\u0131r\u2019 yaz\u0131s\u0131\" \/>\n<meta property=\"og:url\" content=\"https:\/\/kibrisdakik.com\/?p=103982\" \/>\n<meta property=\"article:published_time\" content=\"2026-01-14T10:25:03+00:00\" \/>\n<meta property=\"og:image\" content=\"https:\/\/kibrisdakik.com\/wp-content\/uploads\/2026\/01\/mha-sari-beyaz-2363.png\" \/>\n\t<meta property=\"og:image:width\" content=\"1280\" \/>\n\t<meta property=\"og:image:height\" content=\"720\" \/>\n\t<meta property=\"og:image:type\" content=\"image\/png\" \/>\n<meta name=\"author\" content=\"admin\" \/>\n<meta name=\"twitter:card\" content=\"summary_large_image\" \/>\n<meta name=\"twitter:label1\" content=\"Yazan:\" \/>\n\t<meta name=\"twitter:data1\" content=\"admin\" \/>\n\t<meta name=\"twitter:label2\" content=\"Tahmini okuma s\u00fcresi\" \/>\n\t<meta name=\"twitter:data2\" content=\"1 dakika\" \/>\n<script type=\"application\/ld+json\" class=\"yoast-schema-graph\">{\"@context\":\"https:\\\/\\\/schema.org\",\"@graph\":[{\"@type\":\"Article\",\"@id\":\"https:\\\/\\\/kibrisdakik.com\\\/?p=103982#article\",\"isPartOf\":{\"@id\":\"https:\\\/\\\/kibrisdakik.com\\\/?p=103982\"},\"author\":{\"name\":\"admin\",\"@id\":\"https:\\\/\\\/kibrisdakik.com\\\/#\\\/schema\\\/person\\\/9cd9d437bbb44f72b73ba127e06d8e79\"},\"headline\":\"MAHKEME SALONUNU V\u0130DEO \u00c7EKT\u0130 CEZAEV\u0130NE G\u00d6NDER\u0130LD\u0130\",\"datePublished\":\"2026-01-14T10:25:03+00:00\",\"mainEntityOfPage\":{\"@id\":\"https:\\\/\\\/kibrisdakik.com\\\/?p=103982\"},\"wordCount\":277,\"commentCount\":0,\"image\":{\"@id\":\"https:\\\/\\\/kibrisdakik.com\\\/?p=103982#primaryimage\"},\"thumbnailUrl\":\"https:\\\/\\\/kibrisdakik.com\\\/wp-content\\\/uploads\\\/2026\\\/01\\\/mha-sari-beyaz-2363.png\",\"articleSection\":[\"K\u0131br\u0131s\"],\"inLanguage\":\"tr\",\"potentialAction\":[{\"@type\":\"CommentAction\",\"name\":\"Comment\",\"target\":[\"https:\\\/\\\/kibrisdakik.com\\\/?p=103982#respond\"]}]},{\"@type\":\"WebPage\",\"@id\":\"https:\\\/\\\/kibrisdakik.com\\\/?p=103982\",\"url\":\"https:\\\/\\\/kibrisdakik.com\\\/?p=103982\",\"name\":\"MAHKEME SALONUNU V\u0130DEO \u00c7EKT\u0130 CEZAEV\u0130NE G\u00d6NDER\u0130LD\u0130 -\",\"isPartOf\":{\"@id\":\"https:\\\/\\\/kibrisdakik.com\\\/#website\"},\"primaryImageOfPage\":{\"@id\":\"https:\\\/\\\/kibrisdakik.com\\\/?p=103982#primaryimage\"},\"image\":{\"@id\":\"https:\\\/\\\/kibrisdakik.com\\\/?p=103982#primaryimage\"},\"thumbnailUrl\":\"https:\\\/\\\/kibrisdakik.com\\\/wp-content\\\/uploads\\\/2026\\\/01\\\/mha-sari-beyaz-2363.png\",\"datePublished\":\"2026-01-14T10:25:03+00:00\",\"author\":{\"@id\":\"https:\\\/\\\/kibrisdakik.com\\\/#\\\/schema\\\/person\\\/9cd9d437bbb44f72b73ba127e06d8e79\"},\"breadcrumb\":{\"@id\":\"https:\\\/\\\/kibrisdakik.com\\\/?p=103982#breadcrumb\"},\"inLanguage\":\"tr\",\"potentialAction\":[{\"@type\":\"ReadAction\",\"target\":[\"https:\\\/\\\/kibrisdakik.com\\\/?p=103982\"]}]},{\"@type\":\"ImageObject\",\"inLanguage\":\"tr\",\"@id\":\"https:\\\/\\\/kibrisdakik.com\\\/?p=103982#primaryimage\",\"url\":\"https:\\\/\\\/kibrisdakik.com\\\/wp-content\\\/uploads\\\/2026\\\/01\\\/mha-sari-beyaz-2363.png\",\"contentUrl\":\"https:\\\/\\\/kibrisdakik.com\\\/wp-content\\\/uploads\\\/2026\\\/01\\\/mha-sari-beyaz-2363.png\",\"width\":1280,\"height\":720},{\"@type\":\"BreadcrumbList\",\"@id\":\"https:\\\/\\\/kibrisdakik.com\\\/?p=103982#breadcrumb\",\"itemListElement\":[{\"@type\":\"ListItem\",\"position\":1,\"name\":\"Home\",\"item\":\"https:\\\/\\\/kibrisdakik.com\\\/\"},{\"@type\":\"ListItem\",\"position\":2,\"name\":\"MAHKEME SALONUNU V\u0130DEO \u00c7EKT\u0130 CEZAEV\u0130NE G\u00d6NDER\u0130LD\u0130\"}]},{\"@type\":\"WebSite\",\"@id\":\"https:\\\/\\\/kibrisdakik.com\\\/#website\",\"url\":\"https:\\\/\\\/kibrisdakik.com\\\/\",\"name\":\"\",\"description\":\"Tam vaktinde haber\",\"potentialAction\":[{\"@type\":\"SearchAction\",\"target\":{\"@type\":\"EntryPoint\",\"urlTemplate\":\"https:\\\/\\\/kibrisdakik.com\\\/?s={search_term_string}\"},\"query-input\":{\"@type\":\"PropertyValueSpecification\",\"valueRequired\":true,\"valueName\":\"search_term_string\"}}],\"inLanguage\":\"tr\"},{\"@type\":\"Person\",\"@id\":\"https:\\\/\\\/kibrisdakik.com\\\/#\\\/schema\\\/person\\\/9cd9d437bbb44f72b73ba127e06d8e79\",\"name\":\"admin\",\"image\":{\"@type\":\"ImageObject\",\"inLanguage\":\"tr\",\"@id\":\"https:\\\/\\\/secure.gravatar.com\\\/avatar\\\/ccc17943b9d660506c869530f897617f7cb1c21a4bf30023f252596d83e1f007?s=96&d=mm&r=g\",\"url\":\"https:\\\/\\\/secure.gravatar.com\\\/avatar\\\/ccc17943b9d660506c869530f897617f7cb1c21a4bf30023f252596d83e1f007?s=96&d=mm&r=g\",\"contentUrl\":\"https:\\\/\\\/secure.gravatar.com\\\/avatar\\\/ccc17943b9d660506c869530f897617f7cb1c21a4bf30023f252596d83e1f007?s=96&d=mm&r=g\",\"caption\":\"admin\"},\"sameAs\":[\"https:\\\/\\\/kibrisdakik.com\"],\"url\":\"https:\\\/\\\/kibrisdakik.com\\\/?author=1\"}]}<\/script>\n<!-- \/ Yoast SEO plugin. -->","yoast_head_json":{"title":"MAHKEME SALONUNU V\u0130DEO \u00c7EKT\u0130 CEZAEV\u0130NE G\u00d6NDER\u0130LD\u0130 -","robots":{"index":"index","follow":"follow","max-snippet":"max-snippet:-1","max-image-preview":"max-image-preview:large","max-video-preview":"max-video-preview:-1"},"canonical":"https:\/\/kibrisdakik.com\/?p=103982","og_locale":"tr_TR","og_type":"article","og_title":"MAHKEME SALONUNU V\u0130DEO \u00c7EKT\u0130 CEZAEV\u0130NE G\u00d6NDER\u0130LD\u0130 -","og_description":"Girne A\u011f\u0131r Ceza Mahkeme salonunu video kayd\u0131 al\u0131rken su\u00e7\u00fcst\u00fc yakalanan R.\u00c7. mahkemeye \u00e7\u0131kar\u0131ld\u0131. MAHKEME SALONUNU V\u0130DEO \u00c7EKT\u0130&#13; CEZAEV\u0130NE G\u00d6NDER\u0130LD\u0130 \u00dclkeye 12 Ocak tarihinde 30 g\u00fcnl\u00fck turist vizesi ile giri\u015f yapan R.\u00c7., Girne A\u011f\u0131r Ceza Mahkemesinde bir tan\u0131d\u0131\u011f\u0131na iyilik yapmak maksad\u0131 ile A\u011f\u0131r Ceza Salonunu g\u00f6r\u00fcnt\u00fclemek isterken ba\u015f\u0131n\u0131 yakt\u0131. \u2018Foto\u011fraf ve ses kayd\u0131 almak yasakt\u0131r\u2019 yaz\u0131s\u0131","og_url":"https:\/\/kibrisdakik.com\/?p=103982","article_published_time":"2026-01-14T10:25:03+00:00","og_image":[{"width":1280,"height":720,"url":"https:\/\/kibrisdakik.com\/wp-content\/uploads\/2026\/01\/mha-sari-beyaz-2363.png","type":"image\/png"}],"author":"admin","twitter_card":"summary_large_image","twitter_misc":{"Yazan:":"admin","Tahmini okuma s\u00fcresi":"1 dakika"},"schema":{"@context":"https:\/\/schema.org","@graph":[{"@type":"Article","@id":"https:\/\/kibrisdakik.com\/?p=103982#article","isPartOf":{"@id":"https:\/\/kibrisdakik.com\/?p=103982"},"author":{"name":"admin","@id":"https:\/\/kibrisdakik.com\/#\/schema\/person\/9cd9d437bbb44f72b73ba127e06d8e79"},"headline":"MAHKEME SALONUNU V\u0130DEO \u00c7EKT\u0130 CEZAEV\u0130NE G\u00d6NDER\u0130LD\u0130","datePublished":"2026-01-14T10:25:03+00:00","mainEntityOfPage":{"@id":"https:\/\/kibrisdakik.com\/?p=103982"},"wordCount":277,"commentCount":0,"image":{"@id":"https:\/\/kibrisdakik.com\/?p=103982#primaryimage"},"thumbnailUrl":"https:\/\/kibrisdakik.com\/wp-content\/uploads\/2026\/01\/mha-sari-beyaz-2363.png","articleSection":["K\u0131br\u0131s"],"inLanguage":"tr","potentialAction":[{"@type":"CommentAction","name":"Comment","target":["https:\/\/kibrisdakik.com\/?p=103982#respond"]}]},{"@type":"WebPage","@id":"https:\/\/kibrisdakik.com\/?p=103982","url":"https:\/\/kibrisdakik.com\/?p=103982","name":"MAHKEME SALONUNU V\u0130DEO \u00c7EKT\u0130 CEZAEV\u0130NE G\u00d6NDER\u0130LD\u0130 -","isPartOf":{"@id":"https:\/\/kibrisdakik.com\/#website"},"primaryImageOfPage":{"@id":"https:\/\/kibrisdakik.com\/?p=103982#primaryimage"},"image":{"@id":"https:\/\/kibrisdakik.com\/?p=103982#primaryimage"},"thumbnailUrl":"https:\/\/kibrisdakik.com\/wp-content\/uploads\/2026\/01\/mha-sari-beyaz-2363.png","datePublished":"2026-01-14T10:25:03+00:00","author":{"@id":"https:\/\/kibrisdakik.com\/#\/schema\/person\/9cd9d437bbb44f72b73ba127e06d8e79"},"breadcrumb":{"@id":"https:\/\/kibrisdakik.com\/?p=103982#breadcrumb"},"inLanguage":"tr","potentialAction":[{"@type":"ReadAction","target":["https:\/\/kibrisdakik.com\/?p=103982"]}]},{"@type":"ImageObject","inLanguage":"tr","@id":"https:\/\/kibrisdakik.com\/?p=103982#primaryimage","url":"https:\/\/kibrisdakik.com\/wp-content\/uploads\/2026\/01\/mha-sari-beyaz-2363.png","contentUrl":"https:\/\/kibrisdakik.com\/wp-content\/uploads\/2026\/01\/mha-sari-beyaz-2363.png","width":1280,"height":720},{"@type":"BreadcrumbList","@id":"https:\/\/kibrisdakik.com\/?p=103982#breadcrumb","itemListElement":[{"@type":"ListItem","position":1,"name":"Home","item":"https:\/\/kibrisdakik.com\/"},{"@type":"ListItem","position":2,"name":"MAHKEME SALONUNU V\u0130DEO \u00c7EKT\u0130 CEZAEV\u0130NE G\u00d6NDER\u0130LD\u0130"}]},{"@type":"WebSite","@id":"https:\/\/kibrisdakik.com\/#website","url":"https:\/\/kibrisdakik.com\/","name":"","description":"Tam vaktinde haber","potentialAction":[{"@type":"SearchAction","target":{"@type":"EntryPoint","urlTemplate":"https:\/\/kibrisdakik.com\/?s={search_term_string}"},"query-input":{"@type":"PropertyValueSpecification","valueRequired":true,"valueName":"search_term_string"}}],"inLanguage":"tr"},{"@type":"Person","@id":"https:\/\/kibrisdakik.com\/#\/schema\/person\/9cd9d437bbb44f72b73ba127e06d8e79","name":"admin","image":{"@type":"ImageObject","inLanguage":"tr","@id":"https:\/\/secure.gravatar.com\/avatar\/ccc17943b9d660506c869530f897617f7cb1c21a4bf30023f252596d83e1f007?s=96&d=mm&r=g","url":"https:\/\/secure.gravatar.com\/avatar\/ccc17943b9d660506c869530f897617f7cb1c21a4bf30023f252596d83e1f007?s=96&d=mm&r=g","contentUrl":"https:\/\/secure.gravatar.com\/avatar\/ccc17943b9d660506c869530f897617f7cb1c21a4bf30023f252596d83e1f007?s=96&d=mm&r=g","caption":"admin"},"sameAs":["https:\/\/kibrisdakik.com"],"url":"https:\/\/kibrisdakik.com\/?author=1"}]}},"_links":{"self":[{"href":"https:\/\/kibrisdakik.com\/index.php?rest_route=\/wp\/v2\/posts\/103982","targetHints":{"allow":["GET"]}}],"collection":[{"href":"https:\/\/kibrisdakik.com\/index.php?rest_route=\/wp\/v2\/posts"}],"about":[{"href":"https:\/\/kibrisdakik.com\/index.php?rest_route=\/wp\/v2\/types\/post"}],"author":[{"embeddable":true,"href":"https:\/\/kibrisdakik.com\/index.php?rest_route=\/wp\/v2\/users\/1"}],"replies":[{"embeddable":true,"href":"https:\/\/kibrisdakik.com\/index.php?rest_route=%2Fwp%2Fv2%2Fcomments&post=103982"}],"version-history":[{"count":0,"href":"https:\/\/kibrisdakik.com\/index.php?rest_route=\/wp\/v2\/posts\/103982\/revisions"}],"wp:featuredmedia":[{"embeddable":true,"href":"https:\/\/kibrisdakik.com\/index.php?rest_route=\/wp\/v2\/media\/103983"}],"wp:attachment":[{"href":"https:\/\/kibrisdakik.com\/index.php?rest_route=%2Fwp%2Fv2%2Fmedia&parent=103982"}],"wp:term":[{"taxonomy":"category","embeddable":true,"href":"https:\/\/kibrisdakik.com\/index.php?rest_route=%2Fwp%2Fv2%2Fcategories&post=103982"},{"taxonomy":"post_tag","embeddable":true,"href":"https:\/\/kibrisdakik.com\/index.php?rest_route=%2Fwp%2Fv2%2Ftags&post=103982"}],"curies":[{"name":"wp","href":"https:\/\/api.w.org\/{rel}","templated":true}]}}