{"id":104093,"date":"2026-01-15T14:11:18","date_gmt":"2026-01-15T12:11:18","guid":{"rendered":"https:\/\/kibrisdakik.com\/index.php\/2026\/01\/15\/tuzla-koy-meydaninda-kavsak-duzenleme-calismasi-yapildi\/"},"modified":"2026-01-15T14:11:18","modified_gmt":"2026-01-15T12:11:18","slug":"tuzla-koy-meydaninda-kavsak-duzenleme-calismasi-yapildi","status":"publish","type":"post","link":"https:\/\/kibrisdakik.com\/?p=104093","title":{"rendered":"TUZLA K\u00d6Y MEYDANINDA KAV\u015eAK D\u00dcZENLEME \u00c7ALI\u015eMASI YAPILDI"},"content":{"rendered":"<p><\/p>\n<div data-text-id=\"193951\" property=\"articleBody\">\n<p>Gazima\u011fusa Belediyesi\u2019nden yap\u0131lan yaz\u0131l\u0131 a\u00e7\u0131klamaya g\u00f6re, Bay\u0131nd\u0131rl\u0131k \u015eubesi\u2019ne ba\u011fl\u0131 ekipler taraf\u0131ndan y\u00fcr\u00fct\u00fclen \u00e7al\u0131\u015fmalarda, kav\u015fak d\u00fczenlemesi yap\u0131larak, kald\u0131r\u0131m ve yol \u00e7izgi \u00e7al\u0131\u015fmalar\u0131 tamamland\u0131.<\/p>\n<p>Yap\u0131lan d\u00fczenlemeyle b\u00f6lgede trafik ak\u0131\u015f\u0131n\u0131n daha g\u00fcvenli ve d\u00fczenli hale getirilmesi, s\u00fcr\u00fcc\u00fc ve yayalar i\u00e7in g\u00f6r\u00fc\u015f alanlar\u0131n\u0131n iyile\u015ftirilmesi ama\u00e7land\u0131.A\u00e7\u0131klamada, Gazima\u011fusa Belediyesi\u2019nin, kent ya\u015fam\u0131n\u0131 kolayla\u015ft\u0131ran, g\u00fcvenli\u011fi ve yaya konforunu \u00f6nceleyen \u00e7al\u0131\u015fmalarla kenti d\u00f6n\u00fc\u015ft\u00fcrmeye devam edece\u011fi kaydedildi.<\/p>\n<\/p><\/div>\n","protected":false},"excerpt":{"rendered":"<p>Gazima\u011fusa Belediyesi\u2019nden yap\u0131lan yaz\u0131l\u0131 a\u00e7\u0131klamaya g\u00f6re, Bay\u0131nd\u0131rl\u0131k \u015eubesi\u2019ne ba\u011fl\u0131 ekipler taraf\u0131ndan y\u00fcr\u00fct\u00fclen \u00e7al\u0131\u015fmalarda, kav\u015fak d\u00fczenlemesi yap\u0131larak, kald\u0131r\u0131m ve yol \u00e7izgi \u00e7al\u0131\u015fmalar\u0131 tamamland\u0131. Yap\u0131lan d\u00fczenlemeyle b\u00f6lgede trafik ak\u0131\u015f\u0131n\u0131n daha g\u00fcvenli ve d\u00fczenli hale getirilmesi, s\u00fcr\u00fcc\u00fc ve yayalar i\u00e7in g\u00f6r\u00fc\u015f alanlar\u0131n\u0131n iyile\u015ftirilmesi ama\u00e7land\u0131.A\u00e7\u0131klamada, Gazima\u011fusa Belediyesi\u2019nin, kent ya\u015fam\u0131n\u0131 kolayla\u015ft\u0131ran, g\u00fcvenli\u011fi ve yaya konforunu \u00f6nceleyen \u00e7al\u0131\u015fmalarla kenti d\u00f6n\u00fc\u015ft\u00fcrmeye devam<\/p>\n","protected":false},"author":1,"featured_media":104094,"comment_status":"open","ping_status":"open","sticky":false,"template":"","format":"standard","meta":{"footnotes":""},"categories":[81],"tags":[],"class_list":["post-104093","post","type-post","status-publish","format-standard","has-post-thumbnail","hentry","category-kibris"],"yoast_head":"<!-- This site is optimized with the Yoast SEO plugin v27.5 - https:\/\/yoast.com\/product\/yoast-seo-wordpress\/ -->\n<title>TUZLA K\u00d6Y MEYDANINDA KAV\u015eAK D\u00dcZENLEME \u00c7ALI\u015eMASI YAPILDI -<\/title>\n<meta name=\"robots\" content=\"index, follow, max-snippet:-1, max-image-preview:large, max-video-preview:-1\" \/>\n<link rel=\"canonical\" href=\"https:\/\/kibrisdakik.com\/?p=104093\" \/>\n<meta property=\"og:locale\" content=\"tr_TR\" \/>\n<meta property=\"og:type\" content=\"article\" \/>\n<meta property=\"og:title\" content=\"TUZLA K\u00d6Y MEYDANINDA KAV\u015eAK D\u00dcZENLEME \u00c7ALI\u015eMASI YAPILDI -\" \/>\n<meta property=\"og:description\" content=\"Gazima\u011fusa Belediyesi\u2019nden yap\u0131lan yaz\u0131l\u0131 a\u00e7\u0131klamaya g\u00f6re, Bay\u0131nd\u0131rl\u0131k \u015eubesi\u2019ne ba\u011fl\u0131 ekipler taraf\u0131ndan y\u00fcr\u00fct\u00fclen \u00e7al\u0131\u015fmalarda, kav\u015fak d\u00fczenlemesi yap\u0131larak, kald\u0131r\u0131m ve yol \u00e7izgi \u00e7al\u0131\u015fmalar\u0131 tamamland\u0131. Yap\u0131lan d\u00fczenlemeyle b\u00f6lgede trafik ak\u0131\u015f\u0131n\u0131n daha g\u00fcvenli ve d\u00fczenli hale getirilmesi, s\u00fcr\u00fcc\u00fc ve yayalar i\u00e7in g\u00f6r\u00fc\u015f alanlar\u0131n\u0131n iyile\u015ftirilmesi ama\u00e7land\u0131.A\u00e7\u0131klamada, Gazima\u011fusa Belediyesi\u2019nin, kent ya\u015fam\u0131n\u0131 kolayla\u015ft\u0131ran, g\u00fcvenli\u011fi ve yaya konforunu \u00f6nceleyen \u00e7al\u0131\u015fmalarla kenti d\u00f6n\u00fc\u015ft\u00fcrmeye devam\" \/>\n<meta property=\"og:url\" content=\"https:\/\/kibrisdakik.com\/?p=104093\" \/>\n<meta property=\"article:published_time\" content=\"2026-01-15T12:11:18+00:00\" \/>\n<meta property=\"og:image\" content=\"https:\/\/kibrisdakik.com\/wp-content\/uploads\/2026\/01\/19-137.png\" \/>\n\t<meta property=\"og:image:width\" content=\"1280\" \/>\n\t<meta property=\"og:image:height\" content=\"720\" \/>\n\t<meta property=\"og:image:type\" content=\"image\/png\" \/>\n<meta name=\"author\" content=\"admin\" \/>\n<meta name=\"twitter:card\" content=\"summary_large_image\" \/>\n<meta name=\"twitter:label1\" content=\"Yazan:\" \/>\n\t<meta name=\"twitter:data1\" content=\"admin\" \/>\n\t<meta name=\"twitter:label2\" content=\"Tahmini okuma s\u00fcresi\" \/>\n\t<meta name=\"twitter:data2\" content=\"1 dakika\" \/>\n<script type=\"application\/ld+json\" class=\"yoast-schema-graph\">{\"@context\":\"https:\\\/\\\/schema.org\",\"@graph\":[{\"@type\":\"Article\",\"@id\":\"https:\\\/\\\/kibrisdakik.com\\\/?p=104093#article\",\"isPartOf\":{\"@id\":\"https:\\\/\\\/kibrisdakik.com\\\/?p=104093\"},\"author\":{\"name\":\"admin\",\"@id\":\"https:\\\/\\\/kibrisdakik.com\\\/#\\\/schema\\\/person\\\/9cd9d437bbb44f72b73ba127e06d8e79\"},\"headline\":\"TUZLA K\u00d6Y MEYDANINDA KAV\u015eAK D\u00dcZENLEME \u00c7ALI\u015eMASI YAPILDI\",\"datePublished\":\"2026-01-15T12:11:18+00:00\",\"mainEntityOfPage\":{\"@id\":\"https:\\\/\\\/kibrisdakik.com\\\/?p=104093\"},\"wordCount\":120,\"commentCount\":0,\"image\":{\"@id\":\"https:\\\/\\\/kibrisdakik.com\\\/?p=104093#primaryimage\"},\"thumbnailUrl\":\"https:\\\/\\\/kibrisdakik.com\\\/wp-content\\\/uploads\\\/2026\\\/01\\\/19-137.png\",\"articleSection\":[\"K\u0131br\u0131s\"],\"inLanguage\":\"tr\",\"potentialAction\":[{\"@type\":\"CommentAction\",\"name\":\"Comment\",\"target\":[\"https:\\\/\\\/kibrisdakik.com\\\/?p=104093#respond\"]}]},{\"@type\":\"WebPage\",\"@id\":\"https:\\\/\\\/kibrisdakik.com\\\/?p=104093\",\"url\":\"https:\\\/\\\/kibrisdakik.com\\\/?p=104093\",\"name\":\"TUZLA K\u00d6Y MEYDANINDA KAV\u015eAK D\u00dcZENLEME \u00c7ALI\u015eMASI YAPILDI -\",\"isPartOf\":{\"@id\":\"https:\\\/\\\/kibrisdakik.com\\\/#website\"},\"primaryImageOfPage\":{\"@id\":\"https:\\\/\\\/kibrisdakik.com\\\/?p=104093#primaryimage\"},\"image\":{\"@id\":\"https:\\\/\\\/kibrisdakik.com\\\/?p=104093#primaryimage\"},\"thumbnailUrl\":\"https:\\\/\\\/kibrisdakik.com\\\/wp-content\\\/uploads\\\/2026\\\/01\\\/19-137.png\",\"datePublished\":\"2026-01-15T12:11:18+00:00\",\"author\":{\"@id\":\"https:\\\/\\\/kibrisdakik.com\\\/#\\\/schema\\\/person\\\/9cd9d437bbb44f72b73ba127e06d8e79\"},\"breadcrumb\":{\"@id\":\"https:\\\/\\\/kibrisdakik.com\\\/?p=104093#breadcrumb\"},\"inLanguage\":\"tr\",\"potentialAction\":[{\"@type\":\"ReadAction\",\"target\":[\"https:\\\/\\\/kibrisdakik.com\\\/?p=104093\"]}]},{\"@type\":\"ImageObject\",\"inLanguage\":\"tr\",\"@id\":\"https:\\\/\\\/kibrisdakik.com\\\/?p=104093#primaryimage\",\"url\":\"https:\\\/\\\/kibrisdakik.com\\\/wp-content\\\/uploads\\\/2026\\\/01\\\/19-137.png\",\"contentUrl\":\"https:\\\/\\\/kibrisdakik.com\\\/wp-content\\\/uploads\\\/2026\\\/01\\\/19-137.png\",\"width\":1280,\"height\":720},{\"@type\":\"BreadcrumbList\",\"@id\":\"https:\\\/\\\/kibrisdakik.com\\\/?p=104093#breadcrumb\",\"itemListElement\":[{\"@type\":\"ListItem\",\"position\":1,\"name\":\"Home\",\"item\":\"https:\\\/\\\/kibrisdakik.com\\\/\"},{\"@type\":\"ListItem\",\"position\":2,\"name\":\"TUZLA K\u00d6Y MEYDANINDA KAV\u015eAK D\u00dcZENLEME \u00c7ALI\u015eMASI YAPILDI\"}]},{\"@type\":\"WebSite\",\"@id\":\"https:\\\/\\\/kibrisdakik.com\\\/#website\",\"url\":\"https:\\\/\\\/kibrisdakik.com\\\/\",\"name\":\"\",\"description\":\"Tam vaktinde haber\",\"potentialAction\":[{\"@type\":\"SearchAction\",\"target\":{\"@type\":\"EntryPoint\",\"urlTemplate\":\"https:\\\/\\\/kibrisdakik.com\\\/?s={search_term_string}\"},\"query-input\":{\"@type\":\"PropertyValueSpecification\",\"valueRequired\":true,\"valueName\":\"search_term_string\"}}],\"inLanguage\":\"tr\"},{\"@type\":\"Person\",\"@id\":\"https:\\\/\\\/kibrisdakik.com\\\/#\\\/schema\\\/person\\\/9cd9d437bbb44f72b73ba127e06d8e79\",\"name\":\"admin\",\"image\":{\"@type\":\"ImageObject\",\"inLanguage\":\"tr\",\"@id\":\"https:\\\/\\\/secure.gravatar.com\\\/avatar\\\/ccc17943b9d660506c869530f897617f7cb1c21a4bf30023f252596d83e1f007?s=96&d=mm&r=g\",\"url\":\"https:\\\/\\\/secure.gravatar.com\\\/avatar\\\/ccc17943b9d660506c869530f897617f7cb1c21a4bf30023f252596d83e1f007?s=96&d=mm&r=g\",\"contentUrl\":\"https:\\\/\\\/secure.gravatar.com\\\/avatar\\\/ccc17943b9d660506c869530f897617f7cb1c21a4bf30023f252596d83e1f007?s=96&d=mm&r=g\",\"caption\":\"admin\"},\"sameAs\":[\"https:\\\/\\\/kibrisdakik.com\"],\"url\":\"https:\\\/\\\/kibrisdakik.com\\\/?author=1\"}]}<\/script>\n<!-- \/ Yoast SEO plugin. -->","yoast_head_json":{"title":"TUZLA K\u00d6Y MEYDANINDA KAV\u015eAK D\u00dcZENLEME \u00c7ALI\u015eMASI YAPILDI -","robots":{"index":"index","follow":"follow","max-snippet":"max-snippet:-1","max-image-preview":"max-image-preview:large","max-video-preview":"max-video-preview:-1"},"canonical":"https:\/\/kibrisdakik.com\/?p=104093","og_locale":"tr_TR","og_type":"article","og_title":"TUZLA K\u00d6Y MEYDANINDA KAV\u015eAK D\u00dcZENLEME \u00c7ALI\u015eMASI YAPILDI -","og_description":"Gazima\u011fusa Belediyesi\u2019nden yap\u0131lan yaz\u0131l\u0131 a\u00e7\u0131klamaya g\u00f6re, Bay\u0131nd\u0131rl\u0131k \u015eubesi\u2019ne ba\u011fl\u0131 ekipler taraf\u0131ndan y\u00fcr\u00fct\u00fclen \u00e7al\u0131\u015fmalarda, kav\u015fak d\u00fczenlemesi yap\u0131larak, kald\u0131r\u0131m ve yol \u00e7izgi \u00e7al\u0131\u015fmalar\u0131 tamamland\u0131. Yap\u0131lan d\u00fczenlemeyle b\u00f6lgede trafik ak\u0131\u015f\u0131n\u0131n daha g\u00fcvenli ve d\u00fczenli hale getirilmesi, s\u00fcr\u00fcc\u00fc ve yayalar i\u00e7in g\u00f6r\u00fc\u015f alanlar\u0131n\u0131n iyile\u015ftirilmesi ama\u00e7land\u0131.A\u00e7\u0131klamada, Gazima\u011fusa Belediyesi\u2019nin, kent ya\u015fam\u0131n\u0131 kolayla\u015ft\u0131ran, g\u00fcvenli\u011fi ve yaya konforunu \u00f6nceleyen \u00e7al\u0131\u015fmalarla kenti d\u00f6n\u00fc\u015ft\u00fcrmeye devam","og_url":"https:\/\/kibrisdakik.com\/?p=104093","article_published_time":"2026-01-15T12:11:18+00:00","og_image":[{"width":1280,"height":720,"url":"https:\/\/kibrisdakik.com\/wp-content\/uploads\/2026\/01\/19-137.png","type":"image\/png"}],"author":"admin","twitter_card":"summary_large_image","twitter_misc":{"Yazan:":"admin","Tahmini okuma s\u00fcresi":"1 dakika"},"schema":{"@context":"https:\/\/schema.org","@graph":[{"@type":"Article","@id":"https:\/\/kibrisdakik.com\/?p=104093#article","isPartOf":{"@id":"https:\/\/kibrisdakik.com\/?p=104093"},"author":{"name":"admin","@id":"https:\/\/kibrisdakik.com\/#\/schema\/person\/9cd9d437bbb44f72b73ba127e06d8e79"},"headline":"TUZLA K\u00d6Y MEYDANINDA KAV\u015eAK D\u00dcZENLEME \u00c7ALI\u015eMASI YAPILDI","datePublished":"2026-01-15T12:11:18+00:00","mainEntityOfPage":{"@id":"https:\/\/kibrisdakik.com\/?p=104093"},"wordCount":120,"commentCount":0,"image":{"@id":"https:\/\/kibrisdakik.com\/?p=104093#primaryimage"},"thumbnailUrl":"https:\/\/kibrisdakik.com\/wp-content\/uploads\/2026\/01\/19-137.png","articleSection":["K\u0131br\u0131s"],"inLanguage":"tr","potentialAction":[{"@type":"CommentAction","name":"Comment","target":["https:\/\/kibrisdakik.com\/?p=104093#respond"]}]},{"@type":"WebPage","@id":"https:\/\/kibrisdakik.com\/?p=104093","url":"https:\/\/kibrisdakik.com\/?p=104093","name":"TUZLA K\u00d6Y MEYDANINDA KAV\u015eAK D\u00dcZENLEME \u00c7ALI\u015eMASI YAPILDI -","isPartOf":{"@id":"https:\/\/kibrisdakik.com\/#website"},"primaryImageOfPage":{"@id":"https:\/\/kibrisdakik.com\/?p=104093#primaryimage"},"image":{"@id":"https:\/\/kibrisdakik.com\/?p=104093#primaryimage"},"thumbnailUrl":"https:\/\/kibrisdakik.com\/wp-content\/uploads\/2026\/01\/19-137.png","datePublished":"2026-01-15T12:11:18+00:00","author":{"@id":"https:\/\/kibrisdakik.com\/#\/schema\/person\/9cd9d437bbb44f72b73ba127e06d8e79"},"breadcrumb":{"@id":"https:\/\/kibrisdakik.com\/?p=104093#breadcrumb"},"inLanguage":"tr","potentialAction":[{"@type":"ReadAction","target":["https:\/\/kibrisdakik.com\/?p=104093"]}]},{"@type":"ImageObject","inLanguage":"tr","@id":"https:\/\/kibrisdakik.com\/?p=104093#primaryimage","url":"https:\/\/kibrisdakik.com\/wp-content\/uploads\/2026\/01\/19-137.png","contentUrl":"https:\/\/kibrisdakik.com\/wp-content\/uploads\/2026\/01\/19-137.png","width":1280,"height":720},{"@type":"BreadcrumbList","@id":"https:\/\/kibrisdakik.com\/?p=104093#breadcrumb","itemListElement":[{"@type":"ListItem","position":1,"name":"Home","item":"https:\/\/kibrisdakik.com\/"},{"@type":"ListItem","position":2,"name":"TUZLA K\u00d6Y MEYDANINDA KAV\u015eAK D\u00dcZENLEME \u00c7ALI\u015eMASI YAPILDI"}]},{"@type":"WebSite","@id":"https:\/\/kibrisdakik.com\/#website","url":"https:\/\/kibrisdakik.com\/","name":"","description":"Tam vaktinde haber","potentialAction":[{"@type":"SearchAction","target":{"@type":"EntryPoint","urlTemplate":"https:\/\/kibrisdakik.com\/?s={search_term_string}"},"query-input":{"@type":"PropertyValueSpecification","valueRequired":true,"valueName":"search_term_string"}}],"inLanguage":"tr"},{"@type":"Person","@id":"https:\/\/kibrisdakik.com\/#\/schema\/person\/9cd9d437bbb44f72b73ba127e06d8e79","name":"admin","image":{"@type":"ImageObject","inLanguage":"tr","@id":"https:\/\/secure.gravatar.com\/avatar\/ccc17943b9d660506c869530f897617f7cb1c21a4bf30023f252596d83e1f007?s=96&d=mm&r=g","url":"https:\/\/secure.gravatar.com\/avatar\/ccc17943b9d660506c869530f897617f7cb1c21a4bf30023f252596d83e1f007?s=96&d=mm&r=g","contentUrl":"https:\/\/secure.gravatar.com\/avatar\/ccc17943b9d660506c869530f897617f7cb1c21a4bf30023f252596d83e1f007?s=96&d=mm&r=g","caption":"admin"},"sameAs":["https:\/\/kibrisdakik.com"],"url":"https:\/\/kibrisdakik.com\/?author=1"}]}},"_links":{"self":[{"href":"https:\/\/kibrisdakik.com\/index.php?rest_route=\/wp\/v2\/posts\/104093","targetHints":{"allow":["GET"]}}],"collection":[{"href":"https:\/\/kibrisdakik.com\/index.php?rest_route=\/wp\/v2\/posts"}],"about":[{"href":"https:\/\/kibrisdakik.com\/index.php?rest_route=\/wp\/v2\/types\/post"}],"author":[{"embeddable":true,"href":"https:\/\/kibrisdakik.com\/index.php?rest_route=\/wp\/v2\/users\/1"}],"replies":[{"embeddable":true,"href":"https:\/\/kibrisdakik.com\/index.php?rest_route=%2Fwp%2Fv2%2Fcomments&post=104093"}],"version-history":[{"count":0,"href":"https:\/\/kibrisdakik.com\/index.php?rest_route=\/wp\/v2\/posts\/104093\/revisions"}],"wp:featuredmedia":[{"embeddable":true,"href":"https:\/\/kibrisdakik.com\/index.php?rest_route=\/wp\/v2\/media\/104094"}],"wp:attachment":[{"href":"https:\/\/kibrisdakik.com\/index.php?rest_route=%2Fwp%2Fv2%2Fmedia&parent=104093"}],"wp:term":[{"taxonomy":"category","embeddable":true,"href":"https:\/\/kibrisdakik.com\/index.php?rest_route=%2Fwp%2Fv2%2Fcategories&post=104093"},{"taxonomy":"post_tag","embeddable":true,"href":"https:\/\/kibrisdakik.com\/index.php?rest_route=%2Fwp%2Fv2%2Ftags&post=104093"}],"curies":[{"name":"wp","href":"https:\/\/api.w.org\/{rel}","templated":true}]}}