{"id":104097,"date":"2026-01-15T14:27:19","date_gmt":"2026-01-15T12:27:19","guid":{"rendered":"https:\/\/kibrisdakik.com\/index.php\/2026\/01\/15\/ada-senden-gecici-personel-icin-net-mesaj\/"},"modified":"2026-01-15T14:27:19","modified_gmt":"2026-01-15T12:27:19","slug":"ada-senden-gecici-personel-icin-net-mesaj","status":"publish","type":"post","link":"https:\/\/kibrisdakik.com\/?p=104097","title":{"rendered":"ADA-SEN\u2019DEN GE\u00c7\u0130C\u0130 PERSONEL \u0130\u00c7\u0130N NET MESAJ"},"content":{"rendered":"<p><\/p>\n<div data-text-id=\"193957\" property=\"articleBody\">\n<p>K\u0131br\u0131s T\u00fcrk Ada \u00c7al\u0131\u015fanlar Sendikas\u0131 (ADA-SEN) Genel Ba\u015fkan\u0131 Ka\u011fan M\u0131nd\u0131ko\u011flu, kamuda g\u00f6rev yapan ge\u00e7ici personelin hak ve menfaatlerine ba\u011fl\u0131 y\u00fck\u00fcml\u00fcl\u00fcklerinin d\u00fczenlenmesini \u00f6ng\u00f6ren yasa \u00f6nerisiyle ilgili \u00f6nemli a\u00e7\u0131klamalarda bulundu.<\/p>\n<p>M\u0131nd\u0131ko\u011flu, uzun s\u00fcredir \u00fczerinde \u00e7al\u0131\u015ft\u0131klar\u0131 yasal d\u00fczenlemeyle ilgili s\u00fcreci kamuoyuyla payla\u015ft\u0131. Konu yasa \u00f6nerisiyle ilgili olarak, \u201cGoogle\u2019da ad\u0131m\u0131 yazarsan\u0131z, size direkt olarak \u2018Ka\u011fan M\u0131nd\u0131ko\u011flu\u2019nun namusu\u2019 diyecektir,\u201d diyen M\u0131nd\u0131ko\u011flu, bu s\u00fcre\u00e7teki temel hedeflerinin, siyasilerin rant kap\u0131s\u0131 olarak g\u00f6rd\u00fc\u011f\u00fc, s\u00fcrd\u00fcr\u00fclemez bir yap\u0131y\u0131 stat\u00fcye kavu\u015fturmak oldu\u011funu belirtti ve yasa \u00f6nerisi \u00fczerinden menfaat ve \u00e7\u0131kar sa\u011flamaya \u00e7al\u0131\u015fan kamuda \u00f6rg\u00fctl\u00fc sendika temsilcilerine sitem etti.<\/p>\n<p>M\u0131nd\u0131ko\u011flu, \u201c\u00d6ncelikle belirtmek isterim ki biz bu yola bug\u00fcn \u00e7\u0131kmad\u0131k. Konu ile ilgili m\u00fccadelemiz 2014 y\u0131l\u0131na dayanmaktad\u0131r\u201d diyerek ba\u015flad\u0131. 2014 y\u0131l\u0131nda kamuya ge\u00e7ici personel al\u0131m\u0131n\u0131 kald\u0131ran yasan\u0131n, sendikan\u0131n \u00f6nerisiyle ger\u00e7ekle\u015fti\u011fini belirten M\u0131nd\u0131ko\u011flu, \u201cBizim burada esas murat etti\u011fimiz, \u00f6neri yasalla\u015f\u0131rken fiilen \u00e7al\u0131\u015fan personelin de \u00e7al\u0131\u015fma \u015fartlar\u0131n\u0131n ve \u00f6zl\u00fck haklar\u0131n\u0131n d\u00fczenlenip stat\u00fclerinin de\u011fi\u015fmesi, yani kadro al\u0131p g\u00fcvenceye girmeleri idi. Fakat o d\u00f6nemin siyasi iradesi bu i\u015fin tek baca\u011f\u0131n\u0131, yani ge\u00e7ici memur olarak devlete giri\u015fin \u00f6n\u00fcn\u00fc alm\u0131\u015f, fiilen \u00e7al\u0131\u015fan personel i\u00e7in herhangi bir stat\u00fc belirleyememi\u015ftir\u201d ifadelerini kulland\u0131.<\/p>\n<p>Sendika taraf\u0131ndan altyap\u0131s\u0131 haz\u0131rlanan ve hukuk\u00e7ular taraf\u0131ndan haz\u0131rlan\u0131p sunulan yasa \u00f6nerisinin amac\u0131n\u0131n, fiilen \u00e7al\u0131\u015fan personelin durumuna netlik kazand\u0131r\u0131p stat\u00fclerini belirlemek ve kamuya tam adaptasyonlar\u0131n\u0131 sa\u011flamak oldu\u011funa dikkat \u00e7ekti.<\/p>\n<p>Yasa \u00f6nerisi ile \u201ci\u015f g\u00fcvencesi\u201d kazand\u0131rmay\u0131 ama\u00e7lad\u0131klar\u0131n\u0131 ifade eden M\u0131nd\u0131ko\u011flu, b\u00fcy\u00fck emekler ve m\u00fccadeleler verdiklerini vurgulayarak, \u201cT\u00fcm amac\u0131m\u0131z bu \u00f6nerinin yasalla\u015fmas\u0131 ve var olan kangrenin ortadan kalkmas\u0131d\u0131r. Devletteki hiyerar\u015fik d\u00fczenin yeniden sa\u011flanmas\u0131d\u0131r. B\u00fcrokrasinin i\u015fleyi\u015finin h\u0131zlanmas\u0131d\u0131r\u201d dedi.<\/p>\n<p>Haz\u0131rlanan yasa \u00f6nerisine Hukuk Dairesi\u2019nden gelen g\u00f6r\u00fc\u015fe g\u00f6re son \u015feklinin verildi\u011fini, komitede g\u00f6r\u00fc\u015f\u00fclmesi s\u0131ras\u0131nda da baz\u0131 d\u00fczenlemeler yap\u0131labilece\u011fini ifade eden M\u0131nd\u0131ko\u011flu, \u201cBunlar\u0131 komite tutanaklar\u0131ndan isteyen herkes temin edebilir. \u00d6neri, konu muhatap kurumlar\u0131n hassasiyetlerine g\u00f6re yeniden d\u00fczenlenmi\u015f ve bunlar da ilgili safhada son h\u00e2line getirilmi\u015ftir\u201d dedi.<\/p>\n<p>M\u0131nd\u0131ko\u011flu, s\u00fcreci ve mevcut durumu \u015fu \u015fekilde \u00f6zetledi:<\/p>\n<p>\u201cD\u00f6nemin Ba\u015fkanl\u0131k M\u00fcste\u015far\u0131 olan, bug\u00fcn ise Ekonomi ve Enerji Bakan\u0131 Olgun Amcao\u011flu\u2019nun ba\u015f\u0131n\u0131 \u00e7ekti\u011fi bir komite olu\u015fturulmu\u015f, bu komite \u00e7al\u0131\u015fmalar\u0131na ba\u015flam\u0131\u015ft\u0131. Sendikac\u0131 Hasan De\u011firmencio\u011flu, hukuk\u00e7u Nezhan Kayasal Ertemel ve Ka\u011fan M\u0131nd\u0131ko\u011flu\u2019nun da i\u00e7inde yer ald\u0131\u011f\u0131 bu \u00e7al\u0131\u015fmalar neticesinde yasan\u0131n son h\u00e2li verilmi\u015f, ivedilik al\u0131narak komitede g\u00f6r\u00fc\u015f\u00fclm\u00fc\u015f ve komisyondan ge\u00e7mi\u015ftir. Ard\u0131ndan Meclis\u2019ten onaylanarak Cumhurba\u015fkanl\u0131\u011f\u0131\u2019na imzaya g\u00f6nderilmi\u015ftir.<\/p>\n<p>Bu a\u015famaya gelinceye kadar sokakta g\u00fcnlerce ve haftalarca s\u00fcren eylemler ger\u00e7ekle\u015ftirilmi\u015f, b\u00fcy\u00fck m\u00fccadeleler verilmi\u015ftir. Konunun hassasiyeti kamuoyuna ta\u015f\u0131nm\u0131\u015f; o d\u00f6nemde siyasetin i\u00e7inde olmayan, bug\u00fcn ise UBP Milletvekili olan Sad\u0131k Gardiyano\u011flu ile birlikte 366 \u0130nisiyatifi kurularak yasa \u00f6nerisinin ge\u00e7mesi i\u00e7in sokakta yo\u011fun bir m\u00fccadele y\u00fcr\u00fct\u00fclm\u00fc\u015ft\u00fcr.<\/p>\n<p>Ancak bu a\u015famada baz\u0131 sendikalar, d\u00f6nemin Cumhurba\u015fkan\u0131\u2019na yasan\u0131n Anayasa Mahkemesi\u2019ne g\u00f6t\u00fcr\u00fclmesi y\u00f6n\u00fcnde telkinde bulunmu\u015ftur. Anayasa Mahkemesi\u2019nde o d\u00f6nem 3\/2 \u00e7o\u011funlukla Anayasa\u2019ya uygun olmayaca\u011f\u0131 y\u00f6n\u00fcnde g\u00f6r\u00fc\u015f bildirilmesi \u00fczerine yasa \u00f6nerisi geri \u00e7ekilmi\u015ftir.<\/p>\n<p>Bu i\u015ften geri d\u00f6n\u00fc\u015f\u00fcn olmayaca\u011f\u0131n\u0131 ifade ederek, bas\u0131na yans\u0131tmadan m\u00fccadelemize devam ettik. CTP Milletvekili Devrim Bar\u00e7\u0131n ile yapt\u0131\u011f\u0131m\u0131z g\u00f6r\u00fc\u015fmeler neticesinde s\u00fcrece dair bilgi almaya \u00e7al\u0131\u015f\u0131yoruz. Kendisi de o d\u00f6nemde sendikac\u0131yd\u0131, bug\u00fcn ise milletvekilidir. Erkut \u015eahali ve Devrim Bar\u00e7\u0131n, \u2018O d\u00f6nem bu yasa \u00f6nerisi kadrolama de\u011fil, i\u015f g\u00fcvencesi olsayd\u0131 bizim onay\u0131m\u0131z da olumlu olurdu\u2019 diye ifade etmi\u015flerdir.<\/p>\n<p>UBP Milletvekili Hasan K\u00fc\u00e7\u00fck ile ilk g\u00fcnden itibaren do\u011frudan temas kurduk. Kendisi hassasiyetlerimizi dikkatle dinleyerek s\u00fcreci yak\u0131ndan takip etmi\u015ftir. Taleplerimizi anlay\u0131\u015fla kar\u015f\u0131layan ve bizleri ciddiyetle dinleyen Hasan K\u00fc\u00e7\u00fck, bu do\u011frultuda yasa \u00f6nerisinin haz\u0131rlanmas\u0131na \u00f6nc\u00fcl\u00fck etmi\u015f ve bug\u00fcn yeniden Meclis g\u00fcndemine getirilmesini sa\u011flam\u0131\u015ft\u0131r. Bu vesileyle kendisine te\u015fekk\u00fcr ederiz.<\/p>\n<p>Yap\u0131lan g\u00f6r\u00fc\u015fmeler sonucunda, yasa \u00f6nerisinin yaln\u0131zca ge\u00e7ici memur stat\u00fcs\u00fcndekileri de\u011fil, ayn\u0131 zamanda s\u00f6zle\u015fmeli personeli de kapsayacak \u015fekilde sunulmas\u0131 g\u00fcndeme gelmi\u015ftir. Baz\u0131 kesimler bunu kabul etmesine ra\u011fmen, bir sendikan\u0131n buna kar\u015f\u0131 bir duru\u015f sergiledi\u011fi g\u00f6r\u00fclmektedir.<\/p>\n<p>\u00d6n\u00fcm\u00fczdeki g\u00fcnlerde komitenin i\u015fleyi\u015fine ba\u011fl\u0131 olarak yasa \u00f6nerisi nihai \u015feklini alacakt\u0131r. Biz bu yasan\u0131n takip\u00e7isiyiz. Ancak bu emekleri ve m\u00fccadeleleri, s\u0131rf ki\u015fisel menfaat u\u011fruna ya da sendikas\u0131na \u00fcye toplamak i\u00e7in kendi \u00e7abalar\u0131ym\u0131\u015f gibi g\u00f6steren, bas\u0131n \u00f6n\u00fcnde malzeme yapan kesimi \u015fiddetle k\u0131n\u0131yoruz.<\/p>\n<p>Emeklerimizin ve m\u00fccadelemizin \u00fczerinden ellerinizi \u00e7ekin. \u0130nsanlar\u0131n gelece\u011fiyle oynamay\u0131n; buna izin vermeyece\u011fiz. Biz pop\u00fclizm pe\u015finde de\u011filiz. Biz ger\u00e7ek anlamda sendikac\u0131l\u0131k yapmaya \u00e7al\u0131\u015f\u0131yoruz. Biz i\u015f g\u00fcvencesi i\u00e7in m\u00fccadele ediyoruz.<\/p>\n<p>\u015eimdiden t\u00fcm ge\u00e7ici memurlara ve uygun bulunmas\u0131 h\u00e2linde s\u00f6zle\u015fmeli personele hay\u0131rl\u0131 olmas\u0131n\u0131 dilerim.\u201d<\/p>\n<p><strong>Ka\u011fan M\u0131nd\u0131ko\u011flu<\/strong><br \/>&#13;<br \/>\nK\u0131br\u0131s T\u00fcrk Ada \u00c7al\u0131\u015fanlar\u0131 Sendikas\u0131 Ba\u015fkan\u0131<\/p>\n<\/p><\/div>\n","protected":false},"excerpt":{"rendered":"<p>K\u0131br\u0131s T\u00fcrk Ada \u00c7al\u0131\u015fanlar Sendikas\u0131 (ADA-SEN) Genel Ba\u015fkan\u0131 Ka\u011fan M\u0131nd\u0131ko\u011flu, kamuda g\u00f6rev yapan ge\u00e7ici personelin hak ve menfaatlerine ba\u011fl\u0131 y\u00fck\u00fcml\u00fcl\u00fcklerinin d\u00fczenlenmesini \u00f6ng\u00f6ren yasa \u00f6nerisiyle ilgili \u00f6nemli a\u00e7\u0131klamalarda bulundu. M\u0131nd\u0131ko\u011flu, uzun s\u00fcredir \u00fczerinde \u00e7al\u0131\u015ft\u0131klar\u0131 yasal d\u00fczenlemeyle ilgili s\u00fcreci kamuoyuyla payla\u015ft\u0131. Konu yasa \u00f6nerisiyle ilgili olarak, \u201cGoogle\u2019da ad\u0131m\u0131 yazarsan\u0131z, size direkt olarak \u2018Ka\u011fan M\u0131nd\u0131ko\u011flu\u2019nun namusu\u2019 diyecektir,\u201d diyen<\/p>\n","protected":false},"author":1,"featured_media":104098,"comment_status":"open","ping_status":"open","sticky":false,"template":"","format":"standard","meta":{"footnotes":""},"categories":[81],"tags":[],"class_list":["post-104097","post","type-post","status-publish","format-standard","has-post-thumbnail","hentry","category-kibris"],"yoast_head":"<!-- This site is optimized with the Yoast SEO plugin v27.5 - https:\/\/yoast.com\/product\/yoast-seo-wordpress\/ -->\n<title>ADA-SEN\u2019DEN GE\u00c7\u0130C\u0130 PERSONEL \u0130\u00c7\u0130N NET MESAJ -<\/title>\n<meta name=\"robots\" content=\"index, follow, max-snippet:-1, max-image-preview:large, max-video-preview:-1\" \/>\n<link rel=\"canonical\" href=\"https:\/\/kibrisdakik.com\/?p=104097\" \/>\n<meta property=\"og:locale\" content=\"tr_TR\" \/>\n<meta property=\"og:type\" content=\"article\" \/>\n<meta property=\"og:title\" content=\"ADA-SEN\u2019DEN GE\u00c7\u0130C\u0130 PERSONEL \u0130\u00c7\u0130N NET MESAJ -\" \/>\n<meta property=\"og:description\" content=\"K\u0131br\u0131s T\u00fcrk Ada \u00c7al\u0131\u015fanlar Sendikas\u0131 (ADA-SEN) Genel Ba\u015fkan\u0131 Ka\u011fan M\u0131nd\u0131ko\u011flu, kamuda g\u00f6rev yapan ge\u00e7ici personelin hak ve menfaatlerine ba\u011fl\u0131 y\u00fck\u00fcml\u00fcl\u00fcklerinin d\u00fczenlenmesini \u00f6ng\u00f6ren yasa \u00f6nerisiyle ilgili \u00f6nemli a\u00e7\u0131klamalarda bulundu. M\u0131nd\u0131ko\u011flu, uzun s\u00fcredir \u00fczerinde \u00e7al\u0131\u015ft\u0131klar\u0131 yasal d\u00fczenlemeyle ilgili s\u00fcreci kamuoyuyla payla\u015ft\u0131. Konu yasa \u00f6nerisiyle ilgili olarak, \u201cGoogle\u2019da ad\u0131m\u0131 yazarsan\u0131z, size direkt olarak \u2018Ka\u011fan M\u0131nd\u0131ko\u011flu\u2019nun namusu\u2019 diyecektir,\u201d diyen\" \/>\n<meta property=\"og:url\" content=\"https:\/\/kibrisdakik.com\/?p=104097\" \/>\n<meta property=\"article:published_time\" content=\"2026-01-15T12:27:19+00:00\" \/>\n<meta property=\"og:image\" content=\"https:\/\/kibrisdakik.com\/wp-content\/uploads\/2026\/01\/mha-sari-beyaz-2400.png\" \/>\n\t<meta property=\"og:image:width\" content=\"1280\" \/>\n\t<meta property=\"og:image:height\" content=\"720\" \/>\n\t<meta property=\"og:image:type\" content=\"image\/png\" \/>\n<meta name=\"author\" content=\"admin\" \/>\n<meta name=\"twitter:card\" content=\"summary_large_image\" \/>\n<meta name=\"twitter:label1\" content=\"Yazan:\" \/>\n\t<meta name=\"twitter:data1\" content=\"admin\" \/>\n\t<meta name=\"twitter:label2\" content=\"Tahmini okuma s\u00fcresi\" \/>\n\t<meta name=\"twitter:data2\" content=\"5 dakika\" \/>\n<script type=\"application\/ld+json\" class=\"yoast-schema-graph\">{\"@context\":\"https:\\\/\\\/schema.org\",\"@graph\":[{\"@type\":\"Article\",\"@id\":\"https:\\\/\\\/kibrisdakik.com\\\/?p=104097#article\",\"isPartOf\":{\"@id\":\"https:\\\/\\\/kibrisdakik.com\\\/?p=104097\"},\"author\":{\"name\":\"admin\",\"@id\":\"https:\\\/\\\/kibrisdakik.com\\\/#\\\/schema\\\/person\\\/9cd9d437bbb44f72b73ba127e06d8e79\"},\"headline\":\"ADA-SEN\u2019DEN GE\u00c7\u0130C\u0130 PERSONEL \u0130\u00c7\u0130N NET MESAJ\",\"datePublished\":\"2026-01-15T12:27:19+00:00\",\"mainEntityOfPage\":{\"@id\":\"https:\\\/\\\/kibrisdakik.com\\\/?p=104097\"},\"wordCount\":1016,\"commentCount\":0,\"image\":{\"@id\":\"https:\\\/\\\/kibrisdakik.com\\\/?p=104097#primaryimage\"},\"thumbnailUrl\":\"https:\\\/\\\/kibrisdakik.com\\\/wp-content\\\/uploads\\\/2026\\\/01\\\/mha-sari-beyaz-2400.png\",\"articleSection\":[\"K\u0131br\u0131s\"],\"inLanguage\":\"tr\",\"potentialAction\":[{\"@type\":\"CommentAction\",\"name\":\"Comment\",\"target\":[\"https:\\\/\\\/kibrisdakik.com\\\/?p=104097#respond\"]}]},{\"@type\":\"WebPage\",\"@id\":\"https:\\\/\\\/kibrisdakik.com\\\/?p=104097\",\"url\":\"https:\\\/\\\/kibrisdakik.com\\\/?p=104097\",\"name\":\"ADA-SEN\u2019DEN GE\u00c7\u0130C\u0130 PERSONEL \u0130\u00c7\u0130N NET MESAJ -\",\"isPartOf\":{\"@id\":\"https:\\\/\\\/kibrisdakik.com\\\/#website\"},\"primaryImageOfPage\":{\"@id\":\"https:\\\/\\\/kibrisdakik.com\\\/?p=104097#primaryimage\"},\"image\":{\"@id\":\"https:\\\/\\\/kibrisdakik.com\\\/?p=104097#primaryimage\"},\"thumbnailUrl\":\"https:\\\/\\\/kibrisdakik.com\\\/wp-content\\\/uploads\\\/2026\\\/01\\\/mha-sari-beyaz-2400.png\",\"datePublished\":\"2026-01-15T12:27:19+00:00\",\"author\":{\"@id\":\"https:\\\/\\\/kibrisdakik.com\\\/#\\\/schema\\\/person\\\/9cd9d437bbb44f72b73ba127e06d8e79\"},\"breadcrumb\":{\"@id\":\"https:\\\/\\\/kibrisdakik.com\\\/?p=104097#breadcrumb\"},\"inLanguage\":\"tr\",\"potentialAction\":[{\"@type\":\"ReadAction\",\"target\":[\"https:\\\/\\\/kibrisdakik.com\\\/?p=104097\"]}]},{\"@type\":\"ImageObject\",\"inLanguage\":\"tr\",\"@id\":\"https:\\\/\\\/kibrisdakik.com\\\/?p=104097#primaryimage\",\"url\":\"https:\\\/\\\/kibrisdakik.com\\\/wp-content\\\/uploads\\\/2026\\\/01\\\/mha-sari-beyaz-2400.png\",\"contentUrl\":\"https:\\\/\\\/kibrisdakik.com\\\/wp-content\\\/uploads\\\/2026\\\/01\\\/mha-sari-beyaz-2400.png\",\"width\":1280,\"height\":720},{\"@type\":\"BreadcrumbList\",\"@id\":\"https:\\\/\\\/kibrisdakik.com\\\/?p=104097#breadcrumb\",\"itemListElement\":[{\"@type\":\"ListItem\",\"position\":1,\"name\":\"Home\",\"item\":\"https:\\\/\\\/kibrisdakik.com\\\/\"},{\"@type\":\"ListItem\",\"position\":2,\"name\":\"ADA-SEN\u2019DEN GE\u00c7\u0130C\u0130 PERSONEL \u0130\u00c7\u0130N NET MESAJ\"}]},{\"@type\":\"WebSite\",\"@id\":\"https:\\\/\\\/kibrisdakik.com\\\/#website\",\"url\":\"https:\\\/\\\/kibrisdakik.com\\\/\",\"name\":\"\",\"description\":\"Tam vaktinde haber\",\"potentialAction\":[{\"@type\":\"SearchAction\",\"target\":{\"@type\":\"EntryPoint\",\"urlTemplate\":\"https:\\\/\\\/kibrisdakik.com\\\/?s={search_term_string}\"},\"query-input\":{\"@type\":\"PropertyValueSpecification\",\"valueRequired\":true,\"valueName\":\"search_term_string\"}}],\"inLanguage\":\"tr\"},{\"@type\":\"Person\",\"@id\":\"https:\\\/\\\/kibrisdakik.com\\\/#\\\/schema\\\/person\\\/9cd9d437bbb44f72b73ba127e06d8e79\",\"name\":\"admin\",\"image\":{\"@type\":\"ImageObject\",\"inLanguage\":\"tr\",\"@id\":\"https:\\\/\\\/secure.gravatar.com\\\/avatar\\\/ccc17943b9d660506c869530f897617f7cb1c21a4bf30023f252596d83e1f007?s=96&d=mm&r=g\",\"url\":\"https:\\\/\\\/secure.gravatar.com\\\/avatar\\\/ccc17943b9d660506c869530f897617f7cb1c21a4bf30023f252596d83e1f007?s=96&d=mm&r=g\",\"contentUrl\":\"https:\\\/\\\/secure.gravatar.com\\\/avatar\\\/ccc17943b9d660506c869530f897617f7cb1c21a4bf30023f252596d83e1f007?s=96&d=mm&r=g\",\"caption\":\"admin\"},\"sameAs\":[\"https:\\\/\\\/kibrisdakik.com\"],\"url\":\"https:\\\/\\\/kibrisdakik.com\\\/?author=1\"}]}<\/script>\n<!-- \/ Yoast SEO plugin. -->","yoast_head_json":{"title":"ADA-SEN\u2019DEN GE\u00c7\u0130C\u0130 PERSONEL \u0130\u00c7\u0130N NET MESAJ -","robots":{"index":"index","follow":"follow","max-snippet":"max-snippet:-1","max-image-preview":"max-image-preview:large","max-video-preview":"max-video-preview:-1"},"canonical":"https:\/\/kibrisdakik.com\/?p=104097","og_locale":"tr_TR","og_type":"article","og_title":"ADA-SEN\u2019DEN GE\u00c7\u0130C\u0130 PERSONEL \u0130\u00c7\u0130N NET MESAJ -","og_description":"K\u0131br\u0131s T\u00fcrk Ada \u00c7al\u0131\u015fanlar Sendikas\u0131 (ADA-SEN) Genel Ba\u015fkan\u0131 Ka\u011fan M\u0131nd\u0131ko\u011flu, kamuda g\u00f6rev yapan ge\u00e7ici personelin hak ve menfaatlerine ba\u011fl\u0131 y\u00fck\u00fcml\u00fcl\u00fcklerinin d\u00fczenlenmesini \u00f6ng\u00f6ren yasa \u00f6nerisiyle ilgili \u00f6nemli a\u00e7\u0131klamalarda bulundu. M\u0131nd\u0131ko\u011flu, uzun s\u00fcredir \u00fczerinde \u00e7al\u0131\u015ft\u0131klar\u0131 yasal d\u00fczenlemeyle ilgili s\u00fcreci kamuoyuyla payla\u015ft\u0131. Konu yasa \u00f6nerisiyle ilgili olarak, \u201cGoogle\u2019da ad\u0131m\u0131 yazarsan\u0131z, size direkt olarak \u2018Ka\u011fan M\u0131nd\u0131ko\u011flu\u2019nun namusu\u2019 diyecektir,\u201d diyen","og_url":"https:\/\/kibrisdakik.com\/?p=104097","article_published_time":"2026-01-15T12:27:19+00:00","og_image":[{"width":1280,"height":720,"url":"https:\/\/kibrisdakik.com\/wp-content\/uploads\/2026\/01\/mha-sari-beyaz-2400.png","type":"image\/png"}],"author":"admin","twitter_card":"summary_large_image","twitter_misc":{"Yazan:":"admin","Tahmini okuma s\u00fcresi":"5 dakika"},"schema":{"@context":"https:\/\/schema.org","@graph":[{"@type":"Article","@id":"https:\/\/kibrisdakik.com\/?p=104097#article","isPartOf":{"@id":"https:\/\/kibrisdakik.com\/?p=104097"},"author":{"name":"admin","@id":"https:\/\/kibrisdakik.com\/#\/schema\/person\/9cd9d437bbb44f72b73ba127e06d8e79"},"headline":"ADA-SEN\u2019DEN GE\u00c7\u0130C\u0130 PERSONEL \u0130\u00c7\u0130N NET MESAJ","datePublished":"2026-01-15T12:27:19+00:00","mainEntityOfPage":{"@id":"https:\/\/kibrisdakik.com\/?p=104097"},"wordCount":1016,"commentCount":0,"image":{"@id":"https:\/\/kibrisdakik.com\/?p=104097#primaryimage"},"thumbnailUrl":"https:\/\/kibrisdakik.com\/wp-content\/uploads\/2026\/01\/mha-sari-beyaz-2400.png","articleSection":["K\u0131br\u0131s"],"inLanguage":"tr","potentialAction":[{"@type":"CommentAction","name":"Comment","target":["https:\/\/kibrisdakik.com\/?p=104097#respond"]}]},{"@type":"WebPage","@id":"https:\/\/kibrisdakik.com\/?p=104097","url":"https:\/\/kibrisdakik.com\/?p=104097","name":"ADA-SEN\u2019DEN GE\u00c7\u0130C\u0130 PERSONEL \u0130\u00c7\u0130N NET MESAJ -","isPartOf":{"@id":"https:\/\/kibrisdakik.com\/#website"},"primaryImageOfPage":{"@id":"https:\/\/kibrisdakik.com\/?p=104097#primaryimage"},"image":{"@id":"https:\/\/kibrisdakik.com\/?p=104097#primaryimage"},"thumbnailUrl":"https:\/\/kibrisdakik.com\/wp-content\/uploads\/2026\/01\/mha-sari-beyaz-2400.png","datePublished":"2026-01-15T12:27:19+00:00","author":{"@id":"https:\/\/kibrisdakik.com\/#\/schema\/person\/9cd9d437bbb44f72b73ba127e06d8e79"},"breadcrumb":{"@id":"https:\/\/kibrisdakik.com\/?p=104097#breadcrumb"},"inLanguage":"tr","potentialAction":[{"@type":"ReadAction","target":["https:\/\/kibrisdakik.com\/?p=104097"]}]},{"@type":"ImageObject","inLanguage":"tr","@id":"https:\/\/kibrisdakik.com\/?p=104097#primaryimage","url":"https:\/\/kibrisdakik.com\/wp-content\/uploads\/2026\/01\/mha-sari-beyaz-2400.png","contentUrl":"https:\/\/kibrisdakik.com\/wp-content\/uploads\/2026\/01\/mha-sari-beyaz-2400.png","width":1280,"height":720},{"@type":"BreadcrumbList","@id":"https:\/\/kibrisdakik.com\/?p=104097#breadcrumb","itemListElement":[{"@type":"ListItem","position":1,"name":"Home","item":"https:\/\/kibrisdakik.com\/"},{"@type":"ListItem","position":2,"name":"ADA-SEN\u2019DEN GE\u00c7\u0130C\u0130 PERSONEL \u0130\u00c7\u0130N NET MESAJ"}]},{"@type":"WebSite","@id":"https:\/\/kibrisdakik.com\/#website","url":"https:\/\/kibrisdakik.com\/","name":"","description":"Tam vaktinde haber","potentialAction":[{"@type":"SearchAction","target":{"@type":"EntryPoint","urlTemplate":"https:\/\/kibrisdakik.com\/?s={search_term_string}"},"query-input":{"@type":"PropertyValueSpecification","valueRequired":true,"valueName":"search_term_string"}}],"inLanguage":"tr"},{"@type":"Person","@id":"https:\/\/kibrisdakik.com\/#\/schema\/person\/9cd9d437bbb44f72b73ba127e06d8e79","name":"admin","image":{"@type":"ImageObject","inLanguage":"tr","@id":"https:\/\/secure.gravatar.com\/avatar\/ccc17943b9d660506c869530f897617f7cb1c21a4bf30023f252596d83e1f007?s=96&d=mm&r=g","url":"https:\/\/secure.gravatar.com\/avatar\/ccc17943b9d660506c869530f897617f7cb1c21a4bf30023f252596d83e1f007?s=96&d=mm&r=g","contentUrl":"https:\/\/secure.gravatar.com\/avatar\/ccc17943b9d660506c869530f897617f7cb1c21a4bf30023f252596d83e1f007?s=96&d=mm&r=g","caption":"admin"},"sameAs":["https:\/\/kibrisdakik.com"],"url":"https:\/\/kibrisdakik.com\/?author=1"}]}},"_links":{"self":[{"href":"https:\/\/kibrisdakik.com\/index.php?rest_route=\/wp\/v2\/posts\/104097","targetHints":{"allow":["GET"]}}],"collection":[{"href":"https:\/\/kibrisdakik.com\/index.php?rest_route=\/wp\/v2\/posts"}],"about":[{"href":"https:\/\/kibrisdakik.com\/index.php?rest_route=\/wp\/v2\/types\/post"}],"author":[{"embeddable":true,"href":"https:\/\/kibrisdakik.com\/index.php?rest_route=\/wp\/v2\/users\/1"}],"replies":[{"embeddable":true,"href":"https:\/\/kibrisdakik.com\/index.php?rest_route=%2Fwp%2Fv2%2Fcomments&post=104097"}],"version-history":[{"count":0,"href":"https:\/\/kibrisdakik.com\/index.php?rest_route=\/wp\/v2\/posts\/104097\/revisions"}],"wp:featuredmedia":[{"embeddable":true,"href":"https:\/\/kibrisdakik.com\/index.php?rest_route=\/wp\/v2\/media\/104098"}],"wp:attachment":[{"href":"https:\/\/kibrisdakik.com\/index.php?rest_route=%2Fwp%2Fv2%2Fmedia&parent=104097"}],"wp:term":[{"taxonomy":"category","embeddable":true,"href":"https:\/\/kibrisdakik.com\/index.php?rest_route=%2Fwp%2Fv2%2Fcategories&post=104097"},{"taxonomy":"post_tag","embeddable":true,"href":"https:\/\/kibrisdakik.com\/index.php?rest_route=%2Fwp%2Fv2%2Ftags&post=104097"}],"curies":[{"name":"wp","href":"https:\/\/api.w.org\/{rel}","templated":true}]}}