{"id":104133,"date":"2026-01-16T08:31:01","date_gmt":"2026-01-16T06:31:01","guid":{"rendered":"https:\/\/kibrisdakik.com\/index.php\/2026\/01\/16\/simon-aykutun-israile-iadesi-onaylandi\/"},"modified":"2026-01-16T08:31:01","modified_gmt":"2026-01-16T06:31:01","slug":"simon-aykutun-israile-iadesi-onaylandi","status":"publish","type":"post","link":"https:\/\/kibrisdakik.com\/?p=104133","title":{"rendered":"S\u0130MON AYKUT&#039;UN \u0130SRA\u0130L&#039;E \u0130ADES\u0130 ONAYLANDI"},"content":{"rendered":"<p><\/p>\n<p>Rum bas\u0131n\u0131nda yer alan haberlere g\u00f6re, Rum mallar\u0131n\u0131 usuls\u00fcz \u015fekilde edindi\u011fini kabul eden \u0130srailli Simon Mistriel Aykut\u2019un, cezas\u0131n\u0131n kalan b\u00f6l\u00fcm\u00fcn\u00fc \u00fclkesinde \u00e7ekmek \u00fczere \u0130srail\u2019e nakledilmesi ihtimali resmiyet kazand\u0131.<\/p>\n<p>En.Philenews&#8217;de yer alan habere g\u00f6re, 75 ya\u015f\u0131ndaki Aykut\u2019un, cezas\u0131n\u0131n \u0130srail\u2019de infaz edilmesi i\u00e7in resmi ba\u015fvuruda bulundu\u011fu, \u0130srail makamlar\u0131n\u0131n da bu talebe onay verdi\u011fi belirtildi. Konuya yak\u0131n bir kayna\u011fa g\u00f6re, Rum Y\u00f6netimi Adalet Bakan\u0131 Costas Fytiris, \u0130srailli yetkililerle yaz\u0131\u015fmalar\u0131n\u0131 s\u00fcrd\u00fcr\u00fcyor.<\/p>\n<div id=\"ad_121\" data-channel=\"121\" data-advert=\"temedya\" data-rotation=\"120\" class=\"mb-3 text-center\"><\/div>\n<div id=\"ad_121_mobile\" data-channel=\"121\" data-advert=\"temedya\" data-rotation=\"120\" class=\"mb-3 text-center\"><\/div>\n<p>Ayn\u0131 kaynak, \u201cBakan\u0131n bu talebi incelemekten ba\u015fka bir se\u00e7ene\u011fi yok\u201d ifadesini kullanarak, Fytiris\u2019in Aykut\u2019un \u0130srail\u2019e nakledilmesi halinde cezas\u0131n\u0131n hafifletilmemesi i\u00e7in ilgili makamlarla temas halinde oldu\u011funu aktard\u0131.<\/p>\n<p>Kaynaklar, Rum Y\u00f6netimi Adalet Bakan\u0131\u2019n\u0131n, \u0130srail ceza yasas\u0131nda ta\u015f\u0131nmaz mallar\u0131n usuls\u00fcz edinilmesine ili\u015fkin su\u00e7lar i\u00e7in \u00f6ng\u00f6r\u00fclen cezalar hakk\u0131nda bilgi ald\u0131\u011f\u0131 ve bu su\u00e7lara verilen hapis cezalar\u0131 aras\u0131nda belirgin bir fark bulunmad\u0131\u011f\u0131n\u0131 \u00f6\u011frendi\u011fini kaydetti.<\/p>\n<p>G\u00fcney Lefko\u015fa A\u011f\u0131r Ceza Mahkemesi, 24 Ekim 2025 tarihinde Aykut\u2019u, kendisine y\u00f6neltilen en a\u011f\u0131r su\u00e7lamalar olan \u201cba\u015fkas\u0131na ait ta\u015f\u0131nmaz mallar \u00fczerinde hileli tasarrufta bulunma\u201d su\u00e7unu kabul etmesinin ard\u0131ndan 5 y\u0131l hapis cezas\u0131na \u00e7arpt\u0131rm\u0131\u015ft\u0131.<\/p>\n<p>\u00d6te yandan, Rum Adalet Bakanl\u0131\u011f\u0131\u2019n\u0131n ikili h\u00fck\u00fcml\u00fc nakil anla\u015fmalar\u0131 listesinde \u0130srail\u2019in yer almad\u0131\u011f\u0131, ancak iki \u00fclkenin savunma ve g\u00fcvenlik, sa\u011fl\u0131k, enerji, bilim ve g\u00f6\u00e7 gibi alanlarda i\u015f birli\u011fi yapt\u0131\u011f\u0131na dikkat \u00e7ekildi.<\/p>\n<p>Aykut\u2019un olas\u0131 nakli siyasi \u00e7evrelerde de tepkiye yol a\u00e7t\u0131. G\u00fcney K\u0131br\u0131s Ekologlar Hareketi \u2013 Yurtta\u015f \u0130\u015f Birli\u011fi Ba\u015fkan\u0131 Stavros Papadouris, Aykut\u2019un mahk\u00fbmiyetinden bir hafta sonra Rum Y\u00f6netimi Ba\u015fsavc\u0131s\u0131 Giorgos Savvides\u2019e bir mektup g\u00f6ndererek, verilen cezan\u0131n yetersiz oldu\u011funu savundu. Papadouris, Aykut\u2019un yakla\u015f\u0131k 10 bin konut in\u015fa ederek milyonlarca Euro kazan\u00e7 elde etti\u011fini, buna kar\u015f\u0131n bu yasa d\u0131\u015f\u0131 projelerin reklam\u0131n\u0131 yapan ba\u015fka bir san\u0131\u011f\u0131n 2,5 y\u0131l hapis cezas\u0131 ald\u0131\u011f\u0131n\u0131 hat\u0131rlatt\u0131.<\/p>\n<p>Papadouris ayr\u0131ca, mali su\u00e7lara ili\u015fkin su\u00e7lamalar\u0131n neden iddianameden \u00e7\u0131kar\u0131ld\u0131\u011f\u0131n\u0131 ve \u0130srail\u2019e nakil talebinin olup olmad\u0131\u011f\u0131n\u0131 sorgulad\u0131.<\/p>\n<p>\u00d6te yandan D\u0130S\u0130 Milletvekili Nikos Georgiou da ge\u00e7en \u00e7ar\u015famba g\u00fcn\u00fc Adalet Bakan\u0131 Fytiris\u2019e bir mektup g\u00f6ndererek yedi sorudan olu\u015fan bir dizi soru y\u00f6neltti. Georgiou, olas\u0131 bir naklin cezan\u0131n infaz\u0131n\u0131 ve cayd\u0131r\u0131c\u0131l\u0131\u011f\u0131n\u0131 zay\u0131flat\u0131p zay\u0131flatmayaca\u011f\u0131, Aykut\u2019a kar\u015f\u0131 hukuki tazminat davalar\u0131n\u0131n a\u00e7\u0131l\u0131p a\u00e7\u0131lmayaca\u011f\u0131 ve h\u00fck\u00fcmetin bu konudaki siyasi tutumunun ne oldu\u011fu gibi ba\u015fl\u0131klara a\u00e7\u0131kl\u0131k getirilmesini istedi.<\/p>\n<\/p>\n<div class=\"article-source py-3 small \">\n                <\/div>\n","protected":false},"excerpt":{"rendered":"<p>Rum bas\u0131n\u0131nda yer alan haberlere g\u00f6re, Rum mallar\u0131n\u0131 usuls\u00fcz \u015fekilde edindi\u011fini kabul eden \u0130srailli Simon Mistriel Aykut\u2019un, cezas\u0131n\u0131n kalan b\u00f6l\u00fcm\u00fcn\u00fc \u00fclkesinde \u00e7ekmek \u00fczere \u0130srail\u2019e nakledilmesi ihtimali resmiyet kazand\u0131. En.Philenews&#8217;de yer alan habere g\u00f6re, 75 ya\u015f\u0131ndaki Aykut\u2019un, cezas\u0131n\u0131n \u0130srail\u2019de infaz edilmesi i\u00e7in resmi ba\u015fvuruda bulundu\u011fu, \u0130srail makamlar\u0131n\u0131n da bu talebe onay verdi\u011fi belirtildi. Konuya yak\u0131n bir<\/p>\n","protected":false},"author":1,"featured_media":104134,"comment_status":"open","ping_status":"open","sticky":false,"template":"","format":"standard","meta":{"footnotes":""},"categories":[81],"tags":[],"class_list":["post-104133","post","type-post","status-publish","format-standard","has-post-thumbnail","hentry","category-kibris"],"yoast_head":"<!-- This site is optimized with the Yoast SEO plugin v27.4 - https:\/\/yoast.com\/product\/yoast-seo-wordpress\/ -->\n<title>S\u0130MON AYKUT&#039;UN \u0130SRA\u0130L&#039;E \u0130ADES\u0130 ONAYLANDI -<\/title>\n<meta name=\"robots\" content=\"index, follow, max-snippet:-1, max-image-preview:large, max-video-preview:-1\" \/>\n<link rel=\"canonical\" href=\"https:\/\/kibrisdakik.com\/?p=104133\" \/>\n<meta property=\"og:locale\" content=\"tr_TR\" \/>\n<meta property=\"og:type\" content=\"article\" \/>\n<meta property=\"og:title\" content=\"S\u0130MON AYKUT&#039;UN \u0130SRA\u0130L&#039;E \u0130ADES\u0130 ONAYLANDI -\" \/>\n<meta property=\"og:description\" content=\"Rum bas\u0131n\u0131nda yer alan haberlere g\u00f6re, Rum mallar\u0131n\u0131 usuls\u00fcz \u015fekilde edindi\u011fini kabul eden \u0130srailli Simon Mistriel Aykut\u2019un, cezas\u0131n\u0131n kalan b\u00f6l\u00fcm\u00fcn\u00fc \u00fclkesinde \u00e7ekmek \u00fczere \u0130srail\u2019e nakledilmesi ihtimali resmiyet kazand\u0131. En.Philenews&#8217;de yer alan habere g\u00f6re, 75 ya\u015f\u0131ndaki Aykut\u2019un, cezas\u0131n\u0131n \u0130srail\u2019de infaz edilmesi i\u00e7in resmi ba\u015fvuruda bulundu\u011fu, \u0130srail makamlar\u0131n\u0131n da bu talebe onay verdi\u011fi belirtildi. Konuya yak\u0131n bir\" \/>\n<meta property=\"og:url\" content=\"https:\/\/kibrisdakik.com\/?p=104133\" \/>\n<meta property=\"article:published_time\" content=\"2026-01-16T06:31:01+00:00\" \/>\n<meta property=\"og:image\" content=\"https:\/\/kibrisdakik.com\/wp-content\/uploads\/2026\/01\/mha-sari-beyaz-2413.png\" \/>\n\t<meta property=\"og:image:width\" content=\"1280\" \/>\n\t<meta property=\"og:image:height\" content=\"720\" \/>\n\t<meta property=\"og:image:type\" content=\"image\/png\" \/>\n<meta name=\"author\" content=\"admin\" \/>\n<meta name=\"twitter:card\" content=\"summary_large_image\" \/>\n<meta name=\"twitter:label1\" content=\"Yazan:\" \/>\n\t<meta name=\"twitter:data1\" content=\"admin\" \/>\n\t<meta name=\"twitter:label2\" content=\"Tahmini okuma s\u00fcresi\" \/>\n\t<meta name=\"twitter:data2\" content=\"2 dakika\" \/>\n<script type=\"application\/ld+json\" class=\"yoast-schema-graph\">{\"@context\":\"https:\\\/\\\/schema.org\",\"@graph\":[{\"@type\":\"Article\",\"@id\":\"https:\\\/\\\/kibrisdakik.com\\\/?p=104133#article\",\"isPartOf\":{\"@id\":\"https:\\\/\\\/kibrisdakik.com\\\/?p=104133\"},\"author\":{\"name\":\"admin\",\"@id\":\"https:\\\/\\\/kibrisdakik.com\\\/#\\\/schema\\\/person\\\/9cd9d437bbb44f72b73ba127e06d8e79\"},\"headline\":\"S\u0130MON AYKUT&#039;UN \u0130SRA\u0130L&#039;E \u0130ADES\u0130 ONAYLANDI\",\"datePublished\":\"2026-01-16T06:31:01+00:00\",\"mainEntityOfPage\":{\"@id\":\"https:\\\/\\\/kibrisdakik.com\\\/?p=104133\"},\"wordCount\":484,\"commentCount\":0,\"image\":{\"@id\":\"https:\\\/\\\/kibrisdakik.com\\\/?p=104133#primaryimage\"},\"thumbnailUrl\":\"https:\\\/\\\/kibrisdakik.com\\\/wp-content\\\/uploads\\\/2026\\\/01\\\/mha-sari-beyaz-2413.png\",\"articleSection\":[\"K\u0131br\u0131s\"],\"inLanguage\":\"tr\",\"potentialAction\":[{\"@type\":\"CommentAction\",\"name\":\"Comment\",\"target\":[\"https:\\\/\\\/kibrisdakik.com\\\/?p=104133#respond\"]}]},{\"@type\":\"WebPage\",\"@id\":\"https:\\\/\\\/kibrisdakik.com\\\/?p=104133\",\"url\":\"https:\\\/\\\/kibrisdakik.com\\\/?p=104133\",\"name\":\"S\u0130MON AYKUT&#039;UN \u0130SRA\u0130L&#039;E \u0130ADES\u0130 ONAYLANDI -\",\"isPartOf\":{\"@id\":\"https:\\\/\\\/kibrisdakik.com\\\/#website\"},\"primaryImageOfPage\":{\"@id\":\"https:\\\/\\\/kibrisdakik.com\\\/?p=104133#primaryimage\"},\"image\":{\"@id\":\"https:\\\/\\\/kibrisdakik.com\\\/?p=104133#primaryimage\"},\"thumbnailUrl\":\"https:\\\/\\\/kibrisdakik.com\\\/wp-content\\\/uploads\\\/2026\\\/01\\\/mha-sari-beyaz-2413.png\",\"datePublished\":\"2026-01-16T06:31:01+00:00\",\"author\":{\"@id\":\"https:\\\/\\\/kibrisdakik.com\\\/#\\\/schema\\\/person\\\/9cd9d437bbb44f72b73ba127e06d8e79\"},\"breadcrumb\":{\"@id\":\"https:\\\/\\\/kibrisdakik.com\\\/?p=104133#breadcrumb\"},\"inLanguage\":\"tr\",\"potentialAction\":[{\"@type\":\"ReadAction\",\"target\":[\"https:\\\/\\\/kibrisdakik.com\\\/?p=104133\"]}]},{\"@type\":\"ImageObject\",\"inLanguage\":\"tr\",\"@id\":\"https:\\\/\\\/kibrisdakik.com\\\/?p=104133#primaryimage\",\"url\":\"https:\\\/\\\/kibrisdakik.com\\\/wp-content\\\/uploads\\\/2026\\\/01\\\/mha-sari-beyaz-2413.png\",\"contentUrl\":\"https:\\\/\\\/kibrisdakik.com\\\/wp-content\\\/uploads\\\/2026\\\/01\\\/mha-sari-beyaz-2413.png\",\"width\":1280,\"height\":720},{\"@type\":\"BreadcrumbList\",\"@id\":\"https:\\\/\\\/kibrisdakik.com\\\/?p=104133#breadcrumb\",\"itemListElement\":[{\"@type\":\"ListItem\",\"position\":1,\"name\":\"Home\",\"item\":\"https:\\\/\\\/kibrisdakik.com\\\/\"},{\"@type\":\"ListItem\",\"position\":2,\"name\":\"S\u0130MON AYKUT&#039;UN \u0130SRA\u0130L&#039;E \u0130ADES\u0130 ONAYLANDI\"}]},{\"@type\":\"WebSite\",\"@id\":\"https:\\\/\\\/kibrisdakik.com\\\/#website\",\"url\":\"https:\\\/\\\/kibrisdakik.com\\\/\",\"name\":\"\",\"description\":\"Tam vaktinde haber\",\"potentialAction\":[{\"@type\":\"SearchAction\",\"target\":{\"@type\":\"EntryPoint\",\"urlTemplate\":\"https:\\\/\\\/kibrisdakik.com\\\/?s={search_term_string}\"},\"query-input\":{\"@type\":\"PropertyValueSpecification\",\"valueRequired\":true,\"valueName\":\"search_term_string\"}}],\"inLanguage\":\"tr\"},{\"@type\":\"Person\",\"@id\":\"https:\\\/\\\/kibrisdakik.com\\\/#\\\/schema\\\/person\\\/9cd9d437bbb44f72b73ba127e06d8e79\",\"name\":\"admin\",\"image\":{\"@type\":\"ImageObject\",\"inLanguage\":\"tr\",\"@id\":\"https:\\\/\\\/secure.gravatar.com\\\/avatar\\\/ccc17943b9d660506c869530f897617f7cb1c21a4bf30023f252596d83e1f007?s=96&d=mm&r=g\",\"url\":\"https:\\\/\\\/secure.gravatar.com\\\/avatar\\\/ccc17943b9d660506c869530f897617f7cb1c21a4bf30023f252596d83e1f007?s=96&d=mm&r=g\",\"contentUrl\":\"https:\\\/\\\/secure.gravatar.com\\\/avatar\\\/ccc17943b9d660506c869530f897617f7cb1c21a4bf30023f252596d83e1f007?s=96&d=mm&r=g\",\"caption\":\"admin\"},\"sameAs\":[\"https:\\\/\\\/kibrisdakik.com\"],\"url\":\"https:\\\/\\\/kibrisdakik.com\\\/?author=1\"}]}<\/script>\n<!-- \/ Yoast SEO plugin. -->","yoast_head_json":{"title":"S\u0130MON AYKUT&#039;UN \u0130SRA\u0130L&#039;E \u0130ADES\u0130 ONAYLANDI -","robots":{"index":"index","follow":"follow","max-snippet":"max-snippet:-1","max-image-preview":"max-image-preview:large","max-video-preview":"max-video-preview:-1"},"canonical":"https:\/\/kibrisdakik.com\/?p=104133","og_locale":"tr_TR","og_type":"article","og_title":"S\u0130MON AYKUT&#039;UN \u0130SRA\u0130L&#039;E \u0130ADES\u0130 ONAYLANDI -","og_description":"Rum bas\u0131n\u0131nda yer alan haberlere g\u00f6re, Rum mallar\u0131n\u0131 usuls\u00fcz \u015fekilde edindi\u011fini kabul eden \u0130srailli Simon Mistriel Aykut\u2019un, cezas\u0131n\u0131n kalan b\u00f6l\u00fcm\u00fcn\u00fc \u00fclkesinde \u00e7ekmek \u00fczere \u0130srail\u2019e nakledilmesi ihtimali resmiyet kazand\u0131. En.Philenews&#8217;de yer alan habere g\u00f6re, 75 ya\u015f\u0131ndaki Aykut\u2019un, cezas\u0131n\u0131n \u0130srail\u2019de infaz edilmesi i\u00e7in resmi ba\u015fvuruda bulundu\u011fu, \u0130srail makamlar\u0131n\u0131n da bu talebe onay verdi\u011fi belirtildi. Konuya yak\u0131n bir","og_url":"https:\/\/kibrisdakik.com\/?p=104133","article_published_time":"2026-01-16T06:31:01+00:00","og_image":[{"width":1280,"height":720,"url":"https:\/\/kibrisdakik.com\/wp-content\/uploads\/2026\/01\/mha-sari-beyaz-2413.png","type":"image\/png"}],"author":"admin","twitter_card":"summary_large_image","twitter_misc":{"Yazan:":"admin","Tahmini okuma s\u00fcresi":"2 dakika"},"schema":{"@context":"https:\/\/schema.org","@graph":[{"@type":"Article","@id":"https:\/\/kibrisdakik.com\/?p=104133#article","isPartOf":{"@id":"https:\/\/kibrisdakik.com\/?p=104133"},"author":{"name":"admin","@id":"https:\/\/kibrisdakik.com\/#\/schema\/person\/9cd9d437bbb44f72b73ba127e06d8e79"},"headline":"S\u0130MON AYKUT&#039;UN \u0130SRA\u0130L&#039;E \u0130ADES\u0130 ONAYLANDI","datePublished":"2026-01-16T06:31:01+00:00","mainEntityOfPage":{"@id":"https:\/\/kibrisdakik.com\/?p=104133"},"wordCount":484,"commentCount":0,"image":{"@id":"https:\/\/kibrisdakik.com\/?p=104133#primaryimage"},"thumbnailUrl":"https:\/\/kibrisdakik.com\/wp-content\/uploads\/2026\/01\/mha-sari-beyaz-2413.png","articleSection":["K\u0131br\u0131s"],"inLanguage":"tr","potentialAction":[{"@type":"CommentAction","name":"Comment","target":["https:\/\/kibrisdakik.com\/?p=104133#respond"]}]},{"@type":"WebPage","@id":"https:\/\/kibrisdakik.com\/?p=104133","url":"https:\/\/kibrisdakik.com\/?p=104133","name":"S\u0130MON AYKUT&#039;UN \u0130SRA\u0130L&#039;E \u0130ADES\u0130 ONAYLANDI -","isPartOf":{"@id":"https:\/\/kibrisdakik.com\/#website"},"primaryImageOfPage":{"@id":"https:\/\/kibrisdakik.com\/?p=104133#primaryimage"},"image":{"@id":"https:\/\/kibrisdakik.com\/?p=104133#primaryimage"},"thumbnailUrl":"https:\/\/kibrisdakik.com\/wp-content\/uploads\/2026\/01\/mha-sari-beyaz-2413.png","datePublished":"2026-01-16T06:31:01+00:00","author":{"@id":"https:\/\/kibrisdakik.com\/#\/schema\/person\/9cd9d437bbb44f72b73ba127e06d8e79"},"breadcrumb":{"@id":"https:\/\/kibrisdakik.com\/?p=104133#breadcrumb"},"inLanguage":"tr","potentialAction":[{"@type":"ReadAction","target":["https:\/\/kibrisdakik.com\/?p=104133"]}]},{"@type":"ImageObject","inLanguage":"tr","@id":"https:\/\/kibrisdakik.com\/?p=104133#primaryimage","url":"https:\/\/kibrisdakik.com\/wp-content\/uploads\/2026\/01\/mha-sari-beyaz-2413.png","contentUrl":"https:\/\/kibrisdakik.com\/wp-content\/uploads\/2026\/01\/mha-sari-beyaz-2413.png","width":1280,"height":720},{"@type":"BreadcrumbList","@id":"https:\/\/kibrisdakik.com\/?p=104133#breadcrumb","itemListElement":[{"@type":"ListItem","position":1,"name":"Home","item":"https:\/\/kibrisdakik.com\/"},{"@type":"ListItem","position":2,"name":"S\u0130MON AYKUT&#039;UN \u0130SRA\u0130L&#039;E \u0130ADES\u0130 ONAYLANDI"}]},{"@type":"WebSite","@id":"https:\/\/kibrisdakik.com\/#website","url":"https:\/\/kibrisdakik.com\/","name":"","description":"Tam vaktinde haber","potentialAction":[{"@type":"SearchAction","target":{"@type":"EntryPoint","urlTemplate":"https:\/\/kibrisdakik.com\/?s={search_term_string}"},"query-input":{"@type":"PropertyValueSpecification","valueRequired":true,"valueName":"search_term_string"}}],"inLanguage":"tr"},{"@type":"Person","@id":"https:\/\/kibrisdakik.com\/#\/schema\/person\/9cd9d437bbb44f72b73ba127e06d8e79","name":"admin","image":{"@type":"ImageObject","inLanguage":"tr","@id":"https:\/\/secure.gravatar.com\/avatar\/ccc17943b9d660506c869530f897617f7cb1c21a4bf30023f252596d83e1f007?s=96&d=mm&r=g","url":"https:\/\/secure.gravatar.com\/avatar\/ccc17943b9d660506c869530f897617f7cb1c21a4bf30023f252596d83e1f007?s=96&d=mm&r=g","contentUrl":"https:\/\/secure.gravatar.com\/avatar\/ccc17943b9d660506c869530f897617f7cb1c21a4bf30023f252596d83e1f007?s=96&d=mm&r=g","caption":"admin"},"sameAs":["https:\/\/kibrisdakik.com"],"url":"https:\/\/kibrisdakik.com\/?author=1"}]}},"_links":{"self":[{"href":"https:\/\/kibrisdakik.com\/index.php?rest_route=\/wp\/v2\/posts\/104133","targetHints":{"allow":["GET"]}}],"collection":[{"href":"https:\/\/kibrisdakik.com\/index.php?rest_route=\/wp\/v2\/posts"}],"about":[{"href":"https:\/\/kibrisdakik.com\/index.php?rest_route=\/wp\/v2\/types\/post"}],"author":[{"embeddable":true,"href":"https:\/\/kibrisdakik.com\/index.php?rest_route=\/wp\/v2\/users\/1"}],"replies":[{"embeddable":true,"href":"https:\/\/kibrisdakik.com\/index.php?rest_route=%2Fwp%2Fv2%2Fcomments&post=104133"}],"version-history":[{"count":0,"href":"https:\/\/kibrisdakik.com\/index.php?rest_route=\/wp\/v2\/posts\/104133\/revisions"}],"wp:featuredmedia":[{"embeddable":true,"href":"https:\/\/kibrisdakik.com\/index.php?rest_route=\/wp\/v2\/media\/104134"}],"wp:attachment":[{"href":"https:\/\/kibrisdakik.com\/index.php?rest_route=%2Fwp%2Fv2%2Fmedia&parent=104133"}],"wp:term":[{"taxonomy":"category","embeddable":true,"href":"https:\/\/kibrisdakik.com\/index.php?rest_route=%2Fwp%2Fv2%2Fcategories&post=104133"},{"taxonomy":"post_tag","embeddable":true,"href":"https:\/\/kibrisdakik.com\/index.php?rest_route=%2Fwp%2Fv2%2Ftags&post=104133"}],"curies":[{"name":"wp","href":"https:\/\/api.w.org\/{rel}","templated":true}]}}