{"id":104164,"date":"2026-01-16T10:37:13","date_gmt":"2026-01-16T08:37:13","guid":{"rendered":"https:\/\/kibrisdakik.com\/index.php\/2026\/01\/16\/medya-etik-kurulundan-kibris-turk-haber-hakkinda-inceleme\/"},"modified":"2026-01-16T10:37:13","modified_gmt":"2026-01-16T08:37:13","slug":"medya-etik-kurulundan-kibris-turk-haber-hakkinda-inceleme","status":"publish","type":"post","link":"https:\/\/kibrisdakik.com\/?p=104164","title":{"rendered":"MEDYA ET\u0130K KURULU\u2019NDAN, KIBRIS T\u00dcRK HABER HAKKINDA \u0130NCELEME"},"content":{"rendered":"<p><\/p>\n<div data-text-id=\"194027\" property=\"articleBody\">\n<p>Medya Etik Kurulu, Candan Mert taraf\u0131ndan yap\u0131lan ba\u015fvuru do\u011frultusunda, K\u0131br\u0131s T\u00fcrk Haber adl\u0131 yay\u0131n kurulu\u015funun 14 Ocak 2026 tarihli yay\u0131n\u0131na ili\u015fkin inceleme ger\u00e7ekle\u015ftirdi.<\/p>\n<p>Kurul taraf\u0131ndan yap\u0131lan de\u011ferlendirmede, K\u0131br\u0131s Gazetesi\u2019nde 13 Ocak 2026 tarihinde yay\u0131mlanan ve Candan Mert imzas\u0131n\u0131 ta\u015f\u0131yan \u201c\u0130ntikam de\u011fil, adalet istiyoruz\u201d ba\u015fl\u0131kl\u0131 \u00f6zel haberin, herhangi bir kaynak g\u00f6sterilmeden ve yazar\u0131n iznine ba\u015fvurulmaks\u0131z\u0131n K\u0131br\u0131s T\u00fcrk Haber\u2019in hem internet sitesinde hem de 14 Ocak tarihli \u00f6n sayfa tasar\u0131m\u0131nda yay\u0131mland\u0131\u011f\u0131 tespit edildi.<\/p>\n<p>A\u00e7\u0131klamada, \u0130nternet Gazetecili\u011fi Deklarasyonu\u2019nun 3. maddesinde, \u201cba\u015fka bir medya kurulu\u015fundan al\u0131narak yay\u0131mlanan haberlerde kayna\u011f\u0131n belirtilmesi ve medya kurulu\u015funun kendi imk\u00e2nlar\u0131yla \u00fcretti\u011fi \u00f6zel haberlerin tamam\u0131n\u0131n kullan\u0131lmay\u0131p haberi \u00fcreten medya kurulu\u015funa link verilmesi\u201d esas\u0131n\u0131n yer ald\u0131\u011f\u0131 hat\u0131rlat\u0131ld\u0131.<\/p>\n<p>K\u0131br\u0131s T\u00fcrk Haber\u2019in s\u00f6z konusu haberi \u201ckaynaks\u0131z ve imzas\u0131z bi\u00e7imde yay\u0131mlamas\u0131n\u0131n\u201d, hem \u201chaberin as\u0131l sahibinin eme\u011fine sayg\u0131s\u0131zl\u0131k te\u015fkil etti\u011fi\u201d hem de \u201cmedya eti\u011fi a\u00e7\u0131s\u0131ndan ihlal olu\u015fturdu\u011fu\u201d ifade edildi.<\/p>\n<p>Bu ba\u011flamda Medya Etik Kurulu, K\u0131br\u0131s T\u00fcrk Haber\u2019i \u201cgazetecilik meslek ilkeleri do\u011frultusunda kaynak g\u00f6sterme sorumlulu\u011funa riayet etmeye, ba\u015fkalar\u0131n\u0131n eme\u011fini g\u00f6zeten ve etik yay\u0131nc\u0131l\u0131\u011f\u0131 esas alan bir yay\u0131n anlay\u0131\u015f\u0131n\u0131 benimsemeye\u201d davet etti.<\/p>\n<\/p><\/div>\n","protected":false},"excerpt":{"rendered":"<p>Medya Etik Kurulu, Candan Mert taraf\u0131ndan yap\u0131lan ba\u015fvuru do\u011frultusunda, K\u0131br\u0131s T\u00fcrk Haber adl\u0131 yay\u0131n kurulu\u015funun 14 Ocak 2026 tarihli yay\u0131n\u0131na ili\u015fkin inceleme ger\u00e7ekle\u015ftirdi. Kurul taraf\u0131ndan yap\u0131lan de\u011ferlendirmede, K\u0131br\u0131s Gazetesi\u2019nde 13 Ocak 2026 tarihinde yay\u0131mlanan ve Candan Mert imzas\u0131n\u0131 ta\u015f\u0131yan \u201c\u0130ntikam de\u011fil, adalet istiyoruz\u201d ba\u015fl\u0131kl\u0131 \u00f6zel haberin, herhangi bir kaynak g\u00f6sterilmeden ve yazar\u0131n iznine ba\u015fvurulmaks\u0131z\u0131n K\u0131br\u0131s<\/p>\n","protected":false},"author":1,"featured_media":104165,"comment_status":"open","ping_status":"open","sticky":false,"template":"","format":"standard","meta":{"footnotes":""},"categories":[81],"tags":[],"class_list":["post-104164","post","type-post","status-publish","format-standard","has-post-thumbnail","hentry","category-kibris"],"yoast_head":"<!-- This site is optimized with the Yoast SEO plugin v27.4 - https:\/\/yoast.com\/product\/yoast-seo-wordpress\/ -->\n<title>MEDYA ET\u0130K KURULU\u2019NDAN, KIBRIS T\u00dcRK HABER HAKKINDA \u0130NCELEME -<\/title>\n<meta name=\"robots\" content=\"index, follow, max-snippet:-1, max-image-preview:large, max-video-preview:-1\" \/>\n<link rel=\"canonical\" href=\"https:\/\/kibrisdakik.com\/?p=104164\" \/>\n<meta property=\"og:locale\" content=\"tr_TR\" \/>\n<meta property=\"og:type\" content=\"article\" \/>\n<meta property=\"og:title\" content=\"MEDYA ET\u0130K KURULU\u2019NDAN, KIBRIS T\u00dcRK HABER HAKKINDA \u0130NCELEME -\" \/>\n<meta property=\"og:description\" content=\"Medya Etik Kurulu, Candan Mert taraf\u0131ndan yap\u0131lan ba\u015fvuru do\u011frultusunda, K\u0131br\u0131s T\u00fcrk Haber adl\u0131 yay\u0131n kurulu\u015funun 14 Ocak 2026 tarihli yay\u0131n\u0131na ili\u015fkin inceleme ger\u00e7ekle\u015ftirdi. Kurul taraf\u0131ndan yap\u0131lan de\u011ferlendirmede, K\u0131br\u0131s Gazetesi\u2019nde 13 Ocak 2026 tarihinde yay\u0131mlanan ve Candan Mert imzas\u0131n\u0131 ta\u015f\u0131yan \u201c\u0130ntikam de\u011fil, adalet istiyoruz\u201d ba\u015fl\u0131kl\u0131 \u00f6zel haberin, herhangi bir kaynak g\u00f6sterilmeden ve yazar\u0131n iznine ba\u015fvurulmaks\u0131z\u0131n K\u0131br\u0131s\" \/>\n<meta property=\"og:url\" content=\"https:\/\/kibrisdakik.com\/?p=104164\" \/>\n<meta property=\"article:published_time\" content=\"2026-01-16T08:37:13+00:00\" \/>\n<meta property=\"og:image\" content=\"https:\/\/kibrisdakik.com\/wp-content\/uploads\/2026\/01\/10-269.png\" \/>\n\t<meta property=\"og:image:width\" content=\"1280\" \/>\n\t<meta property=\"og:image:height\" content=\"720\" \/>\n\t<meta property=\"og:image:type\" content=\"image\/png\" \/>\n<meta name=\"author\" content=\"admin\" \/>\n<meta name=\"twitter:card\" content=\"summary_large_image\" \/>\n<meta name=\"twitter:label1\" content=\"Yazan:\" \/>\n\t<meta name=\"twitter:data1\" content=\"admin\" \/>\n\t<meta name=\"twitter:label2\" content=\"Tahmini okuma s\u00fcresi\" \/>\n\t<meta name=\"twitter:data2\" content=\"1 dakika\" \/>\n<script type=\"application\/ld+json\" class=\"yoast-schema-graph\">{\"@context\":\"https:\\\/\\\/schema.org\",\"@graph\":[{\"@type\":\"Article\",\"@id\":\"https:\\\/\\\/kibrisdakik.com\\\/?p=104164#article\",\"isPartOf\":{\"@id\":\"https:\\\/\\\/kibrisdakik.com\\\/?p=104164\"},\"author\":{\"name\":\"admin\",\"@id\":\"https:\\\/\\\/kibrisdakik.com\\\/#\\\/schema\\\/person\\\/9cd9d437bbb44f72b73ba127e06d8e79\"},\"headline\":\"MEDYA ET\u0130K KURULU\u2019NDAN, KIBRIS T\u00dcRK HABER HAKKINDA \u0130NCELEME\",\"datePublished\":\"2026-01-16T08:37:13+00:00\",\"mainEntityOfPage\":{\"@id\":\"https:\\\/\\\/kibrisdakik.com\\\/?p=104164\"},\"wordCount\":269,\"commentCount\":0,\"image\":{\"@id\":\"https:\\\/\\\/kibrisdakik.com\\\/?p=104164#primaryimage\"},\"thumbnailUrl\":\"https:\\\/\\\/kibrisdakik.com\\\/wp-content\\\/uploads\\\/2026\\\/01\\\/10-269.png\",\"articleSection\":[\"K\u0131br\u0131s\"],\"inLanguage\":\"tr\",\"potentialAction\":[{\"@type\":\"CommentAction\",\"name\":\"Comment\",\"target\":[\"https:\\\/\\\/kibrisdakik.com\\\/?p=104164#respond\"]}]},{\"@type\":\"WebPage\",\"@id\":\"https:\\\/\\\/kibrisdakik.com\\\/?p=104164\",\"url\":\"https:\\\/\\\/kibrisdakik.com\\\/?p=104164\",\"name\":\"MEDYA ET\u0130K KURULU\u2019NDAN, KIBRIS T\u00dcRK HABER HAKKINDA \u0130NCELEME -\",\"isPartOf\":{\"@id\":\"https:\\\/\\\/kibrisdakik.com\\\/#website\"},\"primaryImageOfPage\":{\"@id\":\"https:\\\/\\\/kibrisdakik.com\\\/?p=104164#primaryimage\"},\"image\":{\"@id\":\"https:\\\/\\\/kibrisdakik.com\\\/?p=104164#primaryimage\"},\"thumbnailUrl\":\"https:\\\/\\\/kibrisdakik.com\\\/wp-content\\\/uploads\\\/2026\\\/01\\\/10-269.png\",\"datePublished\":\"2026-01-16T08:37:13+00:00\",\"author\":{\"@id\":\"https:\\\/\\\/kibrisdakik.com\\\/#\\\/schema\\\/person\\\/9cd9d437bbb44f72b73ba127e06d8e79\"},\"breadcrumb\":{\"@id\":\"https:\\\/\\\/kibrisdakik.com\\\/?p=104164#breadcrumb\"},\"inLanguage\":\"tr\",\"potentialAction\":[{\"@type\":\"ReadAction\",\"target\":[\"https:\\\/\\\/kibrisdakik.com\\\/?p=104164\"]}]},{\"@type\":\"ImageObject\",\"inLanguage\":\"tr\",\"@id\":\"https:\\\/\\\/kibrisdakik.com\\\/?p=104164#primaryimage\",\"url\":\"https:\\\/\\\/kibrisdakik.com\\\/wp-content\\\/uploads\\\/2026\\\/01\\\/10-269.png\",\"contentUrl\":\"https:\\\/\\\/kibrisdakik.com\\\/wp-content\\\/uploads\\\/2026\\\/01\\\/10-269.png\",\"width\":1280,\"height\":720},{\"@type\":\"BreadcrumbList\",\"@id\":\"https:\\\/\\\/kibrisdakik.com\\\/?p=104164#breadcrumb\",\"itemListElement\":[{\"@type\":\"ListItem\",\"position\":1,\"name\":\"Home\",\"item\":\"https:\\\/\\\/kibrisdakik.com\\\/\"},{\"@type\":\"ListItem\",\"position\":2,\"name\":\"MEDYA ET\u0130K KURULU\u2019NDAN, KIBRIS T\u00dcRK HABER HAKKINDA \u0130NCELEME\"}]},{\"@type\":\"WebSite\",\"@id\":\"https:\\\/\\\/kibrisdakik.com\\\/#website\",\"url\":\"https:\\\/\\\/kibrisdakik.com\\\/\",\"name\":\"\",\"description\":\"Tam vaktinde haber\",\"potentialAction\":[{\"@type\":\"SearchAction\",\"target\":{\"@type\":\"EntryPoint\",\"urlTemplate\":\"https:\\\/\\\/kibrisdakik.com\\\/?s={search_term_string}\"},\"query-input\":{\"@type\":\"PropertyValueSpecification\",\"valueRequired\":true,\"valueName\":\"search_term_string\"}}],\"inLanguage\":\"tr\"},{\"@type\":\"Person\",\"@id\":\"https:\\\/\\\/kibrisdakik.com\\\/#\\\/schema\\\/person\\\/9cd9d437bbb44f72b73ba127e06d8e79\",\"name\":\"admin\",\"image\":{\"@type\":\"ImageObject\",\"inLanguage\":\"tr\",\"@id\":\"https:\\\/\\\/secure.gravatar.com\\\/avatar\\\/ccc17943b9d660506c869530f897617f7cb1c21a4bf30023f252596d83e1f007?s=96&d=mm&r=g\",\"url\":\"https:\\\/\\\/secure.gravatar.com\\\/avatar\\\/ccc17943b9d660506c869530f897617f7cb1c21a4bf30023f252596d83e1f007?s=96&d=mm&r=g\",\"contentUrl\":\"https:\\\/\\\/secure.gravatar.com\\\/avatar\\\/ccc17943b9d660506c869530f897617f7cb1c21a4bf30023f252596d83e1f007?s=96&d=mm&r=g\",\"caption\":\"admin\"},\"sameAs\":[\"https:\\\/\\\/kibrisdakik.com\"],\"url\":\"https:\\\/\\\/kibrisdakik.com\\\/?author=1\"}]}<\/script>\n<!-- \/ Yoast SEO plugin. -->","yoast_head_json":{"title":"MEDYA ET\u0130K KURULU\u2019NDAN, KIBRIS T\u00dcRK HABER HAKKINDA \u0130NCELEME -","robots":{"index":"index","follow":"follow","max-snippet":"max-snippet:-1","max-image-preview":"max-image-preview:large","max-video-preview":"max-video-preview:-1"},"canonical":"https:\/\/kibrisdakik.com\/?p=104164","og_locale":"tr_TR","og_type":"article","og_title":"MEDYA ET\u0130K KURULU\u2019NDAN, KIBRIS T\u00dcRK HABER HAKKINDA \u0130NCELEME -","og_description":"Medya Etik Kurulu, Candan Mert taraf\u0131ndan yap\u0131lan ba\u015fvuru do\u011frultusunda, K\u0131br\u0131s T\u00fcrk Haber adl\u0131 yay\u0131n kurulu\u015funun 14 Ocak 2026 tarihli yay\u0131n\u0131na ili\u015fkin inceleme ger\u00e7ekle\u015ftirdi. Kurul taraf\u0131ndan yap\u0131lan de\u011ferlendirmede, K\u0131br\u0131s Gazetesi\u2019nde 13 Ocak 2026 tarihinde yay\u0131mlanan ve Candan Mert imzas\u0131n\u0131 ta\u015f\u0131yan \u201c\u0130ntikam de\u011fil, adalet istiyoruz\u201d ba\u015fl\u0131kl\u0131 \u00f6zel haberin, herhangi bir kaynak g\u00f6sterilmeden ve yazar\u0131n iznine ba\u015fvurulmaks\u0131z\u0131n K\u0131br\u0131s","og_url":"https:\/\/kibrisdakik.com\/?p=104164","article_published_time":"2026-01-16T08:37:13+00:00","og_image":[{"width":1280,"height":720,"url":"https:\/\/kibrisdakik.com\/wp-content\/uploads\/2026\/01\/10-269.png","type":"image\/png"}],"author":"admin","twitter_card":"summary_large_image","twitter_misc":{"Yazan:":"admin","Tahmini okuma s\u00fcresi":"1 dakika"},"schema":{"@context":"https:\/\/schema.org","@graph":[{"@type":"Article","@id":"https:\/\/kibrisdakik.com\/?p=104164#article","isPartOf":{"@id":"https:\/\/kibrisdakik.com\/?p=104164"},"author":{"name":"admin","@id":"https:\/\/kibrisdakik.com\/#\/schema\/person\/9cd9d437bbb44f72b73ba127e06d8e79"},"headline":"MEDYA ET\u0130K KURULU\u2019NDAN, KIBRIS T\u00dcRK HABER HAKKINDA \u0130NCELEME","datePublished":"2026-01-16T08:37:13+00:00","mainEntityOfPage":{"@id":"https:\/\/kibrisdakik.com\/?p=104164"},"wordCount":269,"commentCount":0,"image":{"@id":"https:\/\/kibrisdakik.com\/?p=104164#primaryimage"},"thumbnailUrl":"https:\/\/kibrisdakik.com\/wp-content\/uploads\/2026\/01\/10-269.png","articleSection":["K\u0131br\u0131s"],"inLanguage":"tr","potentialAction":[{"@type":"CommentAction","name":"Comment","target":["https:\/\/kibrisdakik.com\/?p=104164#respond"]}]},{"@type":"WebPage","@id":"https:\/\/kibrisdakik.com\/?p=104164","url":"https:\/\/kibrisdakik.com\/?p=104164","name":"MEDYA ET\u0130K KURULU\u2019NDAN, KIBRIS T\u00dcRK HABER HAKKINDA \u0130NCELEME -","isPartOf":{"@id":"https:\/\/kibrisdakik.com\/#website"},"primaryImageOfPage":{"@id":"https:\/\/kibrisdakik.com\/?p=104164#primaryimage"},"image":{"@id":"https:\/\/kibrisdakik.com\/?p=104164#primaryimage"},"thumbnailUrl":"https:\/\/kibrisdakik.com\/wp-content\/uploads\/2026\/01\/10-269.png","datePublished":"2026-01-16T08:37:13+00:00","author":{"@id":"https:\/\/kibrisdakik.com\/#\/schema\/person\/9cd9d437bbb44f72b73ba127e06d8e79"},"breadcrumb":{"@id":"https:\/\/kibrisdakik.com\/?p=104164#breadcrumb"},"inLanguage":"tr","potentialAction":[{"@type":"ReadAction","target":["https:\/\/kibrisdakik.com\/?p=104164"]}]},{"@type":"ImageObject","inLanguage":"tr","@id":"https:\/\/kibrisdakik.com\/?p=104164#primaryimage","url":"https:\/\/kibrisdakik.com\/wp-content\/uploads\/2026\/01\/10-269.png","contentUrl":"https:\/\/kibrisdakik.com\/wp-content\/uploads\/2026\/01\/10-269.png","width":1280,"height":720},{"@type":"BreadcrumbList","@id":"https:\/\/kibrisdakik.com\/?p=104164#breadcrumb","itemListElement":[{"@type":"ListItem","position":1,"name":"Home","item":"https:\/\/kibrisdakik.com\/"},{"@type":"ListItem","position":2,"name":"MEDYA ET\u0130K KURULU\u2019NDAN, KIBRIS T\u00dcRK HABER HAKKINDA \u0130NCELEME"}]},{"@type":"WebSite","@id":"https:\/\/kibrisdakik.com\/#website","url":"https:\/\/kibrisdakik.com\/","name":"","description":"Tam vaktinde haber","potentialAction":[{"@type":"SearchAction","target":{"@type":"EntryPoint","urlTemplate":"https:\/\/kibrisdakik.com\/?s={search_term_string}"},"query-input":{"@type":"PropertyValueSpecification","valueRequired":true,"valueName":"search_term_string"}}],"inLanguage":"tr"},{"@type":"Person","@id":"https:\/\/kibrisdakik.com\/#\/schema\/person\/9cd9d437bbb44f72b73ba127e06d8e79","name":"admin","image":{"@type":"ImageObject","inLanguage":"tr","@id":"https:\/\/secure.gravatar.com\/avatar\/ccc17943b9d660506c869530f897617f7cb1c21a4bf30023f252596d83e1f007?s=96&d=mm&r=g","url":"https:\/\/secure.gravatar.com\/avatar\/ccc17943b9d660506c869530f897617f7cb1c21a4bf30023f252596d83e1f007?s=96&d=mm&r=g","contentUrl":"https:\/\/secure.gravatar.com\/avatar\/ccc17943b9d660506c869530f897617f7cb1c21a4bf30023f252596d83e1f007?s=96&d=mm&r=g","caption":"admin"},"sameAs":["https:\/\/kibrisdakik.com"],"url":"https:\/\/kibrisdakik.com\/?author=1"}]}},"_links":{"self":[{"href":"https:\/\/kibrisdakik.com\/index.php?rest_route=\/wp\/v2\/posts\/104164","targetHints":{"allow":["GET"]}}],"collection":[{"href":"https:\/\/kibrisdakik.com\/index.php?rest_route=\/wp\/v2\/posts"}],"about":[{"href":"https:\/\/kibrisdakik.com\/index.php?rest_route=\/wp\/v2\/types\/post"}],"author":[{"embeddable":true,"href":"https:\/\/kibrisdakik.com\/index.php?rest_route=\/wp\/v2\/users\/1"}],"replies":[{"embeddable":true,"href":"https:\/\/kibrisdakik.com\/index.php?rest_route=%2Fwp%2Fv2%2Fcomments&post=104164"}],"version-history":[{"count":0,"href":"https:\/\/kibrisdakik.com\/index.php?rest_route=\/wp\/v2\/posts\/104164\/revisions"}],"wp:featuredmedia":[{"embeddable":true,"href":"https:\/\/kibrisdakik.com\/index.php?rest_route=\/wp\/v2\/media\/104165"}],"wp:attachment":[{"href":"https:\/\/kibrisdakik.com\/index.php?rest_route=%2Fwp%2Fv2%2Fmedia&parent=104164"}],"wp:term":[{"taxonomy":"category","embeddable":true,"href":"https:\/\/kibrisdakik.com\/index.php?rest_route=%2Fwp%2Fv2%2Fcategories&post=104164"},{"taxonomy":"post_tag","embeddable":true,"href":"https:\/\/kibrisdakik.com\/index.php?rest_route=%2Fwp%2Fv2%2Ftags&post=104164"}],"curies":[{"name":"wp","href":"https:\/\/api.w.org\/{rel}","templated":true}]}}