{"id":104168,"date":"2026-01-16T10:45:02","date_gmt":"2026-01-16T08:45:02","guid":{"rendered":"https:\/\/kibrisdakik.com\/index.php\/2026\/01\/16\/rum-disisleri-bakanligi-bm-genel-sekreterinin-kibris-raporunu-hayal-kirikligi-olarak-nitelendirdi\/"},"modified":"2026-01-16T10:45:02","modified_gmt":"2026-01-16T08:45:02","slug":"rum-disisleri-bakanligi-bm-genel-sekreterinin-kibris-raporunu-hayal-kirikligi-olarak-nitelendirdi","status":"publish","type":"post","link":"https:\/\/kibrisdakik.com\/?p=104168","title":{"rendered":"Rum D\u0131\u015fi\u015fleri Bakanl\u0131\u011f\u0131, BM Genel Sekreteri\u2019nin K\u0131br\u0131s raporunu \u201cHayal k\u0131r\u0131kl\u0131\u011f\u0131&quot; olarak nitelendirdi"},"content":{"rendered":"<p><\/p>\n<div data-text-id=\"194032\" property=\"articleBody\">\n<p>Rum D\u0131\u015fi\u015fleri Bakanl\u0131\u011f\u0131 BM Genel Sekreteri\u2019nin UNFICYP raporundan duydu\u011fu \u201chayal k\u0131r\u0131kl\u0131\u011f\u0131n\u0131\u201d dile getirdi.<\/p>\n<p>Haravgi gazetesi, Rum D\u0131\u015fi\u015fleri Bakanl\u0131\u011f\u0131\u2019n\u0131n d\u00fcn bir a\u00e7\u0131klama yaparak BM Genel Sekreteri\u2019nin UNFICYP raporunu de\u011ferlendirdi\u011fini yazd\u0131.<\/p>\n<p>Habere g\u00f6re Rum D\u0131\u015fi\u015fleri Bakanl\u0131\u011f\u0131 a\u00e7\u0131klamas\u0131nda, ara b\u00f6lgede ve \u00f6zellikle Denya\u2019da T\u00fcrk askerinin ger\u00e7ekle\u015ftirdi\u011fi &#8220;ihlallerin&#8221; raporda yer almaya devam etmesinden duyulan endi\u015fe dile getirilirken, BM\u2019nin e\u015fit mesafe ilkesini s\u00fcrd\u00fcrmesinden \u00f6t\u00fcr\u00fc hayal k\u0131r\u0131kl\u0131\u011f\u0131 duyuldu\u011fu ifade edildi.<\/p>\n<p>BM Genel Sekreterinin raporunun i\u00e7eri\u011fine de de\u011finilen a\u00e7\u0131klamada, BM Genel Sekreteri\u2019nin K\u0131br\u0131s sorununa BM G\u00fcvenlik Konseyi kararlar\u0131 temelinde kal\u0131c\u0131 bir \u00e7\u00f6z\u00fcm bulunmas\u0131n\u0131 ama\u00e7layan m\u00fczakerelerin yeniden ba\u015flamas\u0131 taahh\u00fcd\u00fcn\u00fc yinelemesinden ise memnuniyet duyuldu\u011fu vurguland\u0131.<\/p>\n<p>K\u0131br\u0131s sorununun temel unsurlar\u0131n\u0131n be\u015f y\u0131l aradan sonra ilk kez m\u00fczakere edilmi\u015f olmas\u0131ndan duyulan memnuniyetle hemfikir oldu\u011funu da belirtilen a\u00e7\u0131klamada, kapal\u0131 b\u00f6lge Mara\u015f konusunda ise t\u00fcm sorumlulu\u011fun T\u00fcrkiye\u2019ye ait oldu\u011fu iddias\u0131 yinelendi.<\/p>\n<p>A\u00e7\u0131klamada ayr\u0131ca, UNFICYP\u2019le gerek insani konular gerekse vatanda\u015flar\u0131n haklar\u0131n\u0131n korunmas\u0131 temelinde i\u015f birli\u011fi yap\u0131lmas\u0131 niyeti de yinelendi.<\/p>\n<\/p><\/div>\n","protected":false},"excerpt":{"rendered":"<p>Rum D\u0131\u015fi\u015fleri Bakanl\u0131\u011f\u0131 BM Genel Sekreteri\u2019nin UNFICYP raporundan duydu\u011fu \u201chayal k\u0131r\u0131kl\u0131\u011f\u0131n\u0131\u201d dile getirdi. Haravgi gazetesi, Rum D\u0131\u015fi\u015fleri Bakanl\u0131\u011f\u0131\u2019n\u0131n d\u00fcn bir a\u00e7\u0131klama yaparak BM Genel Sekreteri\u2019nin UNFICYP raporunu de\u011ferlendirdi\u011fini yazd\u0131. Habere g\u00f6re Rum D\u0131\u015fi\u015fleri Bakanl\u0131\u011f\u0131 a\u00e7\u0131klamas\u0131nda, ara b\u00f6lgede ve \u00f6zellikle Denya\u2019da T\u00fcrk askerinin ger\u00e7ekle\u015ftirdi\u011fi &#8220;ihlallerin&#8221; raporda yer almaya devam etmesinden duyulan endi\u015fe dile getirilirken, BM\u2019nin e\u015fit<\/p>\n","protected":false},"author":1,"featured_media":104169,"comment_status":"open","ping_status":"open","sticky":false,"template":"","format":"standard","meta":{"footnotes":""},"categories":[81],"tags":[],"class_list":["post-104168","post","type-post","status-publish","format-standard","has-post-thumbnail","hentry","category-kibris"],"yoast_head":"<!-- This site is optimized with the Yoast SEO plugin v27.5 - https:\/\/yoast.com\/product\/yoast-seo-wordpress\/ -->\n<title>Rum D\u0131\u015fi\u015fleri Bakanl\u0131\u011f\u0131, BM Genel Sekreteri\u2019nin K\u0131br\u0131s raporunu \u201cHayal k\u0131r\u0131kl\u0131\u011f\u0131&quot; olarak nitelendirdi -<\/title>\n<meta name=\"robots\" content=\"index, follow, max-snippet:-1, max-image-preview:large, max-video-preview:-1\" \/>\n<link rel=\"canonical\" href=\"https:\/\/kibrisdakik.com\/?p=104168\" \/>\n<meta property=\"og:locale\" content=\"tr_TR\" \/>\n<meta property=\"og:type\" content=\"article\" \/>\n<meta property=\"og:title\" content=\"Rum D\u0131\u015fi\u015fleri Bakanl\u0131\u011f\u0131, BM Genel Sekreteri\u2019nin K\u0131br\u0131s raporunu \u201cHayal k\u0131r\u0131kl\u0131\u011f\u0131&quot; olarak nitelendirdi -\" \/>\n<meta property=\"og:description\" content=\"Rum D\u0131\u015fi\u015fleri Bakanl\u0131\u011f\u0131 BM Genel Sekreteri\u2019nin UNFICYP raporundan duydu\u011fu \u201chayal k\u0131r\u0131kl\u0131\u011f\u0131n\u0131\u201d dile getirdi. Haravgi gazetesi, Rum D\u0131\u015fi\u015fleri Bakanl\u0131\u011f\u0131\u2019n\u0131n d\u00fcn bir a\u00e7\u0131klama yaparak BM Genel Sekreteri\u2019nin UNFICYP raporunu de\u011ferlendirdi\u011fini yazd\u0131. Habere g\u00f6re Rum D\u0131\u015fi\u015fleri Bakanl\u0131\u011f\u0131 a\u00e7\u0131klamas\u0131nda, ara b\u00f6lgede ve \u00f6zellikle Denya\u2019da T\u00fcrk askerinin ger\u00e7ekle\u015ftirdi\u011fi &#8220;ihlallerin&#8221; raporda yer almaya devam etmesinden duyulan endi\u015fe dile getirilirken, BM\u2019nin e\u015fit\" \/>\n<meta property=\"og:url\" content=\"https:\/\/kibrisdakik.com\/?p=104168\" \/>\n<meta property=\"article:published_time\" content=\"2026-01-16T08:45:02+00:00\" \/>\n<meta property=\"og:image\" content=\"https:\/\/kibrisdakik.com\/wp-content\/uploads\/2026\/01\/12-203.png\" \/>\n\t<meta property=\"og:image:width\" content=\"1280\" \/>\n\t<meta property=\"og:image:height\" content=\"720\" \/>\n\t<meta property=\"og:image:type\" content=\"image\/png\" \/>\n<meta name=\"author\" content=\"admin\" \/>\n<meta name=\"twitter:card\" content=\"summary_large_image\" \/>\n<meta name=\"twitter:label1\" content=\"Yazan:\" \/>\n\t<meta name=\"twitter:data1\" content=\"admin\" \/>\n\t<meta name=\"twitter:label2\" content=\"Tahmini okuma s\u00fcresi\" \/>\n\t<meta name=\"twitter:data2\" content=\"1 dakika\" \/>\n<script type=\"application\/ld+json\" class=\"yoast-schema-graph\">{\"@context\":\"https:\\\/\\\/schema.org\",\"@graph\":[{\"@type\":\"Article\",\"@id\":\"https:\\\/\\\/kibrisdakik.com\\\/?p=104168#article\",\"isPartOf\":{\"@id\":\"https:\\\/\\\/kibrisdakik.com\\\/?p=104168\"},\"author\":{\"name\":\"admin\",\"@id\":\"https:\\\/\\\/kibrisdakik.com\\\/#\\\/schema\\\/person\\\/9cd9d437bbb44f72b73ba127e06d8e79\"},\"headline\":\"Rum D\u0131\u015fi\u015fleri Bakanl\u0131\u011f\u0131, BM Genel Sekreteri\u2019nin K\u0131br\u0131s raporunu \u201cHayal k\u0131r\u0131kl\u0131\u011f\u0131&quot; olarak nitelendirdi\",\"datePublished\":\"2026-01-16T08:45:02+00:00\",\"mainEntityOfPage\":{\"@id\":\"https:\\\/\\\/kibrisdakik.com\\\/?p=104168\"},\"wordCount\":242,\"commentCount\":0,\"image\":{\"@id\":\"https:\\\/\\\/kibrisdakik.com\\\/?p=104168#primaryimage\"},\"thumbnailUrl\":\"https:\\\/\\\/kibrisdakik.com\\\/wp-content\\\/uploads\\\/2026\\\/01\\\/12-203.png\",\"articleSection\":[\"K\u0131br\u0131s\"],\"inLanguage\":\"tr\",\"potentialAction\":[{\"@type\":\"CommentAction\",\"name\":\"Comment\",\"target\":[\"https:\\\/\\\/kibrisdakik.com\\\/?p=104168#respond\"]}]},{\"@type\":\"WebPage\",\"@id\":\"https:\\\/\\\/kibrisdakik.com\\\/?p=104168\",\"url\":\"https:\\\/\\\/kibrisdakik.com\\\/?p=104168\",\"name\":\"Rum D\u0131\u015fi\u015fleri Bakanl\u0131\u011f\u0131, BM Genel Sekreteri\u2019nin K\u0131br\u0131s raporunu \u201cHayal k\u0131r\u0131kl\u0131\u011f\u0131&quot; olarak nitelendirdi -\",\"isPartOf\":{\"@id\":\"https:\\\/\\\/kibrisdakik.com\\\/#website\"},\"primaryImageOfPage\":{\"@id\":\"https:\\\/\\\/kibrisdakik.com\\\/?p=104168#primaryimage\"},\"image\":{\"@id\":\"https:\\\/\\\/kibrisdakik.com\\\/?p=104168#primaryimage\"},\"thumbnailUrl\":\"https:\\\/\\\/kibrisdakik.com\\\/wp-content\\\/uploads\\\/2026\\\/01\\\/12-203.png\",\"datePublished\":\"2026-01-16T08:45:02+00:00\",\"author\":{\"@id\":\"https:\\\/\\\/kibrisdakik.com\\\/#\\\/schema\\\/person\\\/9cd9d437bbb44f72b73ba127e06d8e79\"},\"breadcrumb\":{\"@id\":\"https:\\\/\\\/kibrisdakik.com\\\/?p=104168#breadcrumb\"},\"inLanguage\":\"tr\",\"potentialAction\":[{\"@type\":\"ReadAction\",\"target\":[\"https:\\\/\\\/kibrisdakik.com\\\/?p=104168\"]}]},{\"@type\":\"ImageObject\",\"inLanguage\":\"tr\",\"@id\":\"https:\\\/\\\/kibrisdakik.com\\\/?p=104168#primaryimage\",\"url\":\"https:\\\/\\\/kibrisdakik.com\\\/wp-content\\\/uploads\\\/2026\\\/01\\\/12-203.png\",\"contentUrl\":\"https:\\\/\\\/kibrisdakik.com\\\/wp-content\\\/uploads\\\/2026\\\/01\\\/12-203.png\",\"width\":1280,\"height\":720},{\"@type\":\"BreadcrumbList\",\"@id\":\"https:\\\/\\\/kibrisdakik.com\\\/?p=104168#breadcrumb\",\"itemListElement\":[{\"@type\":\"ListItem\",\"position\":1,\"name\":\"Home\",\"item\":\"https:\\\/\\\/kibrisdakik.com\\\/\"},{\"@type\":\"ListItem\",\"position\":2,\"name\":\"Rum D\u0131\u015fi\u015fleri Bakanl\u0131\u011f\u0131, BM Genel Sekreteri\u2019nin K\u0131br\u0131s raporunu \u201cHayal k\u0131r\u0131kl\u0131\u011f\u0131&quot; olarak nitelendirdi\"}]},{\"@type\":\"WebSite\",\"@id\":\"https:\\\/\\\/kibrisdakik.com\\\/#website\",\"url\":\"https:\\\/\\\/kibrisdakik.com\\\/\",\"name\":\"\",\"description\":\"Tam vaktinde haber\",\"potentialAction\":[{\"@type\":\"SearchAction\",\"target\":{\"@type\":\"EntryPoint\",\"urlTemplate\":\"https:\\\/\\\/kibrisdakik.com\\\/?s={search_term_string}\"},\"query-input\":{\"@type\":\"PropertyValueSpecification\",\"valueRequired\":true,\"valueName\":\"search_term_string\"}}],\"inLanguage\":\"tr\"},{\"@type\":\"Person\",\"@id\":\"https:\\\/\\\/kibrisdakik.com\\\/#\\\/schema\\\/person\\\/9cd9d437bbb44f72b73ba127e06d8e79\",\"name\":\"admin\",\"image\":{\"@type\":\"ImageObject\",\"inLanguage\":\"tr\",\"@id\":\"https:\\\/\\\/secure.gravatar.com\\\/avatar\\\/ccc17943b9d660506c869530f897617f7cb1c21a4bf30023f252596d83e1f007?s=96&d=mm&r=g\",\"url\":\"https:\\\/\\\/secure.gravatar.com\\\/avatar\\\/ccc17943b9d660506c869530f897617f7cb1c21a4bf30023f252596d83e1f007?s=96&d=mm&r=g\",\"contentUrl\":\"https:\\\/\\\/secure.gravatar.com\\\/avatar\\\/ccc17943b9d660506c869530f897617f7cb1c21a4bf30023f252596d83e1f007?s=96&d=mm&r=g\",\"caption\":\"admin\"},\"sameAs\":[\"https:\\\/\\\/kibrisdakik.com\"],\"url\":\"https:\\\/\\\/kibrisdakik.com\\\/?author=1\"}]}<\/script>\n<!-- \/ Yoast SEO plugin. -->","yoast_head_json":{"title":"Rum D\u0131\u015fi\u015fleri Bakanl\u0131\u011f\u0131, BM Genel Sekreteri\u2019nin K\u0131br\u0131s raporunu \u201cHayal k\u0131r\u0131kl\u0131\u011f\u0131&quot; olarak nitelendirdi -","robots":{"index":"index","follow":"follow","max-snippet":"max-snippet:-1","max-image-preview":"max-image-preview:large","max-video-preview":"max-video-preview:-1"},"canonical":"https:\/\/kibrisdakik.com\/?p=104168","og_locale":"tr_TR","og_type":"article","og_title":"Rum D\u0131\u015fi\u015fleri Bakanl\u0131\u011f\u0131, BM Genel Sekreteri\u2019nin K\u0131br\u0131s raporunu \u201cHayal k\u0131r\u0131kl\u0131\u011f\u0131&quot; olarak nitelendirdi -","og_description":"Rum D\u0131\u015fi\u015fleri Bakanl\u0131\u011f\u0131 BM Genel Sekreteri\u2019nin UNFICYP raporundan duydu\u011fu \u201chayal k\u0131r\u0131kl\u0131\u011f\u0131n\u0131\u201d dile getirdi. Haravgi gazetesi, Rum D\u0131\u015fi\u015fleri Bakanl\u0131\u011f\u0131\u2019n\u0131n d\u00fcn bir a\u00e7\u0131klama yaparak BM Genel Sekreteri\u2019nin UNFICYP raporunu de\u011ferlendirdi\u011fini yazd\u0131. Habere g\u00f6re Rum D\u0131\u015fi\u015fleri Bakanl\u0131\u011f\u0131 a\u00e7\u0131klamas\u0131nda, ara b\u00f6lgede ve \u00f6zellikle Denya\u2019da T\u00fcrk askerinin ger\u00e7ekle\u015ftirdi\u011fi &#8220;ihlallerin&#8221; raporda yer almaya devam etmesinden duyulan endi\u015fe dile getirilirken, BM\u2019nin e\u015fit","og_url":"https:\/\/kibrisdakik.com\/?p=104168","article_published_time":"2026-01-16T08:45:02+00:00","og_image":[{"width":1280,"height":720,"url":"https:\/\/kibrisdakik.com\/wp-content\/uploads\/2026\/01\/12-203.png","type":"image\/png"}],"author":"admin","twitter_card":"summary_large_image","twitter_misc":{"Yazan:":"admin","Tahmini okuma s\u00fcresi":"1 dakika"},"schema":{"@context":"https:\/\/schema.org","@graph":[{"@type":"Article","@id":"https:\/\/kibrisdakik.com\/?p=104168#article","isPartOf":{"@id":"https:\/\/kibrisdakik.com\/?p=104168"},"author":{"name":"admin","@id":"https:\/\/kibrisdakik.com\/#\/schema\/person\/9cd9d437bbb44f72b73ba127e06d8e79"},"headline":"Rum D\u0131\u015fi\u015fleri Bakanl\u0131\u011f\u0131, BM Genel Sekreteri\u2019nin K\u0131br\u0131s raporunu \u201cHayal k\u0131r\u0131kl\u0131\u011f\u0131&quot; olarak nitelendirdi","datePublished":"2026-01-16T08:45:02+00:00","mainEntityOfPage":{"@id":"https:\/\/kibrisdakik.com\/?p=104168"},"wordCount":242,"commentCount":0,"image":{"@id":"https:\/\/kibrisdakik.com\/?p=104168#primaryimage"},"thumbnailUrl":"https:\/\/kibrisdakik.com\/wp-content\/uploads\/2026\/01\/12-203.png","articleSection":["K\u0131br\u0131s"],"inLanguage":"tr","potentialAction":[{"@type":"CommentAction","name":"Comment","target":["https:\/\/kibrisdakik.com\/?p=104168#respond"]}]},{"@type":"WebPage","@id":"https:\/\/kibrisdakik.com\/?p=104168","url":"https:\/\/kibrisdakik.com\/?p=104168","name":"Rum D\u0131\u015fi\u015fleri Bakanl\u0131\u011f\u0131, BM Genel Sekreteri\u2019nin K\u0131br\u0131s raporunu \u201cHayal k\u0131r\u0131kl\u0131\u011f\u0131&quot; olarak nitelendirdi -","isPartOf":{"@id":"https:\/\/kibrisdakik.com\/#website"},"primaryImageOfPage":{"@id":"https:\/\/kibrisdakik.com\/?p=104168#primaryimage"},"image":{"@id":"https:\/\/kibrisdakik.com\/?p=104168#primaryimage"},"thumbnailUrl":"https:\/\/kibrisdakik.com\/wp-content\/uploads\/2026\/01\/12-203.png","datePublished":"2026-01-16T08:45:02+00:00","author":{"@id":"https:\/\/kibrisdakik.com\/#\/schema\/person\/9cd9d437bbb44f72b73ba127e06d8e79"},"breadcrumb":{"@id":"https:\/\/kibrisdakik.com\/?p=104168#breadcrumb"},"inLanguage":"tr","potentialAction":[{"@type":"ReadAction","target":["https:\/\/kibrisdakik.com\/?p=104168"]}]},{"@type":"ImageObject","inLanguage":"tr","@id":"https:\/\/kibrisdakik.com\/?p=104168#primaryimage","url":"https:\/\/kibrisdakik.com\/wp-content\/uploads\/2026\/01\/12-203.png","contentUrl":"https:\/\/kibrisdakik.com\/wp-content\/uploads\/2026\/01\/12-203.png","width":1280,"height":720},{"@type":"BreadcrumbList","@id":"https:\/\/kibrisdakik.com\/?p=104168#breadcrumb","itemListElement":[{"@type":"ListItem","position":1,"name":"Home","item":"https:\/\/kibrisdakik.com\/"},{"@type":"ListItem","position":2,"name":"Rum D\u0131\u015fi\u015fleri Bakanl\u0131\u011f\u0131, BM Genel Sekreteri\u2019nin K\u0131br\u0131s raporunu \u201cHayal k\u0131r\u0131kl\u0131\u011f\u0131&quot; olarak nitelendirdi"}]},{"@type":"WebSite","@id":"https:\/\/kibrisdakik.com\/#website","url":"https:\/\/kibrisdakik.com\/","name":"","description":"Tam vaktinde haber","potentialAction":[{"@type":"SearchAction","target":{"@type":"EntryPoint","urlTemplate":"https:\/\/kibrisdakik.com\/?s={search_term_string}"},"query-input":{"@type":"PropertyValueSpecification","valueRequired":true,"valueName":"search_term_string"}}],"inLanguage":"tr"},{"@type":"Person","@id":"https:\/\/kibrisdakik.com\/#\/schema\/person\/9cd9d437bbb44f72b73ba127e06d8e79","name":"admin","image":{"@type":"ImageObject","inLanguage":"tr","@id":"https:\/\/secure.gravatar.com\/avatar\/ccc17943b9d660506c869530f897617f7cb1c21a4bf30023f252596d83e1f007?s=96&d=mm&r=g","url":"https:\/\/secure.gravatar.com\/avatar\/ccc17943b9d660506c869530f897617f7cb1c21a4bf30023f252596d83e1f007?s=96&d=mm&r=g","contentUrl":"https:\/\/secure.gravatar.com\/avatar\/ccc17943b9d660506c869530f897617f7cb1c21a4bf30023f252596d83e1f007?s=96&d=mm&r=g","caption":"admin"},"sameAs":["https:\/\/kibrisdakik.com"],"url":"https:\/\/kibrisdakik.com\/?author=1"}]}},"_links":{"self":[{"href":"https:\/\/kibrisdakik.com\/index.php?rest_route=\/wp\/v2\/posts\/104168","targetHints":{"allow":["GET"]}}],"collection":[{"href":"https:\/\/kibrisdakik.com\/index.php?rest_route=\/wp\/v2\/posts"}],"about":[{"href":"https:\/\/kibrisdakik.com\/index.php?rest_route=\/wp\/v2\/types\/post"}],"author":[{"embeddable":true,"href":"https:\/\/kibrisdakik.com\/index.php?rest_route=\/wp\/v2\/users\/1"}],"replies":[{"embeddable":true,"href":"https:\/\/kibrisdakik.com\/index.php?rest_route=%2Fwp%2Fv2%2Fcomments&post=104168"}],"version-history":[{"count":0,"href":"https:\/\/kibrisdakik.com\/index.php?rest_route=\/wp\/v2\/posts\/104168\/revisions"}],"wp:featuredmedia":[{"embeddable":true,"href":"https:\/\/kibrisdakik.com\/index.php?rest_route=\/wp\/v2\/media\/104169"}],"wp:attachment":[{"href":"https:\/\/kibrisdakik.com\/index.php?rest_route=%2Fwp%2Fv2%2Fmedia&parent=104168"}],"wp:term":[{"taxonomy":"category","embeddable":true,"href":"https:\/\/kibrisdakik.com\/index.php?rest_route=%2Fwp%2Fv2%2Fcategories&post=104168"},{"taxonomy":"post_tag","embeddable":true,"href":"https:\/\/kibrisdakik.com\/index.php?rest_route=%2Fwp%2Fv2%2Ftags&post=104168"}],"curies":[{"name":"wp","href":"https:\/\/api.w.org\/{rel}","templated":true}]}}