{"id":10420,"date":"2023-07-15T05:56:01","date_gmt":"2023-07-15T05:56:01","guid":{"rendered":"https:\/\/kibrisdakik.com\/index.php\/2023\/07\/15\/20-temmuz-toren-provasi-nedeniyle-yarin-bazi-yollar-trafige-kapatilacak\/"},"modified":"2023-07-15T05:56:01","modified_gmt":"2023-07-15T05:56:01","slug":"20-temmuz-toren-provasi-nedeniyle-yarin-bazi-yollar-trafige-kapatilacak","status":"publish","type":"post","link":"https:\/\/kibrisdakik.com\/?p=10420","title":{"rendered":"20 Temmuz t\u00f6ren provas\u0131 nedeniyle yar\u0131n baz\u0131 yollar trafi\u011fe kapat\u0131lacak"},"content":{"rendered":"<p><\/p>\n<div>\n<div class=\"mariselle-image-container center\">\n                <img width=\"750\" height=\"391\" class=\"lazy-image\" alt=\"\" decoding=\"async\" loading=\"lazy\" sizes=\"auto, (max-width: 750px) 100vw, 750px\" src=\"https:\/\/brtk.net\/wp-content\/uploads\/2023\/01\/20\/tum-suruculerin-dikkatine.jpg?ver=0bfa06681a1338b35ba12f53c95c77bf\" srcset=\"https:\/\/brtk.net\/wp-content\/uploads\/2023\/01\/20\/tum-suruculerin-dikkatine.jpg?ver=0bfa06681a1338b35ba12f53c95c77bf 750w, https:\/\/brtk.net\/wp-content\/uploads\/2023\/01\/20\/tum-suruculerin-dikkatine-300x156.jpg?ver=0bfa06681a1338b35ba12f53c95c77bf 300w, https:\/\/brtk.net\/wp-content\/uploads\/2023\/01\/20\/tum-suruculerin-dikkatine-736x384.jpg?ver=b0106ac1c34f198af3ef395b925daaa2 736w\"\/>                            <\/div>\n<p>0 Temmuz t\u00f6ren provas\u0131 nedeniyle pazar g\u00fcn\u00fc Honda Trafik I\u015f\u0131klar\u0131 Kav\u015fa\u011f\u0131, Alt\u0131nba\u015f Petrol Trafik I\u015f\u0131klar\u0131 Kav\u015fa\u011f\u0131 ile G\u00f6nyeli \u00e7emberi aras\u0131nda kalan yol g\u00fczergah\u0131n\u0131n trafik ak\u0131\u015f\u0131na kapat\u0131laca\u011f\u0131 belirtilerek, alternatif g\u00fczergahlar a\u00e7\u0131kland\u0131.<\/p>\n<p>Polis Bas\u0131n Subayl\u0131\u011f\u0131\u2019ndan yap\u0131lan a\u00e7\u0131klamaya g\u00f6re, yar\u0131n (16 Temmuz Pazar g\u00fcn\u00fc) , Lefko\u015fa\u2019da, saat 07.00\u2019den itibaren \u201cHonda Trafik I\u015f\u0131klar\u0131 Kav\u015fa\u011f\u0131, Alt\u0131nba\u015f Petrol Trafik I\u015f\u0131klar\u0131 Kav\u015fa\u011f\u0131 ile G\u00f6nyeli \u00c7emberi\u201d aras\u0131nda kalan yol g\u00fczergah\u0131, t\u00f6ren provas\u0131n\u0131n bitece\u011fi saate kadar trafik ak\u0131\u015f\u0131na kapat\u0131lacak.<\/p>\n<p>A\u00e7\u0131klamaya g\u00f6re, belirtilen tarih ve saatlerde trafik \u015fu y\u00f6nlerden sa\u011flanacak:<\/p>\n<p>Organize Sanayi B\u00f6lgesine gitmek isteyen s\u00fcr\u00fcc\u00fcler i\u00e7in ula\u015f\u0131m, Alt\u0131nba\u015f Petrol Trafik I\u015f\u0131klar\u0131 Kav\u015fa\u011f\u0131 veya Atat\u00fcrk Stadyumu \u00e7emberinden kontroll\u00fc olarak sa\u011flanacakt\u0131r.<\/p>\n<p>Gazima\u011fusa istikametinden gelip Yak\u0131n Do\u011fu \u00dcniversitesi\u2019ne gitmek isteyen s\u00fcr\u00fcc\u00fcler i\u00e7in ula\u015f\u0131m, Lefko\u015fa Kuzey \u00c7evre Yolu \u00fczerinden Yak\u0131n Do\u011fu Bulvar\u0131ndan sa\u011flanacakt\u0131r.<\/p>\n<p>Gazima\u011fusa istikametinden gelip Lefko\u015fa \u015fehir i\u00e7ine gitmek isteyen s\u00fcr\u00fcc\u00fcler i\u00e7in ula\u015f\u0131m; Hamitk\u00f6y \u00e7emberinden sola d\u00f6n\u00fcp, Mimar Mehmet Vahip Caddesi ile \u015eht. \u0130smail Beyo\u011flu Caddesi veya Honda Trafik I\u015f\u0131klar\u0131ndan sola d\u00f6nerek \u015eht. Mustafa Ahmet Ruso Caddesi \u00fczerinden sa\u011flanacakt\u0131r.<\/p>\n<p>Gazima\u011fusa istikametinden gelip G\u00fczelyurt istikametine gitmek isteyen s\u00fcr\u00fcc\u00fcler i\u00e7in ula\u015f\u0131m; Lefko\u015fa Kuzey \u00c7evre Yolu \u00fczerinden G\u00f6nyeli \u00c7emberi g\u00fczergah\u0131 veya Lefko\u015fa Mehmet Akif Caddesi \u00fczerinde bulunan Citr\u00f6en Trafik I\u015f\u0131klar\u0131 kav\u015fa\u011f\u0131ndan Metehan-Alayk\u00f6y \u00c7evre yolu \u00fczerinden sa\u011flanacakt\u0131r.<\/p>\n<p>G\u00fczelyurt istikametinden gelip Lefko\u015fa istikametine gitmek isteyen s\u00fcr\u00fcc\u00fcler i\u00e7in ula\u015f\u0131m; Alayk\u00f6y-Metehan \u00e7evre yolu veya G\u00f6nyeli \u00e7emberi ile Dr. Burhan Nalbanto\u011flu Caddesi (Devlet Hastanesi) g\u00fczergah\u0131 \u00fczerinden sa\u011flanacakt\u0131r. <\/p>\n<p>Girne istikametinden gelip Lefko\u015fa istikametine gitmek isteyen s\u00fcr\u00fcc\u00fcler i\u00e7in ula\u015f\u0131m; Bo\u011fazk\u00f6y-Dikmen yolunu kullanarak Lefko\u015fa Organize Sanayi B\u00f6lgesi i\u00e7erisinden devam edip, Alt\u0131nba\u015f Petrol Trafik I\u015f\u0131klar\u0131 Kav\u015fa\u011f\u0131 \u00fczerinden veya Girne-Lefko\u015fa ana yolunu kullanan s\u00fcr\u00fcc\u00fcler i\u00e7in ise G\u00f6nyeli \u00e7emberinden Dr. Burhan Nalbanto\u011flu Caddesi (Devlet Hastanesi) g\u00fczergah\u0131 \u00fczerinden sa\u011flanacakt\u0131r. <\/p>\n<p>A\u00e7\u0131klamada s\u00fcr\u00fcc\u00fcler, trafik ak\u0131\u015f\u0131na engel olmamak i\u00e7in belirtilen yollar \u00fczerine ara\u00e7lar\u0131n\u0131 park etmemeleri, trafik i\u015faret ve i\u015faret\u00e7ilerine uymalar\u0131 konusunda da uyar\u0131ld\u0131.<\/p>\n<\/p><\/div>\n<p><script async\n                    defer\n                    crossorigin=\"anonymous\"\n                    src=\"https:\/\/connect.facebook.net\/tr_TR\/sdk.js#xfbml=1&#038;version=v3.3\"\n            ><\/script><\/p>\n","protected":false},"excerpt":{"rendered":"<p>0 Temmuz t\u00f6ren provas\u0131 nedeniyle pazar g\u00fcn\u00fc Honda Trafik I\u015f\u0131klar\u0131 Kav\u015fa\u011f\u0131, Alt\u0131nba\u015f Petrol Trafik I\u015f\u0131klar\u0131 Kav\u015fa\u011f\u0131 ile G\u00f6nyeli \u00e7emberi aras\u0131nda kalan yol g\u00fczergah\u0131n\u0131n trafik ak\u0131\u015f\u0131na kapat\u0131laca\u011f\u0131 belirtilerek, alternatif g\u00fczergahlar a\u00e7\u0131kland\u0131. Polis Bas\u0131n Subayl\u0131\u011f\u0131\u2019ndan yap\u0131lan a\u00e7\u0131klamaya g\u00f6re, yar\u0131n (16 Temmuz Pazar g\u00fcn\u00fc) , Lefko\u015fa\u2019da, saat 07.00\u2019den itibaren \u201cHonda Trafik I\u015f\u0131klar\u0131 Kav\u015fa\u011f\u0131, Alt\u0131nba\u015f Petrol Trafik I\u015f\u0131klar\u0131 Kav\u015fa\u011f\u0131<\/p>\n","protected":false},"author":1,"featured_media":3014,"comment_status":"open","ping_status":"open","sticky":false,"template":"","format":"standard","meta":{"footnotes":""},"categories":[1],"tags":[],"class_list":["post-10420","post","type-post","status-publish","format-standard","has-post-thumbnail","hentry","category-gundem"],"yoast_head":"<!-- This site is optimized with the Yoast SEO plugin v27.5 - https:\/\/yoast.com\/product\/yoast-seo-wordpress\/ -->\n<title>20 Temmuz t\u00f6ren provas\u0131 nedeniyle yar\u0131n baz\u0131 yollar trafi\u011fe kapat\u0131lacak -<\/title>\n<meta name=\"robots\" content=\"index, follow, max-snippet:-1, max-image-preview:large, max-video-preview:-1\" \/>\n<link rel=\"canonical\" href=\"https:\/\/kibrisdakik.com\/?p=10420\" \/>\n<meta property=\"og:locale\" content=\"tr_TR\" \/>\n<meta property=\"og:type\" content=\"article\" \/>\n<meta property=\"og:title\" content=\"20 Temmuz t\u00f6ren provas\u0131 nedeniyle yar\u0131n baz\u0131 yollar trafi\u011fe kapat\u0131lacak -\" \/>\n<meta property=\"og:description\" content=\"0 Temmuz t\u00f6ren provas\u0131 nedeniyle pazar g\u00fcn\u00fc Honda Trafik I\u015f\u0131klar\u0131 Kav\u015fa\u011f\u0131, Alt\u0131nba\u015f Petrol Trafik I\u015f\u0131klar\u0131 Kav\u015fa\u011f\u0131 ile G\u00f6nyeli \u00e7emberi aras\u0131nda kalan yol g\u00fczergah\u0131n\u0131n trafik ak\u0131\u015f\u0131na kapat\u0131laca\u011f\u0131 belirtilerek, alternatif g\u00fczergahlar a\u00e7\u0131kland\u0131. Polis Bas\u0131n Subayl\u0131\u011f\u0131\u2019ndan yap\u0131lan a\u00e7\u0131klamaya g\u00f6re, yar\u0131n (16 Temmuz Pazar g\u00fcn\u00fc) , Lefko\u015fa\u2019da, saat 07.00\u2019den itibaren \u201cHonda Trafik I\u015f\u0131klar\u0131 Kav\u015fa\u011f\u0131, Alt\u0131nba\u015f Petrol Trafik I\u015f\u0131klar\u0131 Kav\u015fa\u011f\u0131\" \/>\n<meta property=\"og:url\" content=\"https:\/\/kibrisdakik.com\/?p=10420\" \/>\n<meta property=\"article:published_time\" content=\"2023-07-15T05:56:01+00:00\" \/>\n<meta property=\"og:image\" content=\"https:\/\/kibrisdakik.com\/wp-content\/uploads\/2023\/03\/tum-suruculerin-dikkatine-740x391.jpg\" \/>\n\t<meta property=\"og:image:width\" content=\"750\" \/>\n\t<meta property=\"og:image:height\" content=\"391\" \/>\n\t<meta property=\"og:image:type\" content=\"image\/jpeg\" \/>\n<meta name=\"author\" content=\"admin\" \/>\n<meta name=\"twitter:card\" content=\"summary_large_image\" \/>\n<meta name=\"twitter:label1\" content=\"Yazan:\" \/>\n\t<meta name=\"twitter:data1\" content=\"admin\" \/>\n\t<meta name=\"twitter:label2\" content=\"Tahmini okuma s\u00fcresi\" \/>\n\t<meta name=\"twitter:data2\" content=\"2 dakika\" \/>\n<script type=\"application\/ld+json\" class=\"yoast-schema-graph\">{\"@context\":\"https:\\\/\\\/schema.org\",\"@graph\":[{\"@type\":\"Article\",\"@id\":\"https:\\\/\\\/kibrisdakik.com\\\/?p=10420#article\",\"isPartOf\":{\"@id\":\"https:\\\/\\\/kibrisdakik.com\\\/?p=10420\"},\"author\":{\"name\":\"admin\",\"@id\":\"https:\\\/\\\/kibrisdakik.com\\\/#\\\/schema\\\/person\\\/9cd9d437bbb44f72b73ba127e06d8e79\"},\"headline\":\"20 Temmuz t\u00f6ren provas\u0131 nedeniyle yar\u0131n baz\u0131 yollar trafi\u011fe kapat\u0131lacak\",\"datePublished\":\"2023-07-15T05:56:01+00:00\",\"mainEntityOfPage\":{\"@id\":\"https:\\\/\\\/kibrisdakik.com\\\/?p=10420\"},\"wordCount\":447,\"commentCount\":0,\"image\":{\"@id\":\"https:\\\/\\\/kibrisdakik.com\\\/?p=10420#primaryimage\"},\"thumbnailUrl\":\"https:\\\/\\\/kibrisdakik.com\\\/wp-content\\\/uploads\\\/2023\\\/03\\\/tum-suruculerin-dikkatine-740x391.jpg\",\"articleSection\":[\"G\u00fcndem\"],\"inLanguage\":\"tr\",\"potentialAction\":[{\"@type\":\"CommentAction\",\"name\":\"Comment\",\"target\":[\"https:\\\/\\\/kibrisdakik.com\\\/?p=10420#respond\"]}]},{\"@type\":\"WebPage\",\"@id\":\"https:\\\/\\\/kibrisdakik.com\\\/?p=10420\",\"url\":\"https:\\\/\\\/kibrisdakik.com\\\/?p=10420\",\"name\":\"20 Temmuz t\u00f6ren provas\u0131 nedeniyle yar\u0131n baz\u0131 yollar trafi\u011fe kapat\u0131lacak -\",\"isPartOf\":{\"@id\":\"https:\\\/\\\/kibrisdakik.com\\\/#website\"},\"primaryImageOfPage\":{\"@id\":\"https:\\\/\\\/kibrisdakik.com\\\/?p=10420#primaryimage\"},\"image\":{\"@id\":\"https:\\\/\\\/kibrisdakik.com\\\/?p=10420#primaryimage\"},\"thumbnailUrl\":\"https:\\\/\\\/kibrisdakik.com\\\/wp-content\\\/uploads\\\/2023\\\/03\\\/tum-suruculerin-dikkatine-740x391.jpg\",\"datePublished\":\"2023-07-15T05:56:01+00:00\",\"author\":{\"@id\":\"https:\\\/\\\/kibrisdakik.com\\\/#\\\/schema\\\/person\\\/9cd9d437bbb44f72b73ba127e06d8e79\"},\"breadcrumb\":{\"@id\":\"https:\\\/\\\/kibrisdakik.com\\\/?p=10420#breadcrumb\"},\"inLanguage\":\"tr\",\"potentialAction\":[{\"@type\":\"ReadAction\",\"target\":[\"https:\\\/\\\/kibrisdakik.com\\\/?p=10420\"]}]},{\"@type\":\"ImageObject\",\"inLanguage\":\"tr\",\"@id\":\"https:\\\/\\\/kibrisdakik.com\\\/?p=10420#primaryimage\",\"url\":\"https:\\\/\\\/kibrisdakik.com\\\/wp-content\\\/uploads\\\/2023\\\/03\\\/tum-suruculerin-dikkatine-740x391.jpg\",\"contentUrl\":\"https:\\\/\\\/kibrisdakik.com\\\/wp-content\\\/uploads\\\/2023\\\/03\\\/tum-suruculerin-dikkatine-740x391.jpg\",\"width\":750,\"height\":391},{\"@type\":\"BreadcrumbList\",\"@id\":\"https:\\\/\\\/kibrisdakik.com\\\/?p=10420#breadcrumb\",\"itemListElement\":[{\"@type\":\"ListItem\",\"position\":1,\"name\":\"Home\",\"item\":\"https:\\\/\\\/kibrisdakik.com\\\/\"},{\"@type\":\"ListItem\",\"position\":2,\"name\":\"20 Temmuz t\u00f6ren provas\u0131 nedeniyle yar\u0131n baz\u0131 yollar trafi\u011fe kapat\u0131lacak\"}]},{\"@type\":\"WebSite\",\"@id\":\"https:\\\/\\\/kibrisdakik.com\\\/#website\",\"url\":\"https:\\\/\\\/kibrisdakik.com\\\/\",\"name\":\"\",\"description\":\"Tam vaktinde haber\",\"potentialAction\":[{\"@type\":\"SearchAction\",\"target\":{\"@type\":\"EntryPoint\",\"urlTemplate\":\"https:\\\/\\\/kibrisdakik.com\\\/?s={search_term_string}\"},\"query-input\":{\"@type\":\"PropertyValueSpecification\",\"valueRequired\":true,\"valueName\":\"search_term_string\"}}],\"inLanguage\":\"tr\"},{\"@type\":\"Person\",\"@id\":\"https:\\\/\\\/kibrisdakik.com\\\/#\\\/schema\\\/person\\\/9cd9d437bbb44f72b73ba127e06d8e79\",\"name\":\"admin\",\"image\":{\"@type\":\"ImageObject\",\"inLanguage\":\"tr\",\"@id\":\"https:\\\/\\\/secure.gravatar.com\\\/avatar\\\/ccc17943b9d660506c869530f897617f7cb1c21a4bf30023f252596d83e1f007?s=96&d=mm&r=g\",\"url\":\"https:\\\/\\\/secure.gravatar.com\\\/avatar\\\/ccc17943b9d660506c869530f897617f7cb1c21a4bf30023f252596d83e1f007?s=96&d=mm&r=g\",\"contentUrl\":\"https:\\\/\\\/secure.gravatar.com\\\/avatar\\\/ccc17943b9d660506c869530f897617f7cb1c21a4bf30023f252596d83e1f007?s=96&d=mm&r=g\",\"caption\":\"admin\"},\"sameAs\":[\"https:\\\/\\\/kibrisdakik.com\"],\"url\":\"https:\\\/\\\/kibrisdakik.com\\\/?author=1\"}]}<\/script>\n<!-- \/ Yoast SEO plugin. -->","yoast_head_json":{"title":"20 Temmuz t\u00f6ren provas\u0131 nedeniyle yar\u0131n baz\u0131 yollar trafi\u011fe kapat\u0131lacak -","robots":{"index":"index","follow":"follow","max-snippet":"max-snippet:-1","max-image-preview":"max-image-preview:large","max-video-preview":"max-video-preview:-1"},"canonical":"https:\/\/kibrisdakik.com\/?p=10420","og_locale":"tr_TR","og_type":"article","og_title":"20 Temmuz t\u00f6ren provas\u0131 nedeniyle yar\u0131n baz\u0131 yollar trafi\u011fe kapat\u0131lacak -","og_description":"0 Temmuz t\u00f6ren provas\u0131 nedeniyle pazar g\u00fcn\u00fc Honda Trafik I\u015f\u0131klar\u0131 Kav\u015fa\u011f\u0131, Alt\u0131nba\u015f Petrol Trafik I\u015f\u0131klar\u0131 Kav\u015fa\u011f\u0131 ile G\u00f6nyeli \u00e7emberi aras\u0131nda kalan yol g\u00fczergah\u0131n\u0131n trafik ak\u0131\u015f\u0131na kapat\u0131laca\u011f\u0131 belirtilerek, alternatif g\u00fczergahlar a\u00e7\u0131kland\u0131. Polis Bas\u0131n Subayl\u0131\u011f\u0131\u2019ndan yap\u0131lan a\u00e7\u0131klamaya g\u00f6re, yar\u0131n (16 Temmuz Pazar g\u00fcn\u00fc) , Lefko\u015fa\u2019da, saat 07.00\u2019den itibaren \u201cHonda Trafik I\u015f\u0131klar\u0131 Kav\u015fa\u011f\u0131, Alt\u0131nba\u015f Petrol Trafik I\u015f\u0131klar\u0131 Kav\u015fa\u011f\u0131","og_url":"https:\/\/kibrisdakik.com\/?p=10420","article_published_time":"2023-07-15T05:56:01+00:00","og_image":[{"width":750,"height":391,"url":"https:\/\/kibrisdakik.com\/wp-content\/uploads\/2023\/03\/tum-suruculerin-dikkatine-740x391.jpg","type":"image\/jpeg"}],"author":"admin","twitter_card":"summary_large_image","twitter_misc":{"Yazan:":"admin","Tahmini okuma s\u00fcresi":"2 dakika"},"schema":{"@context":"https:\/\/schema.org","@graph":[{"@type":"Article","@id":"https:\/\/kibrisdakik.com\/?p=10420#article","isPartOf":{"@id":"https:\/\/kibrisdakik.com\/?p=10420"},"author":{"name":"admin","@id":"https:\/\/kibrisdakik.com\/#\/schema\/person\/9cd9d437bbb44f72b73ba127e06d8e79"},"headline":"20 Temmuz t\u00f6ren provas\u0131 nedeniyle yar\u0131n baz\u0131 yollar trafi\u011fe kapat\u0131lacak","datePublished":"2023-07-15T05:56:01+00:00","mainEntityOfPage":{"@id":"https:\/\/kibrisdakik.com\/?p=10420"},"wordCount":447,"commentCount":0,"image":{"@id":"https:\/\/kibrisdakik.com\/?p=10420#primaryimage"},"thumbnailUrl":"https:\/\/kibrisdakik.com\/wp-content\/uploads\/2023\/03\/tum-suruculerin-dikkatine-740x391.jpg","articleSection":["G\u00fcndem"],"inLanguage":"tr","potentialAction":[{"@type":"CommentAction","name":"Comment","target":["https:\/\/kibrisdakik.com\/?p=10420#respond"]}]},{"@type":"WebPage","@id":"https:\/\/kibrisdakik.com\/?p=10420","url":"https:\/\/kibrisdakik.com\/?p=10420","name":"20 Temmuz t\u00f6ren provas\u0131 nedeniyle yar\u0131n baz\u0131 yollar trafi\u011fe kapat\u0131lacak -","isPartOf":{"@id":"https:\/\/kibrisdakik.com\/#website"},"primaryImageOfPage":{"@id":"https:\/\/kibrisdakik.com\/?p=10420#primaryimage"},"image":{"@id":"https:\/\/kibrisdakik.com\/?p=10420#primaryimage"},"thumbnailUrl":"https:\/\/kibrisdakik.com\/wp-content\/uploads\/2023\/03\/tum-suruculerin-dikkatine-740x391.jpg","datePublished":"2023-07-15T05:56:01+00:00","author":{"@id":"https:\/\/kibrisdakik.com\/#\/schema\/person\/9cd9d437bbb44f72b73ba127e06d8e79"},"breadcrumb":{"@id":"https:\/\/kibrisdakik.com\/?p=10420#breadcrumb"},"inLanguage":"tr","potentialAction":[{"@type":"ReadAction","target":["https:\/\/kibrisdakik.com\/?p=10420"]}]},{"@type":"ImageObject","inLanguage":"tr","@id":"https:\/\/kibrisdakik.com\/?p=10420#primaryimage","url":"https:\/\/kibrisdakik.com\/wp-content\/uploads\/2023\/03\/tum-suruculerin-dikkatine-740x391.jpg","contentUrl":"https:\/\/kibrisdakik.com\/wp-content\/uploads\/2023\/03\/tum-suruculerin-dikkatine-740x391.jpg","width":750,"height":391},{"@type":"BreadcrumbList","@id":"https:\/\/kibrisdakik.com\/?p=10420#breadcrumb","itemListElement":[{"@type":"ListItem","position":1,"name":"Home","item":"https:\/\/kibrisdakik.com\/"},{"@type":"ListItem","position":2,"name":"20 Temmuz t\u00f6ren provas\u0131 nedeniyle yar\u0131n baz\u0131 yollar trafi\u011fe kapat\u0131lacak"}]},{"@type":"WebSite","@id":"https:\/\/kibrisdakik.com\/#website","url":"https:\/\/kibrisdakik.com\/","name":"","description":"Tam vaktinde haber","potentialAction":[{"@type":"SearchAction","target":{"@type":"EntryPoint","urlTemplate":"https:\/\/kibrisdakik.com\/?s={search_term_string}"},"query-input":{"@type":"PropertyValueSpecification","valueRequired":true,"valueName":"search_term_string"}}],"inLanguage":"tr"},{"@type":"Person","@id":"https:\/\/kibrisdakik.com\/#\/schema\/person\/9cd9d437bbb44f72b73ba127e06d8e79","name":"admin","image":{"@type":"ImageObject","inLanguage":"tr","@id":"https:\/\/secure.gravatar.com\/avatar\/ccc17943b9d660506c869530f897617f7cb1c21a4bf30023f252596d83e1f007?s=96&d=mm&r=g","url":"https:\/\/secure.gravatar.com\/avatar\/ccc17943b9d660506c869530f897617f7cb1c21a4bf30023f252596d83e1f007?s=96&d=mm&r=g","contentUrl":"https:\/\/secure.gravatar.com\/avatar\/ccc17943b9d660506c869530f897617f7cb1c21a4bf30023f252596d83e1f007?s=96&d=mm&r=g","caption":"admin"},"sameAs":["https:\/\/kibrisdakik.com"],"url":"https:\/\/kibrisdakik.com\/?author=1"}]}},"_links":{"self":[{"href":"https:\/\/kibrisdakik.com\/index.php?rest_route=\/wp\/v2\/posts\/10420","targetHints":{"allow":["GET"]}}],"collection":[{"href":"https:\/\/kibrisdakik.com\/index.php?rest_route=\/wp\/v2\/posts"}],"about":[{"href":"https:\/\/kibrisdakik.com\/index.php?rest_route=\/wp\/v2\/types\/post"}],"author":[{"embeddable":true,"href":"https:\/\/kibrisdakik.com\/index.php?rest_route=\/wp\/v2\/users\/1"}],"replies":[{"embeddable":true,"href":"https:\/\/kibrisdakik.com\/index.php?rest_route=%2Fwp%2Fv2%2Fcomments&post=10420"}],"version-history":[{"count":0,"href":"https:\/\/kibrisdakik.com\/index.php?rest_route=\/wp\/v2\/posts\/10420\/revisions"}],"wp:featuredmedia":[{"embeddable":true,"href":"https:\/\/kibrisdakik.com\/index.php?rest_route=\/wp\/v2\/media\/3014"}],"wp:attachment":[{"href":"https:\/\/kibrisdakik.com\/index.php?rest_route=%2Fwp%2Fv2%2Fmedia&parent=10420"}],"wp:term":[{"taxonomy":"category","embeddable":true,"href":"https:\/\/kibrisdakik.com\/index.php?rest_route=%2Fwp%2Fv2%2Fcategories&post=10420"},{"taxonomy":"post_tag","embeddable":true,"href":"https:\/\/kibrisdakik.com\/index.php?rest_route=%2Fwp%2Fv2%2Ftags&post=10420"}],"curies":[{"name":"wp","href":"https:\/\/api.w.org\/{rel}","templated":true}]}}