{"id":104263,"date":"2026-01-17T15:31:12","date_gmt":"2026-01-17T13:31:12","guid":{"rendered":"https:\/\/kibrisdakik.com\/index.php\/2026\/01\/17\/cumhurbaskani-erhurman-ortak-vizyon-platformunu-kabul-etti\/"},"modified":"2026-01-17T15:31:12","modified_gmt":"2026-01-17T13:31:12","slug":"cumhurbaskani-erhurman-ortak-vizyon-platformunu-kabul-etti","status":"publish","type":"post","link":"https:\/\/kibrisdakik.com\/?p=104263","title":{"rendered":"CUMHURBA\u015eKANI ERH\u00dcRMAN ORTAK V\u0130ZYON PLATFORMUNU KABUL ETT\u0130"},"content":{"rendered":"<p><\/p>\n<div data-text-id=\"194132\" property=\"articleBody\">\n<p>Cumhurba\u015fkan\u0131 Tufan Erh\u00fcrman, dokuz sivil toplum \u00f6rg\u00fct\u00fcn\u00fcn olu\u015fturdu\u011fu \u201cOrtak Vizyon Platformu&#8221;nu kabul ederek g\u00f6r\u00fc\u015ft\u00fc.<\/p>\n<p>Cumhurba\u015fkanl\u0131\u011f\u0131\u2019ndan verilen bilgiye g\u00f6re, Ekonomi ve Sosyal Politikalar Ara\u015ft\u0131rma Merkezi (ESPA) Ba\u015fkan\u0131 Mete Boyac\u0131, ESPA Genel Direkt\u00f6r\u00fc Prof. Dr. Serta\u00e7 Sonan, K\u0131br\u0131s T\u00fcrk Amme Memurlar\u0131 Sendikas\u0131 (KTAMS) Ba\u015fkan\u0131 G\u00fcven Bengihan, KTAMS Genel Sekreteri Serman Yi\u011fit, K\u0131br\u0131s T\u00fcrk Barolar Birli\u011fi (KTBB) Ba\u015fkan\u0131 Hasan Esenda\u011fl\u0131, Asba\u015fkan\u0131 Evrim Emina\u011fa, K\u0131br\u0131s T\u00fcrk Kamu G\u00f6revlileri Sendikas\u0131 (Kamu-Sen) Ba\u015fkan\u0131 Metin Atan, K\u0131br\u0131s T\u00fcrk M\u00fchendis ve Mimar Odalar\u0131 Birli\u011fi (KTMMOB) Y\u00f6netim Kurulu \u00dcyesi G\u00f6rkem \u00c7elik, K\u0131br\u0131s T\u00fcrk \u00d6\u011fretmenler Sendikas\u0131 (KT\u00d6S) Ba\u015fkan\u0131 Mustafa Baybora, KT\u00d6S Genel Sekreteri Burak Mavi\u015f, K\u0131br\u0131s T\u00fcrk Tabipleri Birli\u011fi (KTTB) Ba\u015fkan\u0131 Ceyhun Dalkan, KKTC H\u00fcr \u0130\u015f\u00e7i Sendikalar\u0131 Federasyonu (H\u00fcr-\u0130\u015f) \u00dcyesi Mustafa Do\u011fru ve \u0130dil Erg\u00fclalp\u2019in yer ald\u0131\u011f\u0131 Ortak Vizyon Platformu ekibiyle bir araya gelen Cumhurba\u015fkan\u0131 Erh\u00fcrman, g\u00fcncel konular ve son geli\u015fmeleri de\u011ferlendirdi, platform \u00e7al\u0131\u015fmalar\u0131 hakk\u0131nda bilgi ald\u0131.<\/p>\n<p>G\u00f6r\u00fc\u015fmede Cumhurba\u015fkanl\u0131\u011f\u0131 Ekonomi Dan\u0131\u015fman\u0131 Berkan Tokar da haz\u0131r bulundu.<\/p>\n<\/p><\/div>\n","protected":false},"excerpt":{"rendered":"<p>Cumhurba\u015fkan\u0131 Tufan Erh\u00fcrman, dokuz sivil toplum \u00f6rg\u00fct\u00fcn\u00fcn olu\u015fturdu\u011fu \u201cOrtak Vizyon Platformu&#8221;nu kabul ederek g\u00f6r\u00fc\u015ft\u00fc. Cumhurba\u015fkanl\u0131\u011f\u0131\u2019ndan verilen bilgiye g\u00f6re, Ekonomi ve Sosyal Politikalar Ara\u015ft\u0131rma Merkezi (ESPA) Ba\u015fkan\u0131 Mete Boyac\u0131, ESPA Genel Direkt\u00f6r\u00fc Prof. Dr. Serta\u00e7 Sonan, K\u0131br\u0131s T\u00fcrk Amme Memurlar\u0131 Sendikas\u0131 (KTAMS) Ba\u015fkan\u0131 G\u00fcven Bengihan, KTAMS Genel Sekreteri Serman Yi\u011fit, K\u0131br\u0131s T\u00fcrk Barolar Birli\u011fi (KTBB) Ba\u015fkan\u0131<\/p>\n","protected":false},"author":1,"featured_media":104264,"comment_status":"open","ping_status":"open","sticky":false,"template":"","format":"standard","meta":{"footnotes":""},"categories":[81],"tags":[],"class_list":["post-104263","post","type-post","status-publish","format-standard","has-post-thumbnail","hentry","category-kibris"],"yoast_head":"<!-- This site is optimized with the Yoast SEO plugin v27.4 - https:\/\/yoast.com\/product\/yoast-seo-wordpress\/ -->\n<title>CUMHURBA\u015eKANI ERH\u00dcRMAN ORTAK V\u0130ZYON PLATFORMUNU KABUL ETT\u0130 -<\/title>\n<meta name=\"robots\" content=\"index, follow, max-snippet:-1, max-image-preview:large, max-video-preview:-1\" \/>\n<link rel=\"canonical\" href=\"https:\/\/kibrisdakik.com\/?p=104263\" \/>\n<meta property=\"og:locale\" content=\"tr_TR\" \/>\n<meta property=\"og:type\" content=\"article\" \/>\n<meta property=\"og:title\" content=\"CUMHURBA\u015eKANI ERH\u00dcRMAN ORTAK V\u0130ZYON PLATFORMUNU KABUL ETT\u0130 -\" \/>\n<meta property=\"og:description\" content=\"Cumhurba\u015fkan\u0131 Tufan Erh\u00fcrman, dokuz sivil toplum \u00f6rg\u00fct\u00fcn\u00fcn olu\u015fturdu\u011fu \u201cOrtak Vizyon Platformu&#8221;nu kabul ederek g\u00f6r\u00fc\u015ft\u00fc. Cumhurba\u015fkanl\u0131\u011f\u0131\u2019ndan verilen bilgiye g\u00f6re, Ekonomi ve Sosyal Politikalar Ara\u015ft\u0131rma Merkezi (ESPA) Ba\u015fkan\u0131 Mete Boyac\u0131, ESPA Genel Direkt\u00f6r\u00fc Prof. Dr. Serta\u00e7 Sonan, K\u0131br\u0131s T\u00fcrk Amme Memurlar\u0131 Sendikas\u0131 (KTAMS) Ba\u015fkan\u0131 G\u00fcven Bengihan, KTAMS Genel Sekreteri Serman Yi\u011fit, K\u0131br\u0131s T\u00fcrk Barolar Birli\u011fi (KTBB) Ba\u015fkan\u0131\" \/>\n<meta property=\"og:url\" content=\"https:\/\/kibrisdakik.com\/?p=104263\" \/>\n<meta property=\"article:published_time\" content=\"2026-01-17T13:31:12+00:00\" \/>\n<meta property=\"og:image\" content=\"https:\/\/kibrisdakik.com\/wp-content\/uploads\/2026\/01\/mha-sari-beyaz-2448.png\" \/>\n\t<meta property=\"og:image:width\" content=\"1280\" \/>\n\t<meta property=\"og:image:height\" content=\"720\" \/>\n\t<meta property=\"og:image:type\" content=\"image\/png\" \/>\n<meta name=\"author\" content=\"admin\" \/>\n<meta name=\"twitter:card\" content=\"summary_large_image\" \/>\n<meta name=\"twitter:label1\" content=\"Yazan:\" \/>\n\t<meta name=\"twitter:data1\" content=\"admin\" \/>\n\t<meta name=\"twitter:label2\" content=\"Tahmini okuma s\u00fcresi\" \/>\n\t<meta name=\"twitter:data2\" content=\"1 dakika\" \/>\n<script type=\"application\/ld+json\" class=\"yoast-schema-graph\">{\"@context\":\"https:\\\/\\\/schema.org\",\"@graph\":[{\"@type\":\"Article\",\"@id\":\"https:\\\/\\\/kibrisdakik.com\\\/?p=104263#article\",\"isPartOf\":{\"@id\":\"https:\\\/\\\/kibrisdakik.com\\\/?p=104263\"},\"author\":{\"name\":\"admin\",\"@id\":\"https:\\\/\\\/kibrisdakik.com\\\/#\\\/schema\\\/person\\\/9cd9d437bbb44f72b73ba127e06d8e79\"},\"headline\":\"CUMHURBA\u015eKANI ERH\u00dcRMAN ORTAK V\u0130ZYON PLATFORMUNU KABUL ETT\u0130\",\"datePublished\":\"2026-01-17T13:31:12+00:00\",\"mainEntityOfPage\":{\"@id\":\"https:\\\/\\\/kibrisdakik.com\\\/?p=104263\"},\"wordCount\":227,\"commentCount\":0,\"image\":{\"@id\":\"https:\\\/\\\/kibrisdakik.com\\\/?p=104263#primaryimage\"},\"thumbnailUrl\":\"https:\\\/\\\/kibrisdakik.com\\\/wp-content\\\/uploads\\\/2026\\\/01\\\/mha-sari-beyaz-2448.png\",\"articleSection\":[\"K\u0131br\u0131s\"],\"inLanguage\":\"tr\",\"potentialAction\":[{\"@type\":\"CommentAction\",\"name\":\"Comment\",\"target\":[\"https:\\\/\\\/kibrisdakik.com\\\/?p=104263#respond\"]}]},{\"@type\":\"WebPage\",\"@id\":\"https:\\\/\\\/kibrisdakik.com\\\/?p=104263\",\"url\":\"https:\\\/\\\/kibrisdakik.com\\\/?p=104263\",\"name\":\"CUMHURBA\u015eKANI ERH\u00dcRMAN ORTAK V\u0130ZYON PLATFORMUNU KABUL ETT\u0130 -\",\"isPartOf\":{\"@id\":\"https:\\\/\\\/kibrisdakik.com\\\/#website\"},\"primaryImageOfPage\":{\"@id\":\"https:\\\/\\\/kibrisdakik.com\\\/?p=104263#primaryimage\"},\"image\":{\"@id\":\"https:\\\/\\\/kibrisdakik.com\\\/?p=104263#primaryimage\"},\"thumbnailUrl\":\"https:\\\/\\\/kibrisdakik.com\\\/wp-content\\\/uploads\\\/2026\\\/01\\\/mha-sari-beyaz-2448.png\",\"datePublished\":\"2026-01-17T13:31:12+00:00\",\"author\":{\"@id\":\"https:\\\/\\\/kibrisdakik.com\\\/#\\\/schema\\\/person\\\/9cd9d437bbb44f72b73ba127e06d8e79\"},\"breadcrumb\":{\"@id\":\"https:\\\/\\\/kibrisdakik.com\\\/?p=104263#breadcrumb\"},\"inLanguage\":\"tr\",\"potentialAction\":[{\"@type\":\"ReadAction\",\"target\":[\"https:\\\/\\\/kibrisdakik.com\\\/?p=104263\"]}]},{\"@type\":\"ImageObject\",\"inLanguage\":\"tr\",\"@id\":\"https:\\\/\\\/kibrisdakik.com\\\/?p=104263#primaryimage\",\"url\":\"https:\\\/\\\/kibrisdakik.com\\\/wp-content\\\/uploads\\\/2026\\\/01\\\/mha-sari-beyaz-2448.png\",\"contentUrl\":\"https:\\\/\\\/kibrisdakik.com\\\/wp-content\\\/uploads\\\/2026\\\/01\\\/mha-sari-beyaz-2448.png\",\"width\":1280,\"height\":720},{\"@type\":\"BreadcrumbList\",\"@id\":\"https:\\\/\\\/kibrisdakik.com\\\/?p=104263#breadcrumb\",\"itemListElement\":[{\"@type\":\"ListItem\",\"position\":1,\"name\":\"Home\",\"item\":\"https:\\\/\\\/kibrisdakik.com\\\/\"},{\"@type\":\"ListItem\",\"position\":2,\"name\":\"CUMHURBA\u015eKANI ERH\u00dcRMAN ORTAK V\u0130ZYON PLATFORMUNU KABUL ETT\u0130\"}]},{\"@type\":\"WebSite\",\"@id\":\"https:\\\/\\\/kibrisdakik.com\\\/#website\",\"url\":\"https:\\\/\\\/kibrisdakik.com\\\/\",\"name\":\"\",\"description\":\"Tam vaktinde haber\",\"potentialAction\":[{\"@type\":\"SearchAction\",\"target\":{\"@type\":\"EntryPoint\",\"urlTemplate\":\"https:\\\/\\\/kibrisdakik.com\\\/?s={search_term_string}\"},\"query-input\":{\"@type\":\"PropertyValueSpecification\",\"valueRequired\":true,\"valueName\":\"search_term_string\"}}],\"inLanguage\":\"tr\"},{\"@type\":\"Person\",\"@id\":\"https:\\\/\\\/kibrisdakik.com\\\/#\\\/schema\\\/person\\\/9cd9d437bbb44f72b73ba127e06d8e79\",\"name\":\"admin\",\"image\":{\"@type\":\"ImageObject\",\"inLanguage\":\"tr\",\"@id\":\"https:\\\/\\\/secure.gravatar.com\\\/avatar\\\/ccc17943b9d660506c869530f897617f7cb1c21a4bf30023f252596d83e1f007?s=96&d=mm&r=g\",\"url\":\"https:\\\/\\\/secure.gravatar.com\\\/avatar\\\/ccc17943b9d660506c869530f897617f7cb1c21a4bf30023f252596d83e1f007?s=96&d=mm&r=g\",\"contentUrl\":\"https:\\\/\\\/secure.gravatar.com\\\/avatar\\\/ccc17943b9d660506c869530f897617f7cb1c21a4bf30023f252596d83e1f007?s=96&d=mm&r=g\",\"caption\":\"admin\"},\"sameAs\":[\"https:\\\/\\\/kibrisdakik.com\"],\"url\":\"https:\\\/\\\/kibrisdakik.com\\\/?author=1\"}]}<\/script>\n<!-- \/ Yoast SEO plugin. -->","yoast_head_json":{"title":"CUMHURBA\u015eKANI ERH\u00dcRMAN ORTAK V\u0130ZYON PLATFORMUNU KABUL ETT\u0130 -","robots":{"index":"index","follow":"follow","max-snippet":"max-snippet:-1","max-image-preview":"max-image-preview:large","max-video-preview":"max-video-preview:-1"},"canonical":"https:\/\/kibrisdakik.com\/?p=104263","og_locale":"tr_TR","og_type":"article","og_title":"CUMHURBA\u015eKANI ERH\u00dcRMAN ORTAK V\u0130ZYON PLATFORMUNU KABUL ETT\u0130 -","og_description":"Cumhurba\u015fkan\u0131 Tufan Erh\u00fcrman, dokuz sivil toplum \u00f6rg\u00fct\u00fcn\u00fcn olu\u015fturdu\u011fu \u201cOrtak Vizyon Platformu&#8221;nu kabul ederek g\u00f6r\u00fc\u015ft\u00fc. Cumhurba\u015fkanl\u0131\u011f\u0131\u2019ndan verilen bilgiye g\u00f6re, Ekonomi ve Sosyal Politikalar Ara\u015ft\u0131rma Merkezi (ESPA) Ba\u015fkan\u0131 Mete Boyac\u0131, ESPA Genel Direkt\u00f6r\u00fc Prof. Dr. Serta\u00e7 Sonan, K\u0131br\u0131s T\u00fcrk Amme Memurlar\u0131 Sendikas\u0131 (KTAMS) Ba\u015fkan\u0131 G\u00fcven Bengihan, KTAMS Genel Sekreteri Serman Yi\u011fit, K\u0131br\u0131s T\u00fcrk Barolar Birli\u011fi (KTBB) Ba\u015fkan\u0131","og_url":"https:\/\/kibrisdakik.com\/?p=104263","article_published_time":"2026-01-17T13:31:12+00:00","og_image":[{"width":1280,"height":720,"url":"https:\/\/kibrisdakik.com\/wp-content\/uploads\/2026\/01\/mha-sari-beyaz-2448.png","type":"image\/png"}],"author":"admin","twitter_card":"summary_large_image","twitter_misc":{"Yazan:":"admin","Tahmini okuma s\u00fcresi":"1 dakika"},"schema":{"@context":"https:\/\/schema.org","@graph":[{"@type":"Article","@id":"https:\/\/kibrisdakik.com\/?p=104263#article","isPartOf":{"@id":"https:\/\/kibrisdakik.com\/?p=104263"},"author":{"name":"admin","@id":"https:\/\/kibrisdakik.com\/#\/schema\/person\/9cd9d437bbb44f72b73ba127e06d8e79"},"headline":"CUMHURBA\u015eKANI ERH\u00dcRMAN ORTAK V\u0130ZYON PLATFORMUNU KABUL ETT\u0130","datePublished":"2026-01-17T13:31:12+00:00","mainEntityOfPage":{"@id":"https:\/\/kibrisdakik.com\/?p=104263"},"wordCount":227,"commentCount":0,"image":{"@id":"https:\/\/kibrisdakik.com\/?p=104263#primaryimage"},"thumbnailUrl":"https:\/\/kibrisdakik.com\/wp-content\/uploads\/2026\/01\/mha-sari-beyaz-2448.png","articleSection":["K\u0131br\u0131s"],"inLanguage":"tr","potentialAction":[{"@type":"CommentAction","name":"Comment","target":["https:\/\/kibrisdakik.com\/?p=104263#respond"]}]},{"@type":"WebPage","@id":"https:\/\/kibrisdakik.com\/?p=104263","url":"https:\/\/kibrisdakik.com\/?p=104263","name":"CUMHURBA\u015eKANI ERH\u00dcRMAN ORTAK V\u0130ZYON PLATFORMUNU KABUL ETT\u0130 -","isPartOf":{"@id":"https:\/\/kibrisdakik.com\/#website"},"primaryImageOfPage":{"@id":"https:\/\/kibrisdakik.com\/?p=104263#primaryimage"},"image":{"@id":"https:\/\/kibrisdakik.com\/?p=104263#primaryimage"},"thumbnailUrl":"https:\/\/kibrisdakik.com\/wp-content\/uploads\/2026\/01\/mha-sari-beyaz-2448.png","datePublished":"2026-01-17T13:31:12+00:00","author":{"@id":"https:\/\/kibrisdakik.com\/#\/schema\/person\/9cd9d437bbb44f72b73ba127e06d8e79"},"breadcrumb":{"@id":"https:\/\/kibrisdakik.com\/?p=104263#breadcrumb"},"inLanguage":"tr","potentialAction":[{"@type":"ReadAction","target":["https:\/\/kibrisdakik.com\/?p=104263"]}]},{"@type":"ImageObject","inLanguage":"tr","@id":"https:\/\/kibrisdakik.com\/?p=104263#primaryimage","url":"https:\/\/kibrisdakik.com\/wp-content\/uploads\/2026\/01\/mha-sari-beyaz-2448.png","contentUrl":"https:\/\/kibrisdakik.com\/wp-content\/uploads\/2026\/01\/mha-sari-beyaz-2448.png","width":1280,"height":720},{"@type":"BreadcrumbList","@id":"https:\/\/kibrisdakik.com\/?p=104263#breadcrumb","itemListElement":[{"@type":"ListItem","position":1,"name":"Home","item":"https:\/\/kibrisdakik.com\/"},{"@type":"ListItem","position":2,"name":"CUMHURBA\u015eKANI ERH\u00dcRMAN ORTAK V\u0130ZYON PLATFORMUNU KABUL ETT\u0130"}]},{"@type":"WebSite","@id":"https:\/\/kibrisdakik.com\/#website","url":"https:\/\/kibrisdakik.com\/","name":"","description":"Tam vaktinde haber","potentialAction":[{"@type":"SearchAction","target":{"@type":"EntryPoint","urlTemplate":"https:\/\/kibrisdakik.com\/?s={search_term_string}"},"query-input":{"@type":"PropertyValueSpecification","valueRequired":true,"valueName":"search_term_string"}}],"inLanguage":"tr"},{"@type":"Person","@id":"https:\/\/kibrisdakik.com\/#\/schema\/person\/9cd9d437bbb44f72b73ba127e06d8e79","name":"admin","image":{"@type":"ImageObject","inLanguage":"tr","@id":"https:\/\/secure.gravatar.com\/avatar\/ccc17943b9d660506c869530f897617f7cb1c21a4bf30023f252596d83e1f007?s=96&d=mm&r=g","url":"https:\/\/secure.gravatar.com\/avatar\/ccc17943b9d660506c869530f897617f7cb1c21a4bf30023f252596d83e1f007?s=96&d=mm&r=g","contentUrl":"https:\/\/secure.gravatar.com\/avatar\/ccc17943b9d660506c869530f897617f7cb1c21a4bf30023f252596d83e1f007?s=96&d=mm&r=g","caption":"admin"},"sameAs":["https:\/\/kibrisdakik.com"],"url":"https:\/\/kibrisdakik.com\/?author=1"}]}},"_links":{"self":[{"href":"https:\/\/kibrisdakik.com\/index.php?rest_route=\/wp\/v2\/posts\/104263","targetHints":{"allow":["GET"]}}],"collection":[{"href":"https:\/\/kibrisdakik.com\/index.php?rest_route=\/wp\/v2\/posts"}],"about":[{"href":"https:\/\/kibrisdakik.com\/index.php?rest_route=\/wp\/v2\/types\/post"}],"author":[{"embeddable":true,"href":"https:\/\/kibrisdakik.com\/index.php?rest_route=\/wp\/v2\/users\/1"}],"replies":[{"embeddable":true,"href":"https:\/\/kibrisdakik.com\/index.php?rest_route=%2Fwp%2Fv2%2Fcomments&post=104263"}],"version-history":[{"count":0,"href":"https:\/\/kibrisdakik.com\/index.php?rest_route=\/wp\/v2\/posts\/104263\/revisions"}],"wp:featuredmedia":[{"embeddable":true,"href":"https:\/\/kibrisdakik.com\/index.php?rest_route=\/wp\/v2\/media\/104264"}],"wp:attachment":[{"href":"https:\/\/kibrisdakik.com\/index.php?rest_route=%2Fwp%2Fv2%2Fmedia&parent=104263"}],"wp:term":[{"taxonomy":"category","embeddable":true,"href":"https:\/\/kibrisdakik.com\/index.php?rest_route=%2Fwp%2Fv2%2Fcategories&post=104263"},{"taxonomy":"post_tag","embeddable":true,"href":"https:\/\/kibrisdakik.com\/index.php?rest_route=%2Fwp%2Fv2%2Ftags&post=104263"}],"curies":[{"name":"wp","href":"https:\/\/api.w.org\/{rel}","templated":true}]}}