{"id":10427,"date":"2023-07-15T10:00:39","date_gmt":"2023-07-15T10:00:39","guid":{"rendered":"https:\/\/kibrisdakik.com\/index.php\/2023\/07\/15\/ercan-havalimani-tasinma-amaciyla-20-temmuz-aksami-ucuslara-kapatilacak-ucuslar-21-temmuz-sabahi-yeni-terminal-binasindan-baslayacak\/"},"modified":"2023-07-15T10:00:39","modified_gmt":"2023-07-15T10:00:39","slug":"ercan-havalimani-tasinma-amaciyla-20-temmuz-aksami-ucuslara-kapatilacak-ucuslar-21-temmuz-sabahi-yeni-terminal-binasindan-baslayacak","status":"publish","type":"post","link":"https:\/\/kibrisdakik.com\/?p=10427","title":{"rendered":"Ercan Havaliman\u0131 ta\u015f\u0131nma amac\u0131yla 20 Temmuz ak\u015fam\u0131 u\u00e7u\u015flara kapat\u0131lacak. U\u00e7u\u015flar 21 Temmuz sabah\u0131 yeni terminal binas\u0131ndan ba\u015flayacak"},"content":{"rendered":"<p><\/p>\n<div>\n<div class=\"mariselle-image-container center\">\n                <img width=\"1920\" height=\"1080\" class=\"lazy-image\" alt=\"\" decoding=\"async\" loading=\"lazy\" sizes=\"auto, (max-width: 1920px) 100vw, 1920px\" src=\"https:\/\/brtk.net\/wp-content\/uploads\/2023\/07\/15\/bub-ercan-1-.jpg?ver=7e8f3108620133360d9c0b6be8cf37ce\" srcset=\"https:\/\/brtk.net\/wp-content\/uploads\/2023\/07\/15\/bub-ercan-1-.jpg?ver=7e8f3108620133360d9c0b6be8cf37ce 1920w, https:\/\/brtk.net\/wp-content\/uploads\/2023\/07\/15\/bub-ercan-1--300x169.jpg?ver=bb129bdc2b60ecc2db1491b1dd062649 300w, https:\/\/brtk.net\/wp-content\/uploads\/2023\/07\/15\/bub-ercan-1--1024x576.jpg?ver=bb129bdc2b60ecc2db1491b1dd062649 1024w, https:\/\/brtk.net\/wp-content\/uploads\/2023\/07\/15\/bub-ercan-1--768x432.jpg?ver=bb129bdc2b60ecc2db1491b1dd062649 768w, https:\/\/brtk.net\/wp-content\/uploads\/2023\/07\/15\/bub-ercan-1--1536x864.jpg?ver=8d1a899a805f6ac223e39f37aeb3f3b5 1536w\"\/>                            <\/div>\n<p>Ercan Havaliman\u0131, ta\u015f\u0131nma nedeniyle 20  Temmuz  saat 19.15 ile 21 Temmuz 07.00 aras\u0131 t\u00fcm  u\u00e7u\u015flara kapat\u0131lacak. 21 Temmuz  saat 07.00\u2019den itibaren u\u00e7u\u015flar yeni terminal binas\u0131ndan ba\u015flayacak<\/p>\n<p>Bay\u0131nd\u0131rl\u0131k ve Ula\u015ft\u0131rma Bakanl\u0131\u011f\u0131n\u0131n konuya ili\u015fkin a\u00e7\u0131klamas\u0131 \u015f\u00f6yle:<\/p>\n<p>\u201c20 Temmuz 2023 tarihinde Ercan Havaliman\u0131 yeni terminal binas\u0131 ve yeni pisti resmen a\u00e7\u0131l\u0131yor. U\u00e7u\u015flar 20 Temmuz 2023 saat 19.15\u2019e kadar mevcut terminal binas\u0131 kullan\u0131larak devam edecektir.<\/p>\n<p>20 Temmuz saat 19.15\u2019ten 21 Temmuz saat 07.00\u2019ye kadar Ercan Havaliman\u0131 ta\u015f\u0131nma ama\u00e7l\u0131, t\u00fcm u\u00e7u\u015flara kapat\u0131lacakt\u0131r.<\/p>\n<p>21 Temmuz sabah saat 07.00\u2019den ise itibaren geli\u015f\/gidi\u015f u\u00e7u\u015flar\u0131 yeni terminal binas\u0131ndan yeniden ba\u015flayacakt\u0131r.\u201d<\/p>\n<\/p><\/div>\n<p><script async\n                    defer\n                    crossorigin=\"anonymous\"\n                    src=\"https:\/\/connect.facebook.net\/tr_TR\/sdk.js#xfbml=1&#038;version=v3.3\"\n            ><\/script><\/p>\n","protected":false},"excerpt":{"rendered":"<p>Ercan Havaliman\u0131, ta\u015f\u0131nma nedeniyle 20 Temmuz saat 19.15 ile 21 Temmuz 07.00 aras\u0131 t\u00fcm u\u00e7u\u015flara kapat\u0131lacak. 21 Temmuz saat 07.00\u2019den itibaren u\u00e7u\u015flar yeni terminal binas\u0131ndan ba\u015flayacak Bay\u0131nd\u0131rl\u0131k ve Ula\u015ft\u0131rma Bakanl\u0131\u011f\u0131n\u0131n konuya ili\u015fkin a\u00e7\u0131klamas\u0131 \u015f\u00f6yle: \u201c20 Temmuz 2023 tarihinde Ercan Havaliman\u0131 yeni terminal binas\u0131 ve yeni pisti resmen a\u00e7\u0131l\u0131yor. U\u00e7u\u015flar 20 Temmuz 2023 saat 19.15\u2019e kadar<\/p>\n","protected":false},"author":1,"featured_media":10428,"comment_status":"open","ping_status":"open","sticky":false,"template":"","format":"standard","meta":{"footnotes":""},"categories":[1],"tags":[],"class_list":["post-10427","post","type-post","status-publish","format-standard","has-post-thumbnail","hentry","category-gundem"],"yoast_head":"<!-- This site is optimized with the Yoast SEO plugin v27.4 - https:\/\/yoast.com\/product\/yoast-seo-wordpress\/ -->\n<title>Ercan Havaliman\u0131 ta\u015f\u0131nma amac\u0131yla 20 Temmuz ak\u015fam\u0131 u\u00e7u\u015flara kapat\u0131lacak. U\u00e7u\u015flar 21 Temmuz sabah\u0131 yeni terminal binas\u0131ndan ba\u015flayacak -<\/title>\n<meta name=\"robots\" content=\"index, follow, max-snippet:-1, max-image-preview:large, max-video-preview:-1\" \/>\n<link rel=\"canonical\" href=\"https:\/\/kibrisdakik.com\/?p=10427\" \/>\n<meta property=\"og:locale\" content=\"tr_TR\" \/>\n<meta property=\"og:type\" content=\"article\" \/>\n<meta property=\"og:title\" content=\"Ercan Havaliman\u0131 ta\u015f\u0131nma amac\u0131yla 20 Temmuz ak\u015fam\u0131 u\u00e7u\u015flara kapat\u0131lacak. U\u00e7u\u015flar 21 Temmuz sabah\u0131 yeni terminal binas\u0131ndan ba\u015flayacak -\" \/>\n<meta property=\"og:description\" content=\"Ercan Havaliman\u0131, ta\u015f\u0131nma nedeniyle 20 Temmuz saat 19.15 ile 21 Temmuz 07.00 aras\u0131 t\u00fcm u\u00e7u\u015flara kapat\u0131lacak. 21 Temmuz saat 07.00\u2019den itibaren u\u00e7u\u015flar yeni terminal binas\u0131ndan ba\u015flayacak Bay\u0131nd\u0131rl\u0131k ve Ula\u015ft\u0131rma Bakanl\u0131\u011f\u0131n\u0131n konuya ili\u015fkin a\u00e7\u0131klamas\u0131 \u015f\u00f6yle: \u201c20 Temmuz 2023 tarihinde Ercan Havaliman\u0131 yeni terminal binas\u0131 ve yeni pisti resmen a\u00e7\u0131l\u0131yor. U\u00e7u\u015flar 20 Temmuz 2023 saat 19.15\u2019e kadar\" \/>\n<meta property=\"og:url\" content=\"https:\/\/kibrisdakik.com\/?p=10427\" \/>\n<meta property=\"article:published_time\" content=\"2023-07-15T10:00:39+00:00\" \/>\n<meta property=\"og:image\" content=\"https:\/\/kibrisdakik.com\/wp-content\/uploads\/2023\/07\/bub-ercan-2--740x420.jpg\" \/>\n\t<meta property=\"og:image:width\" content=\"1920\" \/>\n\t<meta property=\"og:image:height\" content=\"1080\" \/>\n\t<meta property=\"og:image:type\" content=\"image\/jpeg\" \/>\n<meta name=\"author\" content=\"admin\" \/>\n<meta name=\"twitter:card\" content=\"summary_large_image\" \/>\n<meta name=\"twitter:label1\" content=\"Yazan:\" \/>\n\t<meta name=\"twitter:data1\" content=\"admin\" \/>\n\t<meta name=\"twitter:label2\" content=\"Tahmini okuma s\u00fcresi\" \/>\n\t<meta name=\"twitter:data2\" content=\"1 dakika\" \/>\n<script type=\"application\/ld+json\" class=\"yoast-schema-graph\">{\"@context\":\"https:\\\/\\\/schema.org\",\"@graph\":[{\"@type\":\"Article\",\"@id\":\"https:\\\/\\\/kibrisdakik.com\\\/?p=10427#article\",\"isPartOf\":{\"@id\":\"https:\\\/\\\/kibrisdakik.com\\\/?p=10427\"},\"author\":{\"name\":\"admin\",\"@id\":\"https:\\\/\\\/kibrisdakik.com\\\/#\\\/schema\\\/person\\\/9cd9d437bbb44f72b73ba127e06d8e79\"},\"headline\":\"Ercan Havaliman\u0131 ta\u015f\u0131nma amac\u0131yla 20 Temmuz ak\u015fam\u0131 u\u00e7u\u015flara kapat\u0131lacak. U\u00e7u\u015flar 21 Temmuz sabah\u0131 yeni terminal binas\u0131ndan ba\u015flayacak\",\"datePublished\":\"2023-07-15T10:00:39+00:00\",\"mainEntityOfPage\":{\"@id\":\"https:\\\/\\\/kibrisdakik.com\\\/?p=10427\"},\"wordCount\":140,\"commentCount\":0,\"image\":{\"@id\":\"https:\\\/\\\/kibrisdakik.com\\\/?p=10427#primaryimage\"},\"thumbnailUrl\":\"https:\\\/\\\/kibrisdakik.com\\\/wp-content\\\/uploads\\\/2023\\\/07\\\/bub-ercan-2--740x420.jpg\",\"articleSection\":[\"G\u00fcndem\"],\"inLanguage\":\"tr\",\"potentialAction\":[{\"@type\":\"CommentAction\",\"name\":\"Comment\",\"target\":[\"https:\\\/\\\/kibrisdakik.com\\\/?p=10427#respond\"]}]},{\"@type\":\"WebPage\",\"@id\":\"https:\\\/\\\/kibrisdakik.com\\\/?p=10427\",\"url\":\"https:\\\/\\\/kibrisdakik.com\\\/?p=10427\",\"name\":\"Ercan Havaliman\u0131 ta\u015f\u0131nma amac\u0131yla 20 Temmuz ak\u015fam\u0131 u\u00e7u\u015flara kapat\u0131lacak. U\u00e7u\u015flar 21 Temmuz sabah\u0131 yeni terminal binas\u0131ndan ba\u015flayacak -\",\"isPartOf\":{\"@id\":\"https:\\\/\\\/kibrisdakik.com\\\/#website\"},\"primaryImageOfPage\":{\"@id\":\"https:\\\/\\\/kibrisdakik.com\\\/?p=10427#primaryimage\"},\"image\":{\"@id\":\"https:\\\/\\\/kibrisdakik.com\\\/?p=10427#primaryimage\"},\"thumbnailUrl\":\"https:\\\/\\\/kibrisdakik.com\\\/wp-content\\\/uploads\\\/2023\\\/07\\\/bub-ercan-2--740x420.jpg\",\"datePublished\":\"2023-07-15T10:00:39+00:00\",\"author\":{\"@id\":\"https:\\\/\\\/kibrisdakik.com\\\/#\\\/schema\\\/person\\\/9cd9d437bbb44f72b73ba127e06d8e79\"},\"breadcrumb\":{\"@id\":\"https:\\\/\\\/kibrisdakik.com\\\/?p=10427#breadcrumb\"},\"inLanguage\":\"tr\",\"potentialAction\":[{\"@type\":\"ReadAction\",\"target\":[\"https:\\\/\\\/kibrisdakik.com\\\/?p=10427\"]}]},{\"@type\":\"ImageObject\",\"inLanguage\":\"tr\",\"@id\":\"https:\\\/\\\/kibrisdakik.com\\\/?p=10427#primaryimage\",\"url\":\"https:\\\/\\\/kibrisdakik.com\\\/wp-content\\\/uploads\\\/2023\\\/07\\\/bub-ercan-2--740x420.jpg\",\"contentUrl\":\"https:\\\/\\\/kibrisdakik.com\\\/wp-content\\\/uploads\\\/2023\\\/07\\\/bub-ercan-2--740x420.jpg\",\"width\":1920,\"height\":1080},{\"@type\":\"BreadcrumbList\",\"@id\":\"https:\\\/\\\/kibrisdakik.com\\\/?p=10427#breadcrumb\",\"itemListElement\":[{\"@type\":\"ListItem\",\"position\":1,\"name\":\"Home\",\"item\":\"https:\\\/\\\/kibrisdakik.com\\\/\"},{\"@type\":\"ListItem\",\"position\":2,\"name\":\"Ercan Havaliman\u0131 ta\u015f\u0131nma amac\u0131yla 20 Temmuz ak\u015fam\u0131 u\u00e7u\u015flara kapat\u0131lacak. U\u00e7u\u015flar 21 Temmuz sabah\u0131 yeni terminal binas\u0131ndan ba\u015flayacak\"}]},{\"@type\":\"WebSite\",\"@id\":\"https:\\\/\\\/kibrisdakik.com\\\/#website\",\"url\":\"https:\\\/\\\/kibrisdakik.com\\\/\",\"name\":\"\",\"description\":\"Tam vaktinde haber\",\"potentialAction\":[{\"@type\":\"SearchAction\",\"target\":{\"@type\":\"EntryPoint\",\"urlTemplate\":\"https:\\\/\\\/kibrisdakik.com\\\/?s={search_term_string}\"},\"query-input\":{\"@type\":\"PropertyValueSpecification\",\"valueRequired\":true,\"valueName\":\"search_term_string\"}}],\"inLanguage\":\"tr\"},{\"@type\":\"Person\",\"@id\":\"https:\\\/\\\/kibrisdakik.com\\\/#\\\/schema\\\/person\\\/9cd9d437bbb44f72b73ba127e06d8e79\",\"name\":\"admin\",\"image\":{\"@type\":\"ImageObject\",\"inLanguage\":\"tr\",\"@id\":\"https:\\\/\\\/secure.gravatar.com\\\/avatar\\\/ccc17943b9d660506c869530f897617f7cb1c21a4bf30023f252596d83e1f007?s=96&d=mm&r=g\",\"url\":\"https:\\\/\\\/secure.gravatar.com\\\/avatar\\\/ccc17943b9d660506c869530f897617f7cb1c21a4bf30023f252596d83e1f007?s=96&d=mm&r=g\",\"contentUrl\":\"https:\\\/\\\/secure.gravatar.com\\\/avatar\\\/ccc17943b9d660506c869530f897617f7cb1c21a4bf30023f252596d83e1f007?s=96&d=mm&r=g\",\"caption\":\"admin\"},\"sameAs\":[\"https:\\\/\\\/kibrisdakik.com\"],\"url\":\"https:\\\/\\\/kibrisdakik.com\\\/?author=1\"}]}<\/script>\n<!-- \/ Yoast SEO plugin. -->","yoast_head_json":{"title":"Ercan Havaliman\u0131 ta\u015f\u0131nma amac\u0131yla 20 Temmuz ak\u015fam\u0131 u\u00e7u\u015flara kapat\u0131lacak. U\u00e7u\u015flar 21 Temmuz sabah\u0131 yeni terminal binas\u0131ndan ba\u015flayacak -","robots":{"index":"index","follow":"follow","max-snippet":"max-snippet:-1","max-image-preview":"max-image-preview:large","max-video-preview":"max-video-preview:-1"},"canonical":"https:\/\/kibrisdakik.com\/?p=10427","og_locale":"tr_TR","og_type":"article","og_title":"Ercan Havaliman\u0131 ta\u015f\u0131nma amac\u0131yla 20 Temmuz ak\u015fam\u0131 u\u00e7u\u015flara kapat\u0131lacak. U\u00e7u\u015flar 21 Temmuz sabah\u0131 yeni terminal binas\u0131ndan ba\u015flayacak -","og_description":"Ercan Havaliman\u0131, ta\u015f\u0131nma nedeniyle 20 Temmuz saat 19.15 ile 21 Temmuz 07.00 aras\u0131 t\u00fcm u\u00e7u\u015flara kapat\u0131lacak. 21 Temmuz saat 07.00\u2019den itibaren u\u00e7u\u015flar yeni terminal binas\u0131ndan ba\u015flayacak Bay\u0131nd\u0131rl\u0131k ve Ula\u015ft\u0131rma Bakanl\u0131\u011f\u0131n\u0131n konuya ili\u015fkin a\u00e7\u0131klamas\u0131 \u015f\u00f6yle: \u201c20 Temmuz 2023 tarihinde Ercan Havaliman\u0131 yeni terminal binas\u0131 ve yeni pisti resmen a\u00e7\u0131l\u0131yor. U\u00e7u\u015flar 20 Temmuz 2023 saat 19.15\u2019e kadar","og_url":"https:\/\/kibrisdakik.com\/?p=10427","article_published_time":"2023-07-15T10:00:39+00:00","og_image":[{"width":1920,"height":1080,"url":"https:\/\/kibrisdakik.com\/wp-content\/uploads\/2023\/07\/bub-ercan-2--740x420.jpg","type":"image\/jpeg"}],"author":"admin","twitter_card":"summary_large_image","twitter_misc":{"Yazan:":"admin","Tahmini okuma s\u00fcresi":"1 dakika"},"schema":{"@context":"https:\/\/schema.org","@graph":[{"@type":"Article","@id":"https:\/\/kibrisdakik.com\/?p=10427#article","isPartOf":{"@id":"https:\/\/kibrisdakik.com\/?p=10427"},"author":{"name":"admin","@id":"https:\/\/kibrisdakik.com\/#\/schema\/person\/9cd9d437bbb44f72b73ba127e06d8e79"},"headline":"Ercan Havaliman\u0131 ta\u015f\u0131nma amac\u0131yla 20 Temmuz ak\u015fam\u0131 u\u00e7u\u015flara kapat\u0131lacak. U\u00e7u\u015flar 21 Temmuz sabah\u0131 yeni terminal binas\u0131ndan ba\u015flayacak","datePublished":"2023-07-15T10:00:39+00:00","mainEntityOfPage":{"@id":"https:\/\/kibrisdakik.com\/?p=10427"},"wordCount":140,"commentCount":0,"image":{"@id":"https:\/\/kibrisdakik.com\/?p=10427#primaryimage"},"thumbnailUrl":"https:\/\/kibrisdakik.com\/wp-content\/uploads\/2023\/07\/bub-ercan-2--740x420.jpg","articleSection":["G\u00fcndem"],"inLanguage":"tr","potentialAction":[{"@type":"CommentAction","name":"Comment","target":["https:\/\/kibrisdakik.com\/?p=10427#respond"]}]},{"@type":"WebPage","@id":"https:\/\/kibrisdakik.com\/?p=10427","url":"https:\/\/kibrisdakik.com\/?p=10427","name":"Ercan Havaliman\u0131 ta\u015f\u0131nma amac\u0131yla 20 Temmuz ak\u015fam\u0131 u\u00e7u\u015flara kapat\u0131lacak. U\u00e7u\u015flar 21 Temmuz sabah\u0131 yeni terminal binas\u0131ndan ba\u015flayacak -","isPartOf":{"@id":"https:\/\/kibrisdakik.com\/#website"},"primaryImageOfPage":{"@id":"https:\/\/kibrisdakik.com\/?p=10427#primaryimage"},"image":{"@id":"https:\/\/kibrisdakik.com\/?p=10427#primaryimage"},"thumbnailUrl":"https:\/\/kibrisdakik.com\/wp-content\/uploads\/2023\/07\/bub-ercan-2--740x420.jpg","datePublished":"2023-07-15T10:00:39+00:00","author":{"@id":"https:\/\/kibrisdakik.com\/#\/schema\/person\/9cd9d437bbb44f72b73ba127e06d8e79"},"breadcrumb":{"@id":"https:\/\/kibrisdakik.com\/?p=10427#breadcrumb"},"inLanguage":"tr","potentialAction":[{"@type":"ReadAction","target":["https:\/\/kibrisdakik.com\/?p=10427"]}]},{"@type":"ImageObject","inLanguage":"tr","@id":"https:\/\/kibrisdakik.com\/?p=10427#primaryimage","url":"https:\/\/kibrisdakik.com\/wp-content\/uploads\/2023\/07\/bub-ercan-2--740x420.jpg","contentUrl":"https:\/\/kibrisdakik.com\/wp-content\/uploads\/2023\/07\/bub-ercan-2--740x420.jpg","width":1920,"height":1080},{"@type":"BreadcrumbList","@id":"https:\/\/kibrisdakik.com\/?p=10427#breadcrumb","itemListElement":[{"@type":"ListItem","position":1,"name":"Home","item":"https:\/\/kibrisdakik.com\/"},{"@type":"ListItem","position":2,"name":"Ercan Havaliman\u0131 ta\u015f\u0131nma amac\u0131yla 20 Temmuz ak\u015fam\u0131 u\u00e7u\u015flara kapat\u0131lacak. U\u00e7u\u015flar 21 Temmuz sabah\u0131 yeni terminal binas\u0131ndan ba\u015flayacak"}]},{"@type":"WebSite","@id":"https:\/\/kibrisdakik.com\/#website","url":"https:\/\/kibrisdakik.com\/","name":"","description":"Tam vaktinde haber","potentialAction":[{"@type":"SearchAction","target":{"@type":"EntryPoint","urlTemplate":"https:\/\/kibrisdakik.com\/?s={search_term_string}"},"query-input":{"@type":"PropertyValueSpecification","valueRequired":true,"valueName":"search_term_string"}}],"inLanguage":"tr"},{"@type":"Person","@id":"https:\/\/kibrisdakik.com\/#\/schema\/person\/9cd9d437bbb44f72b73ba127e06d8e79","name":"admin","image":{"@type":"ImageObject","inLanguage":"tr","@id":"https:\/\/secure.gravatar.com\/avatar\/ccc17943b9d660506c869530f897617f7cb1c21a4bf30023f252596d83e1f007?s=96&d=mm&r=g","url":"https:\/\/secure.gravatar.com\/avatar\/ccc17943b9d660506c869530f897617f7cb1c21a4bf30023f252596d83e1f007?s=96&d=mm&r=g","contentUrl":"https:\/\/secure.gravatar.com\/avatar\/ccc17943b9d660506c869530f897617f7cb1c21a4bf30023f252596d83e1f007?s=96&d=mm&r=g","caption":"admin"},"sameAs":["https:\/\/kibrisdakik.com"],"url":"https:\/\/kibrisdakik.com\/?author=1"}]}},"_links":{"self":[{"href":"https:\/\/kibrisdakik.com\/index.php?rest_route=\/wp\/v2\/posts\/10427","targetHints":{"allow":["GET"]}}],"collection":[{"href":"https:\/\/kibrisdakik.com\/index.php?rest_route=\/wp\/v2\/posts"}],"about":[{"href":"https:\/\/kibrisdakik.com\/index.php?rest_route=\/wp\/v2\/types\/post"}],"author":[{"embeddable":true,"href":"https:\/\/kibrisdakik.com\/index.php?rest_route=\/wp\/v2\/users\/1"}],"replies":[{"embeddable":true,"href":"https:\/\/kibrisdakik.com\/index.php?rest_route=%2Fwp%2Fv2%2Fcomments&post=10427"}],"version-history":[{"count":0,"href":"https:\/\/kibrisdakik.com\/index.php?rest_route=\/wp\/v2\/posts\/10427\/revisions"}],"wp:featuredmedia":[{"embeddable":true,"href":"https:\/\/kibrisdakik.com\/index.php?rest_route=\/wp\/v2\/media\/10428"}],"wp:attachment":[{"href":"https:\/\/kibrisdakik.com\/index.php?rest_route=%2Fwp%2Fv2%2Fmedia&parent=10427"}],"wp:term":[{"taxonomy":"category","embeddable":true,"href":"https:\/\/kibrisdakik.com\/index.php?rest_route=%2Fwp%2Fv2%2Fcategories&post=10427"},{"taxonomy":"post_tag","embeddable":true,"href":"https:\/\/kibrisdakik.com\/index.php?rest_route=%2Fwp%2Fv2%2Ftags&post=10427"}],"curies":[{"name":"wp","href":"https:\/\/api.w.org\/{rel}","templated":true}]}}