{"id":104358,"date":"2026-01-20T10:45:59","date_gmt":"2026-01-20T08:45:59","guid":{"rendered":"https:\/\/kibrisdakik.com\/index.php\/2026\/01\/20\/iran-disisleri-bakaninin-davos-daveti-iptal-edildi\/"},"modified":"2026-01-20T10:45:59","modified_gmt":"2026-01-20T08:45:59","slug":"iran-disisleri-bakaninin-davos-daveti-iptal-edildi","status":"publish","type":"post","link":"https:\/\/kibrisdakik.com\/?p=104358","title":{"rendered":"\u0130RAN DI\u015e\u0130\u015eLER\u0130 BAKANININ DAVOS DAVET\u0130 \u0130PTAL ED\u0130LD\u0130"},"content":{"rendered":"<p><\/p>\n<div data-text-id=\"194228\" property=\"articleBody\">\n<p>\u0130ran D\u0131\u015fi\u015fleri Bakan\u0131 Abbas Erak\u00e7i, D\u00fcnya Ekonomik Forumu\u2019nun (WEF) Davos\u2019taki etkinli\u011fine y\u00f6nelik kendisine iletilen davetin iptal edildi\u011fini duyurdu.<\/p>\n<p>Erak\u00e7i, X hesab\u0131ndan yapt\u0131\u011f\u0131 a\u00e7\u0131klamada, &#8220;WEF, \u0130srail ve ABD merkezli vekilleri ile savunucular\u0131n\u0131n yalanlar\u0131 ve siyasi bask\u0131s\u0131 nedeniyle Davos&#8217;a kat\u0131l\u0131m\u0131m\u0131 iptal etti.&#8221; ifadelerini kulland\u0131.<\/p>\n<p>\u00d6te yandan ABD merkezli \u0130ran \u0130nsan Haklar\u0131 Aktivistleri Haber Ajans\u0131 (HRANA), \u0130ran&#8217;daki protestolarda hayat\u0131n\u0131 kaybedenlerin say\u0131s\u0131n\u0131n 4 bin 29&#8217;a y\u00fckseldi\u011fini duyurdu.<\/p>\n<p>HRANA&#8217;n\u0131n haberine g\u00f6re, \u00fclkenin bir\u00e7ok noktas\u0131ndaki olaylar sonucunda 26 bin 15 ki\u015fi g\u00f6zalt\u0131na al\u0131nd\u0131. G\u00f6sterilerde \u00e7\u0131kan olaylarda 180 g\u00fcvenlik g\u00f6revlisi dahil 4 bin 29 ki\u015fi ya\u015fam\u0131n\u0131 yitirdi.<\/p>\n<p>\u0130ran&#8217;da 28 Aral\u0131k 2025&#8217;te \u00fclkedeki yerel para biriminin d\u00f6viz kar\u015f\u0131s\u0131ndaki y\u00fcksek de\u011fer kayb\u0131 ve ekonomik sorunlar nedeniyle Tahran B\u00fcy\u00fck \u00c7ar\u015f\u0131&#8217;da esnaf\u0131n ba\u015flatt\u0131\u011f\u0131 protestolar, bir\u00e7ok kente yay\u0131lm\u0131\u015ft\u0131.<\/p>\n<p>8 Ocak&#8217;ta \u00fclke y\u00f6netimi, internet eri\u015fimini engellemi\u015fti. Son g\u00fcnlerde ise internet eri\u015fiminin k\u0131smen ve s\u0131n\u0131rl\u0131 \u015fekilde yeniden sa\u011fland\u0131\u011f\u0131 bildiriliyor.<\/p>\n<p>\u0130ran\u2019da g\u00f6steriler s\u00f6n\u00fcmlenmi\u015f olsa da ABD\u2019nin Virginia eyaleti merkezli HRANA, daha fazla vakay\u0131 do\u011frulad\u0131\u011f\u0131n\u0131 belirerek \u00f6l\u00fc ve g\u00f6zalt\u0131 say\u0131lar\u0131n\u0131 g\u00fcncellemeye devam ediyor. \u0130ranl\u0131 yetkililer ise g\u00f6sterilerde \u00e7\u0131kan olaylarda \u00f6len ya da yaralananlar\u0131n toplam say\u0131s\u0131na ili\u015fkin \u015fu ana kadar a\u00e7\u0131klama yapmazken olaylar\u0131 provoke eden 3 bin ki\u015finin g\u00f6zalt\u0131na al\u0131nd\u0131\u011f\u0131n\u0131 duyurmu\u015ftu.<\/p>\n<p>\u0130ran dini lideri Ayetullah Ali Hamaney ise 17 Ocak&#8217;ta yapt\u0131\u011f\u0131 a\u00e7\u0131klamada, g\u00f6steriler s\u0131ras\u0131nda &#8220;\u0130srail ve ABD ile ba\u011flant\u0131l\u0131 ki\u015filerin b\u00fcy\u00fck hasara yol a\u00e7t\u0131\u011f\u0131n\u0131 ve birka\u00e7 bin insan\u0131 \u00f6ld\u00fcrd\u00fc\u011f\u00fcn\u00fc&#8221; s\u00f6ylemi\u015fti.<\/p>\n<\/p><\/div>\n","protected":false},"excerpt":{"rendered":"<p>\u0130ran D\u0131\u015fi\u015fleri Bakan\u0131 Abbas Erak\u00e7i, D\u00fcnya Ekonomik Forumu\u2019nun (WEF) Davos\u2019taki etkinli\u011fine y\u00f6nelik kendisine iletilen davetin iptal edildi\u011fini duyurdu. Erak\u00e7i, X hesab\u0131ndan yapt\u0131\u011f\u0131 a\u00e7\u0131klamada, &#8220;WEF, \u0130srail ve ABD merkezli vekilleri ile savunucular\u0131n\u0131n yalanlar\u0131 ve siyasi bask\u0131s\u0131 nedeniyle Davos&#8217;a kat\u0131l\u0131m\u0131m\u0131 iptal etti.&#8221; ifadelerini kulland\u0131. \u00d6te yandan ABD merkezli \u0130ran \u0130nsan Haklar\u0131 Aktivistleri Haber Ajans\u0131 (HRANA), \u0130ran&#8217;daki protestolarda<\/p>\n","protected":false},"author":1,"featured_media":104359,"comment_status":"open","ping_status":"open","sticky":false,"template":"","format":"standard","meta":{"footnotes":""},"categories":[81],"tags":[],"class_list":["post-104358","post","type-post","status-publish","format-standard","has-post-thumbnail","hentry","category-kibris"],"yoast_head":"<!-- This site is optimized with the Yoast SEO plugin v27.4 - https:\/\/yoast.com\/product\/yoast-seo-wordpress\/ -->\n<title>\u0130RAN DI\u015e\u0130\u015eLER\u0130 BAKANININ DAVOS DAVET\u0130 \u0130PTAL ED\u0130LD\u0130 -<\/title>\n<meta name=\"robots\" content=\"index, follow, max-snippet:-1, max-image-preview:large, max-video-preview:-1\" \/>\n<link rel=\"canonical\" href=\"https:\/\/kibrisdakik.com\/?p=104358\" \/>\n<meta property=\"og:locale\" content=\"tr_TR\" \/>\n<meta property=\"og:type\" content=\"article\" \/>\n<meta property=\"og:title\" content=\"\u0130RAN DI\u015e\u0130\u015eLER\u0130 BAKANININ DAVOS DAVET\u0130 \u0130PTAL ED\u0130LD\u0130 -\" \/>\n<meta property=\"og:description\" content=\"\u0130ran D\u0131\u015fi\u015fleri Bakan\u0131 Abbas Erak\u00e7i, D\u00fcnya Ekonomik Forumu\u2019nun (WEF) Davos\u2019taki etkinli\u011fine y\u00f6nelik kendisine iletilen davetin iptal edildi\u011fini duyurdu. Erak\u00e7i, X hesab\u0131ndan yapt\u0131\u011f\u0131 a\u00e7\u0131klamada, &#8220;WEF, \u0130srail ve ABD merkezli vekilleri ile savunucular\u0131n\u0131n yalanlar\u0131 ve siyasi bask\u0131s\u0131 nedeniyle Davos&#8217;a kat\u0131l\u0131m\u0131m\u0131 iptal etti.&#8221; ifadelerini kulland\u0131. \u00d6te yandan ABD merkezli \u0130ran \u0130nsan Haklar\u0131 Aktivistleri Haber Ajans\u0131 (HRANA), \u0130ran&#8217;daki protestolarda\" \/>\n<meta property=\"og:url\" content=\"https:\/\/kibrisdakik.com\/?p=104358\" \/>\n<meta property=\"article:published_time\" content=\"2026-01-20T08:45:59+00:00\" \/>\n<meta property=\"og:image\" content=\"https:\/\/kibrisdakik.com\/wp-content\/uploads\/2026\/01\/mha-sari-beyaz-2484.png\" \/>\n\t<meta property=\"og:image:width\" content=\"1280\" \/>\n\t<meta property=\"og:image:height\" content=\"720\" \/>\n\t<meta property=\"og:image:type\" content=\"image\/png\" \/>\n<meta name=\"author\" content=\"admin\" \/>\n<meta name=\"twitter:card\" content=\"summary_large_image\" \/>\n<meta name=\"twitter:label1\" content=\"Yazan:\" \/>\n\t<meta name=\"twitter:data1\" content=\"admin\" \/>\n\t<meta name=\"twitter:label2\" content=\"Tahmini okuma s\u00fcresi\" \/>\n\t<meta name=\"twitter:data2\" content=\"2 dakika\" \/>\n<script type=\"application\/ld+json\" class=\"yoast-schema-graph\">{\"@context\":\"https:\\\/\\\/schema.org\",\"@graph\":[{\"@type\":\"Article\",\"@id\":\"https:\\\/\\\/kibrisdakik.com\\\/?p=104358#article\",\"isPartOf\":{\"@id\":\"https:\\\/\\\/kibrisdakik.com\\\/?p=104358\"},\"author\":{\"name\":\"admin\",\"@id\":\"https:\\\/\\\/kibrisdakik.com\\\/#\\\/schema\\\/person\\\/9cd9d437bbb44f72b73ba127e06d8e79\"},\"headline\":\"\u0130RAN DI\u015e\u0130\u015eLER\u0130 BAKANININ DAVOS DAVET\u0130 \u0130PTAL ED\u0130LD\u0130\",\"datePublished\":\"2026-01-20T08:45:59+00:00\",\"mainEntityOfPage\":{\"@id\":\"https:\\\/\\\/kibrisdakik.com\\\/?p=104358\"},\"wordCount\":311,\"commentCount\":0,\"image\":{\"@id\":\"https:\\\/\\\/kibrisdakik.com\\\/?p=104358#primaryimage\"},\"thumbnailUrl\":\"https:\\\/\\\/kibrisdakik.com\\\/wp-content\\\/uploads\\\/2026\\\/01\\\/mha-sari-beyaz-2484.png\",\"articleSection\":[\"K\u0131br\u0131s\"],\"inLanguage\":\"tr\",\"potentialAction\":[{\"@type\":\"CommentAction\",\"name\":\"Comment\",\"target\":[\"https:\\\/\\\/kibrisdakik.com\\\/?p=104358#respond\"]}]},{\"@type\":\"WebPage\",\"@id\":\"https:\\\/\\\/kibrisdakik.com\\\/?p=104358\",\"url\":\"https:\\\/\\\/kibrisdakik.com\\\/?p=104358\",\"name\":\"\u0130RAN DI\u015e\u0130\u015eLER\u0130 BAKANININ DAVOS DAVET\u0130 \u0130PTAL ED\u0130LD\u0130 -\",\"isPartOf\":{\"@id\":\"https:\\\/\\\/kibrisdakik.com\\\/#website\"},\"primaryImageOfPage\":{\"@id\":\"https:\\\/\\\/kibrisdakik.com\\\/?p=104358#primaryimage\"},\"image\":{\"@id\":\"https:\\\/\\\/kibrisdakik.com\\\/?p=104358#primaryimage\"},\"thumbnailUrl\":\"https:\\\/\\\/kibrisdakik.com\\\/wp-content\\\/uploads\\\/2026\\\/01\\\/mha-sari-beyaz-2484.png\",\"datePublished\":\"2026-01-20T08:45:59+00:00\",\"author\":{\"@id\":\"https:\\\/\\\/kibrisdakik.com\\\/#\\\/schema\\\/person\\\/9cd9d437bbb44f72b73ba127e06d8e79\"},\"breadcrumb\":{\"@id\":\"https:\\\/\\\/kibrisdakik.com\\\/?p=104358#breadcrumb\"},\"inLanguage\":\"tr\",\"potentialAction\":[{\"@type\":\"ReadAction\",\"target\":[\"https:\\\/\\\/kibrisdakik.com\\\/?p=104358\"]}]},{\"@type\":\"ImageObject\",\"inLanguage\":\"tr\",\"@id\":\"https:\\\/\\\/kibrisdakik.com\\\/?p=104358#primaryimage\",\"url\":\"https:\\\/\\\/kibrisdakik.com\\\/wp-content\\\/uploads\\\/2026\\\/01\\\/mha-sari-beyaz-2484.png\",\"contentUrl\":\"https:\\\/\\\/kibrisdakik.com\\\/wp-content\\\/uploads\\\/2026\\\/01\\\/mha-sari-beyaz-2484.png\",\"width\":1280,\"height\":720},{\"@type\":\"BreadcrumbList\",\"@id\":\"https:\\\/\\\/kibrisdakik.com\\\/?p=104358#breadcrumb\",\"itemListElement\":[{\"@type\":\"ListItem\",\"position\":1,\"name\":\"Home\",\"item\":\"https:\\\/\\\/kibrisdakik.com\\\/\"},{\"@type\":\"ListItem\",\"position\":2,\"name\":\"\u0130RAN DI\u015e\u0130\u015eLER\u0130 BAKANININ DAVOS DAVET\u0130 \u0130PTAL ED\u0130LD\u0130\"}]},{\"@type\":\"WebSite\",\"@id\":\"https:\\\/\\\/kibrisdakik.com\\\/#website\",\"url\":\"https:\\\/\\\/kibrisdakik.com\\\/\",\"name\":\"\",\"description\":\"Tam vaktinde haber\",\"potentialAction\":[{\"@type\":\"SearchAction\",\"target\":{\"@type\":\"EntryPoint\",\"urlTemplate\":\"https:\\\/\\\/kibrisdakik.com\\\/?s={search_term_string}\"},\"query-input\":{\"@type\":\"PropertyValueSpecification\",\"valueRequired\":true,\"valueName\":\"search_term_string\"}}],\"inLanguage\":\"tr\"},{\"@type\":\"Person\",\"@id\":\"https:\\\/\\\/kibrisdakik.com\\\/#\\\/schema\\\/person\\\/9cd9d437bbb44f72b73ba127e06d8e79\",\"name\":\"admin\",\"image\":{\"@type\":\"ImageObject\",\"inLanguage\":\"tr\",\"@id\":\"https:\\\/\\\/secure.gravatar.com\\\/avatar\\\/ccc17943b9d660506c869530f897617f7cb1c21a4bf30023f252596d83e1f007?s=96&d=mm&r=g\",\"url\":\"https:\\\/\\\/secure.gravatar.com\\\/avatar\\\/ccc17943b9d660506c869530f897617f7cb1c21a4bf30023f252596d83e1f007?s=96&d=mm&r=g\",\"contentUrl\":\"https:\\\/\\\/secure.gravatar.com\\\/avatar\\\/ccc17943b9d660506c869530f897617f7cb1c21a4bf30023f252596d83e1f007?s=96&d=mm&r=g\",\"caption\":\"admin\"},\"sameAs\":[\"https:\\\/\\\/kibrisdakik.com\"],\"url\":\"https:\\\/\\\/kibrisdakik.com\\\/?author=1\"}]}<\/script>\n<!-- \/ Yoast SEO plugin. -->","yoast_head_json":{"title":"\u0130RAN DI\u015e\u0130\u015eLER\u0130 BAKANININ DAVOS DAVET\u0130 \u0130PTAL ED\u0130LD\u0130 -","robots":{"index":"index","follow":"follow","max-snippet":"max-snippet:-1","max-image-preview":"max-image-preview:large","max-video-preview":"max-video-preview:-1"},"canonical":"https:\/\/kibrisdakik.com\/?p=104358","og_locale":"tr_TR","og_type":"article","og_title":"\u0130RAN DI\u015e\u0130\u015eLER\u0130 BAKANININ DAVOS DAVET\u0130 \u0130PTAL ED\u0130LD\u0130 -","og_description":"\u0130ran D\u0131\u015fi\u015fleri Bakan\u0131 Abbas Erak\u00e7i, D\u00fcnya Ekonomik Forumu\u2019nun (WEF) Davos\u2019taki etkinli\u011fine y\u00f6nelik kendisine iletilen davetin iptal edildi\u011fini duyurdu. Erak\u00e7i, X hesab\u0131ndan yapt\u0131\u011f\u0131 a\u00e7\u0131klamada, &#8220;WEF, \u0130srail ve ABD merkezli vekilleri ile savunucular\u0131n\u0131n yalanlar\u0131 ve siyasi bask\u0131s\u0131 nedeniyle Davos&#8217;a kat\u0131l\u0131m\u0131m\u0131 iptal etti.&#8221; ifadelerini kulland\u0131. \u00d6te yandan ABD merkezli \u0130ran \u0130nsan Haklar\u0131 Aktivistleri Haber Ajans\u0131 (HRANA), \u0130ran&#8217;daki protestolarda","og_url":"https:\/\/kibrisdakik.com\/?p=104358","article_published_time":"2026-01-20T08:45:59+00:00","og_image":[{"width":1280,"height":720,"url":"https:\/\/kibrisdakik.com\/wp-content\/uploads\/2026\/01\/mha-sari-beyaz-2484.png","type":"image\/png"}],"author":"admin","twitter_card":"summary_large_image","twitter_misc":{"Yazan:":"admin","Tahmini okuma s\u00fcresi":"2 dakika"},"schema":{"@context":"https:\/\/schema.org","@graph":[{"@type":"Article","@id":"https:\/\/kibrisdakik.com\/?p=104358#article","isPartOf":{"@id":"https:\/\/kibrisdakik.com\/?p=104358"},"author":{"name":"admin","@id":"https:\/\/kibrisdakik.com\/#\/schema\/person\/9cd9d437bbb44f72b73ba127e06d8e79"},"headline":"\u0130RAN DI\u015e\u0130\u015eLER\u0130 BAKANININ DAVOS DAVET\u0130 \u0130PTAL ED\u0130LD\u0130","datePublished":"2026-01-20T08:45:59+00:00","mainEntityOfPage":{"@id":"https:\/\/kibrisdakik.com\/?p=104358"},"wordCount":311,"commentCount":0,"image":{"@id":"https:\/\/kibrisdakik.com\/?p=104358#primaryimage"},"thumbnailUrl":"https:\/\/kibrisdakik.com\/wp-content\/uploads\/2026\/01\/mha-sari-beyaz-2484.png","articleSection":["K\u0131br\u0131s"],"inLanguage":"tr","potentialAction":[{"@type":"CommentAction","name":"Comment","target":["https:\/\/kibrisdakik.com\/?p=104358#respond"]}]},{"@type":"WebPage","@id":"https:\/\/kibrisdakik.com\/?p=104358","url":"https:\/\/kibrisdakik.com\/?p=104358","name":"\u0130RAN DI\u015e\u0130\u015eLER\u0130 BAKANININ DAVOS DAVET\u0130 \u0130PTAL ED\u0130LD\u0130 -","isPartOf":{"@id":"https:\/\/kibrisdakik.com\/#website"},"primaryImageOfPage":{"@id":"https:\/\/kibrisdakik.com\/?p=104358#primaryimage"},"image":{"@id":"https:\/\/kibrisdakik.com\/?p=104358#primaryimage"},"thumbnailUrl":"https:\/\/kibrisdakik.com\/wp-content\/uploads\/2026\/01\/mha-sari-beyaz-2484.png","datePublished":"2026-01-20T08:45:59+00:00","author":{"@id":"https:\/\/kibrisdakik.com\/#\/schema\/person\/9cd9d437bbb44f72b73ba127e06d8e79"},"breadcrumb":{"@id":"https:\/\/kibrisdakik.com\/?p=104358#breadcrumb"},"inLanguage":"tr","potentialAction":[{"@type":"ReadAction","target":["https:\/\/kibrisdakik.com\/?p=104358"]}]},{"@type":"ImageObject","inLanguage":"tr","@id":"https:\/\/kibrisdakik.com\/?p=104358#primaryimage","url":"https:\/\/kibrisdakik.com\/wp-content\/uploads\/2026\/01\/mha-sari-beyaz-2484.png","contentUrl":"https:\/\/kibrisdakik.com\/wp-content\/uploads\/2026\/01\/mha-sari-beyaz-2484.png","width":1280,"height":720},{"@type":"BreadcrumbList","@id":"https:\/\/kibrisdakik.com\/?p=104358#breadcrumb","itemListElement":[{"@type":"ListItem","position":1,"name":"Home","item":"https:\/\/kibrisdakik.com\/"},{"@type":"ListItem","position":2,"name":"\u0130RAN DI\u015e\u0130\u015eLER\u0130 BAKANININ DAVOS DAVET\u0130 \u0130PTAL ED\u0130LD\u0130"}]},{"@type":"WebSite","@id":"https:\/\/kibrisdakik.com\/#website","url":"https:\/\/kibrisdakik.com\/","name":"","description":"Tam vaktinde haber","potentialAction":[{"@type":"SearchAction","target":{"@type":"EntryPoint","urlTemplate":"https:\/\/kibrisdakik.com\/?s={search_term_string}"},"query-input":{"@type":"PropertyValueSpecification","valueRequired":true,"valueName":"search_term_string"}}],"inLanguage":"tr"},{"@type":"Person","@id":"https:\/\/kibrisdakik.com\/#\/schema\/person\/9cd9d437bbb44f72b73ba127e06d8e79","name":"admin","image":{"@type":"ImageObject","inLanguage":"tr","@id":"https:\/\/secure.gravatar.com\/avatar\/ccc17943b9d660506c869530f897617f7cb1c21a4bf30023f252596d83e1f007?s=96&d=mm&r=g","url":"https:\/\/secure.gravatar.com\/avatar\/ccc17943b9d660506c869530f897617f7cb1c21a4bf30023f252596d83e1f007?s=96&d=mm&r=g","contentUrl":"https:\/\/secure.gravatar.com\/avatar\/ccc17943b9d660506c869530f897617f7cb1c21a4bf30023f252596d83e1f007?s=96&d=mm&r=g","caption":"admin"},"sameAs":["https:\/\/kibrisdakik.com"],"url":"https:\/\/kibrisdakik.com\/?author=1"}]}},"_links":{"self":[{"href":"https:\/\/kibrisdakik.com\/index.php?rest_route=\/wp\/v2\/posts\/104358","targetHints":{"allow":["GET"]}}],"collection":[{"href":"https:\/\/kibrisdakik.com\/index.php?rest_route=\/wp\/v2\/posts"}],"about":[{"href":"https:\/\/kibrisdakik.com\/index.php?rest_route=\/wp\/v2\/types\/post"}],"author":[{"embeddable":true,"href":"https:\/\/kibrisdakik.com\/index.php?rest_route=\/wp\/v2\/users\/1"}],"replies":[{"embeddable":true,"href":"https:\/\/kibrisdakik.com\/index.php?rest_route=%2Fwp%2Fv2%2Fcomments&post=104358"}],"version-history":[{"count":0,"href":"https:\/\/kibrisdakik.com\/index.php?rest_route=\/wp\/v2\/posts\/104358\/revisions"}],"wp:featuredmedia":[{"embeddable":true,"href":"https:\/\/kibrisdakik.com\/index.php?rest_route=\/wp\/v2\/media\/104359"}],"wp:attachment":[{"href":"https:\/\/kibrisdakik.com\/index.php?rest_route=%2Fwp%2Fv2%2Fmedia&parent=104358"}],"wp:term":[{"taxonomy":"category","embeddable":true,"href":"https:\/\/kibrisdakik.com\/index.php?rest_route=%2Fwp%2Fv2%2Fcategories&post=104358"},{"taxonomy":"post_tag","embeddable":true,"href":"https:\/\/kibrisdakik.com\/index.php?rest_route=%2Fwp%2Fv2%2Ftags&post=104358"}],"curies":[{"name":"wp","href":"https:\/\/api.w.org\/{rel}","templated":true}]}}