{"id":104441,"date":"2026-01-21T10:09:59","date_gmt":"2026-01-21T08:09:59","guid":{"rendered":"https:\/\/kibrisdakik.com\/index.php\/2026\/01\/21\/ustel-turkiye-1974te-kibris-turk-halkini-yok-olmaktan-kurtardi\/"},"modified":"2026-01-21T10:09:59","modified_gmt":"2026-01-21T08:09:59","slug":"ustel-turkiye-1974te-kibris-turk-halkini-yok-olmaktan-kurtardi","status":"publish","type":"post","link":"https:\/\/kibrisdakik.com\/?p=104441","title":{"rendered":"\u00dcSTEL: T\u00dcRK\u0130YE 1974&#039;TE KIBRIS T\u00dcRK HALKINI YOK OLMAKTAN KURTARDI"},"content":{"rendered":"<p><\/p>\n<div data-text-id=\"194310\" property=\"articleBody\">\n<p>\u201cK\u0131br\u0131s T\u00fcrk halk\u0131n\u0131n iradesi, devleti ve kurumlar\u0131 vard\u0131r ve bu ger\u00e7ek yok say\u0131lamaz\u201d<\/p>\n<p>Lefko\u015fa, 21 Ocak 26 (TAK): Ba\u015fbakan \u00dcnal \u00dcstel, garant\u00f6r \u00fclke T\u00fcrkiye\u2019nin 1974\u2019te K\u0131br\u0131s T\u00fcrk halk\u0131n\u0131 yok olmaktan kurtard\u0131\u011f\u0131n\u0131, bu tarihsel ger\u00e7e\u011fin hi\u00e7bir konu\u015fmayla de\u011fi\u015ftirilemeyece\u011fini vurgulad\u0131.<\/p>\n<p>K\u0131br\u0131s meselesine dair tek yanl\u0131, ger\u00e7ekleri \u00e7arp\u0131tan ve K\u0131br\u0131s T\u00fcrk halk\u0131n\u0131 yok sayan yakla\u015f\u0131m\u0131n G\u00fcney K\u0131br\u0131s Rum Y\u00f6netimi lideri Nikos Hristodulidis\u2019in Avrupa Parlamentosu\u2019ndaki konu\u015fmas\u0131yla bir kez daha tezah\u00fcr etti\u011fini ifade eden \u00dcstel, \u201cK\u0131br\u0131s T\u00fcrk halk\u0131n\u0131n iradesi, devleti ve kurumlar\u0131 vard\u0131r ve bu ger\u00e7ek yok say\u0131lamaz\u201d a\u00e7\u0131klamas\u0131nda bulundu.<\/p>\n<p>Ba\u015fbakan \u00dcstel, \u201cBug\u00fcn \u2018i\u015fgal\u2019 s\u00f6ylemi \u00fczerinden yap\u0131lan a\u00e7\u0131klamalar, 1963\u2019ten itibaren K\u0131br\u0131s T\u00fcrk halk\u0131n\u0131n maruz kald\u0131\u011f\u0131 sald\u0131r\u0131lar\u0131, katliamlar\u0131, zorunlu g\u00f6\u00e7leri ve insanl\u0131k d\u0131\u015f\u0131 izolasyonlar\u0131 bilin\u00e7li \u015fekilde g\u00f6rmezden gelmektedir\u201d dedi.<\/p>\n<p>Ba\u015fbakan \u00dcnal \u00dcstel, konuyla ilgili yaz\u0131l\u0131 a\u00e7\u0131klamas\u0131nda, K\u0131br\u0131s\u2019ta ya\u015fanan sorunlar\u0131n temelinde, Rum taraf\u0131n\u0131n y\u0131llard\u0131r s\u00fcrd\u00fcrd\u00fc\u011f\u00fc egemenli\u011fi tek ba\u015f\u0131na sahiplenme, K\u0131br\u0131s T\u00fcrk halk\u0131n\u0131 az\u0131nl\u0131k olarak g\u00f6rme ve siyasi e\u015fitli\u011fi reddetme anlay\u0131\u015f\u0131 yatt\u0131\u011f\u0131n\u0131 ifade etti.<\/p>\n<p>K\u0131br\u0131s T\u00fcrk halk\u0131n\u0131n kendi \u00f6z vatan\u0131nda g\u00fcvenli\u011fini sa\u011flayabilmek ve varl\u0131\u011f\u0131n\u0131 s\u00fcrd\u00fcrebilmek ad\u0131na a\u011f\u0131r bedeller \u00f6dedi\u011fini de vurgulayan Ba\u015fbakan \u00dcstel, \u015f\u00f6yle devam etti:<\/p>\n<p>\u201cGarant\u00f6r T\u00fcrkiye\u2019nin 1974\u2019te att\u0131\u011f\u0131 ad\u0131m, bir i\u015fgal de\u011fil; K\u0131br\u0131s T\u00fcrk halk\u0131n\u0131 yok olmaktan kurtaran me\u015fru bir bar\u0131\u015f harek\u00e2t\u0131d\u0131r. Bu tarihsel ger\u00e7ek, hi\u00e7bir siyasi k\u00fcrs\u00fcde yap\u0131lan konu\u015fmayla de\u011fi\u015ftirilemez.\u201d<\/p>\n<p>Avrupa Birli\u011fi\u2019nin, Rum taraf\u0131n\u0131 K\u0131br\u0131s T\u00fcrk halk\u0131n\u0131n iradesini hi\u00e7e sayarak \u00fcye yapmas\u0131, adadaki dengeyi bozdu\u011fu ve \u00e7\u00f6z\u00fcm motivasyonunu ortadan kald\u0131rd\u0131\u011f\u0131n\u0131, bunun tart\u0131\u015fmas\u0131z bir ger\u00e7ek oldu\u011funu ifade eden Ba\u015fbakan \u00dcstel, Avrupa Birli\u011fi\u2019nin tarafs\u0131z bir \u00e7\u00f6z\u00fcm akt\u00f6r\u00fc oldu\u011fu iddias\u0131n\u0131n sahadaki uygulamalarla \u00f6rt\u00fc\u015fmedi\u011fini s\u00f6yledi.<\/p>\n<p>\u201cK\u0131br\u0131s\u2019ta \u00e7\u00f6z\u00fcm, Rum taraf\u0131n\u0131n tek egemenlik ve tek temsil iddias\u0131ndan vazge\u00e7mesiyle m\u00fcmk\u00fcnd\u00fcr\u201d diyen \u00dcstel, K\u0131br\u0131s\u2019ta kal\u0131c\u0131, adil ve s\u00fcrd\u00fcr\u00fclebilir bir \u00e7\u00f6z\u00fcm\u00fcn ancak iki egemen e\u015fit devletin ve iki halk\u0131n e\u015fit uluslararas\u0131 stat\u00fcs\u00fcn\u00fcn kabul\u00fcyle m\u00fcmk\u00fcn oldu\u011funu vurgulad\u0131.<\/p>\n<p>\u00dcstel, \u201cK\u0131br\u0131s T\u00fcrk halk\u0131n\u0131n iradesi, devleti ve kurumlar\u0131 vard\u0131r ve bu ger\u00e7ek yok say\u0131lamaz\u201d dedi.<\/p>\n<p>KKTC olarak \u00e7a\u011fr\u0131lar\u0131n\u0131n net oldu\u011funu vurgulayan \u00dcstel, \u015f\u00f6yle devam etti:<\/p>\n<p>\u201cGer\u00e7eklerle y\u00fczle\u015fmeden, ge\u00e7mi\u015fin tek tarafl\u0131 anlat\u0131lar\u0131yla ve K\u0131br\u0131s T\u00fcrk halk\u0131n\u0131n haklar\u0131 g\u00f6rmezden gelinerek herhangi bir ilerleme sa\u011flanmas\u0131 m\u00fcmk\u00fcn de\u011fildir. K\u0131br\u0131s\u2019ta bar\u0131\u015f, ancak e\u015fitlik, kar\u015f\u0131l\u0131kl\u0131 sayg\u0131 ve egemenli\u011fin tan\u0131nmas\u0131yla tesis edilebilir. K\u0131br\u0131s T\u00fcrk halk\u0131, d\u00fcn oldu\u011fu gibi bug\u00fcn de kendi gelece\u011fini kararl\u0131l\u0131kla tayin etmeye devam edecektir.\u201d<\/p>\n<\/p><\/div>\n","protected":false},"excerpt":{"rendered":"<p>\u201cK\u0131br\u0131s T\u00fcrk halk\u0131n\u0131n iradesi, devleti ve kurumlar\u0131 vard\u0131r ve bu ger\u00e7ek yok say\u0131lamaz\u201d Lefko\u015fa, 21 Ocak 26 (TAK): Ba\u015fbakan \u00dcnal \u00dcstel, garant\u00f6r \u00fclke T\u00fcrkiye\u2019nin 1974\u2019te K\u0131br\u0131s T\u00fcrk halk\u0131n\u0131 yok olmaktan kurtard\u0131\u011f\u0131n\u0131, bu tarihsel ger\u00e7e\u011fin hi\u00e7bir konu\u015fmayla de\u011fi\u015ftirilemeyece\u011fini vurgulad\u0131. K\u0131br\u0131s meselesine dair tek yanl\u0131, ger\u00e7ekleri \u00e7arp\u0131tan ve K\u0131br\u0131s T\u00fcrk halk\u0131n\u0131 yok sayan yakla\u015f\u0131m\u0131n G\u00fcney K\u0131br\u0131s Rum<\/p>\n","protected":false},"author":1,"featured_media":104442,"comment_status":"open","ping_status":"open","sticky":false,"template":"","format":"standard","meta":{"footnotes":""},"categories":[81],"tags":[],"class_list":["post-104441","post","type-post","status-publish","format-standard","has-post-thumbnail","hentry","category-kibris"],"yoast_head":"<!-- This site is optimized with the Yoast SEO plugin v27.4 - https:\/\/yoast.com\/product\/yoast-seo-wordpress\/ -->\n<title>\u00dcSTEL: T\u00dcRK\u0130YE 1974&#039;TE KIBRIS T\u00dcRK HALKINI YOK OLMAKTAN KURTARDI -<\/title>\n<meta name=\"robots\" content=\"index, follow, max-snippet:-1, max-image-preview:large, max-video-preview:-1\" \/>\n<link rel=\"canonical\" href=\"https:\/\/kibrisdakik.com\/?p=104441\" \/>\n<meta property=\"og:locale\" content=\"tr_TR\" \/>\n<meta property=\"og:type\" content=\"article\" \/>\n<meta property=\"og:title\" content=\"\u00dcSTEL: T\u00dcRK\u0130YE 1974&#039;TE KIBRIS T\u00dcRK HALKINI YOK OLMAKTAN KURTARDI -\" \/>\n<meta property=\"og:description\" content=\"\u201cK\u0131br\u0131s T\u00fcrk halk\u0131n\u0131n iradesi, devleti ve kurumlar\u0131 vard\u0131r ve bu ger\u00e7ek yok say\u0131lamaz\u201d Lefko\u015fa, 21 Ocak 26 (TAK): Ba\u015fbakan \u00dcnal \u00dcstel, garant\u00f6r \u00fclke T\u00fcrkiye\u2019nin 1974\u2019te K\u0131br\u0131s T\u00fcrk halk\u0131n\u0131 yok olmaktan kurtard\u0131\u011f\u0131n\u0131, bu tarihsel ger\u00e7e\u011fin hi\u00e7bir konu\u015fmayla de\u011fi\u015ftirilemeyece\u011fini vurgulad\u0131. K\u0131br\u0131s meselesine dair tek yanl\u0131, ger\u00e7ekleri \u00e7arp\u0131tan ve K\u0131br\u0131s T\u00fcrk halk\u0131n\u0131 yok sayan yakla\u015f\u0131m\u0131n G\u00fcney K\u0131br\u0131s Rum\" \/>\n<meta property=\"og:url\" content=\"https:\/\/kibrisdakik.com\/?p=104441\" \/>\n<meta property=\"article:published_time\" content=\"2026-01-21T08:09:59+00:00\" \/>\n<meta property=\"og:image\" content=\"https:\/\/kibrisdakik.com\/wp-content\/uploads\/2026\/01\/69.png\" \/>\n\t<meta property=\"og:image:width\" content=\"1280\" \/>\n\t<meta property=\"og:image:height\" content=\"720\" \/>\n\t<meta property=\"og:image:type\" content=\"image\/png\" \/>\n<meta name=\"author\" content=\"admin\" \/>\n<meta name=\"twitter:card\" content=\"summary_large_image\" \/>\n<meta name=\"twitter:label1\" content=\"Yazan:\" \/>\n\t<meta name=\"twitter:data1\" content=\"admin\" \/>\n\t<meta name=\"twitter:label2\" content=\"Tahmini okuma s\u00fcresi\" \/>\n\t<meta name=\"twitter:data2\" content=\"3 dakika\" \/>\n<script type=\"application\/ld+json\" class=\"yoast-schema-graph\">{\"@context\":\"https:\\\/\\\/schema.org\",\"@graph\":[{\"@type\":\"Article\",\"@id\":\"https:\\\/\\\/kibrisdakik.com\\\/?p=104441#article\",\"isPartOf\":{\"@id\":\"https:\\\/\\\/kibrisdakik.com\\\/?p=104441\"},\"author\":{\"name\":\"admin\",\"@id\":\"https:\\\/\\\/kibrisdakik.com\\\/#\\\/schema\\\/person\\\/9cd9d437bbb44f72b73ba127e06d8e79\"},\"headline\":\"\u00dcSTEL: T\u00dcRK\u0130YE 1974&#039;TE KIBRIS T\u00dcRK HALKINI YOK OLMAKTAN KURTARDI\",\"datePublished\":\"2026-01-21T08:09:59+00:00\",\"mainEntityOfPage\":{\"@id\":\"https:\\\/\\\/kibrisdakik.com\\\/?p=104441\"},\"wordCount\":596,\"commentCount\":0,\"image\":{\"@id\":\"https:\\\/\\\/kibrisdakik.com\\\/?p=104441#primaryimage\"},\"thumbnailUrl\":\"https:\\\/\\\/kibrisdakik.com\\\/wp-content\\\/uploads\\\/2026\\\/01\\\/69.png\",\"articleSection\":[\"K\u0131br\u0131s\"],\"inLanguage\":\"tr\",\"potentialAction\":[{\"@type\":\"CommentAction\",\"name\":\"Comment\",\"target\":[\"https:\\\/\\\/kibrisdakik.com\\\/?p=104441#respond\"]}]},{\"@type\":\"WebPage\",\"@id\":\"https:\\\/\\\/kibrisdakik.com\\\/?p=104441\",\"url\":\"https:\\\/\\\/kibrisdakik.com\\\/?p=104441\",\"name\":\"\u00dcSTEL: T\u00dcRK\u0130YE 1974&#039;TE KIBRIS T\u00dcRK HALKINI YOK OLMAKTAN KURTARDI -\",\"isPartOf\":{\"@id\":\"https:\\\/\\\/kibrisdakik.com\\\/#website\"},\"primaryImageOfPage\":{\"@id\":\"https:\\\/\\\/kibrisdakik.com\\\/?p=104441#primaryimage\"},\"image\":{\"@id\":\"https:\\\/\\\/kibrisdakik.com\\\/?p=104441#primaryimage\"},\"thumbnailUrl\":\"https:\\\/\\\/kibrisdakik.com\\\/wp-content\\\/uploads\\\/2026\\\/01\\\/69.png\",\"datePublished\":\"2026-01-21T08:09:59+00:00\",\"author\":{\"@id\":\"https:\\\/\\\/kibrisdakik.com\\\/#\\\/schema\\\/person\\\/9cd9d437bbb44f72b73ba127e06d8e79\"},\"breadcrumb\":{\"@id\":\"https:\\\/\\\/kibrisdakik.com\\\/?p=104441#breadcrumb\"},\"inLanguage\":\"tr\",\"potentialAction\":[{\"@type\":\"ReadAction\",\"target\":[\"https:\\\/\\\/kibrisdakik.com\\\/?p=104441\"]}]},{\"@type\":\"ImageObject\",\"inLanguage\":\"tr\",\"@id\":\"https:\\\/\\\/kibrisdakik.com\\\/?p=104441#primaryimage\",\"url\":\"https:\\\/\\\/kibrisdakik.com\\\/wp-content\\\/uploads\\\/2026\\\/01\\\/69.png\",\"contentUrl\":\"https:\\\/\\\/kibrisdakik.com\\\/wp-content\\\/uploads\\\/2026\\\/01\\\/69.png\",\"width\":1280,\"height\":720},{\"@type\":\"BreadcrumbList\",\"@id\":\"https:\\\/\\\/kibrisdakik.com\\\/?p=104441#breadcrumb\",\"itemListElement\":[{\"@type\":\"ListItem\",\"position\":1,\"name\":\"Home\",\"item\":\"https:\\\/\\\/kibrisdakik.com\\\/\"},{\"@type\":\"ListItem\",\"position\":2,\"name\":\"\u00dcSTEL: T\u00dcRK\u0130YE 1974&#039;TE KIBRIS T\u00dcRK HALKINI YOK OLMAKTAN KURTARDI\"}]},{\"@type\":\"WebSite\",\"@id\":\"https:\\\/\\\/kibrisdakik.com\\\/#website\",\"url\":\"https:\\\/\\\/kibrisdakik.com\\\/\",\"name\":\"\",\"description\":\"Tam vaktinde haber\",\"potentialAction\":[{\"@type\":\"SearchAction\",\"target\":{\"@type\":\"EntryPoint\",\"urlTemplate\":\"https:\\\/\\\/kibrisdakik.com\\\/?s={search_term_string}\"},\"query-input\":{\"@type\":\"PropertyValueSpecification\",\"valueRequired\":true,\"valueName\":\"search_term_string\"}}],\"inLanguage\":\"tr\"},{\"@type\":\"Person\",\"@id\":\"https:\\\/\\\/kibrisdakik.com\\\/#\\\/schema\\\/person\\\/9cd9d437bbb44f72b73ba127e06d8e79\",\"name\":\"admin\",\"image\":{\"@type\":\"ImageObject\",\"inLanguage\":\"tr\",\"@id\":\"https:\\\/\\\/secure.gravatar.com\\\/avatar\\\/ccc17943b9d660506c869530f897617f7cb1c21a4bf30023f252596d83e1f007?s=96&d=mm&r=g\",\"url\":\"https:\\\/\\\/secure.gravatar.com\\\/avatar\\\/ccc17943b9d660506c869530f897617f7cb1c21a4bf30023f252596d83e1f007?s=96&d=mm&r=g\",\"contentUrl\":\"https:\\\/\\\/secure.gravatar.com\\\/avatar\\\/ccc17943b9d660506c869530f897617f7cb1c21a4bf30023f252596d83e1f007?s=96&d=mm&r=g\",\"caption\":\"admin\"},\"sameAs\":[\"https:\\\/\\\/kibrisdakik.com\"],\"url\":\"https:\\\/\\\/kibrisdakik.com\\\/?author=1\"}]}<\/script>\n<!-- \/ Yoast SEO plugin. -->","yoast_head_json":{"title":"\u00dcSTEL: T\u00dcRK\u0130YE 1974&#039;TE KIBRIS T\u00dcRK HALKINI YOK OLMAKTAN KURTARDI -","robots":{"index":"index","follow":"follow","max-snippet":"max-snippet:-1","max-image-preview":"max-image-preview:large","max-video-preview":"max-video-preview:-1"},"canonical":"https:\/\/kibrisdakik.com\/?p=104441","og_locale":"tr_TR","og_type":"article","og_title":"\u00dcSTEL: T\u00dcRK\u0130YE 1974&#039;TE KIBRIS T\u00dcRK HALKINI YOK OLMAKTAN KURTARDI -","og_description":"\u201cK\u0131br\u0131s T\u00fcrk halk\u0131n\u0131n iradesi, devleti ve kurumlar\u0131 vard\u0131r ve bu ger\u00e7ek yok say\u0131lamaz\u201d Lefko\u015fa, 21 Ocak 26 (TAK): Ba\u015fbakan \u00dcnal \u00dcstel, garant\u00f6r \u00fclke T\u00fcrkiye\u2019nin 1974\u2019te K\u0131br\u0131s T\u00fcrk halk\u0131n\u0131 yok olmaktan kurtard\u0131\u011f\u0131n\u0131, bu tarihsel ger\u00e7e\u011fin hi\u00e7bir konu\u015fmayla de\u011fi\u015ftirilemeyece\u011fini vurgulad\u0131. K\u0131br\u0131s meselesine dair tek yanl\u0131, ger\u00e7ekleri \u00e7arp\u0131tan ve K\u0131br\u0131s T\u00fcrk halk\u0131n\u0131 yok sayan yakla\u015f\u0131m\u0131n G\u00fcney K\u0131br\u0131s Rum","og_url":"https:\/\/kibrisdakik.com\/?p=104441","article_published_time":"2026-01-21T08:09:59+00:00","og_image":[{"width":1280,"height":720,"url":"https:\/\/kibrisdakik.com\/wp-content\/uploads\/2026\/01\/69.png","type":"image\/png"}],"author":"admin","twitter_card":"summary_large_image","twitter_misc":{"Yazan:":"admin","Tahmini okuma s\u00fcresi":"3 dakika"},"schema":{"@context":"https:\/\/schema.org","@graph":[{"@type":"Article","@id":"https:\/\/kibrisdakik.com\/?p=104441#article","isPartOf":{"@id":"https:\/\/kibrisdakik.com\/?p=104441"},"author":{"name":"admin","@id":"https:\/\/kibrisdakik.com\/#\/schema\/person\/9cd9d437bbb44f72b73ba127e06d8e79"},"headline":"\u00dcSTEL: T\u00dcRK\u0130YE 1974&#039;TE KIBRIS T\u00dcRK HALKINI YOK OLMAKTAN KURTARDI","datePublished":"2026-01-21T08:09:59+00:00","mainEntityOfPage":{"@id":"https:\/\/kibrisdakik.com\/?p=104441"},"wordCount":596,"commentCount":0,"image":{"@id":"https:\/\/kibrisdakik.com\/?p=104441#primaryimage"},"thumbnailUrl":"https:\/\/kibrisdakik.com\/wp-content\/uploads\/2026\/01\/69.png","articleSection":["K\u0131br\u0131s"],"inLanguage":"tr","potentialAction":[{"@type":"CommentAction","name":"Comment","target":["https:\/\/kibrisdakik.com\/?p=104441#respond"]}]},{"@type":"WebPage","@id":"https:\/\/kibrisdakik.com\/?p=104441","url":"https:\/\/kibrisdakik.com\/?p=104441","name":"\u00dcSTEL: T\u00dcRK\u0130YE 1974&#039;TE KIBRIS T\u00dcRK HALKINI YOK OLMAKTAN KURTARDI -","isPartOf":{"@id":"https:\/\/kibrisdakik.com\/#website"},"primaryImageOfPage":{"@id":"https:\/\/kibrisdakik.com\/?p=104441#primaryimage"},"image":{"@id":"https:\/\/kibrisdakik.com\/?p=104441#primaryimage"},"thumbnailUrl":"https:\/\/kibrisdakik.com\/wp-content\/uploads\/2026\/01\/69.png","datePublished":"2026-01-21T08:09:59+00:00","author":{"@id":"https:\/\/kibrisdakik.com\/#\/schema\/person\/9cd9d437bbb44f72b73ba127e06d8e79"},"breadcrumb":{"@id":"https:\/\/kibrisdakik.com\/?p=104441#breadcrumb"},"inLanguage":"tr","potentialAction":[{"@type":"ReadAction","target":["https:\/\/kibrisdakik.com\/?p=104441"]}]},{"@type":"ImageObject","inLanguage":"tr","@id":"https:\/\/kibrisdakik.com\/?p=104441#primaryimage","url":"https:\/\/kibrisdakik.com\/wp-content\/uploads\/2026\/01\/69.png","contentUrl":"https:\/\/kibrisdakik.com\/wp-content\/uploads\/2026\/01\/69.png","width":1280,"height":720},{"@type":"BreadcrumbList","@id":"https:\/\/kibrisdakik.com\/?p=104441#breadcrumb","itemListElement":[{"@type":"ListItem","position":1,"name":"Home","item":"https:\/\/kibrisdakik.com\/"},{"@type":"ListItem","position":2,"name":"\u00dcSTEL: T\u00dcRK\u0130YE 1974&#039;TE KIBRIS T\u00dcRK HALKINI YOK OLMAKTAN KURTARDI"}]},{"@type":"WebSite","@id":"https:\/\/kibrisdakik.com\/#website","url":"https:\/\/kibrisdakik.com\/","name":"","description":"Tam vaktinde haber","potentialAction":[{"@type":"SearchAction","target":{"@type":"EntryPoint","urlTemplate":"https:\/\/kibrisdakik.com\/?s={search_term_string}"},"query-input":{"@type":"PropertyValueSpecification","valueRequired":true,"valueName":"search_term_string"}}],"inLanguage":"tr"},{"@type":"Person","@id":"https:\/\/kibrisdakik.com\/#\/schema\/person\/9cd9d437bbb44f72b73ba127e06d8e79","name":"admin","image":{"@type":"ImageObject","inLanguage":"tr","@id":"https:\/\/secure.gravatar.com\/avatar\/ccc17943b9d660506c869530f897617f7cb1c21a4bf30023f252596d83e1f007?s=96&d=mm&r=g","url":"https:\/\/secure.gravatar.com\/avatar\/ccc17943b9d660506c869530f897617f7cb1c21a4bf30023f252596d83e1f007?s=96&d=mm&r=g","contentUrl":"https:\/\/secure.gravatar.com\/avatar\/ccc17943b9d660506c869530f897617f7cb1c21a4bf30023f252596d83e1f007?s=96&d=mm&r=g","caption":"admin"},"sameAs":["https:\/\/kibrisdakik.com"],"url":"https:\/\/kibrisdakik.com\/?author=1"}]}},"_links":{"self":[{"href":"https:\/\/kibrisdakik.com\/index.php?rest_route=\/wp\/v2\/posts\/104441","targetHints":{"allow":["GET"]}}],"collection":[{"href":"https:\/\/kibrisdakik.com\/index.php?rest_route=\/wp\/v2\/posts"}],"about":[{"href":"https:\/\/kibrisdakik.com\/index.php?rest_route=\/wp\/v2\/types\/post"}],"author":[{"embeddable":true,"href":"https:\/\/kibrisdakik.com\/index.php?rest_route=\/wp\/v2\/users\/1"}],"replies":[{"embeddable":true,"href":"https:\/\/kibrisdakik.com\/index.php?rest_route=%2Fwp%2Fv2%2Fcomments&post=104441"}],"version-history":[{"count":0,"href":"https:\/\/kibrisdakik.com\/index.php?rest_route=\/wp\/v2\/posts\/104441\/revisions"}],"wp:featuredmedia":[{"embeddable":true,"href":"https:\/\/kibrisdakik.com\/index.php?rest_route=\/wp\/v2\/media\/104442"}],"wp:attachment":[{"href":"https:\/\/kibrisdakik.com\/index.php?rest_route=%2Fwp%2Fv2%2Fmedia&parent=104441"}],"wp:term":[{"taxonomy":"category","embeddable":true,"href":"https:\/\/kibrisdakik.com\/index.php?rest_route=%2Fwp%2Fv2%2Fcategories&post=104441"},{"taxonomy":"post_tag","embeddable":true,"href":"https:\/\/kibrisdakik.com\/index.php?rest_route=%2Fwp%2Fv2%2Ftags&post=104441"}],"curies":[{"name":"wp","href":"https:\/\/api.w.org\/{rel}","templated":true}]}}