{"id":104448,"date":"2026-01-21T11:16:03","date_gmt":"2026-01-21T09:16:03","guid":{"rendered":"https:\/\/kibrisdakik.com\/index.php\/2026\/01\/21\/icme-ve-kullanma-suyuna-yuzde-34-zam-yapildi\/"},"modified":"2026-01-21T11:16:03","modified_gmt":"2026-01-21T09:16:03","slug":"icme-ve-kullanma-suyuna-yuzde-34-zam-yapildi","status":"publish","type":"post","link":"https:\/\/kibrisdakik.com\/?p=104448","title":{"rendered":"\u0130\u00c7ME VE KULLANMA SUYUNA Y\u00dcZDE 34 ZAM YAPILDI"},"content":{"rendered":"<p><\/p>\n<div data-text-id=\"194318\" property=\"articleBody\">\n<article dir=\"auto\" tabindex=\"-1\">&#13;<\/p>\n<p>\u0130\u00e7me ve kullan\u0131m ama\u00e7l\u0131 \u015febeke sular\u0131na 7 ay aradan sonra yeniden zam yap\u0131ld\u0131. Bakanlar Kurulu\u2019nun ald\u0131\u011f\u0131 karar, 20 Ocak tarihli Resmi Gazete\u2019de yay\u0131mlanarak ayn\u0131 g\u00fcn y\u00fcr\u00fcrl\u00fc\u011fe girdi.<\/p>\n<p>&#13;<br \/>\n&#13;<\/p>\n<p>Karara g\u00f6re, T\u00fcrkiye\u2019den temin edilen i\u00e7me suyunun metrek\u00fcp fiyat\u0131 y\u00fczde 34,03 art\u0131\u015fla 18,28 TL\u2019den 24,50 TL\u2019ye y\u00fckseltildi. T\u00fcrkiye\u2019den su temin edilmesine ra\u011fmen yerel kaynaklar\u0131 kullanmaya devam eden belediyeler i\u00e7in de ayn\u0131 tarife uygulanacak.<\/p>\n<p>&#13;<br \/>\n&#13;<\/p>\n<p>Yerel su kaynaklar\u0131ndan sa\u011flanan suda da fiyat art\u0131\u015f\u0131na gidildi. Belediyelerin i\u015fletti\u011fi yerel kaynaklardan verilen suyun metrek\u00fcp fiyat\u0131 y\u00fczde 50 art\u0131\u015fla 7 TL\u2019den 10,50 TL\u2019ye \u00e7\u0131kar\u0131ld\u0131. Su \u0130\u015fleri Dairesi taraf\u0131ndan i\u015fletilen yerel kaynaklardan sa\u011flanan suyun metrek\u00fcp fiyat\u0131 ise y\u00fczde 35,29 art\u0131\u015fla 17 TL\u2019den 23 TL\u2019ye y\u00fckseldi.<\/p>\n<p>&#13;<br \/>\n&#13;<\/p>\n<p>Tar\u0131msal ama\u00e7l\u0131 kullan\u0131lan suyun metrek\u00fcp fiyat\u0131 da y\u00fczde 22,81 art\u0131\u015fla 8,55 TL\u2019den 10,50 TL\u2019ye \u00e7\u0131kar\u0131ld\u0131.<\/p>\n<p>                                &#13;<br \/>\n&#13;<\/p>\n<p>D\u00fczenleme, belediyelerin devlete \u00f6deyece\u011fi \u00fccretleri kapsarken, belediyelerin konut abonelerine uygulayaca\u011f\u0131 su tarifelerinin devlet onay\u0131na tabi olmas\u0131 nedeniyle art\u0131\u015flar\u0131n \u00f6n\u00fcm\u00fczdeki d\u00f6nemde hane halk\u0131 faturalar\u0131na yans\u0131mas\u0131 bekleniyor.<\/p>\n<p>&#13;<br \/>\n&#13;<\/p>\n<p>\u015eebeke suyuna son olarak 15 Haziran 2025 tarihinde zam yap\u0131lm\u0131\u015f, bu tarihte T\u00fcrkiye\u2019den temin edilen suda y\u00fczde 100\u2019\u00fc, yerel kaynaklardan sa\u011flanan suda ise y\u00fczde 130\u2019u a\u015fan art\u0131\u015flar uygulanm\u0131\u015ft\u0131.<\/p>\n<p>&#13;<br \/>\n<\/article>\n<\/p><\/div>\n","protected":false},"excerpt":{"rendered":"<p>&#13; \u0130\u00e7me ve kullan\u0131m ama\u00e7l\u0131 \u015febeke sular\u0131na 7 ay aradan sonra yeniden zam yap\u0131ld\u0131. Bakanlar Kurulu\u2019nun ald\u0131\u011f\u0131 karar, 20 Ocak tarihli Resmi Gazete\u2019de yay\u0131mlanarak ayn\u0131 g\u00fcn y\u00fcr\u00fcrl\u00fc\u011fe girdi. &#13; &#13; Karara g\u00f6re, T\u00fcrkiye\u2019den temin edilen i\u00e7me suyunun metrek\u00fcp fiyat\u0131 y\u00fczde 34,03 art\u0131\u015fla 18,28 TL\u2019den 24,50 TL\u2019ye y\u00fckseltildi. T\u00fcrkiye\u2019den su temin edilmesine ra\u011fmen yerel kaynaklar\u0131 kullanmaya<\/p>\n","protected":false},"author":1,"featured_media":104449,"comment_status":"open","ping_status":"open","sticky":false,"template":"","format":"standard","meta":{"footnotes":""},"categories":[81],"tags":[],"class_list":["post-104448","post","type-post","status-publish","format-standard","has-post-thumbnail","hentry","category-kibris"],"yoast_head":"<!-- This site is optimized with the Yoast SEO plugin v27.5 - https:\/\/yoast.com\/product\/yoast-seo-wordpress\/ -->\n<title>\u0130\u00c7ME VE KULLANMA SUYUNA Y\u00dcZDE 34 ZAM YAPILDI -<\/title>\n<meta name=\"robots\" content=\"index, follow, max-snippet:-1, max-image-preview:large, max-video-preview:-1\" \/>\n<link rel=\"canonical\" href=\"https:\/\/kibrisdakik.com\/?p=104448\" \/>\n<meta property=\"og:locale\" content=\"tr_TR\" \/>\n<meta property=\"og:type\" content=\"article\" \/>\n<meta property=\"og:title\" content=\"\u0130\u00c7ME VE KULLANMA SUYUNA Y\u00dcZDE 34 ZAM YAPILDI -\" \/>\n<meta property=\"og:description\" content=\"&#013; \u0130\u00e7me ve kullan\u0131m ama\u00e7l\u0131 \u015febeke sular\u0131na 7 ay aradan sonra yeniden zam yap\u0131ld\u0131. Bakanlar Kurulu\u2019nun ald\u0131\u011f\u0131 karar, 20 Ocak tarihli Resmi Gazete\u2019de yay\u0131mlanarak ayn\u0131 g\u00fcn y\u00fcr\u00fcrl\u00fc\u011fe girdi. &#013; &#013; Karara g\u00f6re, T\u00fcrkiye\u2019den temin edilen i\u00e7me suyunun metrek\u00fcp fiyat\u0131 y\u00fczde 34,03 art\u0131\u015fla 18,28 TL\u2019den 24,50 TL\u2019ye y\u00fckseltildi. T\u00fcrkiye\u2019den su temin edilmesine ra\u011fmen yerel kaynaklar\u0131 kullanmaya\" \/>\n<meta property=\"og:url\" content=\"https:\/\/kibrisdakik.com\/?p=104448\" \/>\n<meta property=\"article:published_time\" content=\"2026-01-21T09:16:03+00:00\" \/>\n<meta property=\"og:image\" content=\"https:\/\/kibrisdakik.com\/wp-content\/uploads\/2026\/01\/mha-sari-beyaz-2517.png\" \/>\n\t<meta property=\"og:image:width\" content=\"1280\" \/>\n\t<meta property=\"og:image:height\" content=\"720\" \/>\n\t<meta property=\"og:image:type\" content=\"image\/png\" \/>\n<meta name=\"author\" content=\"admin\" \/>\n<meta name=\"twitter:card\" content=\"summary_large_image\" \/>\n<meta name=\"twitter:label1\" content=\"Yazan:\" \/>\n\t<meta name=\"twitter:data1\" content=\"admin\" \/>\n\t<meta name=\"twitter:label2\" content=\"Tahmini okuma s\u00fcresi\" \/>\n\t<meta name=\"twitter:data2\" content=\"1 dakika\" \/>\n<script type=\"application\/ld+json\" class=\"yoast-schema-graph\">{\"@context\":\"https:\\\/\\\/schema.org\",\"@graph\":[{\"@type\":\"Article\",\"@id\":\"https:\\\/\\\/kibrisdakik.com\\\/?p=104448#article\",\"isPartOf\":{\"@id\":\"https:\\\/\\\/kibrisdakik.com\\\/?p=104448\"},\"author\":{\"name\":\"admin\",\"@id\":\"https:\\\/\\\/kibrisdakik.com\\\/#\\\/schema\\\/person\\\/9cd9d437bbb44f72b73ba127e06d8e79\"},\"headline\":\"\u0130\u00c7ME VE KULLANMA SUYUNA Y\u00dcZDE 34 ZAM YAPILDI\",\"datePublished\":\"2026-01-21T09:16:03+00:00\",\"mainEntityOfPage\":{\"@id\":\"https:\\\/\\\/kibrisdakik.com\\\/?p=104448\"},\"wordCount\":237,\"commentCount\":0,\"image\":{\"@id\":\"https:\\\/\\\/kibrisdakik.com\\\/?p=104448#primaryimage\"},\"thumbnailUrl\":\"https:\\\/\\\/kibrisdakik.com\\\/wp-content\\\/uploads\\\/2026\\\/01\\\/mha-sari-beyaz-2517.png\",\"articleSection\":[\"K\u0131br\u0131s\"],\"inLanguage\":\"tr\",\"potentialAction\":[{\"@type\":\"CommentAction\",\"name\":\"Comment\",\"target\":[\"https:\\\/\\\/kibrisdakik.com\\\/?p=104448#respond\"]}]},{\"@type\":\"WebPage\",\"@id\":\"https:\\\/\\\/kibrisdakik.com\\\/?p=104448\",\"url\":\"https:\\\/\\\/kibrisdakik.com\\\/?p=104448\",\"name\":\"\u0130\u00c7ME VE KULLANMA SUYUNA Y\u00dcZDE 34 ZAM YAPILDI -\",\"isPartOf\":{\"@id\":\"https:\\\/\\\/kibrisdakik.com\\\/#website\"},\"primaryImageOfPage\":{\"@id\":\"https:\\\/\\\/kibrisdakik.com\\\/?p=104448#primaryimage\"},\"image\":{\"@id\":\"https:\\\/\\\/kibrisdakik.com\\\/?p=104448#primaryimage\"},\"thumbnailUrl\":\"https:\\\/\\\/kibrisdakik.com\\\/wp-content\\\/uploads\\\/2026\\\/01\\\/mha-sari-beyaz-2517.png\",\"datePublished\":\"2026-01-21T09:16:03+00:00\",\"author\":{\"@id\":\"https:\\\/\\\/kibrisdakik.com\\\/#\\\/schema\\\/person\\\/9cd9d437bbb44f72b73ba127e06d8e79\"},\"breadcrumb\":{\"@id\":\"https:\\\/\\\/kibrisdakik.com\\\/?p=104448#breadcrumb\"},\"inLanguage\":\"tr\",\"potentialAction\":[{\"@type\":\"ReadAction\",\"target\":[\"https:\\\/\\\/kibrisdakik.com\\\/?p=104448\"]}]},{\"@type\":\"ImageObject\",\"inLanguage\":\"tr\",\"@id\":\"https:\\\/\\\/kibrisdakik.com\\\/?p=104448#primaryimage\",\"url\":\"https:\\\/\\\/kibrisdakik.com\\\/wp-content\\\/uploads\\\/2026\\\/01\\\/mha-sari-beyaz-2517.png\",\"contentUrl\":\"https:\\\/\\\/kibrisdakik.com\\\/wp-content\\\/uploads\\\/2026\\\/01\\\/mha-sari-beyaz-2517.png\",\"width\":1280,\"height\":720},{\"@type\":\"BreadcrumbList\",\"@id\":\"https:\\\/\\\/kibrisdakik.com\\\/?p=104448#breadcrumb\",\"itemListElement\":[{\"@type\":\"ListItem\",\"position\":1,\"name\":\"Home\",\"item\":\"https:\\\/\\\/kibrisdakik.com\\\/\"},{\"@type\":\"ListItem\",\"position\":2,\"name\":\"\u0130\u00c7ME VE KULLANMA SUYUNA Y\u00dcZDE 34 ZAM YAPILDI\"}]},{\"@type\":\"WebSite\",\"@id\":\"https:\\\/\\\/kibrisdakik.com\\\/#website\",\"url\":\"https:\\\/\\\/kibrisdakik.com\\\/\",\"name\":\"\",\"description\":\"Tam vaktinde haber\",\"potentialAction\":[{\"@type\":\"SearchAction\",\"target\":{\"@type\":\"EntryPoint\",\"urlTemplate\":\"https:\\\/\\\/kibrisdakik.com\\\/?s={search_term_string}\"},\"query-input\":{\"@type\":\"PropertyValueSpecification\",\"valueRequired\":true,\"valueName\":\"search_term_string\"}}],\"inLanguage\":\"tr\"},{\"@type\":\"Person\",\"@id\":\"https:\\\/\\\/kibrisdakik.com\\\/#\\\/schema\\\/person\\\/9cd9d437bbb44f72b73ba127e06d8e79\",\"name\":\"admin\",\"image\":{\"@type\":\"ImageObject\",\"inLanguage\":\"tr\",\"@id\":\"https:\\\/\\\/secure.gravatar.com\\\/avatar\\\/ccc17943b9d660506c869530f897617f7cb1c21a4bf30023f252596d83e1f007?s=96&d=mm&r=g\",\"url\":\"https:\\\/\\\/secure.gravatar.com\\\/avatar\\\/ccc17943b9d660506c869530f897617f7cb1c21a4bf30023f252596d83e1f007?s=96&d=mm&r=g\",\"contentUrl\":\"https:\\\/\\\/secure.gravatar.com\\\/avatar\\\/ccc17943b9d660506c869530f897617f7cb1c21a4bf30023f252596d83e1f007?s=96&d=mm&r=g\",\"caption\":\"admin\"},\"sameAs\":[\"https:\\\/\\\/kibrisdakik.com\"],\"url\":\"https:\\\/\\\/kibrisdakik.com\\\/?author=1\"}]}<\/script>\n<!-- \/ Yoast SEO plugin. -->","yoast_head_json":{"title":"\u0130\u00c7ME VE KULLANMA SUYUNA Y\u00dcZDE 34 ZAM YAPILDI -","robots":{"index":"index","follow":"follow","max-snippet":"max-snippet:-1","max-image-preview":"max-image-preview:large","max-video-preview":"max-video-preview:-1"},"canonical":"https:\/\/kibrisdakik.com\/?p=104448","og_locale":"tr_TR","og_type":"article","og_title":"\u0130\u00c7ME VE KULLANMA SUYUNA Y\u00dcZDE 34 ZAM YAPILDI -","og_description":"&#13; \u0130\u00e7me ve kullan\u0131m ama\u00e7l\u0131 \u015febeke sular\u0131na 7 ay aradan sonra yeniden zam yap\u0131ld\u0131. Bakanlar Kurulu\u2019nun ald\u0131\u011f\u0131 karar, 20 Ocak tarihli Resmi Gazete\u2019de yay\u0131mlanarak ayn\u0131 g\u00fcn y\u00fcr\u00fcrl\u00fc\u011fe girdi. &#13; &#13; Karara g\u00f6re, T\u00fcrkiye\u2019den temin edilen i\u00e7me suyunun metrek\u00fcp fiyat\u0131 y\u00fczde 34,03 art\u0131\u015fla 18,28 TL\u2019den 24,50 TL\u2019ye y\u00fckseltildi. T\u00fcrkiye\u2019den su temin edilmesine ra\u011fmen yerel kaynaklar\u0131 kullanmaya","og_url":"https:\/\/kibrisdakik.com\/?p=104448","article_published_time":"2026-01-21T09:16:03+00:00","og_image":[{"width":1280,"height":720,"url":"https:\/\/kibrisdakik.com\/wp-content\/uploads\/2026\/01\/mha-sari-beyaz-2517.png","type":"image\/png"}],"author":"admin","twitter_card":"summary_large_image","twitter_misc":{"Yazan:":"admin","Tahmini okuma s\u00fcresi":"1 dakika"},"schema":{"@context":"https:\/\/schema.org","@graph":[{"@type":"Article","@id":"https:\/\/kibrisdakik.com\/?p=104448#article","isPartOf":{"@id":"https:\/\/kibrisdakik.com\/?p=104448"},"author":{"name":"admin","@id":"https:\/\/kibrisdakik.com\/#\/schema\/person\/9cd9d437bbb44f72b73ba127e06d8e79"},"headline":"\u0130\u00c7ME VE KULLANMA SUYUNA Y\u00dcZDE 34 ZAM YAPILDI","datePublished":"2026-01-21T09:16:03+00:00","mainEntityOfPage":{"@id":"https:\/\/kibrisdakik.com\/?p=104448"},"wordCount":237,"commentCount":0,"image":{"@id":"https:\/\/kibrisdakik.com\/?p=104448#primaryimage"},"thumbnailUrl":"https:\/\/kibrisdakik.com\/wp-content\/uploads\/2026\/01\/mha-sari-beyaz-2517.png","articleSection":["K\u0131br\u0131s"],"inLanguage":"tr","potentialAction":[{"@type":"CommentAction","name":"Comment","target":["https:\/\/kibrisdakik.com\/?p=104448#respond"]}]},{"@type":"WebPage","@id":"https:\/\/kibrisdakik.com\/?p=104448","url":"https:\/\/kibrisdakik.com\/?p=104448","name":"\u0130\u00c7ME VE KULLANMA SUYUNA Y\u00dcZDE 34 ZAM YAPILDI -","isPartOf":{"@id":"https:\/\/kibrisdakik.com\/#website"},"primaryImageOfPage":{"@id":"https:\/\/kibrisdakik.com\/?p=104448#primaryimage"},"image":{"@id":"https:\/\/kibrisdakik.com\/?p=104448#primaryimage"},"thumbnailUrl":"https:\/\/kibrisdakik.com\/wp-content\/uploads\/2026\/01\/mha-sari-beyaz-2517.png","datePublished":"2026-01-21T09:16:03+00:00","author":{"@id":"https:\/\/kibrisdakik.com\/#\/schema\/person\/9cd9d437bbb44f72b73ba127e06d8e79"},"breadcrumb":{"@id":"https:\/\/kibrisdakik.com\/?p=104448#breadcrumb"},"inLanguage":"tr","potentialAction":[{"@type":"ReadAction","target":["https:\/\/kibrisdakik.com\/?p=104448"]}]},{"@type":"ImageObject","inLanguage":"tr","@id":"https:\/\/kibrisdakik.com\/?p=104448#primaryimage","url":"https:\/\/kibrisdakik.com\/wp-content\/uploads\/2026\/01\/mha-sari-beyaz-2517.png","contentUrl":"https:\/\/kibrisdakik.com\/wp-content\/uploads\/2026\/01\/mha-sari-beyaz-2517.png","width":1280,"height":720},{"@type":"BreadcrumbList","@id":"https:\/\/kibrisdakik.com\/?p=104448#breadcrumb","itemListElement":[{"@type":"ListItem","position":1,"name":"Home","item":"https:\/\/kibrisdakik.com\/"},{"@type":"ListItem","position":2,"name":"\u0130\u00c7ME VE KULLANMA SUYUNA Y\u00dcZDE 34 ZAM YAPILDI"}]},{"@type":"WebSite","@id":"https:\/\/kibrisdakik.com\/#website","url":"https:\/\/kibrisdakik.com\/","name":"","description":"Tam vaktinde haber","potentialAction":[{"@type":"SearchAction","target":{"@type":"EntryPoint","urlTemplate":"https:\/\/kibrisdakik.com\/?s={search_term_string}"},"query-input":{"@type":"PropertyValueSpecification","valueRequired":true,"valueName":"search_term_string"}}],"inLanguage":"tr"},{"@type":"Person","@id":"https:\/\/kibrisdakik.com\/#\/schema\/person\/9cd9d437bbb44f72b73ba127e06d8e79","name":"admin","image":{"@type":"ImageObject","inLanguage":"tr","@id":"https:\/\/secure.gravatar.com\/avatar\/ccc17943b9d660506c869530f897617f7cb1c21a4bf30023f252596d83e1f007?s=96&d=mm&r=g","url":"https:\/\/secure.gravatar.com\/avatar\/ccc17943b9d660506c869530f897617f7cb1c21a4bf30023f252596d83e1f007?s=96&d=mm&r=g","contentUrl":"https:\/\/secure.gravatar.com\/avatar\/ccc17943b9d660506c869530f897617f7cb1c21a4bf30023f252596d83e1f007?s=96&d=mm&r=g","caption":"admin"},"sameAs":["https:\/\/kibrisdakik.com"],"url":"https:\/\/kibrisdakik.com\/?author=1"}]}},"_links":{"self":[{"href":"https:\/\/kibrisdakik.com\/index.php?rest_route=\/wp\/v2\/posts\/104448","targetHints":{"allow":["GET"]}}],"collection":[{"href":"https:\/\/kibrisdakik.com\/index.php?rest_route=\/wp\/v2\/posts"}],"about":[{"href":"https:\/\/kibrisdakik.com\/index.php?rest_route=\/wp\/v2\/types\/post"}],"author":[{"embeddable":true,"href":"https:\/\/kibrisdakik.com\/index.php?rest_route=\/wp\/v2\/users\/1"}],"replies":[{"embeddable":true,"href":"https:\/\/kibrisdakik.com\/index.php?rest_route=%2Fwp%2Fv2%2Fcomments&post=104448"}],"version-history":[{"count":0,"href":"https:\/\/kibrisdakik.com\/index.php?rest_route=\/wp\/v2\/posts\/104448\/revisions"}],"wp:featuredmedia":[{"embeddable":true,"href":"https:\/\/kibrisdakik.com\/index.php?rest_route=\/wp\/v2\/media\/104449"}],"wp:attachment":[{"href":"https:\/\/kibrisdakik.com\/index.php?rest_route=%2Fwp%2Fv2%2Fmedia&parent=104448"}],"wp:term":[{"taxonomy":"category","embeddable":true,"href":"https:\/\/kibrisdakik.com\/index.php?rest_route=%2Fwp%2Fv2%2Fcategories&post=104448"},{"taxonomy":"post_tag","embeddable":true,"href":"https:\/\/kibrisdakik.com\/index.php?rest_route=%2Fwp%2Fv2%2Ftags&post=104448"}],"curies":[{"name":"wp","href":"https:\/\/api.w.org\/{rel}","templated":true}]}}