{"id":104476,"date":"2026-01-21T13:39:10","date_gmt":"2026-01-21T11:39:10","guid":{"rendered":"https:\/\/kibrisdakik.com\/index.php\/2026\/01\/21\/tdp-genel-sekreteri-ozkunt-gundemi-degerlendirdi\/"},"modified":"2026-01-21T13:39:10","modified_gmt":"2026-01-21T11:39:10","slug":"tdp-genel-sekreteri-ozkunt-gundemi-degerlendirdi","status":"publish","type":"post","link":"https:\/\/kibrisdakik.com\/?p=104476","title":{"rendered":"TDP GENEL SEKRETER\u0130 \u00d6ZKUNT G\u00dcNDEM\u0130 DE\u011eERLEND\u0130RD\u0130"},"content":{"rendered":"<p><\/p>\n<div data-text-id=\"194348\" property=\"articleBody\">\n<p>Avrupa Birli\u011fi\u2019nin yaln\u0131zca s\u00f6ylemle yetinmemesi gerekti\u011fini vurgulayan \u00d6zkunt, AB\u2019nin K\u0131br\u0131s T\u00fcrk halk\u0131yla do\u011frudan diyalog kurmas\u0131 ve 19 Ekim\u2019de ortaya konan iradeye daha g\u00fc\u00e7l\u00fc bi\u00e7imde sahip \u00e7\u0131kmas\u0131 gerekti\u011fini belirtti.<\/p>\n<p>TDP Bas\u0131n B\u00fcrosundan yap\u0131lan a\u00e7\u0131klamaya g\u00f6re, TDP Genel Sekreteri Nevzat \u00d6zkunt, Kuzey K\u0131br\u0131s TV\u2019de Ahmet Kaptan\u2019\u0131n haz\u0131rlay\u0131p sundu\u011fu \u201cKaptan\u2019\u0131n G\u00fcnl\u00fc\u011f\u00fc\u201d program\u0131nda g\u00fcndeme ili\u015fkin de\u011ferlendirmelerde bulundu.<\/p>\n<p>\u00d6zkunt, Avrupa Parlamentosu Ba\u015fkan\u0131 Roberta Metsola\u2019n\u0131n federasyonu destekleyen a\u00e7\u0131klamalar\u0131n\u0131 hat\u0131rlatarak, bu yakla\u015f\u0131m\u0131n K\u0131br\u0131s T\u00fcrk halk\u0131n\u0131n y\u0131llard\u0131r ortaya koydu\u011fu bar\u0131\u015f\u00e7\u0131 iradeyle \u00f6rt\u00fc\u015ft\u00fc\u011f\u00fcn\u00fc s\u00f6yledi. Ancak Avrupa Birli\u011fi\u2019nin yaln\u0131zca s\u00f6ylemle yetinmemesi gerekti\u011fini vurgulayan \u00d6zkunt, AB\u2019nin K\u0131br\u0131s T\u00fcrk halk\u0131yla do\u011frudan diyalog kurmas\u0131 ve 19 Ekim\u2019de ortaya konan iradeye daha g\u00fc\u00e7l\u00fc bi\u00e7imde sahip \u00e7\u0131kmas\u0131 gerekti\u011fini belirtti.<\/p>\n<p>TDP\u2019nin Cumhurba\u015fkanl\u0131\u011f\u0131 se\u00e7imlerinde Tufan Erh\u00fcrman\u2019a verdi\u011fi deste\u011fin temel nedeninin federasyon \u00e7izgisi oldu\u011funu vurgulayan \u00d6zkunt, \u015funlar\u0131 s\u00f6yledi:<\/p>\n<p>\u201cTDP, Birle\u015fmi\u015f Milletler zemini ve G\u00fcvenlik Konseyi kararlar\u0131 \u00e7er\u00e7evesinde federasyonu amas\u0131z fakats\u0131z savunur. Bu, K\u0131br\u0131s T\u00fcrk halk\u0131n\u0131n iradesidir ve bu iradenin arkas\u0131nda durmaya devam edece\u011fiz.\u201d<\/p>\n<p>Federasyonun bir \u201chayal\u201d de\u011fil, tarihsel olarak da bir T\u00fcrk tezi oldu\u011funu hat\u0131rlatan \u00d6zkunt, masadan ka\u00e7man\u0131n de\u011fil, masada e\u015fitli\u011fi ve iki toplumlulu\u011fu test etmenin do\u011fru yol oldu\u011funu kaydetti.<\/p>\n<p>Programda \u00fclkedeki g\u00fcvenlik sorunlar\u0131na da de\u011finen \u00d6zkunt, son d\u00f6nemde artan silahl\u0131 sald\u0131r\u0131lar\u0131n m\u00fcnferit olaylar olmad\u0131\u011f\u0131n\u0131, denetimsizli\u011fin ve kara para ekonomisinin bir sonucu oldu\u011funu ifade etti.<\/p>\n<p>\u00d6zkunt, son d\u00f6nemde baz\u0131 l\u00fcks oto galerileri, d\u00f6viz b\u00fcrolar\u0131 ve gayrimenkul faaliyetlerinin, kara paran\u0131n sistem i\u00e7ine sokulmas\u0131nda ara\u00e7 olarak kullan\u0131labildi\u011fine dair ciddi iddialar bulundu\u011funa dikkat \u00e7ekti. Bu alanlarda etkin ve d\u00fczenli denetim yap\u0131lmamas\u0131n\u0131n, su\u00e7 \u00f6rg\u00fctleri aras\u0131ndaki hesapla\u015fmalar\u0131 tetikledi\u011fini belirten \u00d6zkunt, ya\u015fanan silahl\u0131 sald\u0131r\u0131lar\u0131n tesad\u00fcf olmad\u0131\u011f\u0131n\u0131 vurgulad\u0131.<\/p>\n<p>\u00d6zkunt, \u201cBug\u00fcn ya\u015fanan kur\u015funlama olaylar\u0131 m\u00fcnferit de\u011fildir. Bunlar bir sonu\u00e7tur. As\u0131l neden; kara para, yolsuzluk ve y\u0131llard\u0131r s\u00fcren denetimsizliktir\u201d dedi. \u00d6zkunt, 2025 y\u0131l\u0131n\u0131 \u015fu d\u00f6rt ana ba\u015fl\u0131k alt\u0131nda de\u011ferlendirdi: \u201cYolsuzluklar, liyakats\u0131zl\u0131k, pahal\u0131l\u0131k, g\u00fcvenlik zafiyeti.\u201d<\/p>\n<p>Bu d\u00f6rt ba\u015fl\u0131\u011f\u0131n \u00fclkeyi ciddi bir \u00e7\u00f6k\u00fc\u015fe s\u00fcr\u00fckledi\u011fini ifade eden \u00d6zkunt, h\u00fck\u00fcmetin \u201cicraat\u201d s\u00f6ylemiyle yaratmaya \u00e7al\u0131\u015ft\u0131\u011f\u0131 alg\u0131n\u0131n, halk\u0131n g\u00fcnl\u00fck ya\u015fam\u0131nda kar\u015f\u0131l\u0131\u011f\u0131 olmad\u0131\u011f\u0131n\u0131 s\u00f6yledi.<\/p>\n<p>19 Ekim Cumhurba\u015fkanl\u0131\u011f\u0131 se\u00e7imlerinde ortaya \u00e7\u0131kan y\u00fczde 63\u2019l\u00fck halk iradesinin, yaln\u0131zca 5. Cumhurba\u015fkan\u0131 Ersin Tatar\u2019a de\u011fil, ayn\u0131 zamanda mevcut h\u00fck\u00fcmete verilmi\u015f a\u00e7\u0131k bir mesaj oldu\u011funu belirten \u00d6zkunt, erken se\u00e7imin art\u0131k ka\u00e7\u0131n\u0131lmaz oldu\u011funu dile getirdi. \u00d6zkunt, \u201cH\u00fck\u00fcmet \u00e7ok ba\u015far\u0131l\u0131ysa, se\u00e7ime gitsin. Bu iradeyi g\u00f6rmezden gelmek, halk\u0131n mesaj\u0131ndan ka\u00e7makt\u0131r\u201d g\u00f6r\u00fc\u015f\u00fcn\u00fc savundu.<\/p>\n<p>\u00d6zkunt, TDP\u2019yi di\u011fer partilerden ay\u0131ran temel noktalar\u0131 da \u015f\u00f6yle s\u0131ralad\u0131:<\/p>\n<p>\u201cK\u0131br\u0131s T\u00fcrk halk\u0131n\u0131n iradesine net bi\u00e7imde sahip \u00e7\u0131kmak, partizanl\u0131\u011fa kar\u015f\u0131 durmak, liyakati esas almak.\u201d<\/p>\n<p>TDP\u2019nin ge\u00e7mi\u015fteki belediyecilik ve bakanl\u0131k deneyimlerinin bu anlay\u0131\u015f\u0131n somut \u00f6rnekleri oldu\u011funu vurgulayan \u00d6zkunt, partinin \u00f6n\u00fcm\u00fczdeki d\u00f6nemde yolsuzlukla m\u00fccadele, kara paran\u0131n \u00f6nlenmesi, kamusal e\u011fitim ve sa\u011fl\u0131k ba\u015fl\u0131klar\u0131nda uygulanabilir politikalar\u0131 halk\u0131n \u00f6n\u00fcne koyaca\u011f\u0131n\u0131 ifade etti.<\/p>\n<p>\u00d6zkunt, \u201cBu \u00fclke daha fazla zaman kaybedemez. Stat\u00fcko y\u0131k\u0131lmal\u0131d\u0131r. Biz oda\u011f\u0131m\u0131za toplumu koyduk ve siyaseti bu anlay\u0131\u015fla yap\u0131yoruz\u201d ifadelerini kulland\u0131.<\/p>\n<\/p><\/div>\n","protected":false},"excerpt":{"rendered":"<p>Avrupa Birli\u011fi\u2019nin yaln\u0131zca s\u00f6ylemle yetinmemesi gerekti\u011fini vurgulayan \u00d6zkunt, AB\u2019nin K\u0131br\u0131s T\u00fcrk halk\u0131yla do\u011frudan diyalog kurmas\u0131 ve 19 Ekim\u2019de ortaya konan iradeye daha g\u00fc\u00e7l\u00fc bi\u00e7imde sahip \u00e7\u0131kmas\u0131 gerekti\u011fini belirtti. TDP Bas\u0131n B\u00fcrosundan yap\u0131lan a\u00e7\u0131klamaya g\u00f6re, TDP Genel Sekreteri Nevzat \u00d6zkunt, Kuzey K\u0131br\u0131s TV\u2019de Ahmet Kaptan\u2019\u0131n haz\u0131rlay\u0131p sundu\u011fu \u201cKaptan\u2019\u0131n G\u00fcnl\u00fc\u011f\u00fc\u201d program\u0131nda g\u00fcndeme ili\u015fkin de\u011ferlendirmelerde bulundu. \u00d6zkunt, Avrupa<\/p>\n","protected":false},"author":1,"featured_media":104477,"comment_status":"open","ping_status":"open","sticky":false,"template":"","format":"standard","meta":{"footnotes":""},"categories":[81],"tags":[],"class_list":["post-104476","post","type-post","status-publish","format-standard","has-post-thumbnail","hentry","category-kibris"],"yoast_head":"<!-- This site is optimized with the Yoast SEO plugin v27.5 - https:\/\/yoast.com\/product\/yoast-seo-wordpress\/ -->\n<title>TDP GENEL SEKRETER\u0130 \u00d6ZKUNT G\u00dcNDEM\u0130 DE\u011eERLEND\u0130RD\u0130 -<\/title>\n<meta name=\"robots\" content=\"index, follow, max-snippet:-1, max-image-preview:large, max-video-preview:-1\" \/>\n<link rel=\"canonical\" href=\"https:\/\/kibrisdakik.com\/?p=104476\" \/>\n<meta property=\"og:locale\" content=\"tr_TR\" \/>\n<meta property=\"og:type\" content=\"article\" \/>\n<meta property=\"og:title\" content=\"TDP GENEL SEKRETER\u0130 \u00d6ZKUNT G\u00dcNDEM\u0130 DE\u011eERLEND\u0130RD\u0130 -\" \/>\n<meta property=\"og:description\" content=\"Avrupa Birli\u011fi\u2019nin yaln\u0131zca s\u00f6ylemle yetinmemesi gerekti\u011fini vurgulayan \u00d6zkunt, AB\u2019nin K\u0131br\u0131s T\u00fcrk halk\u0131yla do\u011frudan diyalog kurmas\u0131 ve 19 Ekim\u2019de ortaya konan iradeye daha g\u00fc\u00e7l\u00fc bi\u00e7imde sahip \u00e7\u0131kmas\u0131 gerekti\u011fini belirtti. TDP Bas\u0131n B\u00fcrosundan yap\u0131lan a\u00e7\u0131klamaya g\u00f6re, TDP Genel Sekreteri Nevzat \u00d6zkunt, Kuzey K\u0131br\u0131s TV\u2019de Ahmet Kaptan\u2019\u0131n haz\u0131rlay\u0131p sundu\u011fu \u201cKaptan\u2019\u0131n G\u00fcnl\u00fc\u011f\u00fc\u201d program\u0131nda g\u00fcndeme ili\u015fkin de\u011ferlendirmelerde bulundu. \u00d6zkunt, Avrupa\" \/>\n<meta property=\"og:url\" content=\"https:\/\/kibrisdakik.com\/?p=104476\" \/>\n<meta property=\"article:published_time\" content=\"2026-01-21T11:39:10+00:00\" \/>\n<meta property=\"og:image\" content=\"https:\/\/kibrisdakik.com\/wp-content\/uploads\/2026\/01\/75-6.png\" \/>\n\t<meta property=\"og:image:width\" content=\"1280\" \/>\n\t<meta property=\"og:image:height\" content=\"720\" \/>\n\t<meta property=\"og:image:type\" content=\"image\/png\" \/>\n<meta name=\"author\" content=\"admin\" \/>\n<meta name=\"twitter:card\" content=\"summary_large_image\" \/>\n<meta name=\"twitter:label1\" content=\"Yazan:\" \/>\n\t<meta name=\"twitter:data1\" content=\"admin\" \/>\n\t<meta name=\"twitter:label2\" content=\"Tahmini okuma s\u00fcresi\" \/>\n\t<meta name=\"twitter:data2\" content=\"3 dakika\" \/>\n<script type=\"application\/ld+json\" class=\"yoast-schema-graph\">{\"@context\":\"https:\\\/\\\/schema.org\",\"@graph\":[{\"@type\":\"Article\",\"@id\":\"https:\\\/\\\/kibrisdakik.com\\\/?p=104476#article\",\"isPartOf\":{\"@id\":\"https:\\\/\\\/kibrisdakik.com\\\/?p=104476\"},\"author\":{\"name\":\"admin\",\"@id\":\"https:\\\/\\\/kibrisdakik.com\\\/#\\\/schema\\\/person\\\/9cd9d437bbb44f72b73ba127e06d8e79\"},\"headline\":\"TDP GENEL SEKRETER\u0130 \u00d6ZKUNT G\u00dcNDEM\u0130 DE\u011eERLEND\u0130RD\u0130\",\"datePublished\":\"2026-01-21T11:39:10+00:00\",\"mainEntityOfPage\":{\"@id\":\"https:\\\/\\\/kibrisdakik.com\\\/?p=104476\"},\"wordCount\":678,\"commentCount\":0,\"image\":{\"@id\":\"https:\\\/\\\/kibrisdakik.com\\\/?p=104476#primaryimage\"},\"thumbnailUrl\":\"https:\\\/\\\/kibrisdakik.com\\\/wp-content\\\/uploads\\\/2026\\\/01\\\/75-6.png\",\"articleSection\":[\"K\u0131br\u0131s\"],\"inLanguage\":\"tr\",\"potentialAction\":[{\"@type\":\"CommentAction\",\"name\":\"Comment\",\"target\":[\"https:\\\/\\\/kibrisdakik.com\\\/?p=104476#respond\"]}]},{\"@type\":\"WebPage\",\"@id\":\"https:\\\/\\\/kibrisdakik.com\\\/?p=104476\",\"url\":\"https:\\\/\\\/kibrisdakik.com\\\/?p=104476\",\"name\":\"TDP GENEL SEKRETER\u0130 \u00d6ZKUNT G\u00dcNDEM\u0130 DE\u011eERLEND\u0130RD\u0130 -\",\"isPartOf\":{\"@id\":\"https:\\\/\\\/kibrisdakik.com\\\/#website\"},\"primaryImageOfPage\":{\"@id\":\"https:\\\/\\\/kibrisdakik.com\\\/?p=104476#primaryimage\"},\"image\":{\"@id\":\"https:\\\/\\\/kibrisdakik.com\\\/?p=104476#primaryimage\"},\"thumbnailUrl\":\"https:\\\/\\\/kibrisdakik.com\\\/wp-content\\\/uploads\\\/2026\\\/01\\\/75-6.png\",\"datePublished\":\"2026-01-21T11:39:10+00:00\",\"author\":{\"@id\":\"https:\\\/\\\/kibrisdakik.com\\\/#\\\/schema\\\/person\\\/9cd9d437bbb44f72b73ba127e06d8e79\"},\"breadcrumb\":{\"@id\":\"https:\\\/\\\/kibrisdakik.com\\\/?p=104476#breadcrumb\"},\"inLanguage\":\"tr\",\"potentialAction\":[{\"@type\":\"ReadAction\",\"target\":[\"https:\\\/\\\/kibrisdakik.com\\\/?p=104476\"]}]},{\"@type\":\"ImageObject\",\"inLanguage\":\"tr\",\"@id\":\"https:\\\/\\\/kibrisdakik.com\\\/?p=104476#primaryimage\",\"url\":\"https:\\\/\\\/kibrisdakik.com\\\/wp-content\\\/uploads\\\/2026\\\/01\\\/75-6.png\",\"contentUrl\":\"https:\\\/\\\/kibrisdakik.com\\\/wp-content\\\/uploads\\\/2026\\\/01\\\/75-6.png\",\"width\":1280,\"height\":720},{\"@type\":\"BreadcrumbList\",\"@id\":\"https:\\\/\\\/kibrisdakik.com\\\/?p=104476#breadcrumb\",\"itemListElement\":[{\"@type\":\"ListItem\",\"position\":1,\"name\":\"Home\",\"item\":\"https:\\\/\\\/kibrisdakik.com\\\/\"},{\"@type\":\"ListItem\",\"position\":2,\"name\":\"TDP GENEL SEKRETER\u0130 \u00d6ZKUNT G\u00dcNDEM\u0130 DE\u011eERLEND\u0130RD\u0130\"}]},{\"@type\":\"WebSite\",\"@id\":\"https:\\\/\\\/kibrisdakik.com\\\/#website\",\"url\":\"https:\\\/\\\/kibrisdakik.com\\\/\",\"name\":\"\",\"description\":\"Tam vaktinde haber\",\"potentialAction\":[{\"@type\":\"SearchAction\",\"target\":{\"@type\":\"EntryPoint\",\"urlTemplate\":\"https:\\\/\\\/kibrisdakik.com\\\/?s={search_term_string}\"},\"query-input\":{\"@type\":\"PropertyValueSpecification\",\"valueRequired\":true,\"valueName\":\"search_term_string\"}}],\"inLanguage\":\"tr\"},{\"@type\":\"Person\",\"@id\":\"https:\\\/\\\/kibrisdakik.com\\\/#\\\/schema\\\/person\\\/9cd9d437bbb44f72b73ba127e06d8e79\",\"name\":\"admin\",\"image\":{\"@type\":\"ImageObject\",\"inLanguage\":\"tr\",\"@id\":\"https:\\\/\\\/secure.gravatar.com\\\/avatar\\\/ccc17943b9d660506c869530f897617f7cb1c21a4bf30023f252596d83e1f007?s=96&d=mm&r=g\",\"url\":\"https:\\\/\\\/secure.gravatar.com\\\/avatar\\\/ccc17943b9d660506c869530f897617f7cb1c21a4bf30023f252596d83e1f007?s=96&d=mm&r=g\",\"contentUrl\":\"https:\\\/\\\/secure.gravatar.com\\\/avatar\\\/ccc17943b9d660506c869530f897617f7cb1c21a4bf30023f252596d83e1f007?s=96&d=mm&r=g\",\"caption\":\"admin\"},\"sameAs\":[\"https:\\\/\\\/kibrisdakik.com\"],\"url\":\"https:\\\/\\\/kibrisdakik.com\\\/?author=1\"}]}<\/script>\n<!-- \/ Yoast SEO plugin. -->","yoast_head_json":{"title":"TDP GENEL SEKRETER\u0130 \u00d6ZKUNT G\u00dcNDEM\u0130 DE\u011eERLEND\u0130RD\u0130 -","robots":{"index":"index","follow":"follow","max-snippet":"max-snippet:-1","max-image-preview":"max-image-preview:large","max-video-preview":"max-video-preview:-1"},"canonical":"https:\/\/kibrisdakik.com\/?p=104476","og_locale":"tr_TR","og_type":"article","og_title":"TDP GENEL SEKRETER\u0130 \u00d6ZKUNT G\u00dcNDEM\u0130 DE\u011eERLEND\u0130RD\u0130 -","og_description":"Avrupa Birli\u011fi\u2019nin yaln\u0131zca s\u00f6ylemle yetinmemesi gerekti\u011fini vurgulayan \u00d6zkunt, AB\u2019nin K\u0131br\u0131s T\u00fcrk halk\u0131yla do\u011frudan diyalog kurmas\u0131 ve 19 Ekim\u2019de ortaya konan iradeye daha g\u00fc\u00e7l\u00fc bi\u00e7imde sahip \u00e7\u0131kmas\u0131 gerekti\u011fini belirtti. TDP Bas\u0131n B\u00fcrosundan yap\u0131lan a\u00e7\u0131klamaya g\u00f6re, TDP Genel Sekreteri Nevzat \u00d6zkunt, Kuzey K\u0131br\u0131s TV\u2019de Ahmet Kaptan\u2019\u0131n haz\u0131rlay\u0131p sundu\u011fu \u201cKaptan\u2019\u0131n G\u00fcnl\u00fc\u011f\u00fc\u201d program\u0131nda g\u00fcndeme ili\u015fkin de\u011ferlendirmelerde bulundu. \u00d6zkunt, Avrupa","og_url":"https:\/\/kibrisdakik.com\/?p=104476","article_published_time":"2026-01-21T11:39:10+00:00","og_image":[{"width":1280,"height":720,"url":"https:\/\/kibrisdakik.com\/wp-content\/uploads\/2026\/01\/75-6.png","type":"image\/png"}],"author":"admin","twitter_card":"summary_large_image","twitter_misc":{"Yazan:":"admin","Tahmini okuma s\u00fcresi":"3 dakika"},"schema":{"@context":"https:\/\/schema.org","@graph":[{"@type":"Article","@id":"https:\/\/kibrisdakik.com\/?p=104476#article","isPartOf":{"@id":"https:\/\/kibrisdakik.com\/?p=104476"},"author":{"name":"admin","@id":"https:\/\/kibrisdakik.com\/#\/schema\/person\/9cd9d437bbb44f72b73ba127e06d8e79"},"headline":"TDP GENEL SEKRETER\u0130 \u00d6ZKUNT G\u00dcNDEM\u0130 DE\u011eERLEND\u0130RD\u0130","datePublished":"2026-01-21T11:39:10+00:00","mainEntityOfPage":{"@id":"https:\/\/kibrisdakik.com\/?p=104476"},"wordCount":678,"commentCount":0,"image":{"@id":"https:\/\/kibrisdakik.com\/?p=104476#primaryimage"},"thumbnailUrl":"https:\/\/kibrisdakik.com\/wp-content\/uploads\/2026\/01\/75-6.png","articleSection":["K\u0131br\u0131s"],"inLanguage":"tr","potentialAction":[{"@type":"CommentAction","name":"Comment","target":["https:\/\/kibrisdakik.com\/?p=104476#respond"]}]},{"@type":"WebPage","@id":"https:\/\/kibrisdakik.com\/?p=104476","url":"https:\/\/kibrisdakik.com\/?p=104476","name":"TDP GENEL SEKRETER\u0130 \u00d6ZKUNT G\u00dcNDEM\u0130 DE\u011eERLEND\u0130RD\u0130 -","isPartOf":{"@id":"https:\/\/kibrisdakik.com\/#website"},"primaryImageOfPage":{"@id":"https:\/\/kibrisdakik.com\/?p=104476#primaryimage"},"image":{"@id":"https:\/\/kibrisdakik.com\/?p=104476#primaryimage"},"thumbnailUrl":"https:\/\/kibrisdakik.com\/wp-content\/uploads\/2026\/01\/75-6.png","datePublished":"2026-01-21T11:39:10+00:00","author":{"@id":"https:\/\/kibrisdakik.com\/#\/schema\/person\/9cd9d437bbb44f72b73ba127e06d8e79"},"breadcrumb":{"@id":"https:\/\/kibrisdakik.com\/?p=104476#breadcrumb"},"inLanguage":"tr","potentialAction":[{"@type":"ReadAction","target":["https:\/\/kibrisdakik.com\/?p=104476"]}]},{"@type":"ImageObject","inLanguage":"tr","@id":"https:\/\/kibrisdakik.com\/?p=104476#primaryimage","url":"https:\/\/kibrisdakik.com\/wp-content\/uploads\/2026\/01\/75-6.png","contentUrl":"https:\/\/kibrisdakik.com\/wp-content\/uploads\/2026\/01\/75-6.png","width":1280,"height":720},{"@type":"BreadcrumbList","@id":"https:\/\/kibrisdakik.com\/?p=104476#breadcrumb","itemListElement":[{"@type":"ListItem","position":1,"name":"Home","item":"https:\/\/kibrisdakik.com\/"},{"@type":"ListItem","position":2,"name":"TDP GENEL SEKRETER\u0130 \u00d6ZKUNT G\u00dcNDEM\u0130 DE\u011eERLEND\u0130RD\u0130"}]},{"@type":"WebSite","@id":"https:\/\/kibrisdakik.com\/#website","url":"https:\/\/kibrisdakik.com\/","name":"","description":"Tam vaktinde haber","potentialAction":[{"@type":"SearchAction","target":{"@type":"EntryPoint","urlTemplate":"https:\/\/kibrisdakik.com\/?s={search_term_string}"},"query-input":{"@type":"PropertyValueSpecification","valueRequired":true,"valueName":"search_term_string"}}],"inLanguage":"tr"},{"@type":"Person","@id":"https:\/\/kibrisdakik.com\/#\/schema\/person\/9cd9d437bbb44f72b73ba127e06d8e79","name":"admin","image":{"@type":"ImageObject","inLanguage":"tr","@id":"https:\/\/secure.gravatar.com\/avatar\/ccc17943b9d660506c869530f897617f7cb1c21a4bf30023f252596d83e1f007?s=96&d=mm&r=g","url":"https:\/\/secure.gravatar.com\/avatar\/ccc17943b9d660506c869530f897617f7cb1c21a4bf30023f252596d83e1f007?s=96&d=mm&r=g","contentUrl":"https:\/\/secure.gravatar.com\/avatar\/ccc17943b9d660506c869530f897617f7cb1c21a4bf30023f252596d83e1f007?s=96&d=mm&r=g","caption":"admin"},"sameAs":["https:\/\/kibrisdakik.com"],"url":"https:\/\/kibrisdakik.com\/?author=1"}]}},"_links":{"self":[{"href":"https:\/\/kibrisdakik.com\/index.php?rest_route=\/wp\/v2\/posts\/104476","targetHints":{"allow":["GET"]}}],"collection":[{"href":"https:\/\/kibrisdakik.com\/index.php?rest_route=\/wp\/v2\/posts"}],"about":[{"href":"https:\/\/kibrisdakik.com\/index.php?rest_route=\/wp\/v2\/types\/post"}],"author":[{"embeddable":true,"href":"https:\/\/kibrisdakik.com\/index.php?rest_route=\/wp\/v2\/users\/1"}],"replies":[{"embeddable":true,"href":"https:\/\/kibrisdakik.com\/index.php?rest_route=%2Fwp%2Fv2%2Fcomments&post=104476"}],"version-history":[{"count":0,"href":"https:\/\/kibrisdakik.com\/index.php?rest_route=\/wp\/v2\/posts\/104476\/revisions"}],"wp:featuredmedia":[{"embeddable":true,"href":"https:\/\/kibrisdakik.com\/index.php?rest_route=\/wp\/v2\/media\/104477"}],"wp:attachment":[{"href":"https:\/\/kibrisdakik.com\/index.php?rest_route=%2Fwp%2Fv2%2Fmedia&parent=104476"}],"wp:term":[{"taxonomy":"category","embeddable":true,"href":"https:\/\/kibrisdakik.com\/index.php?rest_route=%2Fwp%2Fv2%2Fcategories&post=104476"},{"taxonomy":"post_tag","embeddable":true,"href":"https:\/\/kibrisdakik.com\/index.php?rest_route=%2Fwp%2Fv2%2Ftags&post=104476"}],"curies":[{"name":"wp","href":"https:\/\/api.w.org\/{rel}","templated":true}]}}