{"id":104478,"date":"2026-01-21T14:10:35","date_gmt":"2026-01-21T12:10:35","guid":{"rendered":"https:\/\/kibrisdakik.com\/index.php\/2026\/01\/21\/akpinar-turk-bayragina-yonelik-eylem-kabul-edilemez\/"},"modified":"2026-01-21T14:10:35","modified_gmt":"2026-01-21T12:10:35","slug":"akpinar-turk-bayragina-yonelik-eylem-kabul-edilemez","status":"publish","type":"post","link":"https:\/\/kibrisdakik.com\/?p=104478","title":{"rendered":"AKPINAR: T\u00dcRK BAYRA\u011eINA Y\u00d6NEL\u0130K EYLEM KABUL ED\u0130LEMEZ"},"content":{"rendered":"<p><\/p>\n<div data-text-id=\"194351\" property=\"articleBody\">\n<p>Demokrat Parti (DP) Genel Sekreteri ve Girne Milletvekili Serhat Akp\u0131nar, Mardin\u2019in Nusaybin il\u00e7esinde T\u00fcrk bayra\u011f\u0131na y\u00f6nelik sergilenen eylemle ilgili yaz\u0131l\u0131 bir a\u00e7\u0131klama yapt\u0131. Akp\u0131nar, s\u00f6z konusu eylemin toplumsal bar\u0131\u015f\u0131 hedef alan ciddi bir provokasyon oldu\u011funu vurgulad\u0131.<\/p>\n<p>Akp\u0131nar a\u00e7\u0131klamas\u0131nda \u015fu ifadelere yer verdi:<\/p>\n<p>\u201cMardin\u2019in Nusaybin il\u00e7esinde T\u00fcrk bayra\u011f\u0131na y\u00f6nelik sergilenen kabul edilemez eylem, toplumsal bar\u0131\u015f\u0131 ve ortak de\u011ferlerimizi hedef alan ciddi bir provokasyon niteli\u011fi ta\u015f\u0131maktad\u0131r. Bir milleti temsil eden sembollere y\u00f6nelen bu t\u00fcr giri\u015fimler, hangi gerek\u00e7eyle yap\u0131l\u0131rsa yap\u0131ls\u0131n me\u015fru kabul edilemez.<\/p>\n<p>Bayraklar, halklar\u0131n tarihsel haf\u0131zas\u0131n\u0131, egemenlik iradesini ve ortak aidiyet duygusunu temsil eder. Bu de\u011ferlere y\u00f6nelik sayg\u0131s\u0131zl\u0131k, birlikte ya\u015fam ve payla\u015f\u0131m iradesine zarar vermektedir.<\/p>\n<p>Demokrat Parti olarak, Anavatan T\u00fcrkiye Cumhuriyeti\u2019nin birlik ve b\u00fct\u00fcnl\u00fc\u011f\u00fcne y\u00f6nelik her t\u00fcrl\u00fc tehdit kar\u015f\u0131s\u0131nda duru\u015fumuz a\u00e7\u0131kt\u0131r. Kuzey K\u0131br\u0131s T\u00fcrk Cumhuriyeti, tarihsel ve g\u00f6n\u00fcl ba\u011flar\u0131yla ba\u011fl\u0131 oldu\u011fu T\u00fcrkiye\u2019nin, Anavatan\u0131n\u0131n yan\u0131nda olmaya kararl\u0131l\u0131kla devam edecektir.<\/p>\n<p>Bu t\u00fcr olaylar\u0131n sa\u011fduyu ve hukuk \u00e7er\u00e7evesinde de\u011ferlendirilerek sorumlular\u0131n adalet \u00f6n\u00fcnde hesap vermesi, hem toplumsal huzur hem de demokratik d\u00fczen a\u00e7\u0131s\u0131ndan b\u00fcy\u00fck \u00f6nem ta\u015f\u0131maktad\u0131r. Provokasyonlar \u00fczerinden ayr\u0131\u015fma yaratma \u00e7abalar\u0131, milletimizin ortak akl\u0131 ve sa\u011fduyusu kar\u015f\u0131s\u0131nda kar\u015f\u0131l\u0131k bulamayacakt\u0131r.<\/p>\n<p>Demokrat Parti, bar\u0131\u015f\u0131, kar\u015f\u0131l\u0131kl\u0131 sayg\u0131y\u0131 ve hukuk devletini esas alan yakla\u015f\u0131m\u0131yla, milletimizin de\u011ferlerini hedef alan her t\u00fcrl\u00fc giri\u015fime kar\u015f\u0131 net ve kararl\u0131 tutumunu s\u00fcrd\u00fcrmektedir.\u201d<\/p>\n<\/p><\/div>\n","protected":false},"excerpt":{"rendered":"<p>Demokrat Parti (DP) Genel Sekreteri ve Girne Milletvekili Serhat Akp\u0131nar, Mardin\u2019in Nusaybin il\u00e7esinde T\u00fcrk bayra\u011f\u0131na y\u00f6nelik sergilenen eylemle ilgili yaz\u0131l\u0131 bir a\u00e7\u0131klama yapt\u0131. Akp\u0131nar, s\u00f6z konusu eylemin toplumsal bar\u0131\u015f\u0131 hedef alan ciddi bir provokasyon oldu\u011funu vurgulad\u0131. Akp\u0131nar a\u00e7\u0131klamas\u0131nda \u015fu ifadelere yer verdi: \u201cMardin\u2019in Nusaybin il\u00e7esinde T\u00fcrk bayra\u011f\u0131na y\u00f6nelik sergilenen kabul edilemez eylem, toplumsal bar\u0131\u015f\u0131 ve<\/p>\n","protected":false},"author":1,"featured_media":104479,"comment_status":"open","ping_status":"open","sticky":false,"template":"","format":"standard","meta":{"footnotes":""},"categories":[81],"tags":[],"class_list":["post-104478","post","type-post","status-publish","format-standard","has-post-thumbnail","hentry","category-kibris"],"yoast_head":"<!-- This site is optimized with the Yoast SEO plugin v27.5 - https:\/\/yoast.com\/product\/yoast-seo-wordpress\/ -->\n<title>AKPINAR: T\u00dcRK BAYRA\u011eINA Y\u00d6NEL\u0130K EYLEM KABUL ED\u0130LEMEZ -<\/title>\n<meta name=\"robots\" content=\"index, follow, max-snippet:-1, max-image-preview:large, max-video-preview:-1\" \/>\n<link rel=\"canonical\" href=\"https:\/\/kibrisdakik.com\/?p=104478\" \/>\n<meta property=\"og:locale\" content=\"tr_TR\" \/>\n<meta property=\"og:type\" content=\"article\" \/>\n<meta property=\"og:title\" content=\"AKPINAR: T\u00dcRK BAYRA\u011eINA Y\u00d6NEL\u0130K EYLEM KABUL ED\u0130LEMEZ -\" \/>\n<meta property=\"og:description\" content=\"Demokrat Parti (DP) Genel Sekreteri ve Girne Milletvekili Serhat Akp\u0131nar, Mardin\u2019in Nusaybin il\u00e7esinde T\u00fcrk bayra\u011f\u0131na y\u00f6nelik sergilenen eylemle ilgili yaz\u0131l\u0131 bir a\u00e7\u0131klama yapt\u0131. Akp\u0131nar, s\u00f6z konusu eylemin toplumsal bar\u0131\u015f\u0131 hedef alan ciddi bir provokasyon oldu\u011funu vurgulad\u0131. Akp\u0131nar a\u00e7\u0131klamas\u0131nda \u015fu ifadelere yer verdi: \u201cMardin\u2019in Nusaybin il\u00e7esinde T\u00fcrk bayra\u011f\u0131na y\u00f6nelik sergilenen kabul edilemez eylem, toplumsal bar\u0131\u015f\u0131 ve\" \/>\n<meta property=\"og:url\" content=\"https:\/\/kibrisdakik.com\/?p=104478\" \/>\n<meta property=\"article:published_time\" content=\"2026-01-21T12:10:35+00:00\" \/>\n<meta property=\"og:image\" content=\"https:\/\/kibrisdakik.com\/wp-content\/uploads\/2026\/01\/mha-sari-beyaz-2523.png\" \/>\n\t<meta property=\"og:image:width\" content=\"1280\" \/>\n\t<meta property=\"og:image:height\" content=\"720\" \/>\n\t<meta property=\"og:image:type\" content=\"image\/png\" \/>\n<meta name=\"author\" content=\"admin\" \/>\n<meta name=\"twitter:card\" content=\"summary_large_image\" \/>\n<meta name=\"twitter:label1\" content=\"Yazan:\" \/>\n\t<meta name=\"twitter:data1\" content=\"admin\" \/>\n\t<meta name=\"twitter:label2\" content=\"Tahmini okuma s\u00fcresi\" \/>\n\t<meta name=\"twitter:data2\" content=\"1 dakika\" \/>\n<script type=\"application\/ld+json\" class=\"yoast-schema-graph\">{\"@context\":\"https:\\\/\\\/schema.org\",\"@graph\":[{\"@type\":\"Article\",\"@id\":\"https:\\\/\\\/kibrisdakik.com\\\/?p=104478#article\",\"isPartOf\":{\"@id\":\"https:\\\/\\\/kibrisdakik.com\\\/?p=104478\"},\"author\":{\"name\":\"admin\",\"@id\":\"https:\\\/\\\/kibrisdakik.com\\\/#\\\/schema\\\/person\\\/9cd9d437bbb44f72b73ba127e06d8e79\"},\"headline\":\"AKPINAR: T\u00dcRK BAYRA\u011eINA Y\u00d6NEL\u0130K EYLEM KABUL ED\u0130LEMEZ\",\"datePublished\":\"2026-01-21T12:10:35+00:00\",\"mainEntityOfPage\":{\"@id\":\"https:\\\/\\\/kibrisdakik.com\\\/?p=104478\"},\"wordCount\":310,\"commentCount\":0,\"image\":{\"@id\":\"https:\\\/\\\/kibrisdakik.com\\\/?p=104478#primaryimage\"},\"thumbnailUrl\":\"https:\\\/\\\/kibrisdakik.com\\\/wp-content\\\/uploads\\\/2026\\\/01\\\/mha-sari-beyaz-2523.png\",\"articleSection\":[\"K\u0131br\u0131s\"],\"inLanguage\":\"tr\",\"potentialAction\":[{\"@type\":\"CommentAction\",\"name\":\"Comment\",\"target\":[\"https:\\\/\\\/kibrisdakik.com\\\/?p=104478#respond\"]}]},{\"@type\":\"WebPage\",\"@id\":\"https:\\\/\\\/kibrisdakik.com\\\/?p=104478\",\"url\":\"https:\\\/\\\/kibrisdakik.com\\\/?p=104478\",\"name\":\"AKPINAR: T\u00dcRK BAYRA\u011eINA Y\u00d6NEL\u0130K EYLEM KABUL ED\u0130LEMEZ -\",\"isPartOf\":{\"@id\":\"https:\\\/\\\/kibrisdakik.com\\\/#website\"},\"primaryImageOfPage\":{\"@id\":\"https:\\\/\\\/kibrisdakik.com\\\/?p=104478#primaryimage\"},\"image\":{\"@id\":\"https:\\\/\\\/kibrisdakik.com\\\/?p=104478#primaryimage\"},\"thumbnailUrl\":\"https:\\\/\\\/kibrisdakik.com\\\/wp-content\\\/uploads\\\/2026\\\/01\\\/mha-sari-beyaz-2523.png\",\"datePublished\":\"2026-01-21T12:10:35+00:00\",\"author\":{\"@id\":\"https:\\\/\\\/kibrisdakik.com\\\/#\\\/schema\\\/person\\\/9cd9d437bbb44f72b73ba127e06d8e79\"},\"breadcrumb\":{\"@id\":\"https:\\\/\\\/kibrisdakik.com\\\/?p=104478#breadcrumb\"},\"inLanguage\":\"tr\",\"potentialAction\":[{\"@type\":\"ReadAction\",\"target\":[\"https:\\\/\\\/kibrisdakik.com\\\/?p=104478\"]}]},{\"@type\":\"ImageObject\",\"inLanguage\":\"tr\",\"@id\":\"https:\\\/\\\/kibrisdakik.com\\\/?p=104478#primaryimage\",\"url\":\"https:\\\/\\\/kibrisdakik.com\\\/wp-content\\\/uploads\\\/2026\\\/01\\\/mha-sari-beyaz-2523.png\",\"contentUrl\":\"https:\\\/\\\/kibrisdakik.com\\\/wp-content\\\/uploads\\\/2026\\\/01\\\/mha-sari-beyaz-2523.png\",\"width\":1280,\"height\":720},{\"@type\":\"BreadcrumbList\",\"@id\":\"https:\\\/\\\/kibrisdakik.com\\\/?p=104478#breadcrumb\",\"itemListElement\":[{\"@type\":\"ListItem\",\"position\":1,\"name\":\"Home\",\"item\":\"https:\\\/\\\/kibrisdakik.com\\\/\"},{\"@type\":\"ListItem\",\"position\":2,\"name\":\"AKPINAR: T\u00dcRK BAYRA\u011eINA Y\u00d6NEL\u0130K EYLEM KABUL ED\u0130LEMEZ\"}]},{\"@type\":\"WebSite\",\"@id\":\"https:\\\/\\\/kibrisdakik.com\\\/#website\",\"url\":\"https:\\\/\\\/kibrisdakik.com\\\/\",\"name\":\"\",\"description\":\"Tam vaktinde haber\",\"potentialAction\":[{\"@type\":\"SearchAction\",\"target\":{\"@type\":\"EntryPoint\",\"urlTemplate\":\"https:\\\/\\\/kibrisdakik.com\\\/?s={search_term_string}\"},\"query-input\":{\"@type\":\"PropertyValueSpecification\",\"valueRequired\":true,\"valueName\":\"search_term_string\"}}],\"inLanguage\":\"tr\"},{\"@type\":\"Person\",\"@id\":\"https:\\\/\\\/kibrisdakik.com\\\/#\\\/schema\\\/person\\\/9cd9d437bbb44f72b73ba127e06d8e79\",\"name\":\"admin\",\"image\":{\"@type\":\"ImageObject\",\"inLanguage\":\"tr\",\"@id\":\"https:\\\/\\\/secure.gravatar.com\\\/avatar\\\/ccc17943b9d660506c869530f897617f7cb1c21a4bf30023f252596d83e1f007?s=96&d=mm&r=g\",\"url\":\"https:\\\/\\\/secure.gravatar.com\\\/avatar\\\/ccc17943b9d660506c869530f897617f7cb1c21a4bf30023f252596d83e1f007?s=96&d=mm&r=g\",\"contentUrl\":\"https:\\\/\\\/secure.gravatar.com\\\/avatar\\\/ccc17943b9d660506c869530f897617f7cb1c21a4bf30023f252596d83e1f007?s=96&d=mm&r=g\",\"caption\":\"admin\"},\"sameAs\":[\"https:\\\/\\\/kibrisdakik.com\"],\"url\":\"https:\\\/\\\/kibrisdakik.com\\\/?author=1\"}]}<\/script>\n<!-- \/ Yoast SEO plugin. -->","yoast_head_json":{"title":"AKPINAR: T\u00dcRK BAYRA\u011eINA Y\u00d6NEL\u0130K EYLEM KABUL ED\u0130LEMEZ -","robots":{"index":"index","follow":"follow","max-snippet":"max-snippet:-1","max-image-preview":"max-image-preview:large","max-video-preview":"max-video-preview:-1"},"canonical":"https:\/\/kibrisdakik.com\/?p=104478","og_locale":"tr_TR","og_type":"article","og_title":"AKPINAR: T\u00dcRK BAYRA\u011eINA Y\u00d6NEL\u0130K EYLEM KABUL ED\u0130LEMEZ -","og_description":"Demokrat Parti (DP) Genel Sekreteri ve Girne Milletvekili Serhat Akp\u0131nar, Mardin\u2019in Nusaybin il\u00e7esinde T\u00fcrk bayra\u011f\u0131na y\u00f6nelik sergilenen eylemle ilgili yaz\u0131l\u0131 bir a\u00e7\u0131klama yapt\u0131. Akp\u0131nar, s\u00f6z konusu eylemin toplumsal bar\u0131\u015f\u0131 hedef alan ciddi bir provokasyon oldu\u011funu vurgulad\u0131. Akp\u0131nar a\u00e7\u0131klamas\u0131nda \u015fu ifadelere yer verdi: \u201cMardin\u2019in Nusaybin il\u00e7esinde T\u00fcrk bayra\u011f\u0131na y\u00f6nelik sergilenen kabul edilemez eylem, toplumsal bar\u0131\u015f\u0131 ve","og_url":"https:\/\/kibrisdakik.com\/?p=104478","article_published_time":"2026-01-21T12:10:35+00:00","og_image":[{"width":1280,"height":720,"url":"https:\/\/kibrisdakik.com\/wp-content\/uploads\/2026\/01\/mha-sari-beyaz-2523.png","type":"image\/png"}],"author":"admin","twitter_card":"summary_large_image","twitter_misc":{"Yazan:":"admin","Tahmini okuma s\u00fcresi":"1 dakika"},"schema":{"@context":"https:\/\/schema.org","@graph":[{"@type":"Article","@id":"https:\/\/kibrisdakik.com\/?p=104478#article","isPartOf":{"@id":"https:\/\/kibrisdakik.com\/?p=104478"},"author":{"name":"admin","@id":"https:\/\/kibrisdakik.com\/#\/schema\/person\/9cd9d437bbb44f72b73ba127e06d8e79"},"headline":"AKPINAR: T\u00dcRK BAYRA\u011eINA Y\u00d6NEL\u0130K EYLEM KABUL ED\u0130LEMEZ","datePublished":"2026-01-21T12:10:35+00:00","mainEntityOfPage":{"@id":"https:\/\/kibrisdakik.com\/?p=104478"},"wordCount":310,"commentCount":0,"image":{"@id":"https:\/\/kibrisdakik.com\/?p=104478#primaryimage"},"thumbnailUrl":"https:\/\/kibrisdakik.com\/wp-content\/uploads\/2026\/01\/mha-sari-beyaz-2523.png","articleSection":["K\u0131br\u0131s"],"inLanguage":"tr","potentialAction":[{"@type":"CommentAction","name":"Comment","target":["https:\/\/kibrisdakik.com\/?p=104478#respond"]}]},{"@type":"WebPage","@id":"https:\/\/kibrisdakik.com\/?p=104478","url":"https:\/\/kibrisdakik.com\/?p=104478","name":"AKPINAR: T\u00dcRK BAYRA\u011eINA Y\u00d6NEL\u0130K EYLEM KABUL ED\u0130LEMEZ -","isPartOf":{"@id":"https:\/\/kibrisdakik.com\/#website"},"primaryImageOfPage":{"@id":"https:\/\/kibrisdakik.com\/?p=104478#primaryimage"},"image":{"@id":"https:\/\/kibrisdakik.com\/?p=104478#primaryimage"},"thumbnailUrl":"https:\/\/kibrisdakik.com\/wp-content\/uploads\/2026\/01\/mha-sari-beyaz-2523.png","datePublished":"2026-01-21T12:10:35+00:00","author":{"@id":"https:\/\/kibrisdakik.com\/#\/schema\/person\/9cd9d437bbb44f72b73ba127e06d8e79"},"breadcrumb":{"@id":"https:\/\/kibrisdakik.com\/?p=104478#breadcrumb"},"inLanguage":"tr","potentialAction":[{"@type":"ReadAction","target":["https:\/\/kibrisdakik.com\/?p=104478"]}]},{"@type":"ImageObject","inLanguage":"tr","@id":"https:\/\/kibrisdakik.com\/?p=104478#primaryimage","url":"https:\/\/kibrisdakik.com\/wp-content\/uploads\/2026\/01\/mha-sari-beyaz-2523.png","contentUrl":"https:\/\/kibrisdakik.com\/wp-content\/uploads\/2026\/01\/mha-sari-beyaz-2523.png","width":1280,"height":720},{"@type":"BreadcrumbList","@id":"https:\/\/kibrisdakik.com\/?p=104478#breadcrumb","itemListElement":[{"@type":"ListItem","position":1,"name":"Home","item":"https:\/\/kibrisdakik.com\/"},{"@type":"ListItem","position":2,"name":"AKPINAR: T\u00dcRK BAYRA\u011eINA Y\u00d6NEL\u0130K EYLEM KABUL ED\u0130LEMEZ"}]},{"@type":"WebSite","@id":"https:\/\/kibrisdakik.com\/#website","url":"https:\/\/kibrisdakik.com\/","name":"","description":"Tam vaktinde haber","potentialAction":[{"@type":"SearchAction","target":{"@type":"EntryPoint","urlTemplate":"https:\/\/kibrisdakik.com\/?s={search_term_string}"},"query-input":{"@type":"PropertyValueSpecification","valueRequired":true,"valueName":"search_term_string"}}],"inLanguage":"tr"},{"@type":"Person","@id":"https:\/\/kibrisdakik.com\/#\/schema\/person\/9cd9d437bbb44f72b73ba127e06d8e79","name":"admin","image":{"@type":"ImageObject","inLanguage":"tr","@id":"https:\/\/secure.gravatar.com\/avatar\/ccc17943b9d660506c869530f897617f7cb1c21a4bf30023f252596d83e1f007?s=96&d=mm&r=g","url":"https:\/\/secure.gravatar.com\/avatar\/ccc17943b9d660506c869530f897617f7cb1c21a4bf30023f252596d83e1f007?s=96&d=mm&r=g","contentUrl":"https:\/\/secure.gravatar.com\/avatar\/ccc17943b9d660506c869530f897617f7cb1c21a4bf30023f252596d83e1f007?s=96&d=mm&r=g","caption":"admin"},"sameAs":["https:\/\/kibrisdakik.com"],"url":"https:\/\/kibrisdakik.com\/?author=1"}]}},"_links":{"self":[{"href":"https:\/\/kibrisdakik.com\/index.php?rest_route=\/wp\/v2\/posts\/104478","targetHints":{"allow":["GET"]}}],"collection":[{"href":"https:\/\/kibrisdakik.com\/index.php?rest_route=\/wp\/v2\/posts"}],"about":[{"href":"https:\/\/kibrisdakik.com\/index.php?rest_route=\/wp\/v2\/types\/post"}],"author":[{"embeddable":true,"href":"https:\/\/kibrisdakik.com\/index.php?rest_route=\/wp\/v2\/users\/1"}],"replies":[{"embeddable":true,"href":"https:\/\/kibrisdakik.com\/index.php?rest_route=%2Fwp%2Fv2%2Fcomments&post=104478"}],"version-history":[{"count":0,"href":"https:\/\/kibrisdakik.com\/index.php?rest_route=\/wp\/v2\/posts\/104478\/revisions"}],"wp:featuredmedia":[{"embeddable":true,"href":"https:\/\/kibrisdakik.com\/index.php?rest_route=\/wp\/v2\/media\/104479"}],"wp:attachment":[{"href":"https:\/\/kibrisdakik.com\/index.php?rest_route=%2Fwp%2Fv2%2Fmedia&parent=104478"}],"wp:term":[{"taxonomy":"category","embeddable":true,"href":"https:\/\/kibrisdakik.com\/index.php?rest_route=%2Fwp%2Fv2%2Fcategories&post=104478"},{"taxonomy":"post_tag","embeddable":true,"href":"https:\/\/kibrisdakik.com\/index.php?rest_route=%2Fwp%2Fv2%2Ftags&post=104478"}],"curies":[{"name":"wp","href":"https:\/\/api.w.org\/{rel}","templated":true}]}}