{"id":10456,"date":"2023-07-15T17:18:18","date_gmt":"2023-07-15T17:18:18","guid":{"rendered":"https:\/\/kibrisdakik.com\/index.php\/2023\/07\/15\/gonyeli-alaykoy-rallisi\/"},"modified":"2023-07-15T17:18:18","modified_gmt":"2023-07-15T17:18:18","slug":"gonyeli-alaykoy-rallisi","status":"publish","type":"post","link":"https:\/\/kibrisdakik.com\/?p=10456","title":{"rendered":"G\u00f6nyeli-Alayk\u00f6y Rallisi"},"content":{"rendered":"<p> <br \/>\n<\/p>\n<div>\n<div class=\"mariselle-image-container center\">\n                <img width=\"1080\" height=\"631\" class=\"lazy-image\" alt=\"\" decoding=\"async\" loading=\"lazy\" sizes=\"auto, (max-width: 1080px) 100vw, 1080px\" src=\"https:\/\/brtk.net\/wp-content\/uploads\/2023\/07\/15\/Gonyeli-Alaykoy-Rallisi.jpg?ver=a1bcc651023d62356bfd18d569615504\" srcset=\"https:\/\/brtk.net\/wp-content\/uploads\/2023\/07\/15\/Gonyeli-Alaykoy-Rallisi.jpg?ver=a1bcc651023d62356bfd18d569615504 1080w, https:\/\/brtk.net\/wp-content\/uploads\/2023\/07\/15\/Gonyeli-Alaykoy-Rallisi-300x175.jpg?ver=ce607e6460a505a34bd203bacc6de6d8 300w, https:\/\/brtk.net\/wp-content\/uploads\/2023\/07\/15\/Gonyeli-Alaykoy-Rallisi-1024x598.jpg?ver=ce607e6460a505a34bd203bacc6de6d8 1024w, https:\/\/brtk.net\/wp-content\/uploads\/2023\/07\/15\/Gonyeli-Alaykoy-Rallisi-768x449.jpg?ver=ce607e6460a505a34bd203bacc6de6d8 768w, https:\/\/brtk.net\/wp-content\/uploads\/2023\/07\/15\/Gonyeli-Alaykoy-Rallisi-379x222.jpg?ver=a11d3e3ca6d5044c59177d6f67ea2a19 379w\"\/>                            <\/div>\n<p>\n\u0130ki g\u00fcnl\u00fck heyecan bug\u00fcn Yenikent \u00f6zel etab\u0131 ile start ald\u0131<\/p>\n<p>G\u00f6nyeli-Alayk\u00f6y Belediyesi ile Espresso Lab\u2019\u0131n destek verdi\u011fi G\u00f6nyeli-Alayk\u00f6y Rallisi bug\u00fcn ba\u015flad\u0131\u2026Yenikent \u015eehir i\u00e7i \u00f6zel etab\u0131 ile saat 19.30\u2019da Yenikent Bulvar\u0131\u2019nda start alan Ralli heyecan\u0131, bu ak\u015fam 20:30\u2019dan itibaren Drift ve T\u0131rmanma ara\u00e7lar\u0131n\u0131n \u00f6zel seyirci etab\u0131 ile devam edecek\u20263 \u00f6nc\u00fc ara\u00e7, 15 Drift ve T\u0131rmanma arac\u0131n\u0131n yar\u0131\u015faca\u011f\u0131 Yenikent \u00d6zel Seyirci Etab\u0131\u2019nda, 24 de ralli arac\u0131 izleyenlere nefes kesen bir ak\u015fam ya\u015fatacak\u2026Rallide yar\u0131n Kanl\u0131k\u00f6y-Aktepe-Alayk\u00f6y etaplar\u0131 iki\u015fer kez ge\u00e7ilecek ve heyecan ak\u015fam 19:30\u2019daki \u00f6d\u00fcl t\u00f6reni ile sona erecek..<\/p>\n<\/p><\/div>\n<p><script async\n                    defer\n                    crossorigin=\"anonymous\"\n                    src=\"https:\/\/connect.facebook.net\/tr_TR\/sdk.js#xfbml=1&#038;version=v3.3\"\n            ><\/script><br \/>\n<br \/><br \/>\n<br \/><a href=\"https:\/\/brtk.net\/gonyeli-alaykoy-rallisi\/\"> <\/a><\/p>\n","protected":false},"excerpt":{"rendered":"<p>\u0130ki g\u00fcnl\u00fck heyecan bug\u00fcn Yenikent \u00f6zel etab\u0131 ile start ald\u0131 G\u00f6nyeli-Alayk\u00f6y Belediyesi ile Espresso Lab\u2019\u0131n destek verdi\u011fi G\u00f6nyeli-Alayk\u00f6y Rallisi bug\u00fcn ba\u015flad\u0131\u2026Yenikent \u015eehir i\u00e7i \u00f6zel etab\u0131 ile saat 19.30\u2019da Yenikent Bulvar\u0131\u2019nda start alan Ralli heyecan\u0131, bu ak\u015fam 20:30\u2019dan itibaren Drift ve T\u0131rmanma ara\u00e7lar\u0131n\u0131n \u00f6zel seyirci etab\u0131 ile devam edecek\u20263 \u00f6nc\u00fc ara\u00e7, 15 Drift ve T\u0131rmanma arac\u0131n\u0131n<\/p>\n","protected":false},"author":1,"featured_media":10457,"comment_status":"open","ping_status":"open","sticky":false,"template":"","format":"standard","meta":{"footnotes":""},"categories":[85],"tags":[],"class_list":["post-10456","post","type-post","status-publish","format-standard","has-post-thumbnail","hentry","category-spor"],"yoast_head":"<!-- This site is optimized with the Yoast SEO plugin v27.4 - https:\/\/yoast.com\/product\/yoast-seo-wordpress\/ -->\n<title>G\u00f6nyeli-Alayk\u00f6y Rallisi -<\/title>\n<meta name=\"robots\" content=\"index, follow, max-snippet:-1, max-image-preview:large, max-video-preview:-1\" \/>\n<link rel=\"canonical\" href=\"https:\/\/kibrisdakik.com\/?p=10456\" \/>\n<meta property=\"og:locale\" content=\"tr_TR\" \/>\n<meta property=\"og:type\" content=\"article\" \/>\n<meta property=\"og:title\" content=\"G\u00f6nyeli-Alayk\u00f6y Rallisi -\" \/>\n<meta property=\"og:description\" content=\"\u0130ki g\u00fcnl\u00fck heyecan bug\u00fcn Yenikent \u00f6zel etab\u0131 ile start ald\u0131 G\u00f6nyeli-Alayk\u00f6y Belediyesi ile Espresso Lab\u2019\u0131n destek verdi\u011fi G\u00f6nyeli-Alayk\u00f6y Rallisi bug\u00fcn ba\u015flad\u0131\u2026Yenikent \u015eehir i\u00e7i \u00f6zel etab\u0131 ile saat 19.30\u2019da Yenikent Bulvar\u0131\u2019nda start alan Ralli heyecan\u0131, bu ak\u015fam 20:30\u2019dan itibaren Drift ve T\u0131rmanma ara\u00e7lar\u0131n\u0131n \u00f6zel seyirci etab\u0131 ile devam edecek\u20263 \u00f6nc\u00fc ara\u00e7, 15 Drift ve T\u0131rmanma arac\u0131n\u0131n\" \/>\n<meta property=\"og:url\" content=\"https:\/\/kibrisdakik.com\/?p=10456\" \/>\n<meta property=\"article:published_time\" content=\"2023-07-15T17:18:18+00:00\" \/>\n<meta property=\"og:image\" content=\"https:\/\/kibrisdakik.com\/wp-content\/uploads\/2023\/07\/Gonyeli-Alaykoy-Rallisi-740x420.jpg\" \/>\n\t<meta property=\"og:image:width\" content=\"1080\" \/>\n\t<meta property=\"og:image:height\" content=\"631\" \/>\n\t<meta property=\"og:image:type\" content=\"image\/jpeg\" \/>\n<meta name=\"author\" content=\"admin\" \/>\n<meta name=\"twitter:card\" content=\"summary_large_image\" \/>\n<meta name=\"twitter:label1\" content=\"Yazan:\" \/>\n\t<meta name=\"twitter:data1\" content=\"admin\" \/>\n\t<meta name=\"twitter:label2\" content=\"Tahmini okuma s\u00fcresi\" \/>\n\t<meta name=\"twitter:data2\" content=\"1 dakika\" \/>\n<script type=\"application\/ld+json\" class=\"yoast-schema-graph\">{\"@context\":\"https:\\\/\\\/schema.org\",\"@graph\":[{\"@type\":\"Article\",\"@id\":\"https:\\\/\\\/kibrisdakik.com\\\/?p=10456#article\",\"isPartOf\":{\"@id\":\"https:\\\/\\\/kibrisdakik.com\\\/?p=10456\"},\"author\":{\"name\":\"admin\",\"@id\":\"https:\\\/\\\/kibrisdakik.com\\\/#\\\/schema\\\/person\\\/9cd9d437bbb44f72b73ba127e06d8e79\"},\"headline\":\"G\u00f6nyeli-Alayk\u00f6y Rallisi\",\"datePublished\":\"2023-07-15T17:18:18+00:00\",\"mainEntityOfPage\":{\"@id\":\"https:\\\/\\\/kibrisdakik.com\\\/?p=10456\"},\"wordCount\":125,\"commentCount\":0,\"image\":{\"@id\":\"https:\\\/\\\/kibrisdakik.com\\\/?p=10456#primaryimage\"},\"thumbnailUrl\":\"https:\\\/\\\/kibrisdakik.com\\\/wp-content\\\/uploads\\\/2023\\\/07\\\/Gonyeli-Alaykoy-Rallisi-740x420.jpg\",\"articleSection\":[\"Spor\"],\"inLanguage\":\"tr\",\"potentialAction\":[{\"@type\":\"CommentAction\",\"name\":\"Comment\",\"target\":[\"https:\\\/\\\/kibrisdakik.com\\\/?p=10456#respond\"]}]},{\"@type\":\"WebPage\",\"@id\":\"https:\\\/\\\/kibrisdakik.com\\\/?p=10456\",\"url\":\"https:\\\/\\\/kibrisdakik.com\\\/?p=10456\",\"name\":\"G\u00f6nyeli-Alayk\u00f6y Rallisi -\",\"isPartOf\":{\"@id\":\"https:\\\/\\\/kibrisdakik.com\\\/#website\"},\"primaryImageOfPage\":{\"@id\":\"https:\\\/\\\/kibrisdakik.com\\\/?p=10456#primaryimage\"},\"image\":{\"@id\":\"https:\\\/\\\/kibrisdakik.com\\\/?p=10456#primaryimage\"},\"thumbnailUrl\":\"https:\\\/\\\/kibrisdakik.com\\\/wp-content\\\/uploads\\\/2023\\\/07\\\/Gonyeli-Alaykoy-Rallisi-740x420.jpg\",\"datePublished\":\"2023-07-15T17:18:18+00:00\",\"author\":{\"@id\":\"https:\\\/\\\/kibrisdakik.com\\\/#\\\/schema\\\/person\\\/9cd9d437bbb44f72b73ba127e06d8e79\"},\"breadcrumb\":{\"@id\":\"https:\\\/\\\/kibrisdakik.com\\\/?p=10456#breadcrumb\"},\"inLanguage\":\"tr\",\"potentialAction\":[{\"@type\":\"ReadAction\",\"target\":[\"https:\\\/\\\/kibrisdakik.com\\\/?p=10456\"]}]},{\"@type\":\"ImageObject\",\"inLanguage\":\"tr\",\"@id\":\"https:\\\/\\\/kibrisdakik.com\\\/?p=10456#primaryimage\",\"url\":\"https:\\\/\\\/kibrisdakik.com\\\/wp-content\\\/uploads\\\/2023\\\/07\\\/Gonyeli-Alaykoy-Rallisi-740x420.jpg\",\"contentUrl\":\"https:\\\/\\\/kibrisdakik.com\\\/wp-content\\\/uploads\\\/2023\\\/07\\\/Gonyeli-Alaykoy-Rallisi-740x420.jpg\",\"width\":1080,\"height\":631},{\"@type\":\"BreadcrumbList\",\"@id\":\"https:\\\/\\\/kibrisdakik.com\\\/?p=10456#breadcrumb\",\"itemListElement\":[{\"@type\":\"ListItem\",\"position\":1,\"name\":\"Home\",\"item\":\"https:\\\/\\\/kibrisdakik.com\\\/\"},{\"@type\":\"ListItem\",\"position\":2,\"name\":\"G\u00f6nyeli-Alayk\u00f6y Rallisi\"}]},{\"@type\":\"WebSite\",\"@id\":\"https:\\\/\\\/kibrisdakik.com\\\/#website\",\"url\":\"https:\\\/\\\/kibrisdakik.com\\\/\",\"name\":\"\",\"description\":\"Tam vaktinde haber\",\"potentialAction\":[{\"@type\":\"SearchAction\",\"target\":{\"@type\":\"EntryPoint\",\"urlTemplate\":\"https:\\\/\\\/kibrisdakik.com\\\/?s={search_term_string}\"},\"query-input\":{\"@type\":\"PropertyValueSpecification\",\"valueRequired\":true,\"valueName\":\"search_term_string\"}}],\"inLanguage\":\"tr\"},{\"@type\":\"Person\",\"@id\":\"https:\\\/\\\/kibrisdakik.com\\\/#\\\/schema\\\/person\\\/9cd9d437bbb44f72b73ba127e06d8e79\",\"name\":\"admin\",\"image\":{\"@type\":\"ImageObject\",\"inLanguage\":\"tr\",\"@id\":\"https:\\\/\\\/secure.gravatar.com\\\/avatar\\\/ccc17943b9d660506c869530f897617f7cb1c21a4bf30023f252596d83e1f007?s=96&d=mm&r=g\",\"url\":\"https:\\\/\\\/secure.gravatar.com\\\/avatar\\\/ccc17943b9d660506c869530f897617f7cb1c21a4bf30023f252596d83e1f007?s=96&d=mm&r=g\",\"contentUrl\":\"https:\\\/\\\/secure.gravatar.com\\\/avatar\\\/ccc17943b9d660506c869530f897617f7cb1c21a4bf30023f252596d83e1f007?s=96&d=mm&r=g\",\"caption\":\"admin\"},\"sameAs\":[\"https:\\\/\\\/kibrisdakik.com\"],\"url\":\"https:\\\/\\\/kibrisdakik.com\\\/?author=1\"}]}<\/script>\n<!-- \/ Yoast SEO plugin. -->","yoast_head_json":{"title":"G\u00f6nyeli-Alayk\u00f6y Rallisi -","robots":{"index":"index","follow":"follow","max-snippet":"max-snippet:-1","max-image-preview":"max-image-preview:large","max-video-preview":"max-video-preview:-1"},"canonical":"https:\/\/kibrisdakik.com\/?p=10456","og_locale":"tr_TR","og_type":"article","og_title":"G\u00f6nyeli-Alayk\u00f6y Rallisi -","og_description":"\u0130ki g\u00fcnl\u00fck heyecan bug\u00fcn Yenikent \u00f6zel etab\u0131 ile start ald\u0131 G\u00f6nyeli-Alayk\u00f6y Belediyesi ile Espresso Lab\u2019\u0131n destek verdi\u011fi G\u00f6nyeli-Alayk\u00f6y Rallisi bug\u00fcn ba\u015flad\u0131\u2026Yenikent \u015eehir i\u00e7i \u00f6zel etab\u0131 ile saat 19.30\u2019da Yenikent Bulvar\u0131\u2019nda start alan Ralli heyecan\u0131, bu ak\u015fam 20:30\u2019dan itibaren Drift ve T\u0131rmanma ara\u00e7lar\u0131n\u0131n \u00f6zel seyirci etab\u0131 ile devam edecek\u20263 \u00f6nc\u00fc ara\u00e7, 15 Drift ve T\u0131rmanma arac\u0131n\u0131n","og_url":"https:\/\/kibrisdakik.com\/?p=10456","article_published_time":"2023-07-15T17:18:18+00:00","og_image":[{"width":1080,"height":631,"url":"https:\/\/kibrisdakik.com\/wp-content\/uploads\/2023\/07\/Gonyeli-Alaykoy-Rallisi-740x420.jpg","type":"image\/jpeg"}],"author":"admin","twitter_card":"summary_large_image","twitter_misc":{"Yazan:":"admin","Tahmini okuma s\u00fcresi":"1 dakika"},"schema":{"@context":"https:\/\/schema.org","@graph":[{"@type":"Article","@id":"https:\/\/kibrisdakik.com\/?p=10456#article","isPartOf":{"@id":"https:\/\/kibrisdakik.com\/?p=10456"},"author":{"name":"admin","@id":"https:\/\/kibrisdakik.com\/#\/schema\/person\/9cd9d437bbb44f72b73ba127e06d8e79"},"headline":"G\u00f6nyeli-Alayk\u00f6y Rallisi","datePublished":"2023-07-15T17:18:18+00:00","mainEntityOfPage":{"@id":"https:\/\/kibrisdakik.com\/?p=10456"},"wordCount":125,"commentCount":0,"image":{"@id":"https:\/\/kibrisdakik.com\/?p=10456#primaryimage"},"thumbnailUrl":"https:\/\/kibrisdakik.com\/wp-content\/uploads\/2023\/07\/Gonyeli-Alaykoy-Rallisi-740x420.jpg","articleSection":["Spor"],"inLanguage":"tr","potentialAction":[{"@type":"CommentAction","name":"Comment","target":["https:\/\/kibrisdakik.com\/?p=10456#respond"]}]},{"@type":"WebPage","@id":"https:\/\/kibrisdakik.com\/?p=10456","url":"https:\/\/kibrisdakik.com\/?p=10456","name":"G\u00f6nyeli-Alayk\u00f6y Rallisi -","isPartOf":{"@id":"https:\/\/kibrisdakik.com\/#website"},"primaryImageOfPage":{"@id":"https:\/\/kibrisdakik.com\/?p=10456#primaryimage"},"image":{"@id":"https:\/\/kibrisdakik.com\/?p=10456#primaryimage"},"thumbnailUrl":"https:\/\/kibrisdakik.com\/wp-content\/uploads\/2023\/07\/Gonyeli-Alaykoy-Rallisi-740x420.jpg","datePublished":"2023-07-15T17:18:18+00:00","author":{"@id":"https:\/\/kibrisdakik.com\/#\/schema\/person\/9cd9d437bbb44f72b73ba127e06d8e79"},"breadcrumb":{"@id":"https:\/\/kibrisdakik.com\/?p=10456#breadcrumb"},"inLanguage":"tr","potentialAction":[{"@type":"ReadAction","target":["https:\/\/kibrisdakik.com\/?p=10456"]}]},{"@type":"ImageObject","inLanguage":"tr","@id":"https:\/\/kibrisdakik.com\/?p=10456#primaryimage","url":"https:\/\/kibrisdakik.com\/wp-content\/uploads\/2023\/07\/Gonyeli-Alaykoy-Rallisi-740x420.jpg","contentUrl":"https:\/\/kibrisdakik.com\/wp-content\/uploads\/2023\/07\/Gonyeli-Alaykoy-Rallisi-740x420.jpg","width":1080,"height":631},{"@type":"BreadcrumbList","@id":"https:\/\/kibrisdakik.com\/?p=10456#breadcrumb","itemListElement":[{"@type":"ListItem","position":1,"name":"Home","item":"https:\/\/kibrisdakik.com\/"},{"@type":"ListItem","position":2,"name":"G\u00f6nyeli-Alayk\u00f6y Rallisi"}]},{"@type":"WebSite","@id":"https:\/\/kibrisdakik.com\/#website","url":"https:\/\/kibrisdakik.com\/","name":"","description":"Tam vaktinde haber","potentialAction":[{"@type":"SearchAction","target":{"@type":"EntryPoint","urlTemplate":"https:\/\/kibrisdakik.com\/?s={search_term_string}"},"query-input":{"@type":"PropertyValueSpecification","valueRequired":true,"valueName":"search_term_string"}}],"inLanguage":"tr"},{"@type":"Person","@id":"https:\/\/kibrisdakik.com\/#\/schema\/person\/9cd9d437bbb44f72b73ba127e06d8e79","name":"admin","image":{"@type":"ImageObject","inLanguage":"tr","@id":"https:\/\/secure.gravatar.com\/avatar\/ccc17943b9d660506c869530f897617f7cb1c21a4bf30023f252596d83e1f007?s=96&d=mm&r=g","url":"https:\/\/secure.gravatar.com\/avatar\/ccc17943b9d660506c869530f897617f7cb1c21a4bf30023f252596d83e1f007?s=96&d=mm&r=g","contentUrl":"https:\/\/secure.gravatar.com\/avatar\/ccc17943b9d660506c869530f897617f7cb1c21a4bf30023f252596d83e1f007?s=96&d=mm&r=g","caption":"admin"},"sameAs":["https:\/\/kibrisdakik.com"],"url":"https:\/\/kibrisdakik.com\/?author=1"}]}},"_links":{"self":[{"href":"https:\/\/kibrisdakik.com\/index.php?rest_route=\/wp\/v2\/posts\/10456","targetHints":{"allow":["GET"]}}],"collection":[{"href":"https:\/\/kibrisdakik.com\/index.php?rest_route=\/wp\/v2\/posts"}],"about":[{"href":"https:\/\/kibrisdakik.com\/index.php?rest_route=\/wp\/v2\/types\/post"}],"author":[{"embeddable":true,"href":"https:\/\/kibrisdakik.com\/index.php?rest_route=\/wp\/v2\/users\/1"}],"replies":[{"embeddable":true,"href":"https:\/\/kibrisdakik.com\/index.php?rest_route=%2Fwp%2Fv2%2Fcomments&post=10456"}],"version-history":[{"count":0,"href":"https:\/\/kibrisdakik.com\/index.php?rest_route=\/wp\/v2\/posts\/10456\/revisions"}],"wp:featuredmedia":[{"embeddable":true,"href":"https:\/\/kibrisdakik.com\/index.php?rest_route=\/wp\/v2\/media\/10457"}],"wp:attachment":[{"href":"https:\/\/kibrisdakik.com\/index.php?rest_route=%2Fwp%2Fv2%2Fmedia&parent=10456"}],"wp:term":[{"taxonomy":"category","embeddable":true,"href":"https:\/\/kibrisdakik.com\/index.php?rest_route=%2Fwp%2Fv2%2Fcategories&post=10456"},{"taxonomy":"post_tag","embeddable":true,"href":"https:\/\/kibrisdakik.com\/index.php?rest_route=%2Fwp%2Fv2%2Ftags&post=10456"}],"curies":[{"name":"wp","href":"https:\/\/api.w.org\/{rel}","templated":true}]}}