{"id":104581,"date":"2026-01-22T13:04:22","date_gmt":"2026-01-22T11:04:22","guid":{"rendered":"https:\/\/kibrisdakik.com\/index.php\/2026\/01\/22\/tarim-bakani-cavus-mersin-ticaret-ve-sanayi-odasini-kabul-etti\/"},"modified":"2026-01-22T13:04:22","modified_gmt":"2026-01-22T11:04:22","slug":"tarim-bakani-cavus-mersin-ticaret-ve-sanayi-odasini-kabul-etti","status":"publish","type":"post","link":"https:\/\/kibrisdakik.com\/?p=104581","title":{"rendered":"TARIM BAKANI \u00c7AVU\u015e MERS\u0130N T\u0130CARET VE SANAY\u0130 ODASINI KABUL ETT\u0130"},"content":{"rendered":"<p><\/p>\n<div data-text-id=\"194462\" property=\"articleBody\">\n<p>Tar\u0131m ve Do\u011fal Kaynaklar Bakanl\u0131\u011f\u0131\u2019ndan verilen bilgiye g\u00f6re, kabulde, su politikalar\u0131 ba\u015fta olmak \u00fczere tar\u0131m alan\u0131ndaki mevcut \u00e7al\u0131\u015fmalar, i\u015f birli\u011fi olanaklar\u0131 ve ortak projeler ele al\u0131nd\u0131.<\/p>\n<p>Bakanl\u0131k a\u00e7\u0131klamas\u0131nda, g\u00f6r\u00fc\u015fmede, T\u00fcrkiye ile y\u00fcr\u00fct\u00fclen i\u015f birli\u011finin stratejik \u00f6nemi vurgulan\u0131rken, birlik ve beraberli\u011fin tar\u0131m politikalar\u0131na g\u00fc\u00e7l\u00fc \u015fekilde yans\u0131mas\u0131n\u0131n gereklili\u011fine dikkat \u00e7ekildi.<\/p>\n<p>Tar\u0131m ve Do\u011fal Kaynaklar Bakan\u0131 H\u00fcseyin \u00c7avu\u015f, kabulde, T\u00fcrkiye\u2019nin her zaman \u00f6ncelikleri oldu\u011funu belirterek, \u00fcretim s\u00fcre\u00e7lerinde ve t\u00fcm payda\u015flarla y\u00fcr\u00fct\u00fclen \u00e7al\u0131\u015fmalarda bu anlay\u0131\u015fla hareket edildi\u011fini ifade etti.<\/p>\n<p>\u00c7avu\u015f, ayr\u0131ca, tar\u0131mda s\u00fcrd\u00fcr\u00fclebilirlik ve verimlili\u011fin art\u0131r\u0131lmas\u0131na y\u00f6nelik politikalar\u0131n kararl\u0131l\u0131kla s\u00fcrd\u00fcr\u00fcld\u00fc\u011f\u00fcn\u00fc de vurgulad\u0131.<\/p>\n<p>A\u00e7\u0131klamada, ayr\u0131ca tar\u0131m, ihracat ve turizmin \u00fclke ekonomisinin temel yap\u0131 ta\u015flar\u0131 aras\u0131nda yer ald\u0131\u011f\u0131 ve bu alanlarda i\u015f birli\u011finin art\u0131r\u0131larak s\u00fcrd\u00fcr\u00fclmesinin \u00f6nemine i\u015faret edilerek, tar\u0131mda sa\u011flanacak birlik ve beraberli\u011fin, yat\u0131r\u0131mlara ve ekonomik kalk\u0131nmaya \u00f6nemli katk\u0131lar sa\u011flayaca\u011f\u0131 kaydedildi.<\/p>\n<\/p><\/div>\n","protected":false},"excerpt":{"rendered":"<p>Tar\u0131m ve Do\u011fal Kaynaklar Bakanl\u0131\u011f\u0131\u2019ndan verilen bilgiye g\u00f6re, kabulde, su politikalar\u0131 ba\u015fta olmak \u00fczere tar\u0131m alan\u0131ndaki mevcut \u00e7al\u0131\u015fmalar, i\u015f birli\u011fi olanaklar\u0131 ve ortak projeler ele al\u0131nd\u0131. Bakanl\u0131k a\u00e7\u0131klamas\u0131nda, g\u00f6r\u00fc\u015fmede, T\u00fcrkiye ile y\u00fcr\u00fct\u00fclen i\u015f birli\u011finin stratejik \u00f6nemi vurgulan\u0131rken, birlik ve beraberli\u011fin tar\u0131m politikalar\u0131na g\u00fc\u00e7l\u00fc \u015fekilde yans\u0131mas\u0131n\u0131n gereklili\u011fine dikkat \u00e7ekildi. Tar\u0131m ve Do\u011fal Kaynaklar Bakan\u0131 H\u00fcseyin \u00c7avu\u015f,<\/p>\n","protected":false},"author":1,"featured_media":104582,"comment_status":"open","ping_status":"open","sticky":false,"template":"","format":"standard","meta":{"footnotes":""},"categories":[81],"tags":[],"class_list":["post-104581","post","type-post","status-publish","format-standard","has-post-thumbnail","hentry","category-kibris"],"yoast_head":"<!-- This site is optimized with the Yoast SEO plugin v27.4 - https:\/\/yoast.com\/product\/yoast-seo-wordpress\/ -->\n<title>TARIM BAKANI \u00c7AVU\u015e MERS\u0130N T\u0130CARET VE SANAY\u0130 ODASINI KABUL ETT\u0130 -<\/title>\n<meta name=\"robots\" content=\"index, follow, max-snippet:-1, max-image-preview:large, max-video-preview:-1\" \/>\n<link rel=\"canonical\" href=\"https:\/\/kibrisdakik.com\/?p=104581\" \/>\n<meta property=\"og:locale\" content=\"tr_TR\" \/>\n<meta property=\"og:type\" content=\"article\" \/>\n<meta property=\"og:title\" content=\"TARIM BAKANI \u00c7AVU\u015e MERS\u0130N T\u0130CARET VE SANAY\u0130 ODASINI KABUL ETT\u0130 -\" \/>\n<meta property=\"og:description\" content=\"Tar\u0131m ve Do\u011fal Kaynaklar Bakanl\u0131\u011f\u0131\u2019ndan verilen bilgiye g\u00f6re, kabulde, su politikalar\u0131 ba\u015fta olmak \u00fczere tar\u0131m alan\u0131ndaki mevcut \u00e7al\u0131\u015fmalar, i\u015f birli\u011fi olanaklar\u0131 ve ortak projeler ele al\u0131nd\u0131. Bakanl\u0131k a\u00e7\u0131klamas\u0131nda, g\u00f6r\u00fc\u015fmede, T\u00fcrkiye ile y\u00fcr\u00fct\u00fclen i\u015f birli\u011finin stratejik \u00f6nemi vurgulan\u0131rken, birlik ve beraberli\u011fin tar\u0131m politikalar\u0131na g\u00fc\u00e7l\u00fc \u015fekilde yans\u0131mas\u0131n\u0131n gereklili\u011fine dikkat \u00e7ekildi. Tar\u0131m ve Do\u011fal Kaynaklar Bakan\u0131 H\u00fcseyin \u00c7avu\u015f,\" \/>\n<meta property=\"og:url\" content=\"https:\/\/kibrisdakik.com\/?p=104581\" \/>\n<meta property=\"article:published_time\" content=\"2026-01-22T11:04:22+00:00\" \/>\n<meta property=\"og:image\" content=\"https:\/\/kibrisdakik.com\/wp-content\/uploads\/2026\/01\/90-9.png\" \/>\n\t<meta property=\"og:image:width\" content=\"1280\" \/>\n\t<meta property=\"og:image:height\" content=\"720\" \/>\n\t<meta property=\"og:image:type\" content=\"image\/png\" \/>\n<meta name=\"author\" content=\"admin\" \/>\n<meta name=\"twitter:card\" content=\"summary_large_image\" \/>\n<meta name=\"twitter:label1\" content=\"Yazan:\" \/>\n\t<meta name=\"twitter:data1\" content=\"admin\" \/>\n\t<meta name=\"twitter:label2\" content=\"Tahmini okuma s\u00fcresi\" \/>\n\t<meta name=\"twitter:data2\" content=\"1 dakika\" \/>\n<script type=\"application\/ld+json\" class=\"yoast-schema-graph\">{\"@context\":\"https:\\\/\\\/schema.org\",\"@graph\":[{\"@type\":\"Article\",\"@id\":\"https:\\\/\\\/kibrisdakik.com\\\/?p=104581#article\",\"isPartOf\":{\"@id\":\"https:\\\/\\\/kibrisdakik.com\\\/?p=104581\"},\"author\":{\"name\":\"admin\",\"@id\":\"https:\\\/\\\/kibrisdakik.com\\\/#\\\/schema\\\/person\\\/9cd9d437bbb44f72b73ba127e06d8e79\"},\"headline\":\"TARIM BAKANI \u00c7AVU\u015e MERS\u0130N T\u0130CARET VE SANAY\u0130 ODASINI KABUL ETT\u0130\",\"datePublished\":\"2026-01-22T11:04:22+00:00\",\"mainEntityOfPage\":{\"@id\":\"https:\\\/\\\/kibrisdakik.com\\\/?p=104581\"},\"wordCount\":219,\"commentCount\":0,\"image\":{\"@id\":\"https:\\\/\\\/kibrisdakik.com\\\/?p=104581#primaryimage\"},\"thumbnailUrl\":\"https:\\\/\\\/kibrisdakik.com\\\/wp-content\\\/uploads\\\/2026\\\/01\\\/90-9.png\",\"articleSection\":[\"K\u0131br\u0131s\"],\"inLanguage\":\"tr\",\"potentialAction\":[{\"@type\":\"CommentAction\",\"name\":\"Comment\",\"target\":[\"https:\\\/\\\/kibrisdakik.com\\\/?p=104581#respond\"]}]},{\"@type\":\"WebPage\",\"@id\":\"https:\\\/\\\/kibrisdakik.com\\\/?p=104581\",\"url\":\"https:\\\/\\\/kibrisdakik.com\\\/?p=104581\",\"name\":\"TARIM BAKANI \u00c7AVU\u015e MERS\u0130N T\u0130CARET VE SANAY\u0130 ODASINI KABUL ETT\u0130 -\",\"isPartOf\":{\"@id\":\"https:\\\/\\\/kibrisdakik.com\\\/#website\"},\"primaryImageOfPage\":{\"@id\":\"https:\\\/\\\/kibrisdakik.com\\\/?p=104581#primaryimage\"},\"image\":{\"@id\":\"https:\\\/\\\/kibrisdakik.com\\\/?p=104581#primaryimage\"},\"thumbnailUrl\":\"https:\\\/\\\/kibrisdakik.com\\\/wp-content\\\/uploads\\\/2026\\\/01\\\/90-9.png\",\"datePublished\":\"2026-01-22T11:04:22+00:00\",\"author\":{\"@id\":\"https:\\\/\\\/kibrisdakik.com\\\/#\\\/schema\\\/person\\\/9cd9d437bbb44f72b73ba127e06d8e79\"},\"breadcrumb\":{\"@id\":\"https:\\\/\\\/kibrisdakik.com\\\/?p=104581#breadcrumb\"},\"inLanguage\":\"tr\",\"potentialAction\":[{\"@type\":\"ReadAction\",\"target\":[\"https:\\\/\\\/kibrisdakik.com\\\/?p=104581\"]}]},{\"@type\":\"ImageObject\",\"inLanguage\":\"tr\",\"@id\":\"https:\\\/\\\/kibrisdakik.com\\\/?p=104581#primaryimage\",\"url\":\"https:\\\/\\\/kibrisdakik.com\\\/wp-content\\\/uploads\\\/2026\\\/01\\\/90-9.png\",\"contentUrl\":\"https:\\\/\\\/kibrisdakik.com\\\/wp-content\\\/uploads\\\/2026\\\/01\\\/90-9.png\",\"width\":1280,\"height\":720},{\"@type\":\"BreadcrumbList\",\"@id\":\"https:\\\/\\\/kibrisdakik.com\\\/?p=104581#breadcrumb\",\"itemListElement\":[{\"@type\":\"ListItem\",\"position\":1,\"name\":\"Home\",\"item\":\"https:\\\/\\\/kibrisdakik.com\\\/\"},{\"@type\":\"ListItem\",\"position\":2,\"name\":\"TARIM BAKANI \u00c7AVU\u015e MERS\u0130N T\u0130CARET VE SANAY\u0130 ODASINI KABUL ETT\u0130\"}]},{\"@type\":\"WebSite\",\"@id\":\"https:\\\/\\\/kibrisdakik.com\\\/#website\",\"url\":\"https:\\\/\\\/kibrisdakik.com\\\/\",\"name\":\"\",\"description\":\"Tam vaktinde haber\",\"potentialAction\":[{\"@type\":\"SearchAction\",\"target\":{\"@type\":\"EntryPoint\",\"urlTemplate\":\"https:\\\/\\\/kibrisdakik.com\\\/?s={search_term_string}\"},\"query-input\":{\"@type\":\"PropertyValueSpecification\",\"valueRequired\":true,\"valueName\":\"search_term_string\"}}],\"inLanguage\":\"tr\"},{\"@type\":\"Person\",\"@id\":\"https:\\\/\\\/kibrisdakik.com\\\/#\\\/schema\\\/person\\\/9cd9d437bbb44f72b73ba127e06d8e79\",\"name\":\"admin\",\"image\":{\"@type\":\"ImageObject\",\"inLanguage\":\"tr\",\"@id\":\"https:\\\/\\\/secure.gravatar.com\\\/avatar\\\/ccc17943b9d660506c869530f897617f7cb1c21a4bf30023f252596d83e1f007?s=96&d=mm&r=g\",\"url\":\"https:\\\/\\\/secure.gravatar.com\\\/avatar\\\/ccc17943b9d660506c869530f897617f7cb1c21a4bf30023f252596d83e1f007?s=96&d=mm&r=g\",\"contentUrl\":\"https:\\\/\\\/secure.gravatar.com\\\/avatar\\\/ccc17943b9d660506c869530f897617f7cb1c21a4bf30023f252596d83e1f007?s=96&d=mm&r=g\",\"caption\":\"admin\"},\"sameAs\":[\"https:\\\/\\\/kibrisdakik.com\"],\"url\":\"https:\\\/\\\/kibrisdakik.com\\\/?author=1\"}]}<\/script>\n<!-- \/ Yoast SEO plugin. -->","yoast_head_json":{"title":"TARIM BAKANI \u00c7AVU\u015e MERS\u0130N T\u0130CARET VE SANAY\u0130 ODASINI KABUL ETT\u0130 -","robots":{"index":"index","follow":"follow","max-snippet":"max-snippet:-1","max-image-preview":"max-image-preview:large","max-video-preview":"max-video-preview:-1"},"canonical":"https:\/\/kibrisdakik.com\/?p=104581","og_locale":"tr_TR","og_type":"article","og_title":"TARIM BAKANI \u00c7AVU\u015e MERS\u0130N T\u0130CARET VE SANAY\u0130 ODASINI KABUL ETT\u0130 -","og_description":"Tar\u0131m ve Do\u011fal Kaynaklar Bakanl\u0131\u011f\u0131\u2019ndan verilen bilgiye g\u00f6re, kabulde, su politikalar\u0131 ba\u015fta olmak \u00fczere tar\u0131m alan\u0131ndaki mevcut \u00e7al\u0131\u015fmalar, i\u015f birli\u011fi olanaklar\u0131 ve ortak projeler ele al\u0131nd\u0131. Bakanl\u0131k a\u00e7\u0131klamas\u0131nda, g\u00f6r\u00fc\u015fmede, T\u00fcrkiye ile y\u00fcr\u00fct\u00fclen i\u015f birli\u011finin stratejik \u00f6nemi vurgulan\u0131rken, birlik ve beraberli\u011fin tar\u0131m politikalar\u0131na g\u00fc\u00e7l\u00fc \u015fekilde yans\u0131mas\u0131n\u0131n gereklili\u011fine dikkat \u00e7ekildi. Tar\u0131m ve Do\u011fal Kaynaklar Bakan\u0131 H\u00fcseyin \u00c7avu\u015f,","og_url":"https:\/\/kibrisdakik.com\/?p=104581","article_published_time":"2026-01-22T11:04:22+00:00","og_image":[{"width":1280,"height":720,"url":"https:\/\/kibrisdakik.com\/wp-content\/uploads\/2026\/01\/90-9.png","type":"image\/png"}],"author":"admin","twitter_card":"summary_large_image","twitter_misc":{"Yazan:":"admin","Tahmini okuma s\u00fcresi":"1 dakika"},"schema":{"@context":"https:\/\/schema.org","@graph":[{"@type":"Article","@id":"https:\/\/kibrisdakik.com\/?p=104581#article","isPartOf":{"@id":"https:\/\/kibrisdakik.com\/?p=104581"},"author":{"name":"admin","@id":"https:\/\/kibrisdakik.com\/#\/schema\/person\/9cd9d437bbb44f72b73ba127e06d8e79"},"headline":"TARIM BAKANI \u00c7AVU\u015e MERS\u0130N T\u0130CARET VE SANAY\u0130 ODASINI KABUL ETT\u0130","datePublished":"2026-01-22T11:04:22+00:00","mainEntityOfPage":{"@id":"https:\/\/kibrisdakik.com\/?p=104581"},"wordCount":219,"commentCount":0,"image":{"@id":"https:\/\/kibrisdakik.com\/?p=104581#primaryimage"},"thumbnailUrl":"https:\/\/kibrisdakik.com\/wp-content\/uploads\/2026\/01\/90-9.png","articleSection":["K\u0131br\u0131s"],"inLanguage":"tr","potentialAction":[{"@type":"CommentAction","name":"Comment","target":["https:\/\/kibrisdakik.com\/?p=104581#respond"]}]},{"@type":"WebPage","@id":"https:\/\/kibrisdakik.com\/?p=104581","url":"https:\/\/kibrisdakik.com\/?p=104581","name":"TARIM BAKANI \u00c7AVU\u015e MERS\u0130N T\u0130CARET VE SANAY\u0130 ODASINI KABUL ETT\u0130 -","isPartOf":{"@id":"https:\/\/kibrisdakik.com\/#website"},"primaryImageOfPage":{"@id":"https:\/\/kibrisdakik.com\/?p=104581#primaryimage"},"image":{"@id":"https:\/\/kibrisdakik.com\/?p=104581#primaryimage"},"thumbnailUrl":"https:\/\/kibrisdakik.com\/wp-content\/uploads\/2026\/01\/90-9.png","datePublished":"2026-01-22T11:04:22+00:00","author":{"@id":"https:\/\/kibrisdakik.com\/#\/schema\/person\/9cd9d437bbb44f72b73ba127e06d8e79"},"breadcrumb":{"@id":"https:\/\/kibrisdakik.com\/?p=104581#breadcrumb"},"inLanguage":"tr","potentialAction":[{"@type":"ReadAction","target":["https:\/\/kibrisdakik.com\/?p=104581"]}]},{"@type":"ImageObject","inLanguage":"tr","@id":"https:\/\/kibrisdakik.com\/?p=104581#primaryimage","url":"https:\/\/kibrisdakik.com\/wp-content\/uploads\/2026\/01\/90-9.png","contentUrl":"https:\/\/kibrisdakik.com\/wp-content\/uploads\/2026\/01\/90-9.png","width":1280,"height":720},{"@type":"BreadcrumbList","@id":"https:\/\/kibrisdakik.com\/?p=104581#breadcrumb","itemListElement":[{"@type":"ListItem","position":1,"name":"Home","item":"https:\/\/kibrisdakik.com\/"},{"@type":"ListItem","position":2,"name":"TARIM BAKANI \u00c7AVU\u015e MERS\u0130N T\u0130CARET VE SANAY\u0130 ODASINI KABUL ETT\u0130"}]},{"@type":"WebSite","@id":"https:\/\/kibrisdakik.com\/#website","url":"https:\/\/kibrisdakik.com\/","name":"","description":"Tam vaktinde haber","potentialAction":[{"@type":"SearchAction","target":{"@type":"EntryPoint","urlTemplate":"https:\/\/kibrisdakik.com\/?s={search_term_string}"},"query-input":{"@type":"PropertyValueSpecification","valueRequired":true,"valueName":"search_term_string"}}],"inLanguage":"tr"},{"@type":"Person","@id":"https:\/\/kibrisdakik.com\/#\/schema\/person\/9cd9d437bbb44f72b73ba127e06d8e79","name":"admin","image":{"@type":"ImageObject","inLanguage":"tr","@id":"https:\/\/secure.gravatar.com\/avatar\/ccc17943b9d660506c869530f897617f7cb1c21a4bf30023f252596d83e1f007?s=96&d=mm&r=g","url":"https:\/\/secure.gravatar.com\/avatar\/ccc17943b9d660506c869530f897617f7cb1c21a4bf30023f252596d83e1f007?s=96&d=mm&r=g","contentUrl":"https:\/\/secure.gravatar.com\/avatar\/ccc17943b9d660506c869530f897617f7cb1c21a4bf30023f252596d83e1f007?s=96&d=mm&r=g","caption":"admin"},"sameAs":["https:\/\/kibrisdakik.com"],"url":"https:\/\/kibrisdakik.com\/?author=1"}]}},"_links":{"self":[{"href":"https:\/\/kibrisdakik.com\/index.php?rest_route=\/wp\/v2\/posts\/104581","targetHints":{"allow":["GET"]}}],"collection":[{"href":"https:\/\/kibrisdakik.com\/index.php?rest_route=\/wp\/v2\/posts"}],"about":[{"href":"https:\/\/kibrisdakik.com\/index.php?rest_route=\/wp\/v2\/types\/post"}],"author":[{"embeddable":true,"href":"https:\/\/kibrisdakik.com\/index.php?rest_route=\/wp\/v2\/users\/1"}],"replies":[{"embeddable":true,"href":"https:\/\/kibrisdakik.com\/index.php?rest_route=%2Fwp%2Fv2%2Fcomments&post=104581"}],"version-history":[{"count":0,"href":"https:\/\/kibrisdakik.com\/index.php?rest_route=\/wp\/v2\/posts\/104581\/revisions"}],"wp:featuredmedia":[{"embeddable":true,"href":"https:\/\/kibrisdakik.com\/index.php?rest_route=\/wp\/v2\/media\/104582"}],"wp:attachment":[{"href":"https:\/\/kibrisdakik.com\/index.php?rest_route=%2Fwp%2Fv2%2Fmedia&parent=104581"}],"wp:term":[{"taxonomy":"category","embeddable":true,"href":"https:\/\/kibrisdakik.com\/index.php?rest_route=%2Fwp%2Fv2%2Fcategories&post=104581"},{"taxonomy":"post_tag","embeddable":true,"href":"https:\/\/kibrisdakik.com\/index.php?rest_route=%2Fwp%2Fv2%2Ftags&post=104581"}],"curies":[{"name":"wp","href":"https:\/\/api.w.org\/{rel}","templated":true}]}}