{"id":104597,"date":"2026-01-22T14:03:04","date_gmt":"2026-01-22T12:03:04","guid":{"rendered":"https:\/\/kibrisdakik.com\/index.php\/2026\/01\/22\/bakan-arikli-toplu-tasima-projesi-bazilarinin-keyfini-kaciriyor\/"},"modified":"2026-01-22T14:03:04","modified_gmt":"2026-01-22T12:03:04","slug":"bakan-arikli-toplu-tasima-projesi-bazilarinin-keyfini-kaciriyor","status":"publish","type":"post","link":"https:\/\/kibrisdakik.com\/?p=104597","title":{"rendered":"BAKAN ARIKLI: TOPLU TA\u015eIMA PROJES\u0130  BAZILARININ KEYF\u0130N\u0130 KA\u00c7IRIYOR"},"content":{"rendered":"<p><\/p>\n<div data-text-id=\"194481\" property=\"articleBody\">\n<p><span style=\"color:#000000\">Bakanl\u0131ktan yap\u0131lan a\u00e7\u0131klamaya g\u00f6re, ula\u015ft\u0131rma projeleri, toplu ta\u015f\u0131ma reformu, \u00f6zelle\u015ftirme tart\u0131\u015fmalar\u0131 ve K\u0131br\u0131s sorunu ba\u015fta olmak \u00fczere bir\u00e7ok konuda de\u011ferlendirmelerde bulunan Ar\u0131kl\u0131, \u00f6zelle\u015ftirme ve yat\u0131r\u0131m modellerine y\u00f6nelik tepkilerin \u00fclke ekonomisine zarar verdi\u011fini ifade etti.<\/span><\/p>\n<h3><span style=\"color:#000000\">&#8211; Da\u011f yolunda altyap\u0131 \u00e7al\u0131\u015fmalar\u0131 ba\u015flad\u0131<\/span><\/h3>\n<p><span style=\"color:#000000\">BRT ekranlar\u0131nda yay\u0131mlanan <em>Man\u015fet+<\/em> program\u0131nda Aziz Karaaziz\u2019in sorular\u0131n\u0131 yan\u0131tlayan Bakan Ar\u0131kl\u0131, Girne da\u011f yolu olarak bilinen De\u011firmenlik\u2013\u00c7atalk\u00f6y yolunda altyap\u0131 \u00e7al\u0131\u015fmalar\u0131n\u0131n ba\u015flad\u0131\u011f\u0131n\u0131 belirterek, \u00e7al\u0131\u015fmalar\u0131n 3 ile 5 ay i\u00e7erisinde tamamlanmas\u0131n\u0131n \u00f6ng\u00f6r\u00fcld\u00fc\u011f\u00fcn\u00fc s\u00f6yledi.<\/span><\/p>\n<p><span style=\"color:#000000\">Karayolu a\u011f\u0131n\u0131n geli\u015ftirilmesine y\u00f6nelik \u00e7al\u0131\u015fmalar\u0131n aral\u0131ks\u0131z s\u00fcrd\u00fc\u011f\u00fcn\u00fc belirten Ar\u0131kl\u0131, Sadrazamk\u00f6y yolu ile Ge\u00e7itk\u00f6y\u2013\u00c7aml\u0131bel yolu g\u00fczerg\u00e2hlar\u0131nda da \u00e7al\u0131\u015fmalar\u0131n devam etti\u011fini kaydetti.<\/span><\/p>\n<p><span style=\"color:#000000\">Dipkarpaz\u2013Manast\u0131r yolunun \u015fubat ay\u0131nda a\u00e7\u0131laca\u011f\u0131n\u0131 a\u00e7\u0131klayan Ar\u0131kl\u0131, \u0130skele \u00c7ay\u0131rova yolunda ise istimlak sorunu ve mahkeme ara emri bulundu\u011funu, yolun yeniden kaz\u0131l\u0131p d\u00f6k\u00fclece\u011fini ve \u0130skele Belediyesi ile i\u015f birli\u011fi yap\u0131laca\u011f\u0131n\u0131 ifade etti. <\/span><\/p>\n<p><span style=\"color:#000000\">&#8211; Toplu Ta\u015f\u0131ma Master Plan\u0131 ve rant ele\u015ftirisi<\/span><\/p>\n<p><span style=\"color:#000000\">KKTC Toplu Ta\u015f\u0131ma Master Plan\u0131\u2019n\u0131n belediyelere sunuldu\u011funu belirten Ar\u0131kl\u0131, belediyelerin projedeki rollerini bildirmesinin beklendi\u011fini s\u00f6yledi. &#8220;Mevcut sistemde ciddi bir rant d\u00fczeni bulundu\u011funu&#8221; s\u00f6yleyen Ar\u0131kl\u0131, toplu ta\u015f\u0131ma sistemi de\u011fi\u015fti\u011fi takdirde bu rant\u0131n kaybedilece\u011fi endi\u015fesiyle kamuoyu ve siyaset \u00fczerinde bask\u0131 olu\u015fturuldu\u011funu dile getirdi.<\/span><\/p>\n<p><span style=\"color:#000000\">Toplu ta\u015f\u0131ma yapan ara\u00e7 filosunun durumuna da de\u011finen Ar\u0131kl\u0131, ara\u00e7lar\u0131n y\u00fczde 60\u2019\u0131n\u0131n 30 ya\u015f\u0131n \u00fczerinde oldu\u011funu ancak y\u00fczde 5\u2019inin detayl\u0131 bir muayeneden ge\u00e7ebilece\u011fini s\u00f6yledi. Ar\u0131kl\u0131, bu hizmeti sa\u011flayacak ara\u00e7 muayene istasyonlar\u0131n\u0131n modernle\u015ftirilmesine dahi diren\u00e7 g\u00f6sterildi\u011fini kaydetti.<\/span><\/p>\n<p><span style=\"color:#000000\">T\u00fcrkiye\u2019de ve G\u00fcney K\u0131br\u0131s\u2019ta \u00e7ok detayl\u0131 muayene yap\u0131ld\u0131\u011f\u0131n\u0131, KKTC\u2019de ise muayenelerin b\u00fcy\u00fck \u00f6l\u00e7\u00fcde g\u00f6zleme dayal\u0131 ger\u00e7ekle\u015ftirildi\u011fini belirten Ar\u0131kl\u0131, yakla\u015f\u0131k 5 milyon dolarl\u0131k bir projeyle sistemin modernize edilebilece\u011fini, yap-i\u015flet-devret modeli \u00f6nerdi\u011fini ancak s\u00fcrecin t\u0131kand\u0131\u011f\u0131n\u0131 anlatt\u0131.<\/span><\/p>\n<h3><span style=\"color:#000000\">&#8211; Elektrikli ara\u00e7 ve kredi modeli<\/span><\/h3>\n<p><span style=\"color:#000000\">Ar\u0131kl\u0131, T\u00fcrkiye Cumhuriyeti yetkilileri ile yap\u0131lan g\u00f6r\u00fc\u015fmelerde, kooperatifle\u015fme ve \u015firketle\u015fmenin tamamlanmas\u0131n\u0131n ard\u0131ndan elektrikli ara\u00e7lar i\u00e7in Kalk\u0131nma Bankas\u0131 \u00fczerinden uzun vadeli kredi sa\u011flanmas\u0131n\u0131n g\u00fcndeme geldi\u011fini aktard\u0131.<\/span><\/p>\n<p><span style=\"color:#000000\">Projenin hayata ge\u00e7mesi halinde herkesin kazanaca\u011f\u0131n\u0131 ifade eden Ar\u0131kl\u0131, ba\u015flang\u0131\u00e7ta isteksiz olan sekt\u00f6r temsilcilerinin D\u00fczce\u2019de yap\u0131lan inceleme sonras\u0131 sistemin i\u015fleyi\u015fini yerinde g\u00f6rd\u00fckten sonra g\u00f6r\u00fc\u015flerinin tamamen de\u011fi\u015fti\u011fini s\u00f6yledi.<\/span><\/p>\n<h3><span style=\"color:#000000\">&#8211; \u201c <\/span>T&amp;T \u015firketi ocak ay\u0131nda Maliye\u2019ye yakla\u015f\u0131k 1 milyar TL katk\u0131 sa\u011flad\u0131&#8221;<\/h3>\n<p><span style=\"color:#000000\">Avrupa\u2019da bu t\u00fcr yat\u0131r\u0131mlar\u0131n \u00f6zel sekt\u00f6r eliyle yap\u0131ld\u0131\u011f\u0131na dikkat \u00e7eken Ar\u0131kl\u0131, KKTC\u2019de \u00f6zelle\u015ftirmeye kar\u015f\u0131 ciddi bir \u201cantipati\u201d bulundu\u011funu ifade etti.<\/span><\/p>\n<p><span style=\"color:#000000\">Ercan Havaliman\u0131 \u00f6rne\u011fini veren Ar\u0131kl\u0131, T&amp;T \u015firketinin sadece ocak ay\u0131nda Maliye\u2019ye yakla\u015f\u0131k 1 milyar TL katk\u0131 sa\u011flad\u0131\u011f\u0131n\u0131, 2009 y\u0131l\u0131nda 10 milyon dolar zarar eden havaliman\u0131n\u0131n bug\u00fcn k\u00e2rl\u0131 bir yap\u0131ya ula\u015ft\u0131\u011f\u0131n\u0131 belirtti.<\/span><\/p>\n<p><span style=\"color:#000000\">Girne Liman\u0131\u2019n\u0131n da bir an \u00f6nce elden ge\u00e7irilmesi gerekti\u011fini vurgulayan Ar\u0131kl\u0131, iki liman\u0131n \u00f6zelle\u015ftirme kapsam\u0131nda olmas\u0131 nedeniyle yat\u0131r\u0131m yap\u0131lmad\u0131\u011f\u0131n\u0131, mendire\u011fin y\u0131k\u0131lmas\u0131 halinde liman\u0131n 3-5 ay kapanmas\u0131n\u0131n ekonomi i\u00e7in b\u00fcy\u00fck bir felaket olaca\u011f\u0131n\u0131 s\u00f6yledi. Ar\u0131kl\u0131, T\u00fcrkiye\u2019den bu konuda bir\u00e7ok rapor geldi\u011fini ancak \u00f6zelle\u015ftirmeye s\u00fcrekli kar\u015f\u0131 \u00e7\u0131k\u0131ld\u0131\u011f\u0131n\u0131 dile getirdi.<\/span><\/p>\n<\/p><\/div>\n","protected":false},"excerpt":{"rendered":"<p>Bakanl\u0131ktan yap\u0131lan a\u00e7\u0131klamaya g\u00f6re, ula\u015ft\u0131rma projeleri, toplu ta\u015f\u0131ma reformu, \u00f6zelle\u015ftirme tart\u0131\u015fmalar\u0131 ve K\u0131br\u0131s sorunu ba\u015fta olmak \u00fczere bir\u00e7ok konuda de\u011ferlendirmelerde bulunan Ar\u0131kl\u0131, \u00f6zelle\u015ftirme ve yat\u0131r\u0131m modellerine y\u00f6nelik tepkilerin \u00fclke ekonomisine zarar verdi\u011fini ifade etti. &#8211; Da\u011f yolunda altyap\u0131 \u00e7al\u0131\u015fmalar\u0131 ba\u015flad\u0131 BRT ekranlar\u0131nda yay\u0131mlanan Man\u015fet+ program\u0131nda Aziz Karaaziz\u2019in sorular\u0131n\u0131 yan\u0131tlayan Bakan Ar\u0131kl\u0131, Girne da\u011f yolu olarak<\/p>\n","protected":false},"author":1,"featured_media":104598,"comment_status":"open","ping_status":"open","sticky":false,"template":"","format":"standard","meta":{"footnotes":""},"categories":[81],"tags":[],"class_list":["post-104597","post","type-post","status-publish","format-standard","has-post-thumbnail","hentry","category-kibris"],"yoast_head":"<!-- This site is optimized with the Yoast SEO plugin v28.4 - https:\/\/yoast.com\/product\/yoast-seo-wordpress\/ -->\n<title>BAKAN ARIKLI: TOPLU TA\u015eIMA PROJES\u0130 BAZILARININ KEYF\u0130N\u0130 KA\u00c7IRIYOR -<\/title>\n<meta name=\"robots\" content=\"index, follow, max-snippet:-1, max-image-preview:large, max-video-preview:-1\" \/>\n<link rel=\"canonical\" href=\"https:\/\/kibrisdakik.com\/?p=104597\" \/>\n<meta property=\"og:locale\" content=\"tr_TR\" \/>\n<meta property=\"og:type\" content=\"article\" \/>\n<meta property=\"og:title\" content=\"BAKAN ARIKLI: TOPLU TA\u015eIMA PROJES\u0130 BAZILARININ KEYF\u0130N\u0130 KA\u00c7IRIYOR -\" \/>\n<meta property=\"og:description\" content=\"Bakanl\u0131ktan yap\u0131lan a\u00e7\u0131klamaya g\u00f6re, ula\u015ft\u0131rma projeleri, toplu ta\u015f\u0131ma reformu, \u00f6zelle\u015ftirme tart\u0131\u015fmalar\u0131 ve K\u0131br\u0131s sorunu ba\u015fta olmak \u00fczere bir\u00e7ok konuda de\u011ferlendirmelerde bulunan Ar\u0131kl\u0131, \u00f6zelle\u015ftirme ve yat\u0131r\u0131m modellerine y\u00f6nelik tepkilerin \u00fclke ekonomisine zarar verdi\u011fini ifade etti. &#8211; Da\u011f yolunda altyap\u0131 \u00e7al\u0131\u015fmalar\u0131 ba\u015flad\u0131 BRT ekranlar\u0131nda yay\u0131mlanan Man\u015fet+ program\u0131nda Aziz Karaaziz\u2019in sorular\u0131n\u0131 yan\u0131tlayan Bakan Ar\u0131kl\u0131, Girne da\u011f yolu olarak\" \/>\n<meta property=\"og:url\" content=\"https:\/\/kibrisdakik.com\/?p=104597\" \/>\n<meta property=\"article:published_time\" content=\"2026-01-22T12:03:04+00:00\" \/>\n<meta property=\"og:image\" content=\"https:\/\/kibrisdakik.com\/wp-content\/uploads\/2026\/01\/94-4.png\" \/>\n\t<meta property=\"og:image:width\" content=\"1280\" \/>\n\t<meta property=\"og:image:height\" content=\"720\" \/>\n\t<meta property=\"og:image:type\" content=\"image\/png\" \/>\n<meta name=\"author\" content=\"admin\" \/>\n<meta name=\"twitter:card\" content=\"summary_large_image\" \/>\n<meta name=\"twitter:label1\" content=\"Yazan:\" \/>\n\t<meta name=\"twitter:data1\" content=\"admin\" \/>\n\t<meta name=\"twitter:label2\" content=\"Tahmini okuma s\u00fcresi\" \/>\n\t<meta name=\"twitter:data2\" content=\"3 dakika\" \/>\n<script type=\"application\/ld+json\" class=\"yoast-schema-graph\">{\"@context\":\"https:\\\/\\\/schema.org\",\"@graph\":[{\"@type\":\"Article\",\"@id\":\"https:\\\/\\\/kibrisdakik.com\\\/?p=104597#article\",\"isPartOf\":{\"@id\":\"https:\\\/\\\/kibrisdakik.com\\\/?p=104597\"},\"author\":{\"name\":\"admin\",\"@id\":\"https:\\\/\\\/kibrisdakik.com\\\/#\\\/schema\\\/person\\\/9cd9d437bbb44f72b73ba127e06d8e79\"},\"headline\":\"BAKAN ARIKLI: TOPLU TA\u015eIMA PROJES\u0130 BAZILARININ KEYF\u0130N\u0130 KA\u00c7IRIYOR\",\"datePublished\":\"2026-01-22T12:03:04+00:00\",\"mainEntityOfPage\":{\"@id\":\"https:\\\/\\\/kibrisdakik.com\\\/?p=104597\"},\"wordCount\":670,\"commentCount\":0,\"publisher\":{\"@id\":\"https:\\\/\\\/kibrisdakik.com\\\/#organization\"},\"image\":{\"@id\":\"https:\\\/\\\/kibrisdakik.com\\\/?p=104597#primaryimage\"},\"thumbnailUrl\":\"https:\\\/\\\/kibrisdakik.com\\\/wp-content\\\/uploads\\\/2026\\\/01\\\/94-4.png\",\"articleSection\":[\"K\u0131br\u0131s\"],\"inLanguage\":\"tr\",\"potentialAction\":[{\"@type\":\"CommentAction\",\"name\":\"Comment\",\"target\":[\"https:\\\/\\\/kibrisdakik.com\\\/?p=104597#respond\"]}]},{\"@type\":\"WebPage\",\"@id\":\"https:\\\/\\\/kibrisdakik.com\\\/?p=104597\",\"url\":\"https:\\\/\\\/kibrisdakik.com\\\/?p=104597\",\"name\":\"BAKAN ARIKLI: TOPLU TA\u015eIMA PROJES\u0130 BAZILARININ KEYF\u0130N\u0130 KA\u00c7IRIYOR -\",\"isPartOf\":{\"@id\":\"https:\\\/\\\/kibrisdakik.com\\\/#website\"},\"primaryImageOfPage\":{\"@id\":\"https:\\\/\\\/kibrisdakik.com\\\/?p=104597#primaryimage\"},\"image\":{\"@id\":\"https:\\\/\\\/kibrisdakik.com\\\/?p=104597#primaryimage\"},\"thumbnailUrl\":\"https:\\\/\\\/kibrisdakik.com\\\/wp-content\\\/uploads\\\/2026\\\/01\\\/94-4.png\",\"datePublished\":\"2026-01-22T12:03:04+00:00\",\"breadcrumb\":{\"@id\":\"https:\\\/\\\/kibrisdakik.com\\\/?p=104597#breadcrumb\"},\"inLanguage\":\"tr\",\"potentialAction\":[{\"@type\":\"ReadAction\",\"target\":[\"https:\\\/\\\/kibrisdakik.com\\\/?p=104597\"]}]},{\"@type\":\"ImageObject\",\"inLanguage\":\"tr\",\"@id\":\"https:\\\/\\\/kibrisdakik.com\\\/?p=104597#primaryimage\",\"url\":\"https:\\\/\\\/kibrisdakik.com\\\/wp-content\\\/uploads\\\/2026\\\/01\\\/94-4.png\",\"contentUrl\":\"https:\\\/\\\/kibrisdakik.com\\\/wp-content\\\/uploads\\\/2026\\\/01\\\/94-4.png\",\"width\":1280,\"height\":720},{\"@type\":\"BreadcrumbList\",\"@id\":\"https:\\\/\\\/kibrisdakik.com\\\/?p=104597#breadcrumb\",\"itemListElement\":[{\"@type\":\"ListItem\",\"position\":1,\"name\":\"Home\",\"item\":\"https:\\\/\\\/kibrisdakik.com\\\/\"},{\"@type\":\"ListItem\",\"position\":2,\"name\":\"BAKAN ARIKLI: TOPLU TA\u015eIMA PROJES\u0130 BAZILARININ KEYF\u0130N\u0130 KA\u00c7IRIYOR\"}]},{\"@type\":\"WebSite\",\"@id\":\"https:\\\/\\\/kibrisdakik.com\\\/#website\",\"url\":\"https:\\\/\\\/kibrisdakik.com\\\/\",\"name\":\"K\u0131br\u0131s Dakik\",\"description\":\"Tam vaktinde haber\",\"publisher\":{\"@id\":\"https:\\\/\\\/kibrisdakik.com\\\/#organization\"},\"potentialAction\":[{\"@type\":\"SearchAction\",\"target\":{\"@type\":\"EntryPoint\",\"urlTemplate\":\"https:\\\/\\\/kibrisdakik.com\\\/?s={search_term_string}\"},\"query-input\":{\"@type\":\"PropertyValueSpecification\",\"valueRequired\":true,\"valueName\":\"search_term_string\"}}],\"inLanguage\":\"tr\"},{\"@type\":\"Organization\",\"@id\":\"https:\\\/\\\/kibrisdakik.com\\\/#organization\",\"name\":\"K\u0131br\u0131s Dakik\",\"url\":\"https:\\\/\\\/kibrisdakik.com\\\/\",\"logo\":{\"@type\":\"ImageObject\",\"inLanguage\":\"tr\",\"@id\":\"https:\\\/\\\/kibrisdakik.com\\\/#\\\/schema\\\/logo\\\/image\\\/\",\"url\":\"https:\\\/\\\/kibrisdakik.com\\\/wp-content\\\/uploads\\\/2025\\\/10\\\/cropped-WhatsApp-Image-2025-10-02-at-12.58.31.jpeg\",\"contentUrl\":\"https:\\\/\\\/kibrisdakik.com\\\/wp-content\\\/uploads\\\/2025\\\/10\\\/cropped-WhatsApp-Image-2025-10-02-at-12.58.31.jpeg\",\"width\":1237,\"height\":190,\"caption\":\"K\u0131br\u0131s Dakik\"},\"image\":{\"@id\":\"https:\\\/\\\/kibrisdakik.com\\\/#\\\/schema\\\/logo\\\/image\\\/\"}},{\"@type\":\"Person\",\"@id\":\"https:\\\/\\\/kibrisdakik.com\\\/#\\\/schema\\\/person\\\/9cd9d437bbb44f72b73ba127e06d8e79\",\"name\":\"admin\",\"image\":{\"@type\":\"ImageObject\",\"inLanguage\":\"tr\",\"@id\":\"https:\\\/\\\/secure.gravatar.com\\\/avatar\\\/ccc17943b9d660506c869530f897617f7cb1c21a4bf30023f252596d83e1f007?s=96&d=mm&r=g\",\"url\":\"https:\\\/\\\/secure.gravatar.com\\\/avatar\\\/ccc17943b9d660506c869530f897617f7cb1c21a4bf30023f252596d83e1f007?s=96&d=mm&r=g\",\"contentUrl\":\"https:\\\/\\\/secure.gravatar.com\\\/avatar\\\/ccc17943b9d660506c869530f897617f7cb1c21a4bf30023f252596d83e1f007?s=96&d=mm&r=g\",\"caption\":\"admin\"},\"sameAs\":[\"https:\\\/\\\/kibrisdakik.com\"],\"url\":\"https:\\\/\\\/kibrisdakik.com\\\/?author=1\"}]}<\/script>\n<!-- \/ Yoast SEO plugin. -->","yoast_head_json":{"title":"BAKAN ARIKLI: TOPLU TA\u015eIMA PROJES\u0130 BAZILARININ KEYF\u0130N\u0130 KA\u00c7IRIYOR -","robots":{"index":"index","follow":"follow","max-snippet":"max-snippet:-1","max-image-preview":"max-image-preview:large","max-video-preview":"max-video-preview:-1"},"canonical":"https:\/\/kibrisdakik.com\/?p=104597","og_locale":"tr_TR","og_type":"article","og_title":"BAKAN ARIKLI: TOPLU TA\u015eIMA PROJES\u0130 BAZILARININ KEYF\u0130N\u0130 KA\u00c7IRIYOR -","og_description":"Bakanl\u0131ktan yap\u0131lan a\u00e7\u0131klamaya g\u00f6re, ula\u015ft\u0131rma projeleri, toplu ta\u015f\u0131ma reformu, \u00f6zelle\u015ftirme tart\u0131\u015fmalar\u0131 ve K\u0131br\u0131s sorunu ba\u015fta olmak \u00fczere bir\u00e7ok konuda de\u011ferlendirmelerde bulunan Ar\u0131kl\u0131, \u00f6zelle\u015ftirme ve yat\u0131r\u0131m modellerine y\u00f6nelik tepkilerin \u00fclke ekonomisine zarar verdi\u011fini ifade etti. &#8211; Da\u011f yolunda altyap\u0131 \u00e7al\u0131\u015fmalar\u0131 ba\u015flad\u0131 BRT ekranlar\u0131nda yay\u0131mlanan Man\u015fet+ program\u0131nda Aziz Karaaziz\u2019in sorular\u0131n\u0131 yan\u0131tlayan Bakan Ar\u0131kl\u0131, Girne da\u011f yolu olarak","og_url":"https:\/\/kibrisdakik.com\/?p=104597","article_published_time":"2026-01-22T12:03:04+00:00","og_image":[{"width":1280,"height":720,"url":"https:\/\/kibrisdakik.com\/wp-content\/uploads\/2026\/01\/94-4.png","type":"image\/png"}],"author":"admin","twitter_card":"summary_large_image","twitter_misc":{"Yazan:":"admin","Tahmini okuma s\u00fcresi":"3 dakika"},"schema":{"@context":"https:\/\/schema.org","@graph":[{"@type":"Article","@id":"https:\/\/kibrisdakik.com\/?p=104597#article","isPartOf":{"@id":"https:\/\/kibrisdakik.com\/?p=104597"},"author":{"name":"admin","@id":"https:\/\/kibrisdakik.com\/#\/schema\/person\/9cd9d437bbb44f72b73ba127e06d8e79"},"headline":"BAKAN ARIKLI: TOPLU TA\u015eIMA PROJES\u0130 BAZILARININ KEYF\u0130N\u0130 KA\u00c7IRIYOR","datePublished":"2026-01-22T12:03:04+00:00","mainEntityOfPage":{"@id":"https:\/\/kibrisdakik.com\/?p=104597"},"wordCount":670,"commentCount":0,"publisher":{"@id":"https:\/\/kibrisdakik.com\/#organization"},"image":{"@id":"https:\/\/kibrisdakik.com\/?p=104597#primaryimage"},"thumbnailUrl":"https:\/\/kibrisdakik.com\/wp-content\/uploads\/2026\/01\/94-4.png","articleSection":["K\u0131br\u0131s"],"inLanguage":"tr","potentialAction":[{"@type":"CommentAction","name":"Comment","target":["https:\/\/kibrisdakik.com\/?p=104597#respond"]}]},{"@type":"WebPage","@id":"https:\/\/kibrisdakik.com\/?p=104597","url":"https:\/\/kibrisdakik.com\/?p=104597","name":"BAKAN ARIKLI: TOPLU TA\u015eIMA PROJES\u0130 BAZILARININ KEYF\u0130N\u0130 KA\u00c7IRIYOR -","isPartOf":{"@id":"https:\/\/kibrisdakik.com\/#website"},"primaryImageOfPage":{"@id":"https:\/\/kibrisdakik.com\/?p=104597#primaryimage"},"image":{"@id":"https:\/\/kibrisdakik.com\/?p=104597#primaryimage"},"thumbnailUrl":"https:\/\/kibrisdakik.com\/wp-content\/uploads\/2026\/01\/94-4.png","datePublished":"2026-01-22T12:03:04+00:00","breadcrumb":{"@id":"https:\/\/kibrisdakik.com\/?p=104597#breadcrumb"},"inLanguage":"tr","potentialAction":[{"@type":"ReadAction","target":["https:\/\/kibrisdakik.com\/?p=104597"]}]},{"@type":"ImageObject","inLanguage":"tr","@id":"https:\/\/kibrisdakik.com\/?p=104597#primaryimage","url":"https:\/\/kibrisdakik.com\/wp-content\/uploads\/2026\/01\/94-4.png","contentUrl":"https:\/\/kibrisdakik.com\/wp-content\/uploads\/2026\/01\/94-4.png","width":1280,"height":720},{"@type":"BreadcrumbList","@id":"https:\/\/kibrisdakik.com\/?p=104597#breadcrumb","itemListElement":[{"@type":"ListItem","position":1,"name":"Home","item":"https:\/\/kibrisdakik.com\/"},{"@type":"ListItem","position":2,"name":"BAKAN ARIKLI: TOPLU TA\u015eIMA PROJES\u0130 BAZILARININ KEYF\u0130N\u0130 KA\u00c7IRIYOR"}]},{"@type":"WebSite","@id":"https:\/\/kibrisdakik.com\/#website","url":"https:\/\/kibrisdakik.com\/","name":"K\u0131br\u0131s Dakik","description":"Tam vaktinde haber","publisher":{"@id":"https:\/\/kibrisdakik.com\/#organization"},"potentialAction":[{"@type":"SearchAction","target":{"@type":"EntryPoint","urlTemplate":"https:\/\/kibrisdakik.com\/?s={search_term_string}"},"query-input":{"@type":"PropertyValueSpecification","valueRequired":true,"valueName":"search_term_string"}}],"inLanguage":"tr"},{"@type":"Organization","@id":"https:\/\/kibrisdakik.com\/#organization","name":"K\u0131br\u0131s Dakik","url":"https:\/\/kibrisdakik.com\/","logo":{"@type":"ImageObject","inLanguage":"tr","@id":"https:\/\/kibrisdakik.com\/#\/schema\/logo\/image\/","url":"https:\/\/kibrisdakik.com\/wp-content\/uploads\/2025\/10\/cropped-WhatsApp-Image-2025-10-02-at-12.58.31.jpeg","contentUrl":"https:\/\/kibrisdakik.com\/wp-content\/uploads\/2025\/10\/cropped-WhatsApp-Image-2025-10-02-at-12.58.31.jpeg","width":1237,"height":190,"caption":"K\u0131br\u0131s Dakik"},"image":{"@id":"https:\/\/kibrisdakik.com\/#\/schema\/logo\/image\/"}},{"@type":"Person","@id":"https:\/\/kibrisdakik.com\/#\/schema\/person\/9cd9d437bbb44f72b73ba127e06d8e79","name":"admin","image":{"@type":"ImageObject","inLanguage":"tr","@id":"https:\/\/secure.gravatar.com\/avatar\/ccc17943b9d660506c869530f897617f7cb1c21a4bf30023f252596d83e1f007?s=96&d=mm&r=g","url":"https:\/\/secure.gravatar.com\/avatar\/ccc17943b9d660506c869530f897617f7cb1c21a4bf30023f252596d83e1f007?s=96&d=mm&r=g","contentUrl":"https:\/\/secure.gravatar.com\/avatar\/ccc17943b9d660506c869530f897617f7cb1c21a4bf30023f252596d83e1f007?s=96&d=mm&r=g","caption":"admin"},"sameAs":["https:\/\/kibrisdakik.com"],"url":"https:\/\/kibrisdakik.com\/?author=1"}]}},"_links":{"self":[{"href":"https:\/\/kibrisdakik.com\/index.php?rest_route=\/wp\/v2\/posts\/104597","targetHints":{"allow":["GET"]}}],"collection":[{"href":"https:\/\/kibrisdakik.com\/index.php?rest_route=\/wp\/v2\/posts"}],"about":[{"href":"https:\/\/kibrisdakik.com\/index.php?rest_route=\/wp\/v2\/types\/post"}],"author":[{"embeddable":true,"href":"https:\/\/kibrisdakik.com\/index.php?rest_route=\/wp\/v2\/users\/1"}],"replies":[{"embeddable":true,"href":"https:\/\/kibrisdakik.com\/index.php?rest_route=%2Fwp%2Fv2%2Fcomments&post=104597"}],"version-history":[{"count":0,"href":"https:\/\/kibrisdakik.com\/index.php?rest_route=\/wp\/v2\/posts\/104597\/revisions"}],"wp:featuredmedia":[{"embeddable":true,"href":"https:\/\/kibrisdakik.com\/index.php?rest_route=\/wp\/v2\/media\/104598"}],"wp:attachment":[{"href":"https:\/\/kibrisdakik.com\/index.php?rest_route=%2Fwp%2Fv2%2Fmedia&parent=104597"}],"wp:term":[{"taxonomy":"category","embeddable":true,"href":"https:\/\/kibrisdakik.com\/index.php?rest_route=%2Fwp%2Fv2%2Fcategories&post=104597"},{"taxonomy":"post_tag","embeddable":true,"href":"https:\/\/kibrisdakik.com\/index.php?rest_route=%2Fwp%2Fv2%2Ftags&post=104597"}],"curies":[{"name":"wp","href":"https:\/\/api.w.org\/{rel}","templated":true}]}}