{"id":10460,"date":"2023-07-15T18:09:37","date_gmt":"2023-07-15T18:09:37","guid":{"rendered":"https:\/\/kibrisdakik.com\/index.php\/2023\/07\/15\/ctp-degerlendirmelerde-bulundu\/"},"modified":"2023-07-15T18:09:37","modified_gmt":"2023-07-15T18:09:37","slug":"ctp-degerlendirmelerde-bulundu","status":"publish","type":"post","link":"https:\/\/kibrisdakik.com\/?p=10460","title":{"rendered":"CTP de\u011ferlendirmelerde bulundu"},"content":{"rendered":"<p><\/p>\n<div>\n<div class=\"mariselle-image-container center\">\n                <img width=\"1000\" height=\"667\" class=\"lazy-image\" alt=\"\" decoding=\"async\" loading=\"lazy\" sizes=\"auto, (max-width: 1000px) 100vw, 1000px\" src=\"https:\/\/brtk.net\/wp-content\/uploads\/2023\/05\/15\/ctp34.jpg?ver=0ed257c4b4c493c8bf26f514097a0817\" srcset=\"https:\/\/brtk.net\/wp-content\/uploads\/2023\/05\/15\/ctp34.jpg?ver=0ed257c4b4c493c8bf26f514097a0817 1000w, https:\/\/brtk.net\/wp-content\/uploads\/2023\/05\/15\/ctp34-300x200.jpg?ver=0ed257c4b4c493c8bf26f514097a0817 300w, https:\/\/brtk.net\/wp-content\/uploads\/2023\/05\/15\/ctp34-768x512.jpg?ver=0ed257c4b4c493c8bf26f514097a0817 768w\"\/>                            <\/div>\n<p>Cumhuriyet\u00e7i T\u00fcrk Partisi\u2019nden yap\u0131lan a\u00e7\u0131klamada, Birle\u015fmi\u015f Milletler G\u00fcvenlik Konseyi\u2019nin K\u0131br\u0131s oturumu sonras\u0131, \u201cTaraflar, siyasi e\u015fitlik temelinde kapsaml\u0131, adil, iki toplumlu ve iki kesimli federal \u00e7\u00f6z\u00fcm i\u00e7in m\u00fczakerelere d\u00f6nmeyi hedeflemelidir\u201d denildi\u011fi hat\u0131rlat\u0131larak, bu a\u00e7\u0131klaman\u0131n, kar\u015f\u0131l\u0131kl\u0131 kabul edilebilir, kapsaml\u0131 \u00e7\u00f6z\u00fcme bir an \u00f6nce ula\u015fmak bak\u0131m\u0131ndan olduk\u00e7a \u00f6nemli oldu\u011fu g\u00f6r\u00fc\u015f\u00fc ifade edildi.<\/p>\n<p>A\u00e7\u0131k\u0131lamada, 2017 Crans Montana zirvesinden sonra dura\u011fan bir d\u00f6neme giren K\u0131br\u0131s sorununda kal\u0131c\u0131 bir \u00e7\u00f6z\u00fcme ula\u015fma hedefi i\u00e7in taraflar\u0131n, \u201cmaksimalist \u00f6neriler\u201d yerine \u201ckar\u015f\u0131l\u0131kl\u0131 kabul edilebilirli\u011fi\u201d dikkate alacak yakla\u015f\u0131mlar ortaya koymas\u0131n\u0131n esas oldu\u011fu \u00f6ne s\u00fcr\u00fcld\u00fc. <\/p>\n<p>M\u00fczakerelerin yeniden ba\u015flamas\u0131 ad\u0131na BM Genel Sekreteri Guterres\u2019in \u00e7a\u011fr\u0131da bulundu\u011fu ortak zeminin, BM G\u00fcvenlik Konseyi taraf\u0131ndan yap\u0131lan a\u00e7\u0131klamada belirtildi\u011fi \u00fczere federal \u00e7\u00f6z\u00fcm parametreleri oldu\u011fu de\u011ferlendirmesinde bulunulan a\u00e7\u0131klamada, t\u00fcm taraflar bu \u00e7er\u00e7eve i\u00e7erisinde sorumlulukla hareket etmeye davet edildi. <\/p>\n<p>A\u00e7\u0131klamada, \u201cK\u0131br\u0131sl\u0131 T\u00fcrklerin hak ve \u00e7\u0131karlar\u0131n\u0131n her d\u00fczeyde korunaca\u011f\u0131 siyasi e\u015fitli\u011fe dayal\u0131, iki b\u00f6lgeli, iki toplumlu federasyona ula\u015fmak i\u00e7in, kararl\u0131l\u0131k ve sorumlulukla \u00e7al\u0131\u015fmaya devam edece\u011fimizi, bu \u00e7er\u00e7evede hareket edilmesi i\u00e7in her t\u00fcrl\u00fc diyalog kanal\u0131n\u0131 zorlayaca\u011f\u0131m\u0131z\u0131 belirtmek isteriz\u201d denildi.<\/p>\n<\/p><\/div>\n<p><script async\n                    defer\n                    crossorigin=\"anonymous\"\n                    src=\"https:\/\/connect.facebook.net\/tr_TR\/sdk.js#xfbml=1&#038;version=v3.3\"\n            ><\/script><\/p>\n","protected":false},"excerpt":{"rendered":"<p>Cumhuriyet\u00e7i T\u00fcrk Partisi\u2019nden yap\u0131lan a\u00e7\u0131klamada, Birle\u015fmi\u015f Milletler G\u00fcvenlik Konseyi\u2019nin K\u0131br\u0131s oturumu sonras\u0131, \u201cTaraflar, siyasi e\u015fitlik temelinde kapsaml\u0131, adil, iki toplumlu ve iki kesimli federal \u00e7\u00f6z\u00fcm i\u00e7in m\u00fczakerelere d\u00f6nmeyi hedeflemelidir\u201d denildi\u011fi hat\u0131rlat\u0131larak, bu a\u00e7\u0131klaman\u0131n, kar\u015f\u0131l\u0131kl\u0131 kabul edilebilir, kapsaml\u0131 \u00e7\u00f6z\u00fcme bir an \u00f6nce ula\u015fmak bak\u0131m\u0131ndan olduk\u00e7a \u00f6nemli oldu\u011fu g\u00f6r\u00fc\u015f\u00fc ifade edildi. A\u00e7\u0131k\u0131lamada, 2017 Crans Montana zirvesinden sonra<\/p>\n","protected":false},"author":1,"featured_media":4444,"comment_status":"open","ping_status":"open","sticky":false,"template":"","format":"standard","meta":{"footnotes":""},"categories":[1],"tags":[],"class_list":["post-10460","post","type-post","status-publish","format-standard","has-post-thumbnail","hentry","category-gundem"],"yoast_head":"<!-- This site is optimized with the Yoast SEO plugin v27.5 - https:\/\/yoast.com\/product\/yoast-seo-wordpress\/ -->\n<title>CTP de\u011ferlendirmelerde bulundu -<\/title>\n<meta name=\"robots\" content=\"index, follow, max-snippet:-1, max-image-preview:large, max-video-preview:-1\" \/>\n<link rel=\"canonical\" href=\"https:\/\/kibrisdakik.com\/?p=10460\" \/>\n<meta property=\"og:locale\" content=\"tr_TR\" \/>\n<meta property=\"og:type\" content=\"article\" \/>\n<meta property=\"og:title\" content=\"CTP de\u011ferlendirmelerde bulundu -\" \/>\n<meta property=\"og:description\" content=\"Cumhuriyet\u00e7i T\u00fcrk Partisi\u2019nden yap\u0131lan a\u00e7\u0131klamada, Birle\u015fmi\u015f Milletler G\u00fcvenlik Konseyi\u2019nin K\u0131br\u0131s oturumu sonras\u0131, \u201cTaraflar, siyasi e\u015fitlik temelinde kapsaml\u0131, adil, iki toplumlu ve iki kesimli federal \u00e7\u00f6z\u00fcm i\u00e7in m\u00fczakerelere d\u00f6nmeyi hedeflemelidir\u201d denildi\u011fi hat\u0131rlat\u0131larak, bu a\u00e7\u0131klaman\u0131n, kar\u015f\u0131l\u0131kl\u0131 kabul edilebilir, kapsaml\u0131 \u00e7\u00f6z\u00fcme bir an \u00f6nce ula\u015fmak bak\u0131m\u0131ndan olduk\u00e7a \u00f6nemli oldu\u011fu g\u00f6r\u00fc\u015f\u00fc ifade edildi. A\u00e7\u0131k\u0131lamada, 2017 Crans Montana zirvesinden sonra\" \/>\n<meta property=\"og:url\" content=\"https:\/\/kibrisdakik.com\/?p=10460\" \/>\n<meta property=\"article:published_time\" content=\"2023-07-15T18:09:37+00:00\" \/>\n<meta property=\"og:image\" content=\"https:\/\/kibrisdakik.com\/wp-content\/uploads\/2023\/04\/ctp-740x420.jpg\" \/>\n\t<meta property=\"og:image:width\" content=\"1920\" \/>\n\t<meta property=\"og:image:height\" content=\"1080\" \/>\n\t<meta property=\"og:image:type\" content=\"image\/jpeg\" \/>\n<meta name=\"author\" content=\"admin\" \/>\n<meta name=\"twitter:card\" content=\"summary_large_image\" \/>\n<meta name=\"twitter:label1\" content=\"Yazan:\" \/>\n\t<meta name=\"twitter:data1\" content=\"admin\" \/>\n\t<meta name=\"twitter:label2\" content=\"Tahmini okuma s\u00fcresi\" \/>\n\t<meta name=\"twitter:data2\" content=\"1 dakika\" \/>\n<script type=\"application\/ld+json\" class=\"yoast-schema-graph\">{\"@context\":\"https:\\\/\\\/schema.org\",\"@graph\":[{\"@type\":\"Article\",\"@id\":\"https:\\\/\\\/kibrisdakik.com\\\/?p=10460#article\",\"isPartOf\":{\"@id\":\"https:\\\/\\\/kibrisdakik.com\\\/?p=10460\"},\"author\":{\"name\":\"admin\",\"@id\":\"https:\\\/\\\/kibrisdakik.com\\\/#\\\/schema\\\/person\\\/9cd9d437bbb44f72b73ba127e06d8e79\"},\"headline\":\"CTP de\u011ferlendirmelerde bulundu\",\"datePublished\":\"2023-07-15T18:09:37+00:00\",\"mainEntityOfPage\":{\"@id\":\"https:\\\/\\\/kibrisdakik.com\\\/?p=10460\"},\"wordCount\":251,\"commentCount\":0,\"image\":{\"@id\":\"https:\\\/\\\/kibrisdakik.com\\\/?p=10460#primaryimage\"},\"thumbnailUrl\":\"https:\\\/\\\/kibrisdakik.com\\\/wp-content\\\/uploads\\\/2023\\\/04\\\/ctp-740x420.jpg\",\"articleSection\":[\"G\u00fcndem\"],\"inLanguage\":\"tr\",\"potentialAction\":[{\"@type\":\"CommentAction\",\"name\":\"Comment\",\"target\":[\"https:\\\/\\\/kibrisdakik.com\\\/?p=10460#respond\"]}]},{\"@type\":\"WebPage\",\"@id\":\"https:\\\/\\\/kibrisdakik.com\\\/?p=10460\",\"url\":\"https:\\\/\\\/kibrisdakik.com\\\/?p=10460\",\"name\":\"CTP de\u011ferlendirmelerde bulundu -\",\"isPartOf\":{\"@id\":\"https:\\\/\\\/kibrisdakik.com\\\/#website\"},\"primaryImageOfPage\":{\"@id\":\"https:\\\/\\\/kibrisdakik.com\\\/?p=10460#primaryimage\"},\"image\":{\"@id\":\"https:\\\/\\\/kibrisdakik.com\\\/?p=10460#primaryimage\"},\"thumbnailUrl\":\"https:\\\/\\\/kibrisdakik.com\\\/wp-content\\\/uploads\\\/2023\\\/04\\\/ctp-740x420.jpg\",\"datePublished\":\"2023-07-15T18:09:37+00:00\",\"author\":{\"@id\":\"https:\\\/\\\/kibrisdakik.com\\\/#\\\/schema\\\/person\\\/9cd9d437bbb44f72b73ba127e06d8e79\"},\"breadcrumb\":{\"@id\":\"https:\\\/\\\/kibrisdakik.com\\\/?p=10460#breadcrumb\"},\"inLanguage\":\"tr\",\"potentialAction\":[{\"@type\":\"ReadAction\",\"target\":[\"https:\\\/\\\/kibrisdakik.com\\\/?p=10460\"]}]},{\"@type\":\"ImageObject\",\"inLanguage\":\"tr\",\"@id\":\"https:\\\/\\\/kibrisdakik.com\\\/?p=10460#primaryimage\",\"url\":\"https:\\\/\\\/kibrisdakik.com\\\/wp-content\\\/uploads\\\/2023\\\/04\\\/ctp-740x420.jpg\",\"contentUrl\":\"https:\\\/\\\/kibrisdakik.com\\\/wp-content\\\/uploads\\\/2023\\\/04\\\/ctp-740x420.jpg\",\"width\":1920,\"height\":1080},{\"@type\":\"BreadcrumbList\",\"@id\":\"https:\\\/\\\/kibrisdakik.com\\\/?p=10460#breadcrumb\",\"itemListElement\":[{\"@type\":\"ListItem\",\"position\":1,\"name\":\"Home\",\"item\":\"https:\\\/\\\/kibrisdakik.com\\\/\"},{\"@type\":\"ListItem\",\"position\":2,\"name\":\"CTP de\u011ferlendirmelerde bulundu\"}]},{\"@type\":\"WebSite\",\"@id\":\"https:\\\/\\\/kibrisdakik.com\\\/#website\",\"url\":\"https:\\\/\\\/kibrisdakik.com\\\/\",\"name\":\"\",\"description\":\"Tam vaktinde haber\",\"potentialAction\":[{\"@type\":\"SearchAction\",\"target\":{\"@type\":\"EntryPoint\",\"urlTemplate\":\"https:\\\/\\\/kibrisdakik.com\\\/?s={search_term_string}\"},\"query-input\":{\"@type\":\"PropertyValueSpecification\",\"valueRequired\":true,\"valueName\":\"search_term_string\"}}],\"inLanguage\":\"tr\"},{\"@type\":\"Person\",\"@id\":\"https:\\\/\\\/kibrisdakik.com\\\/#\\\/schema\\\/person\\\/9cd9d437bbb44f72b73ba127e06d8e79\",\"name\":\"admin\",\"image\":{\"@type\":\"ImageObject\",\"inLanguage\":\"tr\",\"@id\":\"https:\\\/\\\/secure.gravatar.com\\\/avatar\\\/ccc17943b9d660506c869530f897617f7cb1c21a4bf30023f252596d83e1f007?s=96&d=mm&r=g\",\"url\":\"https:\\\/\\\/secure.gravatar.com\\\/avatar\\\/ccc17943b9d660506c869530f897617f7cb1c21a4bf30023f252596d83e1f007?s=96&d=mm&r=g\",\"contentUrl\":\"https:\\\/\\\/secure.gravatar.com\\\/avatar\\\/ccc17943b9d660506c869530f897617f7cb1c21a4bf30023f252596d83e1f007?s=96&d=mm&r=g\",\"caption\":\"admin\"},\"sameAs\":[\"https:\\\/\\\/kibrisdakik.com\"],\"url\":\"https:\\\/\\\/kibrisdakik.com\\\/?author=1\"}]}<\/script>\n<!-- \/ Yoast SEO plugin. -->","yoast_head_json":{"title":"CTP de\u011ferlendirmelerde bulundu -","robots":{"index":"index","follow":"follow","max-snippet":"max-snippet:-1","max-image-preview":"max-image-preview:large","max-video-preview":"max-video-preview:-1"},"canonical":"https:\/\/kibrisdakik.com\/?p=10460","og_locale":"tr_TR","og_type":"article","og_title":"CTP de\u011ferlendirmelerde bulundu -","og_description":"Cumhuriyet\u00e7i T\u00fcrk Partisi\u2019nden yap\u0131lan a\u00e7\u0131klamada, Birle\u015fmi\u015f Milletler G\u00fcvenlik Konseyi\u2019nin K\u0131br\u0131s oturumu sonras\u0131, \u201cTaraflar, siyasi e\u015fitlik temelinde kapsaml\u0131, adil, iki toplumlu ve iki kesimli federal \u00e7\u00f6z\u00fcm i\u00e7in m\u00fczakerelere d\u00f6nmeyi hedeflemelidir\u201d denildi\u011fi hat\u0131rlat\u0131larak, bu a\u00e7\u0131klaman\u0131n, kar\u015f\u0131l\u0131kl\u0131 kabul edilebilir, kapsaml\u0131 \u00e7\u00f6z\u00fcme bir an \u00f6nce ula\u015fmak bak\u0131m\u0131ndan olduk\u00e7a \u00f6nemli oldu\u011fu g\u00f6r\u00fc\u015f\u00fc ifade edildi. A\u00e7\u0131k\u0131lamada, 2017 Crans Montana zirvesinden sonra","og_url":"https:\/\/kibrisdakik.com\/?p=10460","article_published_time":"2023-07-15T18:09:37+00:00","og_image":[{"width":1920,"height":1080,"url":"https:\/\/kibrisdakik.com\/wp-content\/uploads\/2023\/04\/ctp-740x420.jpg","type":"image\/jpeg"}],"author":"admin","twitter_card":"summary_large_image","twitter_misc":{"Yazan:":"admin","Tahmini okuma s\u00fcresi":"1 dakika"},"schema":{"@context":"https:\/\/schema.org","@graph":[{"@type":"Article","@id":"https:\/\/kibrisdakik.com\/?p=10460#article","isPartOf":{"@id":"https:\/\/kibrisdakik.com\/?p=10460"},"author":{"name":"admin","@id":"https:\/\/kibrisdakik.com\/#\/schema\/person\/9cd9d437bbb44f72b73ba127e06d8e79"},"headline":"CTP de\u011ferlendirmelerde bulundu","datePublished":"2023-07-15T18:09:37+00:00","mainEntityOfPage":{"@id":"https:\/\/kibrisdakik.com\/?p=10460"},"wordCount":251,"commentCount":0,"image":{"@id":"https:\/\/kibrisdakik.com\/?p=10460#primaryimage"},"thumbnailUrl":"https:\/\/kibrisdakik.com\/wp-content\/uploads\/2023\/04\/ctp-740x420.jpg","articleSection":["G\u00fcndem"],"inLanguage":"tr","potentialAction":[{"@type":"CommentAction","name":"Comment","target":["https:\/\/kibrisdakik.com\/?p=10460#respond"]}]},{"@type":"WebPage","@id":"https:\/\/kibrisdakik.com\/?p=10460","url":"https:\/\/kibrisdakik.com\/?p=10460","name":"CTP de\u011ferlendirmelerde bulundu -","isPartOf":{"@id":"https:\/\/kibrisdakik.com\/#website"},"primaryImageOfPage":{"@id":"https:\/\/kibrisdakik.com\/?p=10460#primaryimage"},"image":{"@id":"https:\/\/kibrisdakik.com\/?p=10460#primaryimage"},"thumbnailUrl":"https:\/\/kibrisdakik.com\/wp-content\/uploads\/2023\/04\/ctp-740x420.jpg","datePublished":"2023-07-15T18:09:37+00:00","author":{"@id":"https:\/\/kibrisdakik.com\/#\/schema\/person\/9cd9d437bbb44f72b73ba127e06d8e79"},"breadcrumb":{"@id":"https:\/\/kibrisdakik.com\/?p=10460#breadcrumb"},"inLanguage":"tr","potentialAction":[{"@type":"ReadAction","target":["https:\/\/kibrisdakik.com\/?p=10460"]}]},{"@type":"ImageObject","inLanguage":"tr","@id":"https:\/\/kibrisdakik.com\/?p=10460#primaryimage","url":"https:\/\/kibrisdakik.com\/wp-content\/uploads\/2023\/04\/ctp-740x420.jpg","contentUrl":"https:\/\/kibrisdakik.com\/wp-content\/uploads\/2023\/04\/ctp-740x420.jpg","width":1920,"height":1080},{"@type":"BreadcrumbList","@id":"https:\/\/kibrisdakik.com\/?p=10460#breadcrumb","itemListElement":[{"@type":"ListItem","position":1,"name":"Home","item":"https:\/\/kibrisdakik.com\/"},{"@type":"ListItem","position":2,"name":"CTP de\u011ferlendirmelerde bulundu"}]},{"@type":"WebSite","@id":"https:\/\/kibrisdakik.com\/#website","url":"https:\/\/kibrisdakik.com\/","name":"","description":"Tam vaktinde haber","potentialAction":[{"@type":"SearchAction","target":{"@type":"EntryPoint","urlTemplate":"https:\/\/kibrisdakik.com\/?s={search_term_string}"},"query-input":{"@type":"PropertyValueSpecification","valueRequired":true,"valueName":"search_term_string"}}],"inLanguage":"tr"},{"@type":"Person","@id":"https:\/\/kibrisdakik.com\/#\/schema\/person\/9cd9d437bbb44f72b73ba127e06d8e79","name":"admin","image":{"@type":"ImageObject","inLanguage":"tr","@id":"https:\/\/secure.gravatar.com\/avatar\/ccc17943b9d660506c869530f897617f7cb1c21a4bf30023f252596d83e1f007?s=96&d=mm&r=g","url":"https:\/\/secure.gravatar.com\/avatar\/ccc17943b9d660506c869530f897617f7cb1c21a4bf30023f252596d83e1f007?s=96&d=mm&r=g","contentUrl":"https:\/\/secure.gravatar.com\/avatar\/ccc17943b9d660506c869530f897617f7cb1c21a4bf30023f252596d83e1f007?s=96&d=mm&r=g","caption":"admin"},"sameAs":["https:\/\/kibrisdakik.com"],"url":"https:\/\/kibrisdakik.com\/?author=1"}]}},"_links":{"self":[{"href":"https:\/\/kibrisdakik.com\/index.php?rest_route=\/wp\/v2\/posts\/10460","targetHints":{"allow":["GET"]}}],"collection":[{"href":"https:\/\/kibrisdakik.com\/index.php?rest_route=\/wp\/v2\/posts"}],"about":[{"href":"https:\/\/kibrisdakik.com\/index.php?rest_route=\/wp\/v2\/types\/post"}],"author":[{"embeddable":true,"href":"https:\/\/kibrisdakik.com\/index.php?rest_route=\/wp\/v2\/users\/1"}],"replies":[{"embeddable":true,"href":"https:\/\/kibrisdakik.com\/index.php?rest_route=%2Fwp%2Fv2%2Fcomments&post=10460"}],"version-history":[{"count":0,"href":"https:\/\/kibrisdakik.com\/index.php?rest_route=\/wp\/v2\/posts\/10460\/revisions"}],"wp:featuredmedia":[{"embeddable":true,"href":"https:\/\/kibrisdakik.com\/index.php?rest_route=\/wp\/v2\/media\/4444"}],"wp:attachment":[{"href":"https:\/\/kibrisdakik.com\/index.php?rest_route=%2Fwp%2Fv2%2Fmedia&parent=10460"}],"wp:term":[{"taxonomy":"category","embeddable":true,"href":"https:\/\/kibrisdakik.com\/index.php?rest_route=%2Fwp%2Fv2%2Fcategories&post=10460"},{"taxonomy":"post_tag","embeddable":true,"href":"https:\/\/kibrisdakik.com\/index.php?rest_route=%2Fwp%2Fv2%2Ftags&post=10460"}],"curies":[{"name":"wp","href":"https:\/\/api.w.org\/{rel}","templated":true}]}}