{"id":10472,"date":"2023-07-16T05:23:05","date_gmt":"2023-07-16T05:23:05","guid":{"rendered":"https:\/\/kibrisdakik.com\/index.php\/2023\/07\/16\/hz-ebubekir-camiinde-15-temmuz-sehitlerini-yad-programi-duzenlendi\/"},"modified":"2023-07-16T05:23:05","modified_gmt":"2023-07-16T05:23:05","slug":"hz-ebubekir-camiinde-15-temmuz-sehitlerini-yad-programi-duzenlendi","status":"publish","type":"post","link":"https:\/\/kibrisdakik.com\/?p=10472","title":{"rendered":"Hz. Ebubekir Camii\u2019nde 15 Temmuz \u015eehitleri\u2019ni Yad Program\u0131 d\u00fczenlendi"},"content":{"rendered":"<p><\/p>\n<div class=\"mariselle-image-container center\">\n                <img width=\"1105\" height=\"629\" class=\"lazy-image\" alt=\"\" loading=\"lazy\" data-src=\"https:\/\/brtk.net\/wp-content\/uploads\/2023\/07\/16\/ebubekir.jpg?ver=8b2248622e4d979a4f6e376cef83fbce\" data-srcset=\"https:\/\/brtk.net\/wp-content\/uploads\/2023\/07\/16\/ebubekir.jpg?ver=8b2248622e4d979a4f6e376cef83fbce 1105w, https:\/\/brtk.net\/wp-content\/uploads\/2023\/07\/16\/ebubekir-300x171.jpg?ver=53a0dce7327c4dae5ee74b6b5ce4ef93 300w, https:\/\/brtk.net\/wp-content\/uploads\/2023\/07\/16\/ebubekir-1024x583.jpg?ver=53a0dce7327c4dae5ee74b6b5ce4ef93 1024w, https:\/\/brtk.net\/wp-content\/uploads\/2023\/07\/16\/ebubekir-768x437.jpg?ver=53a0dce7327c4dae5ee74b6b5ce4ef93 768w\" \/>                            <\/div>\n<p>T\u00fcrkiye\u2019deki 15 Temmuz darbe kalk\u0131\u015fmas\u0131nda \u015fehit d\u00fc\u015fenler Lefko\u015fa\u2019da dualarla yad edildi.<\/p>\n<p>Hz. Ebubekir Camii\u2019nde 15 Temmuz \u015eehitlerini Yad program\u0131 d\u00fczenlendi.<\/p>\n","protected":false},"excerpt":{"rendered":"<p>T\u00fcrkiye\u2019deki 15 Temmuz darbe kalk\u0131\u015fmas\u0131nda \u015fehit d\u00fc\u015fenler Lefko\u015fa\u2019da dualarla yad edildi. Hz. Ebubekir Camii\u2019nde 15 Temmuz \u015eehitlerini Yad program\u0131 d\u00fczenlendi.<\/p>\n","protected":false},"author":1,"featured_media":10473,"comment_status":"open","ping_status":"open","sticky":false,"template":"","format":"standard","meta":{"footnotes":""},"categories":[1],"tags":[],"class_list":["post-10472","post","type-post","status-publish","format-standard","has-post-thumbnail","hentry","category-gundem"],"yoast_head":"<!-- This site is optimized with the Yoast SEO plugin v27.5 - https:\/\/yoast.com\/product\/yoast-seo-wordpress\/ -->\n<title>Hz. Ebubekir Camii\u2019nde 15 Temmuz \u015eehitleri\u2019ni Yad Program\u0131 d\u00fczenlendi -<\/title>\n<meta name=\"robots\" content=\"index, follow, max-snippet:-1, max-image-preview:large, max-video-preview:-1\" \/>\n<link rel=\"canonical\" href=\"https:\/\/kibrisdakik.com\/?p=10472\" \/>\n<meta property=\"og:locale\" content=\"tr_TR\" \/>\n<meta property=\"og:type\" content=\"article\" \/>\n<meta property=\"og:title\" content=\"Hz. Ebubekir Camii\u2019nde 15 Temmuz \u015eehitleri\u2019ni Yad Program\u0131 d\u00fczenlendi -\" \/>\n<meta property=\"og:description\" content=\"T\u00fcrkiye\u2019deki 15 Temmuz darbe kalk\u0131\u015fmas\u0131nda \u015fehit d\u00fc\u015fenler Lefko\u015fa\u2019da dualarla yad edildi. Hz. Ebubekir Camii\u2019nde 15 Temmuz \u015eehitlerini Yad program\u0131 d\u00fczenlendi.\" \/>\n<meta property=\"og:url\" content=\"https:\/\/kibrisdakik.com\/?p=10472\" \/>\n<meta property=\"article:published_time\" content=\"2023-07-16T05:23:05+00:00\" \/>\n<meta property=\"og:image\" content=\"https:\/\/kibrisdakik.com\/wp-content\/uploads\/2023\/07\/ebubekir-740x420.jpg\" \/>\n\t<meta property=\"og:image:width\" content=\"1105\" \/>\n\t<meta property=\"og:image:height\" content=\"629\" \/>\n\t<meta property=\"og:image:type\" content=\"image\/jpeg\" \/>\n<meta name=\"author\" content=\"admin\" \/>\n<meta name=\"twitter:card\" content=\"summary_large_image\" \/>\n<meta name=\"twitter:label1\" content=\"Yazan:\" \/>\n\t<meta name=\"twitter:data1\" content=\"admin\" \/>\n<script type=\"application\/ld+json\" class=\"yoast-schema-graph\">{\"@context\":\"https:\\\/\\\/schema.org\",\"@graph\":[{\"@type\":\"Article\",\"@id\":\"https:\\\/\\\/kibrisdakik.com\\\/?p=10472#article\",\"isPartOf\":{\"@id\":\"https:\\\/\\\/kibrisdakik.com\\\/?p=10472\"},\"author\":{\"name\":\"admin\",\"@id\":\"https:\\\/\\\/kibrisdakik.com\\\/#\\\/schema\\\/person\\\/9cd9d437bbb44f72b73ba127e06d8e79\"},\"headline\":\"Hz. Ebubekir Camii\u2019nde 15 Temmuz \u015eehitleri\u2019ni Yad Program\u0131 d\u00fczenlendi\",\"datePublished\":\"2023-07-16T05:23:05+00:00\",\"mainEntityOfPage\":{\"@id\":\"https:\\\/\\\/kibrisdakik.com\\\/?p=10472\"},\"wordCount\":38,\"commentCount\":0,\"image\":{\"@id\":\"https:\\\/\\\/kibrisdakik.com\\\/?p=10472#primaryimage\"},\"thumbnailUrl\":\"https:\\\/\\\/kibrisdakik.com\\\/wp-content\\\/uploads\\\/2023\\\/07\\\/ebubekir-740x420.jpg\",\"articleSection\":[\"G\u00fcndem\"],\"inLanguage\":\"tr\",\"potentialAction\":[{\"@type\":\"CommentAction\",\"name\":\"Comment\",\"target\":[\"https:\\\/\\\/kibrisdakik.com\\\/?p=10472#respond\"]}]},{\"@type\":\"WebPage\",\"@id\":\"https:\\\/\\\/kibrisdakik.com\\\/?p=10472\",\"url\":\"https:\\\/\\\/kibrisdakik.com\\\/?p=10472\",\"name\":\"Hz. Ebubekir Camii\u2019nde 15 Temmuz \u015eehitleri\u2019ni Yad Program\u0131 d\u00fczenlendi -\",\"isPartOf\":{\"@id\":\"https:\\\/\\\/kibrisdakik.com\\\/#website\"},\"primaryImageOfPage\":{\"@id\":\"https:\\\/\\\/kibrisdakik.com\\\/?p=10472#primaryimage\"},\"image\":{\"@id\":\"https:\\\/\\\/kibrisdakik.com\\\/?p=10472#primaryimage\"},\"thumbnailUrl\":\"https:\\\/\\\/kibrisdakik.com\\\/wp-content\\\/uploads\\\/2023\\\/07\\\/ebubekir-740x420.jpg\",\"datePublished\":\"2023-07-16T05:23:05+00:00\",\"author\":{\"@id\":\"https:\\\/\\\/kibrisdakik.com\\\/#\\\/schema\\\/person\\\/9cd9d437bbb44f72b73ba127e06d8e79\"},\"breadcrumb\":{\"@id\":\"https:\\\/\\\/kibrisdakik.com\\\/?p=10472#breadcrumb\"},\"inLanguage\":\"tr\",\"potentialAction\":[{\"@type\":\"ReadAction\",\"target\":[\"https:\\\/\\\/kibrisdakik.com\\\/?p=10472\"]}]},{\"@type\":\"ImageObject\",\"inLanguage\":\"tr\",\"@id\":\"https:\\\/\\\/kibrisdakik.com\\\/?p=10472#primaryimage\",\"url\":\"https:\\\/\\\/kibrisdakik.com\\\/wp-content\\\/uploads\\\/2023\\\/07\\\/ebubekir-740x420.jpg\",\"contentUrl\":\"https:\\\/\\\/kibrisdakik.com\\\/wp-content\\\/uploads\\\/2023\\\/07\\\/ebubekir-740x420.jpg\",\"width\":1105,\"height\":629},{\"@type\":\"BreadcrumbList\",\"@id\":\"https:\\\/\\\/kibrisdakik.com\\\/?p=10472#breadcrumb\",\"itemListElement\":[{\"@type\":\"ListItem\",\"position\":1,\"name\":\"Home\",\"item\":\"https:\\\/\\\/kibrisdakik.com\\\/\"},{\"@type\":\"ListItem\",\"position\":2,\"name\":\"Hz. Ebubekir Camii\u2019nde 15 Temmuz \u015eehitleri\u2019ni Yad Program\u0131 d\u00fczenlendi\"}]},{\"@type\":\"WebSite\",\"@id\":\"https:\\\/\\\/kibrisdakik.com\\\/#website\",\"url\":\"https:\\\/\\\/kibrisdakik.com\\\/\",\"name\":\"\",\"description\":\"Tam vaktinde haber\",\"potentialAction\":[{\"@type\":\"SearchAction\",\"target\":{\"@type\":\"EntryPoint\",\"urlTemplate\":\"https:\\\/\\\/kibrisdakik.com\\\/?s={search_term_string}\"},\"query-input\":{\"@type\":\"PropertyValueSpecification\",\"valueRequired\":true,\"valueName\":\"search_term_string\"}}],\"inLanguage\":\"tr\"},{\"@type\":\"Person\",\"@id\":\"https:\\\/\\\/kibrisdakik.com\\\/#\\\/schema\\\/person\\\/9cd9d437bbb44f72b73ba127e06d8e79\",\"name\":\"admin\",\"image\":{\"@type\":\"ImageObject\",\"inLanguage\":\"tr\",\"@id\":\"https:\\\/\\\/secure.gravatar.com\\\/avatar\\\/ccc17943b9d660506c869530f897617f7cb1c21a4bf30023f252596d83e1f007?s=96&d=mm&r=g\",\"url\":\"https:\\\/\\\/secure.gravatar.com\\\/avatar\\\/ccc17943b9d660506c869530f897617f7cb1c21a4bf30023f252596d83e1f007?s=96&d=mm&r=g\",\"contentUrl\":\"https:\\\/\\\/secure.gravatar.com\\\/avatar\\\/ccc17943b9d660506c869530f897617f7cb1c21a4bf30023f252596d83e1f007?s=96&d=mm&r=g\",\"caption\":\"admin\"},\"sameAs\":[\"https:\\\/\\\/kibrisdakik.com\"],\"url\":\"https:\\\/\\\/kibrisdakik.com\\\/?author=1\"}]}<\/script>\n<!-- \/ Yoast SEO plugin. -->","yoast_head_json":{"title":"Hz. Ebubekir Camii\u2019nde 15 Temmuz \u015eehitleri\u2019ni Yad Program\u0131 d\u00fczenlendi -","robots":{"index":"index","follow":"follow","max-snippet":"max-snippet:-1","max-image-preview":"max-image-preview:large","max-video-preview":"max-video-preview:-1"},"canonical":"https:\/\/kibrisdakik.com\/?p=10472","og_locale":"tr_TR","og_type":"article","og_title":"Hz. Ebubekir Camii\u2019nde 15 Temmuz \u015eehitleri\u2019ni Yad Program\u0131 d\u00fczenlendi -","og_description":"T\u00fcrkiye\u2019deki 15 Temmuz darbe kalk\u0131\u015fmas\u0131nda \u015fehit d\u00fc\u015fenler Lefko\u015fa\u2019da dualarla yad edildi. Hz. Ebubekir Camii\u2019nde 15 Temmuz \u015eehitlerini Yad program\u0131 d\u00fczenlendi.","og_url":"https:\/\/kibrisdakik.com\/?p=10472","article_published_time":"2023-07-16T05:23:05+00:00","og_image":[{"width":1105,"height":629,"url":"https:\/\/kibrisdakik.com\/wp-content\/uploads\/2023\/07\/ebubekir-740x420.jpg","type":"image\/jpeg"}],"author":"admin","twitter_card":"summary_large_image","twitter_misc":{"Yazan:":"admin"},"schema":{"@context":"https:\/\/schema.org","@graph":[{"@type":"Article","@id":"https:\/\/kibrisdakik.com\/?p=10472#article","isPartOf":{"@id":"https:\/\/kibrisdakik.com\/?p=10472"},"author":{"name":"admin","@id":"https:\/\/kibrisdakik.com\/#\/schema\/person\/9cd9d437bbb44f72b73ba127e06d8e79"},"headline":"Hz. Ebubekir Camii\u2019nde 15 Temmuz \u015eehitleri\u2019ni Yad Program\u0131 d\u00fczenlendi","datePublished":"2023-07-16T05:23:05+00:00","mainEntityOfPage":{"@id":"https:\/\/kibrisdakik.com\/?p=10472"},"wordCount":38,"commentCount":0,"image":{"@id":"https:\/\/kibrisdakik.com\/?p=10472#primaryimage"},"thumbnailUrl":"https:\/\/kibrisdakik.com\/wp-content\/uploads\/2023\/07\/ebubekir-740x420.jpg","articleSection":["G\u00fcndem"],"inLanguage":"tr","potentialAction":[{"@type":"CommentAction","name":"Comment","target":["https:\/\/kibrisdakik.com\/?p=10472#respond"]}]},{"@type":"WebPage","@id":"https:\/\/kibrisdakik.com\/?p=10472","url":"https:\/\/kibrisdakik.com\/?p=10472","name":"Hz. Ebubekir Camii\u2019nde 15 Temmuz \u015eehitleri\u2019ni Yad Program\u0131 d\u00fczenlendi -","isPartOf":{"@id":"https:\/\/kibrisdakik.com\/#website"},"primaryImageOfPage":{"@id":"https:\/\/kibrisdakik.com\/?p=10472#primaryimage"},"image":{"@id":"https:\/\/kibrisdakik.com\/?p=10472#primaryimage"},"thumbnailUrl":"https:\/\/kibrisdakik.com\/wp-content\/uploads\/2023\/07\/ebubekir-740x420.jpg","datePublished":"2023-07-16T05:23:05+00:00","author":{"@id":"https:\/\/kibrisdakik.com\/#\/schema\/person\/9cd9d437bbb44f72b73ba127e06d8e79"},"breadcrumb":{"@id":"https:\/\/kibrisdakik.com\/?p=10472#breadcrumb"},"inLanguage":"tr","potentialAction":[{"@type":"ReadAction","target":["https:\/\/kibrisdakik.com\/?p=10472"]}]},{"@type":"ImageObject","inLanguage":"tr","@id":"https:\/\/kibrisdakik.com\/?p=10472#primaryimage","url":"https:\/\/kibrisdakik.com\/wp-content\/uploads\/2023\/07\/ebubekir-740x420.jpg","contentUrl":"https:\/\/kibrisdakik.com\/wp-content\/uploads\/2023\/07\/ebubekir-740x420.jpg","width":1105,"height":629},{"@type":"BreadcrumbList","@id":"https:\/\/kibrisdakik.com\/?p=10472#breadcrumb","itemListElement":[{"@type":"ListItem","position":1,"name":"Home","item":"https:\/\/kibrisdakik.com\/"},{"@type":"ListItem","position":2,"name":"Hz. Ebubekir Camii\u2019nde 15 Temmuz \u015eehitleri\u2019ni Yad Program\u0131 d\u00fczenlendi"}]},{"@type":"WebSite","@id":"https:\/\/kibrisdakik.com\/#website","url":"https:\/\/kibrisdakik.com\/","name":"","description":"Tam vaktinde haber","potentialAction":[{"@type":"SearchAction","target":{"@type":"EntryPoint","urlTemplate":"https:\/\/kibrisdakik.com\/?s={search_term_string}"},"query-input":{"@type":"PropertyValueSpecification","valueRequired":true,"valueName":"search_term_string"}}],"inLanguage":"tr"},{"@type":"Person","@id":"https:\/\/kibrisdakik.com\/#\/schema\/person\/9cd9d437bbb44f72b73ba127e06d8e79","name":"admin","image":{"@type":"ImageObject","inLanguage":"tr","@id":"https:\/\/secure.gravatar.com\/avatar\/ccc17943b9d660506c869530f897617f7cb1c21a4bf30023f252596d83e1f007?s=96&d=mm&r=g","url":"https:\/\/secure.gravatar.com\/avatar\/ccc17943b9d660506c869530f897617f7cb1c21a4bf30023f252596d83e1f007?s=96&d=mm&r=g","contentUrl":"https:\/\/secure.gravatar.com\/avatar\/ccc17943b9d660506c869530f897617f7cb1c21a4bf30023f252596d83e1f007?s=96&d=mm&r=g","caption":"admin"},"sameAs":["https:\/\/kibrisdakik.com"],"url":"https:\/\/kibrisdakik.com\/?author=1"}]}},"_links":{"self":[{"href":"https:\/\/kibrisdakik.com\/index.php?rest_route=\/wp\/v2\/posts\/10472","targetHints":{"allow":["GET"]}}],"collection":[{"href":"https:\/\/kibrisdakik.com\/index.php?rest_route=\/wp\/v2\/posts"}],"about":[{"href":"https:\/\/kibrisdakik.com\/index.php?rest_route=\/wp\/v2\/types\/post"}],"author":[{"embeddable":true,"href":"https:\/\/kibrisdakik.com\/index.php?rest_route=\/wp\/v2\/users\/1"}],"replies":[{"embeddable":true,"href":"https:\/\/kibrisdakik.com\/index.php?rest_route=%2Fwp%2Fv2%2Fcomments&post=10472"}],"version-history":[{"count":0,"href":"https:\/\/kibrisdakik.com\/index.php?rest_route=\/wp\/v2\/posts\/10472\/revisions"}],"wp:featuredmedia":[{"embeddable":true,"href":"https:\/\/kibrisdakik.com\/index.php?rest_route=\/wp\/v2\/media\/10473"}],"wp:attachment":[{"href":"https:\/\/kibrisdakik.com\/index.php?rest_route=%2Fwp%2Fv2%2Fmedia&parent=10472"}],"wp:term":[{"taxonomy":"category","embeddable":true,"href":"https:\/\/kibrisdakik.com\/index.php?rest_route=%2Fwp%2Fv2%2Fcategories&post=10472"},{"taxonomy":"post_tag","embeddable":true,"href":"https:\/\/kibrisdakik.com\/index.php?rest_route=%2Fwp%2Fv2%2Ftags&post=10472"}],"curies":[{"name":"wp","href":"https:\/\/api.w.org\/{rel}","templated":true}]}}