{"id":104731,"date":"2026-01-23T17:12:07","date_gmt":"2026-01-23T15:12:07","guid":{"rendered":"https:\/\/kibrisdakik.com\/index.php\/2026\/01\/23\/liberal-demokrasi-hareketinden-tasimacilik-politikalarina-tepki\/"},"modified":"2026-01-23T17:12:07","modified_gmt":"2026-01-23T15:12:07","slug":"liberal-demokrasi-hareketinden-tasimacilik-politikalarina-tepki","status":"publish","type":"post","link":"https:\/\/kibrisdakik.com\/?p=104731","title":{"rendered":"L\u0130BERAL DEMOKRAS\u0130 HAREKET\u0130\u2019NDEN TA\u015eIMACILIK POL\u0130T\u0130KALARINA TEPK\u0130"},"content":{"rendered":"<p><img decoding=\"async\" src=\"https:\/\/mhahabercom.teimg.com\/crop\/1280x720\/mhahaber-com\/uploads\/2026\/01\/mha-sari-beyaz-2603.png\" \/><\/p>\n<p>Liberal Demokrasi Hareketi, T izninin ayr\u0131cal\u0131k de\u011fil; e\u015fit, a\u00e7\u0131k ve adil bir standart h\u00e2line getirilmesi gerekti\u011fini vurguland\u0131.<\/p>\n<p>Liberal Demokrasi Hareketi taraf\u0131ndan yap\u0131lan yaz\u0131l\u0131 a\u00e7\u0131klamada, T izni sistemiyle ilgili mevcut uygulaman\u0131n serbest rekabeti s\u0131n\u0131rlad\u0131\u011f\u0131 ve piyasaya giri\u015fte engel olu\u015fturdu\u011fu savunuldu.<\/p>\n<p>A\u00e7\u0131klamada, T izni sisteminin bug\u00fcn serbest rekabeti s\u0131n\u0131rlayan, piyasaya giri\u015f bariyeri yaratan ve zamanla ayr\u0131cal\u0131k \u00fcreten bir yap\u0131ya d\u00f6n\u00fc\u015ft\u00fc\u011f\u00fc ifade edilirken, sorunun denetimin varl\u0131\u011f\u0131 de\u011fil, denetimin kapal\u0131, s\u0131n\u0131rl\u0131 ve b\u00fcy\u00fck \u00f6l\u00e7\u00fcde idari takdire ba\u011fl\u0131 bi\u00e7imde y\u00fcr\u00fct\u00fclmesi oldu\u011fu kaydedildi.<\/p>\n<p>T izinlerinin bakanl\u0131k ya da izin kurullar\u0131 eliyle s\u0131n\u0131rl\u0131 say\u0131da da\u011f\u0131t\u0131ld\u0131\u011f\u0131 belirtilen a\u00e7\u0131klamada, \u201cKimlerin bu i\u015fi yapabilece\u011fine piyasan\u0131n talebi ya da vatanda\u015f\u0131n ihtiyac\u0131 de\u011fil, kapal\u0131 bir idari mekanizma karar vermektedir.\u201d denildi.<\/p>\n<div id=\"ad_121\" data-channel=\"121\" data-advert=\"temedya\" data-rotation=\"120\" class=\"mb-3 text-center\"><\/div>\n<div id=\"ad_121_mobile\" data-channel=\"121\" data-advert=\"temedya\" data-rotation=\"120\" class=\"mb-3 text-center\"><\/div>\n<p>Mevcut yap\u0131n\u0131n ula\u015f\u0131m\u0131 fiilen kamusal bir hizmet alan\u0131 olmaktan \u00e7\u0131kard\u0131\u011f\u0131 ileri s\u00fcr\u00fclen a\u00e7\u0131klamada, s\u0131n\u0131rl\u0131 izin sisteminin hizmet kalitesini art\u0131rmak yerine piyasay\u0131 daraltt\u0131\u011f\u0131, rekabeti te\u015fvik etmek yerine korumac\u0131l\u0131\u011f\u0131 besledi\u011fi savunuldu. A\u00e7\u0131klamada, bunun sonucunda yurtta\u015flar\u0131n daha pahal\u0131 ve s\u0131n\u0131rl\u0131 bir hizmetle kar\u015f\u0131la\u015ft\u0131\u011f\u0131, \u00e7al\u0131\u015fmak isteyen bir\u00e7ok ki\u015finin ise sistem d\u0131\u015f\u0131nda kald\u0131\u011f\u0131 g\u00f6r\u00fc\u015f\u00fcne yer verildi.<\/p>\n<p>A\u00e7\u0131klamada ayr\u0131ca, ta\u015f\u0131mac\u0131l\u0131k alan\u0131ndaki uygulaman\u0131n di\u011fer mesleklerle kar\u015f\u0131la\u015ft\u0131r\u0131ld\u0131\u011f\u0131nda haks\u0131z bir istisna yaratt\u0131\u011f\u0131 belirtilerek, berberlik, lokantac\u0131l\u0131k ve \u00e7e\u015fitli serbest mesleklerde piyasaya giri\u015fin kontenjanla s\u0131n\u0131rland\u0131r\u0131lmad\u0131\u011f\u0131 hat\u0131rlat\u0131ld\u0131. A\u00e7\u0131klamada, devletin rol\u00fcn\u00fcn bu alanlarda kalite ve g\u00fcvenli\u011fi denetlemekle s\u0131n\u0131rl\u0131 oldu\u011fu ifade edildi.<\/p>\n<p>T izni uygulamas\u0131n\u0131n zamanla ekonomik de\u011feri olan belgelere d\u00f6n\u00fc\u015ft\u00fc\u011f\u00fcne dair kamuoyunda yayg\u0131n bir tart\u0131\u015fma bulundu\u011fu belirtilen a\u00e7\u0131klamada, izinlerin y\u00fcksek bedellerle devredildi\u011fi ya da kiraland\u0131\u011f\u0131 y\u00f6n\u00fcndeki alg\u0131n\u0131n, sistemin serbest piyasa de\u011fil ayr\u0131cal\u0131k \u00fcretti\u011fini g\u00f6sterdi\u011fi savunuldu. A\u00e7\u0131klamada, ayn\u0131 kapal\u0131 yap\u0131n\u0131n korsan ta\u015f\u0131mac\u0131l\u0131\u011f\u0131 \u00f6nlemek yerine \u00e7o\u011fu zaman g\u00f6lge ekonomiyi besledi\u011fi g\u00f6r\u00fc\u015f\u00fc de dile getirildi.<\/p>\n<p>A\u00e7\u0131klamada, T izninin kontenjan ve ayr\u0131cal\u0131k arac\u0131 olmaktan \u00e7\u0131kar\u0131lmas\u0131; ehliyet, ara\u00e7 g\u00fcvenli\u011fi, sigorta, vergi kayd\u0131 ve mesleki yeterlilik gibi a\u00e7\u0131k ve nesnel kriterlere dayanan bir standart belgesi h\u00e2line getirilmesi gerekti\u011fi vurguland\u0131.<\/p>\n<p>A\u00e7\u0131klamada, \u201cDevlet meslek da\u011f\u0131tmaz, kural koyar. \u00c7al\u0131\u015fma hakk\u0131 izinle verilen bir l\u00fctuf de\u011fildir\u201d denilerek, T izninin ayr\u0131cal\u0131k de\u011fil; e\u015fit, a\u00e7\u0131k ve adil bir standart h\u00e2line getirilmesi gerekti\u011fi kaydedildi.<\/p>\n<\/p>\n<div class=\"article-source py-3 small \">\n                <\/div>\n","protected":false},"excerpt":{"rendered":"<p>Liberal Demokrasi Hareketi, T izninin ayr\u0131cal\u0131k de\u011fil; e\u015fit, a\u00e7\u0131k ve adil bir standart h\u00e2line getirilmesi gerekti\u011fini vurguland\u0131. Liberal Demokrasi Hareketi taraf\u0131ndan yap\u0131lan yaz\u0131l\u0131 a\u00e7\u0131klamada, T izni sistemiyle ilgili mevcut uygulaman\u0131n serbest rekabeti s\u0131n\u0131rlad\u0131\u011f\u0131 ve piyasaya giri\u015fte engel olu\u015fturdu\u011fu savunuldu. A\u00e7\u0131klamada, T izni sisteminin bug\u00fcn serbest rekabeti s\u0131n\u0131rlayan, piyasaya giri\u015f bariyeri yaratan ve zamanla ayr\u0131cal\u0131k \u00fcreten<\/p>\n","protected":false},"author":1,"featured_media":0,"comment_status":"open","ping_status":"open","sticky":false,"template":"","format":"standard","meta":{"footnotes":""},"categories":[81],"tags":[],"class_list":["post-104731","post","type-post","status-publish","format-standard","hentry","category-kibris"],"yoast_head":"<!-- This site is optimized with the Yoast SEO plugin v27.4 - https:\/\/yoast.com\/product\/yoast-seo-wordpress\/ -->\n<title>L\u0130BERAL DEMOKRAS\u0130 HAREKET\u0130\u2019NDEN TA\u015eIMACILIK POL\u0130T\u0130KALARINA TEPK\u0130 -<\/title>\n<meta name=\"robots\" content=\"index, follow, max-snippet:-1, max-image-preview:large, max-video-preview:-1\" \/>\n<link rel=\"canonical\" href=\"https:\/\/kibrisdakik.com\/?p=104731\" \/>\n<meta property=\"og:locale\" content=\"tr_TR\" \/>\n<meta property=\"og:type\" content=\"article\" \/>\n<meta property=\"og:title\" content=\"L\u0130BERAL DEMOKRAS\u0130 HAREKET\u0130\u2019NDEN TA\u015eIMACILIK POL\u0130T\u0130KALARINA TEPK\u0130 -\" \/>\n<meta property=\"og:description\" content=\"Liberal Demokrasi Hareketi, T izninin ayr\u0131cal\u0131k de\u011fil; e\u015fit, a\u00e7\u0131k ve adil bir standart h\u00e2line getirilmesi gerekti\u011fini vurguland\u0131. Liberal Demokrasi Hareketi taraf\u0131ndan yap\u0131lan yaz\u0131l\u0131 a\u00e7\u0131klamada, T izni sistemiyle ilgili mevcut uygulaman\u0131n serbest rekabeti s\u0131n\u0131rlad\u0131\u011f\u0131 ve piyasaya giri\u015fte engel olu\u015fturdu\u011fu savunuldu. A\u00e7\u0131klamada, T izni sisteminin bug\u00fcn serbest rekabeti s\u0131n\u0131rlayan, piyasaya giri\u015f bariyeri yaratan ve zamanla ayr\u0131cal\u0131k \u00fcreten\" \/>\n<meta property=\"og:url\" content=\"https:\/\/kibrisdakik.com\/?p=104731\" \/>\n<meta property=\"article:published_time\" content=\"2026-01-23T15:12:07+00:00\" \/>\n<meta property=\"og:image\" content=\"https:\/\/mhahabercom.teimg.com\/crop\/1280x720\/mhahaber-com\/uploads\/2026\/01\/mha-sari-beyaz-2603.png\" \/>\n<meta name=\"author\" content=\"admin\" \/>\n<meta name=\"twitter:card\" content=\"summary_large_image\" \/>\n<meta name=\"twitter:label1\" content=\"Yazan:\" \/>\n\t<meta name=\"twitter:data1\" content=\"admin\" \/>\n\t<meta name=\"twitter:label2\" content=\"Tahmini okuma s\u00fcresi\" \/>\n\t<meta name=\"twitter:data2\" content=\"2 dakika\" \/>\n<script type=\"application\/ld+json\" class=\"yoast-schema-graph\">{\"@context\":\"https:\\\/\\\/schema.org\",\"@graph\":[{\"@type\":\"Article\",\"@id\":\"https:\\\/\\\/kibrisdakik.com\\\/?p=104731#article\",\"isPartOf\":{\"@id\":\"https:\\\/\\\/kibrisdakik.com\\\/?p=104731\"},\"author\":{\"name\":\"admin\",\"@id\":\"https:\\\/\\\/kibrisdakik.com\\\/#\\\/schema\\\/person\\\/9cd9d437bbb44f72b73ba127e06d8e79\"},\"headline\":\"L\u0130BERAL DEMOKRAS\u0130 HAREKET\u0130\u2019NDEN TA\u015eIMACILIK POL\u0130T\u0130KALARINA TEPK\u0130\",\"datePublished\":\"2026-01-23T15:12:07+00:00\",\"mainEntityOfPage\":{\"@id\":\"https:\\\/\\\/kibrisdakik.com\\\/?p=104731\"},\"wordCount\":476,\"commentCount\":0,\"image\":{\"@id\":\"https:\\\/\\\/kibrisdakik.com\\\/?p=104731#primaryimage\"},\"thumbnailUrl\":\"https:\\\/\\\/mhahabercom.teimg.com\\\/crop\\\/1280x720\\\/mhahaber-com\\\/uploads\\\/2026\\\/01\\\/mha-sari-beyaz-2603.png\",\"articleSection\":[\"K\u0131br\u0131s\"],\"inLanguage\":\"tr\",\"potentialAction\":[{\"@type\":\"CommentAction\",\"name\":\"Comment\",\"target\":[\"https:\\\/\\\/kibrisdakik.com\\\/?p=104731#respond\"]}]},{\"@type\":\"WebPage\",\"@id\":\"https:\\\/\\\/kibrisdakik.com\\\/?p=104731\",\"url\":\"https:\\\/\\\/kibrisdakik.com\\\/?p=104731\",\"name\":\"L\u0130BERAL DEMOKRAS\u0130 HAREKET\u0130\u2019NDEN TA\u015eIMACILIK POL\u0130T\u0130KALARINA TEPK\u0130 -\",\"isPartOf\":{\"@id\":\"https:\\\/\\\/kibrisdakik.com\\\/#website\"},\"primaryImageOfPage\":{\"@id\":\"https:\\\/\\\/kibrisdakik.com\\\/?p=104731#primaryimage\"},\"image\":{\"@id\":\"https:\\\/\\\/kibrisdakik.com\\\/?p=104731#primaryimage\"},\"thumbnailUrl\":\"https:\\\/\\\/mhahabercom.teimg.com\\\/crop\\\/1280x720\\\/mhahaber-com\\\/uploads\\\/2026\\\/01\\\/mha-sari-beyaz-2603.png\",\"datePublished\":\"2026-01-23T15:12:07+00:00\",\"author\":{\"@id\":\"https:\\\/\\\/kibrisdakik.com\\\/#\\\/schema\\\/person\\\/9cd9d437bbb44f72b73ba127e06d8e79\"},\"breadcrumb\":{\"@id\":\"https:\\\/\\\/kibrisdakik.com\\\/?p=104731#breadcrumb\"},\"inLanguage\":\"tr\",\"potentialAction\":[{\"@type\":\"ReadAction\",\"target\":[\"https:\\\/\\\/kibrisdakik.com\\\/?p=104731\"]}]},{\"@type\":\"ImageObject\",\"inLanguage\":\"tr\",\"@id\":\"https:\\\/\\\/kibrisdakik.com\\\/?p=104731#primaryimage\",\"url\":\"https:\\\/\\\/mhahabercom.teimg.com\\\/crop\\\/1280x720\\\/mhahaber-com\\\/uploads\\\/2026\\\/01\\\/mha-sari-beyaz-2603.png\",\"contentUrl\":\"https:\\\/\\\/mhahabercom.teimg.com\\\/crop\\\/1280x720\\\/mhahaber-com\\\/uploads\\\/2026\\\/01\\\/mha-sari-beyaz-2603.png\"},{\"@type\":\"BreadcrumbList\",\"@id\":\"https:\\\/\\\/kibrisdakik.com\\\/?p=104731#breadcrumb\",\"itemListElement\":[{\"@type\":\"ListItem\",\"position\":1,\"name\":\"Home\",\"item\":\"https:\\\/\\\/kibrisdakik.com\\\/\"},{\"@type\":\"ListItem\",\"position\":2,\"name\":\"L\u0130BERAL DEMOKRAS\u0130 HAREKET\u0130\u2019NDEN TA\u015eIMACILIK POL\u0130T\u0130KALARINA TEPK\u0130\"}]},{\"@type\":\"WebSite\",\"@id\":\"https:\\\/\\\/kibrisdakik.com\\\/#website\",\"url\":\"https:\\\/\\\/kibrisdakik.com\\\/\",\"name\":\"\",\"description\":\"Tam vaktinde haber\",\"potentialAction\":[{\"@type\":\"SearchAction\",\"target\":{\"@type\":\"EntryPoint\",\"urlTemplate\":\"https:\\\/\\\/kibrisdakik.com\\\/?s={search_term_string}\"},\"query-input\":{\"@type\":\"PropertyValueSpecification\",\"valueRequired\":true,\"valueName\":\"search_term_string\"}}],\"inLanguage\":\"tr\"},{\"@type\":\"Person\",\"@id\":\"https:\\\/\\\/kibrisdakik.com\\\/#\\\/schema\\\/person\\\/9cd9d437bbb44f72b73ba127e06d8e79\",\"name\":\"admin\",\"image\":{\"@type\":\"ImageObject\",\"inLanguage\":\"tr\",\"@id\":\"https:\\\/\\\/secure.gravatar.com\\\/avatar\\\/ccc17943b9d660506c869530f897617f7cb1c21a4bf30023f252596d83e1f007?s=96&d=mm&r=g\",\"url\":\"https:\\\/\\\/secure.gravatar.com\\\/avatar\\\/ccc17943b9d660506c869530f897617f7cb1c21a4bf30023f252596d83e1f007?s=96&d=mm&r=g\",\"contentUrl\":\"https:\\\/\\\/secure.gravatar.com\\\/avatar\\\/ccc17943b9d660506c869530f897617f7cb1c21a4bf30023f252596d83e1f007?s=96&d=mm&r=g\",\"caption\":\"admin\"},\"sameAs\":[\"https:\\\/\\\/kibrisdakik.com\"],\"url\":\"https:\\\/\\\/kibrisdakik.com\\\/?author=1\"}]}<\/script>\n<!-- \/ Yoast SEO plugin. -->","yoast_head_json":{"title":"L\u0130BERAL DEMOKRAS\u0130 HAREKET\u0130\u2019NDEN TA\u015eIMACILIK POL\u0130T\u0130KALARINA TEPK\u0130 -","robots":{"index":"index","follow":"follow","max-snippet":"max-snippet:-1","max-image-preview":"max-image-preview:large","max-video-preview":"max-video-preview:-1"},"canonical":"https:\/\/kibrisdakik.com\/?p=104731","og_locale":"tr_TR","og_type":"article","og_title":"L\u0130BERAL DEMOKRAS\u0130 HAREKET\u0130\u2019NDEN TA\u015eIMACILIK POL\u0130T\u0130KALARINA TEPK\u0130 -","og_description":"Liberal Demokrasi Hareketi, T izninin ayr\u0131cal\u0131k de\u011fil; e\u015fit, a\u00e7\u0131k ve adil bir standart h\u00e2line getirilmesi gerekti\u011fini vurguland\u0131. Liberal Demokrasi Hareketi taraf\u0131ndan yap\u0131lan yaz\u0131l\u0131 a\u00e7\u0131klamada, T izni sistemiyle ilgili mevcut uygulaman\u0131n serbest rekabeti s\u0131n\u0131rlad\u0131\u011f\u0131 ve piyasaya giri\u015fte engel olu\u015fturdu\u011fu savunuldu. A\u00e7\u0131klamada, T izni sisteminin bug\u00fcn serbest rekabeti s\u0131n\u0131rlayan, piyasaya giri\u015f bariyeri yaratan ve zamanla ayr\u0131cal\u0131k \u00fcreten","og_url":"https:\/\/kibrisdakik.com\/?p=104731","article_published_time":"2026-01-23T15:12:07+00:00","og_image":[{"url":"https:\/\/mhahabercom.teimg.com\/crop\/1280x720\/mhahaber-com\/uploads\/2026\/01\/mha-sari-beyaz-2603.png","type":"","width":"","height":""}],"author":"admin","twitter_card":"summary_large_image","twitter_misc":{"Yazan:":"admin","Tahmini okuma s\u00fcresi":"2 dakika"},"schema":{"@context":"https:\/\/schema.org","@graph":[{"@type":"Article","@id":"https:\/\/kibrisdakik.com\/?p=104731#article","isPartOf":{"@id":"https:\/\/kibrisdakik.com\/?p=104731"},"author":{"name":"admin","@id":"https:\/\/kibrisdakik.com\/#\/schema\/person\/9cd9d437bbb44f72b73ba127e06d8e79"},"headline":"L\u0130BERAL DEMOKRAS\u0130 HAREKET\u0130\u2019NDEN TA\u015eIMACILIK POL\u0130T\u0130KALARINA TEPK\u0130","datePublished":"2026-01-23T15:12:07+00:00","mainEntityOfPage":{"@id":"https:\/\/kibrisdakik.com\/?p=104731"},"wordCount":476,"commentCount":0,"image":{"@id":"https:\/\/kibrisdakik.com\/?p=104731#primaryimage"},"thumbnailUrl":"https:\/\/mhahabercom.teimg.com\/crop\/1280x720\/mhahaber-com\/uploads\/2026\/01\/mha-sari-beyaz-2603.png","articleSection":["K\u0131br\u0131s"],"inLanguage":"tr","potentialAction":[{"@type":"CommentAction","name":"Comment","target":["https:\/\/kibrisdakik.com\/?p=104731#respond"]}]},{"@type":"WebPage","@id":"https:\/\/kibrisdakik.com\/?p=104731","url":"https:\/\/kibrisdakik.com\/?p=104731","name":"L\u0130BERAL DEMOKRAS\u0130 HAREKET\u0130\u2019NDEN TA\u015eIMACILIK POL\u0130T\u0130KALARINA TEPK\u0130 -","isPartOf":{"@id":"https:\/\/kibrisdakik.com\/#website"},"primaryImageOfPage":{"@id":"https:\/\/kibrisdakik.com\/?p=104731#primaryimage"},"image":{"@id":"https:\/\/kibrisdakik.com\/?p=104731#primaryimage"},"thumbnailUrl":"https:\/\/mhahabercom.teimg.com\/crop\/1280x720\/mhahaber-com\/uploads\/2026\/01\/mha-sari-beyaz-2603.png","datePublished":"2026-01-23T15:12:07+00:00","author":{"@id":"https:\/\/kibrisdakik.com\/#\/schema\/person\/9cd9d437bbb44f72b73ba127e06d8e79"},"breadcrumb":{"@id":"https:\/\/kibrisdakik.com\/?p=104731#breadcrumb"},"inLanguage":"tr","potentialAction":[{"@type":"ReadAction","target":["https:\/\/kibrisdakik.com\/?p=104731"]}]},{"@type":"ImageObject","inLanguage":"tr","@id":"https:\/\/kibrisdakik.com\/?p=104731#primaryimage","url":"https:\/\/mhahabercom.teimg.com\/crop\/1280x720\/mhahaber-com\/uploads\/2026\/01\/mha-sari-beyaz-2603.png","contentUrl":"https:\/\/mhahabercom.teimg.com\/crop\/1280x720\/mhahaber-com\/uploads\/2026\/01\/mha-sari-beyaz-2603.png"},{"@type":"BreadcrumbList","@id":"https:\/\/kibrisdakik.com\/?p=104731#breadcrumb","itemListElement":[{"@type":"ListItem","position":1,"name":"Home","item":"https:\/\/kibrisdakik.com\/"},{"@type":"ListItem","position":2,"name":"L\u0130BERAL DEMOKRAS\u0130 HAREKET\u0130\u2019NDEN TA\u015eIMACILIK POL\u0130T\u0130KALARINA TEPK\u0130"}]},{"@type":"WebSite","@id":"https:\/\/kibrisdakik.com\/#website","url":"https:\/\/kibrisdakik.com\/","name":"","description":"Tam vaktinde haber","potentialAction":[{"@type":"SearchAction","target":{"@type":"EntryPoint","urlTemplate":"https:\/\/kibrisdakik.com\/?s={search_term_string}"},"query-input":{"@type":"PropertyValueSpecification","valueRequired":true,"valueName":"search_term_string"}}],"inLanguage":"tr"},{"@type":"Person","@id":"https:\/\/kibrisdakik.com\/#\/schema\/person\/9cd9d437bbb44f72b73ba127e06d8e79","name":"admin","image":{"@type":"ImageObject","inLanguage":"tr","@id":"https:\/\/secure.gravatar.com\/avatar\/ccc17943b9d660506c869530f897617f7cb1c21a4bf30023f252596d83e1f007?s=96&d=mm&r=g","url":"https:\/\/secure.gravatar.com\/avatar\/ccc17943b9d660506c869530f897617f7cb1c21a4bf30023f252596d83e1f007?s=96&d=mm&r=g","contentUrl":"https:\/\/secure.gravatar.com\/avatar\/ccc17943b9d660506c869530f897617f7cb1c21a4bf30023f252596d83e1f007?s=96&d=mm&r=g","caption":"admin"},"sameAs":["https:\/\/kibrisdakik.com"],"url":"https:\/\/kibrisdakik.com\/?author=1"}]}},"_links":{"self":[{"href":"https:\/\/kibrisdakik.com\/index.php?rest_route=\/wp\/v2\/posts\/104731","targetHints":{"allow":["GET"]}}],"collection":[{"href":"https:\/\/kibrisdakik.com\/index.php?rest_route=\/wp\/v2\/posts"}],"about":[{"href":"https:\/\/kibrisdakik.com\/index.php?rest_route=\/wp\/v2\/types\/post"}],"author":[{"embeddable":true,"href":"https:\/\/kibrisdakik.com\/index.php?rest_route=\/wp\/v2\/users\/1"}],"replies":[{"embeddable":true,"href":"https:\/\/kibrisdakik.com\/index.php?rest_route=%2Fwp%2Fv2%2Fcomments&post=104731"}],"version-history":[{"count":0,"href":"https:\/\/kibrisdakik.com\/index.php?rest_route=\/wp\/v2\/posts\/104731\/revisions"}],"wp:attachment":[{"href":"https:\/\/kibrisdakik.com\/index.php?rest_route=%2Fwp%2Fv2%2Fmedia&parent=104731"}],"wp:term":[{"taxonomy":"category","embeddable":true,"href":"https:\/\/kibrisdakik.com\/index.php?rest_route=%2Fwp%2Fv2%2Fcategories&post=104731"},{"taxonomy":"post_tag","embeddable":true,"href":"https:\/\/kibrisdakik.com\/index.php?rest_route=%2Fwp%2Fv2%2Ftags&post=104731"}],"curies":[{"name":"wp","href":"https:\/\/api.w.org\/{rel}","templated":true}]}}