{"id":104751,"date":"2026-01-24T10:23:10","date_gmt":"2026-01-24T08:23:10","guid":{"rendered":"https:\/\/kibrisdakik.com\/index.php\/2026\/01\/24\/lefkosa-girnede-bolgesel-elektrik-kesintisi\/"},"modified":"2026-01-24T10:23:10","modified_gmt":"2026-01-24T08:23:10","slug":"lefkosa-girnede-bolgesel-elektrik-kesintisi","status":"publish","type":"post","link":"https:\/\/kibrisdakik.com\/?p=104751","title":{"rendered":"LEFKO\u015eA\/G\u0130RNE\u2019DE B\u00d6LGESEL ELEKTR\u0130K KES\u0130NT\u0130S\u0130"},"content":{"rendered":"<p><\/p>\n<article dir=\"auto\">\n<p>K\u0131b-Tek\u2019ten yap\u0131lan a\u00e7\u0131klamaya g\u00f6re, Orta Gerilim elektrik \u015febekesinde meydana gelen ar\u0131za nedeniyle Lefko\u015fa ve Girne b\u00f6lgelerinde yer alan Bo\u011fazk\u00f6y Futbol Sahas\u0131 ile Kamac\u0131o\u011flu b\u00f6lgelerinde elektrik kesintisi ya\u015fan\u0131yor.<\/p>\n<p>Ar\u0131zan\u0131n tespit edildi\u011fi ve onar\u0131m \u00e7al\u0131\u015fmalar\u0131n\u0131n ba\u015flat\u0131ld\u0131\u011f\u0131 belirtilirken, elektrik enerjisinin yeniden verilmesinin <strong>24 Ocak 2026 Cumartesi g\u00fcn\u00fc saat 13.00<\/strong> olarak planland\u0131\u011f\u0131 bildirildi.<\/p>\n<p>A\u00e7\u0131klamada, \u00e7al\u0131\u015fmalar\u0131n seyrine ba\u011fl\u0131 olarak elektri\u011fin belirtilen saatten daha erken ya da daha ge\u00e7 verilebilece\u011fi vurgulanarak, vatanda\u015flar\u0131n \u015febekede her an elektrik varm\u0131\u015f gibi hareket etmelerinin \u00f6nemle rica edildi\u011fi ifade edildi.<\/p>\n<div id=\"ad_121\" data-channel=\"121\" data-advert=\"temedya\" data-rotation=\"120\" class=\"mb-3 text-center\"><\/div>\n<div id=\"ad_121_mobile\" data-channel=\"121\" data-advert=\"temedya\" data-rotation=\"120\" class=\"mb-3 text-center\"><\/div>\n<p>Detayl\u0131 bilgi i\u00e7in K\u0131b-Tek \u00c7a\u011fr\u0131 Merkezi\u2019nin <strong>600 09 60<\/strong> numaral\u0131 hatt\u0131ndan veya <strong><a href=\"http:\/\/www.kibtek.com\" rel=\"noopener\" target=\"_blank\">www.kibtek.com<\/a><\/strong> adresinden bilgi al\u0131nabilece\u011fi kaydedildi.<\/p>\n<\/article>\n<div class=\"article-source py-3 small \">\n                <\/div>\n","protected":false},"excerpt":{"rendered":"<p>K\u0131b-Tek\u2019ten yap\u0131lan a\u00e7\u0131klamaya g\u00f6re, Orta Gerilim elektrik \u015febekesinde meydana gelen ar\u0131za nedeniyle Lefko\u015fa ve Girne b\u00f6lgelerinde yer alan Bo\u011fazk\u00f6y Futbol Sahas\u0131 ile Kamac\u0131o\u011flu b\u00f6lgelerinde elektrik kesintisi ya\u015fan\u0131yor. Ar\u0131zan\u0131n tespit edildi\u011fi ve onar\u0131m \u00e7al\u0131\u015fmalar\u0131n\u0131n ba\u015flat\u0131ld\u0131\u011f\u0131 belirtilirken, elektrik enerjisinin yeniden verilmesinin 24 Ocak 2026 Cumartesi g\u00fcn\u00fc saat 13.00 olarak planland\u0131\u011f\u0131 bildirildi. A\u00e7\u0131klamada, \u00e7al\u0131\u015fmalar\u0131n seyrine ba\u011fl\u0131 olarak elektri\u011fin<\/p>\n","protected":false},"author":1,"featured_media":103391,"comment_status":"open","ping_status":"open","sticky":false,"template":"","format":"standard","meta":{"footnotes":""},"categories":[81],"tags":[],"class_list":["post-104751","post","type-post","status-publish","format-standard","has-post-thumbnail","hentry","category-kibris"],"yoast_head":"<!-- This site is optimized with the Yoast SEO plugin v27.4 - https:\/\/yoast.com\/product\/yoast-seo-wordpress\/ -->\n<title>LEFKO\u015eA\/G\u0130RNE\u2019DE B\u00d6LGESEL ELEKTR\u0130K KES\u0130NT\u0130S\u0130 -<\/title>\n<meta name=\"robots\" content=\"index, follow, max-snippet:-1, max-image-preview:large, max-video-preview:-1\" \/>\n<link rel=\"canonical\" href=\"https:\/\/kibrisdakik.com\/?p=104751\" \/>\n<meta property=\"og:locale\" content=\"tr_TR\" \/>\n<meta property=\"og:type\" content=\"article\" \/>\n<meta property=\"og:title\" content=\"LEFKO\u015eA\/G\u0130RNE\u2019DE B\u00d6LGESEL ELEKTR\u0130K KES\u0130NT\u0130S\u0130 -\" \/>\n<meta property=\"og:description\" content=\"K\u0131b-Tek\u2019ten yap\u0131lan a\u00e7\u0131klamaya g\u00f6re, Orta Gerilim elektrik \u015febekesinde meydana gelen ar\u0131za nedeniyle Lefko\u015fa ve Girne b\u00f6lgelerinde yer alan Bo\u011fazk\u00f6y Futbol Sahas\u0131 ile Kamac\u0131o\u011flu b\u00f6lgelerinde elektrik kesintisi ya\u015fan\u0131yor. Ar\u0131zan\u0131n tespit edildi\u011fi ve onar\u0131m \u00e7al\u0131\u015fmalar\u0131n\u0131n ba\u015flat\u0131ld\u0131\u011f\u0131 belirtilirken, elektrik enerjisinin yeniden verilmesinin 24 Ocak 2026 Cumartesi g\u00fcn\u00fc saat 13.00 olarak planland\u0131\u011f\u0131 bildirildi. A\u00e7\u0131klamada, \u00e7al\u0131\u015fmalar\u0131n seyrine ba\u011fl\u0131 olarak elektri\u011fin\" \/>\n<meta property=\"og:url\" content=\"https:\/\/kibrisdakik.com\/?p=104751\" \/>\n<meta property=\"article:published_time\" content=\"2026-01-24T08:23:10+00:00\" \/>\n<meta property=\"og:image\" content=\"https:\/\/kibrisdakik.com\/wp-content\/uploads\/2026\/01\/mhafoto-4.png\" \/>\n\t<meta property=\"og:image:width\" content=\"1280\" \/>\n\t<meta property=\"og:image:height\" content=\"720\" \/>\n\t<meta property=\"og:image:type\" content=\"image\/png\" \/>\n<meta name=\"author\" content=\"admin\" \/>\n<meta name=\"twitter:card\" content=\"summary_large_image\" \/>\n<meta name=\"twitter:label1\" content=\"Yazan:\" \/>\n\t<meta name=\"twitter:data1\" content=\"admin\" \/>\n\t<meta name=\"twitter:label2\" content=\"Tahmini okuma s\u00fcresi\" \/>\n\t<meta name=\"twitter:data2\" content=\"1 dakika\" \/>\n<script type=\"application\/ld+json\" class=\"yoast-schema-graph\">{\"@context\":\"https:\\\/\\\/schema.org\",\"@graph\":[{\"@type\":\"Article\",\"@id\":\"https:\\\/\\\/kibrisdakik.com\\\/?p=104751#article\",\"isPartOf\":{\"@id\":\"https:\\\/\\\/kibrisdakik.com\\\/?p=104751\"},\"author\":{\"name\":\"admin\",\"@id\":\"https:\\\/\\\/kibrisdakik.com\\\/#\\\/schema\\\/person\\\/9cd9d437bbb44f72b73ba127e06d8e79\"},\"headline\":\"LEFKO\u015eA\\\/G\u0130RNE\u2019DE B\u00d6LGESEL ELEKTR\u0130K KES\u0130NT\u0130S\u0130\",\"datePublished\":\"2026-01-24T08:23:10+00:00\",\"mainEntityOfPage\":{\"@id\":\"https:\\\/\\\/kibrisdakik.com\\\/?p=104751\"},\"wordCount\":145,\"commentCount\":0,\"image\":{\"@id\":\"https:\\\/\\\/kibrisdakik.com\\\/?p=104751#primaryimage\"},\"thumbnailUrl\":\"https:\\\/\\\/kibrisdakik.com\\\/wp-content\\\/uploads\\\/2026\\\/01\\\/mhafoto-4.png\",\"articleSection\":[\"K\u0131br\u0131s\"],\"inLanguage\":\"tr\",\"potentialAction\":[{\"@type\":\"CommentAction\",\"name\":\"Comment\",\"target\":[\"https:\\\/\\\/kibrisdakik.com\\\/?p=104751#respond\"]}]},{\"@type\":\"WebPage\",\"@id\":\"https:\\\/\\\/kibrisdakik.com\\\/?p=104751\",\"url\":\"https:\\\/\\\/kibrisdakik.com\\\/?p=104751\",\"name\":\"LEFKO\u015eA\\\/G\u0130RNE\u2019DE B\u00d6LGESEL ELEKTR\u0130K KES\u0130NT\u0130S\u0130 -\",\"isPartOf\":{\"@id\":\"https:\\\/\\\/kibrisdakik.com\\\/#website\"},\"primaryImageOfPage\":{\"@id\":\"https:\\\/\\\/kibrisdakik.com\\\/?p=104751#primaryimage\"},\"image\":{\"@id\":\"https:\\\/\\\/kibrisdakik.com\\\/?p=104751#primaryimage\"},\"thumbnailUrl\":\"https:\\\/\\\/kibrisdakik.com\\\/wp-content\\\/uploads\\\/2026\\\/01\\\/mhafoto-4.png\",\"datePublished\":\"2026-01-24T08:23:10+00:00\",\"author\":{\"@id\":\"https:\\\/\\\/kibrisdakik.com\\\/#\\\/schema\\\/person\\\/9cd9d437bbb44f72b73ba127e06d8e79\"},\"breadcrumb\":{\"@id\":\"https:\\\/\\\/kibrisdakik.com\\\/?p=104751#breadcrumb\"},\"inLanguage\":\"tr\",\"potentialAction\":[{\"@type\":\"ReadAction\",\"target\":[\"https:\\\/\\\/kibrisdakik.com\\\/?p=104751\"]}]},{\"@type\":\"ImageObject\",\"inLanguage\":\"tr\",\"@id\":\"https:\\\/\\\/kibrisdakik.com\\\/?p=104751#primaryimage\",\"url\":\"https:\\\/\\\/kibrisdakik.com\\\/wp-content\\\/uploads\\\/2026\\\/01\\\/mhafoto-4.png\",\"contentUrl\":\"https:\\\/\\\/kibrisdakik.com\\\/wp-content\\\/uploads\\\/2026\\\/01\\\/mhafoto-4.png\",\"width\":1280,\"height\":720},{\"@type\":\"BreadcrumbList\",\"@id\":\"https:\\\/\\\/kibrisdakik.com\\\/?p=104751#breadcrumb\",\"itemListElement\":[{\"@type\":\"ListItem\",\"position\":1,\"name\":\"Home\",\"item\":\"https:\\\/\\\/kibrisdakik.com\\\/\"},{\"@type\":\"ListItem\",\"position\":2,\"name\":\"LEFKO\u015eA\\\/G\u0130RNE\u2019DE B\u00d6LGESEL ELEKTR\u0130K KES\u0130NT\u0130S\u0130\"}]},{\"@type\":\"WebSite\",\"@id\":\"https:\\\/\\\/kibrisdakik.com\\\/#website\",\"url\":\"https:\\\/\\\/kibrisdakik.com\\\/\",\"name\":\"\",\"description\":\"Tam vaktinde haber\",\"potentialAction\":[{\"@type\":\"SearchAction\",\"target\":{\"@type\":\"EntryPoint\",\"urlTemplate\":\"https:\\\/\\\/kibrisdakik.com\\\/?s={search_term_string}\"},\"query-input\":{\"@type\":\"PropertyValueSpecification\",\"valueRequired\":true,\"valueName\":\"search_term_string\"}}],\"inLanguage\":\"tr\"},{\"@type\":\"Person\",\"@id\":\"https:\\\/\\\/kibrisdakik.com\\\/#\\\/schema\\\/person\\\/9cd9d437bbb44f72b73ba127e06d8e79\",\"name\":\"admin\",\"image\":{\"@type\":\"ImageObject\",\"inLanguage\":\"tr\",\"@id\":\"https:\\\/\\\/secure.gravatar.com\\\/avatar\\\/ccc17943b9d660506c869530f897617f7cb1c21a4bf30023f252596d83e1f007?s=96&d=mm&r=g\",\"url\":\"https:\\\/\\\/secure.gravatar.com\\\/avatar\\\/ccc17943b9d660506c869530f897617f7cb1c21a4bf30023f252596d83e1f007?s=96&d=mm&r=g\",\"contentUrl\":\"https:\\\/\\\/secure.gravatar.com\\\/avatar\\\/ccc17943b9d660506c869530f897617f7cb1c21a4bf30023f252596d83e1f007?s=96&d=mm&r=g\",\"caption\":\"admin\"},\"sameAs\":[\"https:\\\/\\\/kibrisdakik.com\"],\"url\":\"https:\\\/\\\/kibrisdakik.com\\\/?author=1\"}]}<\/script>\n<!-- \/ Yoast SEO plugin. -->","yoast_head_json":{"title":"LEFKO\u015eA\/G\u0130RNE\u2019DE B\u00d6LGESEL ELEKTR\u0130K KES\u0130NT\u0130S\u0130 -","robots":{"index":"index","follow":"follow","max-snippet":"max-snippet:-1","max-image-preview":"max-image-preview:large","max-video-preview":"max-video-preview:-1"},"canonical":"https:\/\/kibrisdakik.com\/?p=104751","og_locale":"tr_TR","og_type":"article","og_title":"LEFKO\u015eA\/G\u0130RNE\u2019DE B\u00d6LGESEL ELEKTR\u0130K KES\u0130NT\u0130S\u0130 -","og_description":"K\u0131b-Tek\u2019ten yap\u0131lan a\u00e7\u0131klamaya g\u00f6re, Orta Gerilim elektrik \u015febekesinde meydana gelen ar\u0131za nedeniyle Lefko\u015fa ve Girne b\u00f6lgelerinde yer alan Bo\u011fazk\u00f6y Futbol Sahas\u0131 ile Kamac\u0131o\u011flu b\u00f6lgelerinde elektrik kesintisi ya\u015fan\u0131yor. Ar\u0131zan\u0131n tespit edildi\u011fi ve onar\u0131m \u00e7al\u0131\u015fmalar\u0131n\u0131n ba\u015flat\u0131ld\u0131\u011f\u0131 belirtilirken, elektrik enerjisinin yeniden verilmesinin 24 Ocak 2026 Cumartesi g\u00fcn\u00fc saat 13.00 olarak planland\u0131\u011f\u0131 bildirildi. A\u00e7\u0131klamada, \u00e7al\u0131\u015fmalar\u0131n seyrine ba\u011fl\u0131 olarak elektri\u011fin","og_url":"https:\/\/kibrisdakik.com\/?p=104751","article_published_time":"2026-01-24T08:23:10+00:00","og_image":[{"width":1280,"height":720,"url":"https:\/\/kibrisdakik.com\/wp-content\/uploads\/2026\/01\/mhafoto-4.png","type":"image\/png"}],"author":"admin","twitter_card":"summary_large_image","twitter_misc":{"Yazan:":"admin","Tahmini okuma s\u00fcresi":"1 dakika"},"schema":{"@context":"https:\/\/schema.org","@graph":[{"@type":"Article","@id":"https:\/\/kibrisdakik.com\/?p=104751#article","isPartOf":{"@id":"https:\/\/kibrisdakik.com\/?p=104751"},"author":{"name":"admin","@id":"https:\/\/kibrisdakik.com\/#\/schema\/person\/9cd9d437bbb44f72b73ba127e06d8e79"},"headline":"LEFKO\u015eA\/G\u0130RNE\u2019DE B\u00d6LGESEL ELEKTR\u0130K KES\u0130NT\u0130S\u0130","datePublished":"2026-01-24T08:23:10+00:00","mainEntityOfPage":{"@id":"https:\/\/kibrisdakik.com\/?p=104751"},"wordCount":145,"commentCount":0,"image":{"@id":"https:\/\/kibrisdakik.com\/?p=104751#primaryimage"},"thumbnailUrl":"https:\/\/kibrisdakik.com\/wp-content\/uploads\/2026\/01\/mhafoto-4.png","articleSection":["K\u0131br\u0131s"],"inLanguage":"tr","potentialAction":[{"@type":"CommentAction","name":"Comment","target":["https:\/\/kibrisdakik.com\/?p=104751#respond"]}]},{"@type":"WebPage","@id":"https:\/\/kibrisdakik.com\/?p=104751","url":"https:\/\/kibrisdakik.com\/?p=104751","name":"LEFKO\u015eA\/G\u0130RNE\u2019DE B\u00d6LGESEL ELEKTR\u0130K KES\u0130NT\u0130S\u0130 -","isPartOf":{"@id":"https:\/\/kibrisdakik.com\/#website"},"primaryImageOfPage":{"@id":"https:\/\/kibrisdakik.com\/?p=104751#primaryimage"},"image":{"@id":"https:\/\/kibrisdakik.com\/?p=104751#primaryimage"},"thumbnailUrl":"https:\/\/kibrisdakik.com\/wp-content\/uploads\/2026\/01\/mhafoto-4.png","datePublished":"2026-01-24T08:23:10+00:00","author":{"@id":"https:\/\/kibrisdakik.com\/#\/schema\/person\/9cd9d437bbb44f72b73ba127e06d8e79"},"breadcrumb":{"@id":"https:\/\/kibrisdakik.com\/?p=104751#breadcrumb"},"inLanguage":"tr","potentialAction":[{"@type":"ReadAction","target":["https:\/\/kibrisdakik.com\/?p=104751"]}]},{"@type":"ImageObject","inLanguage":"tr","@id":"https:\/\/kibrisdakik.com\/?p=104751#primaryimage","url":"https:\/\/kibrisdakik.com\/wp-content\/uploads\/2026\/01\/mhafoto-4.png","contentUrl":"https:\/\/kibrisdakik.com\/wp-content\/uploads\/2026\/01\/mhafoto-4.png","width":1280,"height":720},{"@type":"BreadcrumbList","@id":"https:\/\/kibrisdakik.com\/?p=104751#breadcrumb","itemListElement":[{"@type":"ListItem","position":1,"name":"Home","item":"https:\/\/kibrisdakik.com\/"},{"@type":"ListItem","position":2,"name":"LEFKO\u015eA\/G\u0130RNE\u2019DE B\u00d6LGESEL ELEKTR\u0130K KES\u0130NT\u0130S\u0130"}]},{"@type":"WebSite","@id":"https:\/\/kibrisdakik.com\/#website","url":"https:\/\/kibrisdakik.com\/","name":"","description":"Tam vaktinde haber","potentialAction":[{"@type":"SearchAction","target":{"@type":"EntryPoint","urlTemplate":"https:\/\/kibrisdakik.com\/?s={search_term_string}"},"query-input":{"@type":"PropertyValueSpecification","valueRequired":true,"valueName":"search_term_string"}}],"inLanguage":"tr"},{"@type":"Person","@id":"https:\/\/kibrisdakik.com\/#\/schema\/person\/9cd9d437bbb44f72b73ba127e06d8e79","name":"admin","image":{"@type":"ImageObject","inLanguage":"tr","@id":"https:\/\/secure.gravatar.com\/avatar\/ccc17943b9d660506c869530f897617f7cb1c21a4bf30023f252596d83e1f007?s=96&d=mm&r=g","url":"https:\/\/secure.gravatar.com\/avatar\/ccc17943b9d660506c869530f897617f7cb1c21a4bf30023f252596d83e1f007?s=96&d=mm&r=g","contentUrl":"https:\/\/secure.gravatar.com\/avatar\/ccc17943b9d660506c869530f897617f7cb1c21a4bf30023f252596d83e1f007?s=96&d=mm&r=g","caption":"admin"},"sameAs":["https:\/\/kibrisdakik.com"],"url":"https:\/\/kibrisdakik.com\/?author=1"}]}},"_links":{"self":[{"href":"https:\/\/kibrisdakik.com\/index.php?rest_route=\/wp\/v2\/posts\/104751","targetHints":{"allow":["GET"]}}],"collection":[{"href":"https:\/\/kibrisdakik.com\/index.php?rest_route=\/wp\/v2\/posts"}],"about":[{"href":"https:\/\/kibrisdakik.com\/index.php?rest_route=\/wp\/v2\/types\/post"}],"author":[{"embeddable":true,"href":"https:\/\/kibrisdakik.com\/index.php?rest_route=\/wp\/v2\/users\/1"}],"replies":[{"embeddable":true,"href":"https:\/\/kibrisdakik.com\/index.php?rest_route=%2Fwp%2Fv2%2Fcomments&post=104751"}],"version-history":[{"count":0,"href":"https:\/\/kibrisdakik.com\/index.php?rest_route=\/wp\/v2\/posts\/104751\/revisions"}],"wp:featuredmedia":[{"embeddable":true,"href":"https:\/\/kibrisdakik.com\/index.php?rest_route=\/wp\/v2\/media\/103391"}],"wp:attachment":[{"href":"https:\/\/kibrisdakik.com\/index.php?rest_route=%2Fwp%2Fv2%2Fmedia&parent=104751"}],"wp:term":[{"taxonomy":"category","embeddable":true,"href":"https:\/\/kibrisdakik.com\/index.php?rest_route=%2Fwp%2Fv2%2Fcategories&post=104751"},{"taxonomy":"post_tag","embeddable":true,"href":"https:\/\/kibrisdakik.com\/index.php?rest_route=%2Fwp%2Fv2%2Ftags&post=104751"}],"curies":[{"name":"wp","href":"https:\/\/api.w.org\/{rel}","templated":true}]}}