{"id":104763,"date":"2026-01-24T12:06:59","date_gmt":"2026-01-24T10:06:59","guid":{"rendered":"https:\/\/kibrisdakik.com\/index.php\/2026\/01\/24\/mehmetcikte-82-yasindaki-sahis-hayatini-kaybetti\/"},"modified":"2026-01-24T12:06:59","modified_gmt":"2026-01-24T10:06:59","slug":"mehmetcikte-82-yasindaki-sahis-hayatini-kaybetti","status":"publish","type":"post","link":"https:\/\/kibrisdakik.com\/?p=104763","title":{"rendered":"MEHMET\u00c7\u0130K\u2019TE 82 YA\u015eINDAK\u0130 \u015eAHIS HAYATINI KAYBETT\u0130"},"content":{"rendered":"<p><\/p>\n<p>Polis Bas\u0131n Subayl\u0131\u011f\u0131\u2019ndan al\u0131nan bilgiye g\u00f6re  19.01.2026 tarihinde, Mehmet\u00e7ik\u2019te sakin Ahmet M\u00dcDERR\u0130SO\u011eLU (E-82) kalmakta oldu\u011fu ikametgah i\u00e7erisinde hareketsiz olarak bulunmas\u0131 \u00fczerine, kald\u0131r\u0131ld\u0131\u011f\u0131 Gazima\u011fusa Devlet Hastanesi\u2019nde yap\u0131lan m\u00fcdahalenin ard\u0131ndan, sevk edildi\u011fi Lefko\u015fa Dr. Burhan Nalbanto\u011flu Devlet Hastanesi\u2019nde genel yo\u011fun bak\u0131m servisinde m\u00fc\u015fahede alt\u0131na al\u0131nm\u0131\u015ft\u0131. Yap\u0131lan ileri soru\u015fturmada ayr\u0131ca, bahse konu \u015fahs\u0131n \u00f6lmek niyetiyle intihara te\u015febb\u00fcs etti\u011fi de belirlenmi\u015ftir.<\/p>\n<div id=\"ad_121\" data-channel=\"121\" data-advert=\"temedya\" data-rotation=\"120\" class=\"mb-3 text-center\"><\/div>\n<div id=\"ad_121_mobile\" data-channel=\"121\" data-advert=\"temedya\" data-rotation=\"120\" class=\"mb-3 text-center\"><\/div>\n<p>Ad\u0131 edilen tedavi g\u00f6rmekte oldu\u011fu Lefko\u015fa Dr. Burhan Nalbanto\u011flu Devlet Hastanesi\u2019nde yap\u0131lan t\u00fcm m\u00fcdahalelere ra\u011fmen kurtar\u0131lamayarak, 23.01.2026 tarihinde ya\u015fam\u0131n\u0131 yitirmi\u015ftir. Soru\u015fturma devam etmektedir.<\/p>\n<\/p>\n<div class=\"article-source py-3 small \">\n                <\/div>\n","protected":false},"excerpt":{"rendered":"<p>Polis Bas\u0131n Subayl\u0131\u011f\u0131\u2019ndan al\u0131nan bilgiye g\u00f6re 19.01.2026 tarihinde, Mehmet\u00e7ik\u2019te sakin Ahmet M\u00dcDERR\u0130SO\u011eLU (E-82) kalmakta oldu\u011fu ikametgah i\u00e7erisinde hareketsiz olarak bulunmas\u0131 \u00fczerine, kald\u0131r\u0131ld\u0131\u011f\u0131 Gazima\u011fusa Devlet Hastanesi\u2019nde yap\u0131lan m\u00fcdahalenin ard\u0131ndan, sevk edildi\u011fi Lefko\u015fa Dr. Burhan Nalbanto\u011flu Devlet Hastanesi\u2019nde genel yo\u011fun bak\u0131m servisinde m\u00fc\u015fahede alt\u0131na al\u0131nm\u0131\u015ft\u0131. Yap\u0131lan ileri soru\u015fturmada ayr\u0131ca, bahse konu \u015fahs\u0131n \u00f6lmek niyetiyle intihara te\u015febb\u00fcs etti\u011fi<\/p>\n","protected":false},"author":1,"featured_media":104764,"comment_status":"open","ping_status":"open","sticky":false,"template":"","format":"standard","meta":{"footnotes":""},"categories":[81],"tags":[],"class_list":["post-104763","post","type-post","status-publish","format-standard","has-post-thumbnail","hentry","category-kibris"],"yoast_head":"<!-- This site is optimized with the Yoast SEO plugin v27.4 - https:\/\/yoast.com\/product\/yoast-seo-wordpress\/ -->\n<title>MEHMET\u00c7\u0130K\u2019TE 82 YA\u015eINDAK\u0130 \u015eAHIS HAYATINI KAYBETT\u0130 -<\/title>\n<meta name=\"robots\" content=\"index, follow, max-snippet:-1, max-image-preview:large, max-video-preview:-1\" \/>\n<link rel=\"canonical\" href=\"https:\/\/kibrisdakik.com\/?p=104763\" \/>\n<meta property=\"og:locale\" content=\"tr_TR\" \/>\n<meta property=\"og:type\" content=\"article\" \/>\n<meta property=\"og:title\" content=\"MEHMET\u00c7\u0130K\u2019TE 82 YA\u015eINDAK\u0130 \u015eAHIS HAYATINI KAYBETT\u0130 -\" \/>\n<meta property=\"og:description\" content=\"Polis Bas\u0131n Subayl\u0131\u011f\u0131\u2019ndan al\u0131nan bilgiye g\u00f6re 19.01.2026 tarihinde, Mehmet\u00e7ik\u2019te sakin Ahmet M\u00dcDERR\u0130SO\u011eLU (E-82) kalmakta oldu\u011fu ikametgah i\u00e7erisinde hareketsiz olarak bulunmas\u0131 \u00fczerine, kald\u0131r\u0131ld\u0131\u011f\u0131 Gazima\u011fusa Devlet Hastanesi\u2019nde yap\u0131lan m\u00fcdahalenin ard\u0131ndan, sevk edildi\u011fi Lefko\u015fa Dr. Burhan Nalbanto\u011flu Devlet Hastanesi\u2019nde genel yo\u011fun bak\u0131m servisinde m\u00fc\u015fahede alt\u0131na al\u0131nm\u0131\u015ft\u0131. Yap\u0131lan ileri soru\u015fturmada ayr\u0131ca, bahse konu \u015fahs\u0131n \u00f6lmek niyetiyle intihara te\u015febb\u00fcs etti\u011fi\" \/>\n<meta property=\"og:url\" content=\"https:\/\/kibrisdakik.com\/?p=104763\" \/>\n<meta property=\"article:published_time\" content=\"2026-01-24T10:06:59+00:00\" \/>\n<meta property=\"og:image\" content=\"https:\/\/kibrisdakik.com\/wp-content\/uploads\/2026\/01\/mhafoto-12.png\" \/>\n\t<meta property=\"og:image:width\" content=\"1280\" \/>\n\t<meta property=\"og:image:height\" content=\"720\" \/>\n\t<meta property=\"og:image:type\" content=\"image\/png\" \/>\n<meta name=\"author\" content=\"admin\" \/>\n<meta name=\"twitter:card\" content=\"summary_large_image\" \/>\n<meta name=\"twitter:label1\" content=\"Yazan:\" \/>\n\t<meta name=\"twitter:data1\" content=\"admin\" \/>\n\t<meta name=\"twitter:label2\" content=\"Tahmini okuma s\u00fcresi\" \/>\n\t<meta name=\"twitter:data2\" content=\"1 dakika\" \/>\n<script type=\"application\/ld+json\" class=\"yoast-schema-graph\">{\"@context\":\"https:\\\/\\\/schema.org\",\"@graph\":[{\"@type\":\"Article\",\"@id\":\"https:\\\/\\\/kibrisdakik.com\\\/?p=104763#article\",\"isPartOf\":{\"@id\":\"https:\\\/\\\/kibrisdakik.com\\\/?p=104763\"},\"author\":{\"name\":\"admin\",\"@id\":\"https:\\\/\\\/kibrisdakik.com\\\/#\\\/schema\\\/person\\\/9cd9d437bbb44f72b73ba127e06d8e79\"},\"headline\":\"MEHMET\u00c7\u0130K\u2019TE 82 YA\u015eINDAK\u0130 \u015eAHIS HAYATINI KAYBETT\u0130\",\"datePublished\":\"2026-01-24T10:06:59+00:00\",\"mainEntityOfPage\":{\"@id\":\"https:\\\/\\\/kibrisdakik.com\\\/?p=104763\"},\"wordCount\":136,\"commentCount\":0,\"image\":{\"@id\":\"https:\\\/\\\/kibrisdakik.com\\\/?p=104763#primaryimage\"},\"thumbnailUrl\":\"https:\\\/\\\/kibrisdakik.com\\\/wp-content\\\/uploads\\\/2026\\\/01\\\/mhafoto-12.png\",\"articleSection\":[\"K\u0131br\u0131s\"],\"inLanguage\":\"tr\",\"potentialAction\":[{\"@type\":\"CommentAction\",\"name\":\"Comment\",\"target\":[\"https:\\\/\\\/kibrisdakik.com\\\/?p=104763#respond\"]}]},{\"@type\":\"WebPage\",\"@id\":\"https:\\\/\\\/kibrisdakik.com\\\/?p=104763\",\"url\":\"https:\\\/\\\/kibrisdakik.com\\\/?p=104763\",\"name\":\"MEHMET\u00c7\u0130K\u2019TE 82 YA\u015eINDAK\u0130 \u015eAHIS HAYATINI KAYBETT\u0130 -\",\"isPartOf\":{\"@id\":\"https:\\\/\\\/kibrisdakik.com\\\/#website\"},\"primaryImageOfPage\":{\"@id\":\"https:\\\/\\\/kibrisdakik.com\\\/?p=104763#primaryimage\"},\"image\":{\"@id\":\"https:\\\/\\\/kibrisdakik.com\\\/?p=104763#primaryimage\"},\"thumbnailUrl\":\"https:\\\/\\\/kibrisdakik.com\\\/wp-content\\\/uploads\\\/2026\\\/01\\\/mhafoto-12.png\",\"datePublished\":\"2026-01-24T10:06:59+00:00\",\"author\":{\"@id\":\"https:\\\/\\\/kibrisdakik.com\\\/#\\\/schema\\\/person\\\/9cd9d437bbb44f72b73ba127e06d8e79\"},\"breadcrumb\":{\"@id\":\"https:\\\/\\\/kibrisdakik.com\\\/?p=104763#breadcrumb\"},\"inLanguage\":\"tr\",\"potentialAction\":[{\"@type\":\"ReadAction\",\"target\":[\"https:\\\/\\\/kibrisdakik.com\\\/?p=104763\"]}]},{\"@type\":\"ImageObject\",\"inLanguage\":\"tr\",\"@id\":\"https:\\\/\\\/kibrisdakik.com\\\/?p=104763#primaryimage\",\"url\":\"https:\\\/\\\/kibrisdakik.com\\\/wp-content\\\/uploads\\\/2026\\\/01\\\/mhafoto-12.png\",\"contentUrl\":\"https:\\\/\\\/kibrisdakik.com\\\/wp-content\\\/uploads\\\/2026\\\/01\\\/mhafoto-12.png\",\"width\":1280,\"height\":720},{\"@type\":\"BreadcrumbList\",\"@id\":\"https:\\\/\\\/kibrisdakik.com\\\/?p=104763#breadcrumb\",\"itemListElement\":[{\"@type\":\"ListItem\",\"position\":1,\"name\":\"Home\",\"item\":\"https:\\\/\\\/kibrisdakik.com\\\/\"},{\"@type\":\"ListItem\",\"position\":2,\"name\":\"MEHMET\u00c7\u0130K\u2019TE 82 YA\u015eINDAK\u0130 \u015eAHIS HAYATINI KAYBETT\u0130\"}]},{\"@type\":\"WebSite\",\"@id\":\"https:\\\/\\\/kibrisdakik.com\\\/#website\",\"url\":\"https:\\\/\\\/kibrisdakik.com\\\/\",\"name\":\"\",\"description\":\"Tam vaktinde haber\",\"potentialAction\":[{\"@type\":\"SearchAction\",\"target\":{\"@type\":\"EntryPoint\",\"urlTemplate\":\"https:\\\/\\\/kibrisdakik.com\\\/?s={search_term_string}\"},\"query-input\":{\"@type\":\"PropertyValueSpecification\",\"valueRequired\":true,\"valueName\":\"search_term_string\"}}],\"inLanguage\":\"tr\"},{\"@type\":\"Person\",\"@id\":\"https:\\\/\\\/kibrisdakik.com\\\/#\\\/schema\\\/person\\\/9cd9d437bbb44f72b73ba127e06d8e79\",\"name\":\"admin\",\"image\":{\"@type\":\"ImageObject\",\"inLanguage\":\"tr\",\"@id\":\"https:\\\/\\\/secure.gravatar.com\\\/avatar\\\/ccc17943b9d660506c869530f897617f7cb1c21a4bf30023f252596d83e1f007?s=96&d=mm&r=g\",\"url\":\"https:\\\/\\\/secure.gravatar.com\\\/avatar\\\/ccc17943b9d660506c869530f897617f7cb1c21a4bf30023f252596d83e1f007?s=96&d=mm&r=g\",\"contentUrl\":\"https:\\\/\\\/secure.gravatar.com\\\/avatar\\\/ccc17943b9d660506c869530f897617f7cb1c21a4bf30023f252596d83e1f007?s=96&d=mm&r=g\",\"caption\":\"admin\"},\"sameAs\":[\"https:\\\/\\\/kibrisdakik.com\"],\"url\":\"https:\\\/\\\/kibrisdakik.com\\\/?author=1\"}]}<\/script>\n<!-- \/ Yoast SEO plugin. -->","yoast_head_json":{"title":"MEHMET\u00c7\u0130K\u2019TE 82 YA\u015eINDAK\u0130 \u015eAHIS HAYATINI KAYBETT\u0130 -","robots":{"index":"index","follow":"follow","max-snippet":"max-snippet:-1","max-image-preview":"max-image-preview:large","max-video-preview":"max-video-preview:-1"},"canonical":"https:\/\/kibrisdakik.com\/?p=104763","og_locale":"tr_TR","og_type":"article","og_title":"MEHMET\u00c7\u0130K\u2019TE 82 YA\u015eINDAK\u0130 \u015eAHIS HAYATINI KAYBETT\u0130 -","og_description":"Polis Bas\u0131n Subayl\u0131\u011f\u0131\u2019ndan al\u0131nan bilgiye g\u00f6re 19.01.2026 tarihinde, Mehmet\u00e7ik\u2019te sakin Ahmet M\u00dcDERR\u0130SO\u011eLU (E-82) kalmakta oldu\u011fu ikametgah i\u00e7erisinde hareketsiz olarak bulunmas\u0131 \u00fczerine, kald\u0131r\u0131ld\u0131\u011f\u0131 Gazima\u011fusa Devlet Hastanesi\u2019nde yap\u0131lan m\u00fcdahalenin ard\u0131ndan, sevk edildi\u011fi Lefko\u015fa Dr. Burhan Nalbanto\u011flu Devlet Hastanesi\u2019nde genel yo\u011fun bak\u0131m servisinde m\u00fc\u015fahede alt\u0131na al\u0131nm\u0131\u015ft\u0131. Yap\u0131lan ileri soru\u015fturmada ayr\u0131ca, bahse konu \u015fahs\u0131n \u00f6lmek niyetiyle intihara te\u015febb\u00fcs etti\u011fi","og_url":"https:\/\/kibrisdakik.com\/?p=104763","article_published_time":"2026-01-24T10:06:59+00:00","og_image":[{"width":1280,"height":720,"url":"https:\/\/kibrisdakik.com\/wp-content\/uploads\/2026\/01\/mhafoto-12.png","type":"image\/png"}],"author":"admin","twitter_card":"summary_large_image","twitter_misc":{"Yazan:":"admin","Tahmini okuma s\u00fcresi":"1 dakika"},"schema":{"@context":"https:\/\/schema.org","@graph":[{"@type":"Article","@id":"https:\/\/kibrisdakik.com\/?p=104763#article","isPartOf":{"@id":"https:\/\/kibrisdakik.com\/?p=104763"},"author":{"name":"admin","@id":"https:\/\/kibrisdakik.com\/#\/schema\/person\/9cd9d437bbb44f72b73ba127e06d8e79"},"headline":"MEHMET\u00c7\u0130K\u2019TE 82 YA\u015eINDAK\u0130 \u015eAHIS HAYATINI KAYBETT\u0130","datePublished":"2026-01-24T10:06:59+00:00","mainEntityOfPage":{"@id":"https:\/\/kibrisdakik.com\/?p=104763"},"wordCount":136,"commentCount":0,"image":{"@id":"https:\/\/kibrisdakik.com\/?p=104763#primaryimage"},"thumbnailUrl":"https:\/\/kibrisdakik.com\/wp-content\/uploads\/2026\/01\/mhafoto-12.png","articleSection":["K\u0131br\u0131s"],"inLanguage":"tr","potentialAction":[{"@type":"CommentAction","name":"Comment","target":["https:\/\/kibrisdakik.com\/?p=104763#respond"]}]},{"@type":"WebPage","@id":"https:\/\/kibrisdakik.com\/?p=104763","url":"https:\/\/kibrisdakik.com\/?p=104763","name":"MEHMET\u00c7\u0130K\u2019TE 82 YA\u015eINDAK\u0130 \u015eAHIS HAYATINI KAYBETT\u0130 -","isPartOf":{"@id":"https:\/\/kibrisdakik.com\/#website"},"primaryImageOfPage":{"@id":"https:\/\/kibrisdakik.com\/?p=104763#primaryimage"},"image":{"@id":"https:\/\/kibrisdakik.com\/?p=104763#primaryimage"},"thumbnailUrl":"https:\/\/kibrisdakik.com\/wp-content\/uploads\/2026\/01\/mhafoto-12.png","datePublished":"2026-01-24T10:06:59+00:00","author":{"@id":"https:\/\/kibrisdakik.com\/#\/schema\/person\/9cd9d437bbb44f72b73ba127e06d8e79"},"breadcrumb":{"@id":"https:\/\/kibrisdakik.com\/?p=104763#breadcrumb"},"inLanguage":"tr","potentialAction":[{"@type":"ReadAction","target":["https:\/\/kibrisdakik.com\/?p=104763"]}]},{"@type":"ImageObject","inLanguage":"tr","@id":"https:\/\/kibrisdakik.com\/?p=104763#primaryimage","url":"https:\/\/kibrisdakik.com\/wp-content\/uploads\/2026\/01\/mhafoto-12.png","contentUrl":"https:\/\/kibrisdakik.com\/wp-content\/uploads\/2026\/01\/mhafoto-12.png","width":1280,"height":720},{"@type":"BreadcrumbList","@id":"https:\/\/kibrisdakik.com\/?p=104763#breadcrumb","itemListElement":[{"@type":"ListItem","position":1,"name":"Home","item":"https:\/\/kibrisdakik.com\/"},{"@type":"ListItem","position":2,"name":"MEHMET\u00c7\u0130K\u2019TE 82 YA\u015eINDAK\u0130 \u015eAHIS HAYATINI KAYBETT\u0130"}]},{"@type":"WebSite","@id":"https:\/\/kibrisdakik.com\/#website","url":"https:\/\/kibrisdakik.com\/","name":"","description":"Tam vaktinde haber","potentialAction":[{"@type":"SearchAction","target":{"@type":"EntryPoint","urlTemplate":"https:\/\/kibrisdakik.com\/?s={search_term_string}"},"query-input":{"@type":"PropertyValueSpecification","valueRequired":true,"valueName":"search_term_string"}}],"inLanguage":"tr"},{"@type":"Person","@id":"https:\/\/kibrisdakik.com\/#\/schema\/person\/9cd9d437bbb44f72b73ba127e06d8e79","name":"admin","image":{"@type":"ImageObject","inLanguage":"tr","@id":"https:\/\/secure.gravatar.com\/avatar\/ccc17943b9d660506c869530f897617f7cb1c21a4bf30023f252596d83e1f007?s=96&d=mm&r=g","url":"https:\/\/secure.gravatar.com\/avatar\/ccc17943b9d660506c869530f897617f7cb1c21a4bf30023f252596d83e1f007?s=96&d=mm&r=g","contentUrl":"https:\/\/secure.gravatar.com\/avatar\/ccc17943b9d660506c869530f897617f7cb1c21a4bf30023f252596d83e1f007?s=96&d=mm&r=g","caption":"admin"},"sameAs":["https:\/\/kibrisdakik.com"],"url":"https:\/\/kibrisdakik.com\/?author=1"}]}},"_links":{"self":[{"href":"https:\/\/kibrisdakik.com\/index.php?rest_route=\/wp\/v2\/posts\/104763","targetHints":{"allow":["GET"]}}],"collection":[{"href":"https:\/\/kibrisdakik.com\/index.php?rest_route=\/wp\/v2\/posts"}],"about":[{"href":"https:\/\/kibrisdakik.com\/index.php?rest_route=\/wp\/v2\/types\/post"}],"author":[{"embeddable":true,"href":"https:\/\/kibrisdakik.com\/index.php?rest_route=\/wp\/v2\/users\/1"}],"replies":[{"embeddable":true,"href":"https:\/\/kibrisdakik.com\/index.php?rest_route=%2Fwp%2Fv2%2Fcomments&post=104763"}],"version-history":[{"count":0,"href":"https:\/\/kibrisdakik.com\/index.php?rest_route=\/wp\/v2\/posts\/104763\/revisions"}],"wp:featuredmedia":[{"embeddable":true,"href":"https:\/\/kibrisdakik.com\/index.php?rest_route=\/wp\/v2\/media\/104764"}],"wp:attachment":[{"href":"https:\/\/kibrisdakik.com\/index.php?rest_route=%2Fwp%2Fv2%2Fmedia&parent=104763"}],"wp:term":[{"taxonomy":"category","embeddable":true,"href":"https:\/\/kibrisdakik.com\/index.php?rest_route=%2Fwp%2Fv2%2Fcategories&post=104763"},{"taxonomy":"post_tag","embeddable":true,"href":"https:\/\/kibrisdakik.com\/index.php?rest_route=%2Fwp%2Fv2%2Ftags&post=104763"}],"curies":[{"name":"wp","href":"https:\/\/api.w.org\/{rel}","templated":true}]}}